{"id":2103893,"date":"2026-08-20T10:19:53","date_gmt":"2026-08-20T07:19:53","guid":{"rendered":"https:\/\/analyse.optim.biz\/?p=2103893"},"modified":"2026-08-20T10:19:53","modified_gmt":"2026-08-20T07:19:53","slug":"adrian-cozma-vicepresedintele-camerei-deputatilor-la-sfat-cu-adrian-mocanu-la-buzau","status":"publish","type":"post","link":"https:\/\/analyse.optim.biz\/?p=2103893","title":{"rendered":"Adrian Cozma, vicepre\u0219edintele Camerei Deputa\u021bilor, la sfat cu Adrian Mocanu la Buz\u0103u"},"content":{"rendered":"<p>[analyse_image type=&#8221;featured&#8221; src=&#8221;https:\/\/revistaverde.ro\/wp-content\/uploads\/2026\/08\/MOCANU-COSMA.jpg&#8221;]<\/p>\n<article id=\"post-15833\" class=\"post-15833 post type-post status-publish format-standard has-post-thumbnail hentry category-comunicate-de-presa category-evnimente\">\n<header class=\"entry-header mh-clearfix\">\n<h1 class=\"entry-title\">Adrian Cozma, vicepre\u0219edintele Camerei Deputa\u021bilor, la sfat cu Adrian Mocanu la Buz\u0103u<\/h1>\n<p class=\"mh-meta entry-meta\"><span class=\"entry-meta-date updated\"><a href=\"https:\/\/revistaverde.ro\/2026\/08\/\">august 20, 2026<\/a><\/span><span class=\"entry-meta-author author vcard\"><a class=\"fn\" href=\"https:\/\/revistaverde.ro\/author\/revistaverdefrumoasa2017\/\">M\u0103rg\u0103rit GROSU<\/a><\/span><span class=\"entry-meta-categories\"><a href=\"https:\/\/revistaverde.ro\/category\/local\/comunicate-de-presa\/\" rel=\"category tag\">Comunicate de presa<\/a>, <a href=\"https:\/\/revistaverde.ro\/category\/local\/evnimente\/\" rel=\"category tag\">Evenimente<\/a><\/span><span class=\"entry-meta-comments\"><a class=\"mh-comment-scroll\" href=\"https:\/\/revistaverde.ro\/2026\/08\/20\/adrian-cozma-vicepresedintele-camerei-deputatilor-la-sfat-cu-adrian-mocanu-la-buzau\/#mh-comments\">0<\/a><\/span><\/p>\n<\/header>\n<div class=\"entry-content mh-clearfix\">\n<figure class=\"entry-thumbnail\"><img decoding=\"async\" src=\"https:\/\/revistaverde.ro\/wp-content\/uploads\/2026\/08\/MOCANU-COSMA-678x381.jpg\" alt title=\"MOCANU COSMA\"><\/figure>\n<p>Am avut ast\u0103zi o discu\u021bie aplicat\u0103, la Buz\u0103u, cu\u00a0<a href=\"https:\/\/www.facebook.com\/pentrusatumare?__cft__%5b0%5d=AZYODp0ULvCEgdp43kF_lyESgFSpEwtMDHGfsKPKM2cWVA05O0aTFctadbxy8IboUPaPkmspn0L40VItkwUOZlb1LsUNDPFLdvLo5061FzcBBeeF5VINyJYpfcMXcUom6vm2HCxNvjuSvmFIaDK7YzjBuO50jNqkHjiqoZIuHAjjp3l4ErlUIpPqRTr4SrGOGbS14KLuXBZ6egpv-FTQJtXC&amp;__tn__=-%5dK-R\"><strong>Adrian Cozma<\/strong><\/a>, vicepre\u0219edintele Camerei Deputa\u021bilor, \u0219i cu prefectul\u00a0<a href=\"https:\/\/www.facebook.com\/leonarddimian?__cft__%5b0%5d=AZYODp0ULvCEgdp43kF_lyESgFSpEwtMDHGfsKPKM2cWVA05O0aTFctadbxy8IboUPaPkmspn0L40VItkwUOZlb1LsUNDPFLdvLo5061FzcBBeeF5VINyJYpfcMXcUom6vm2HCxNvjuSvmFIaDK7YzjBuO50jNqkHjiqoZIuHAjjp3l4ErlUIpPqRTr4SrGOGbS14KLuXBZ6egpv-FTQJtXC&amp;__tn__=-%5dK-R\"><strong>Leonard Dimian<\/strong><\/a>, despre problemele cu care se confrunt\u0103 jude\u021bul nostru \u0219i despre solu\u021biile pe care le putem construi \u00eempreun\u0103.<\/p>\n<p>Ca deputat \u0219i pre\u0219edinte al\u00a0<a href=\"https:\/\/www.facebook.com\/pnl.buzau?__cft__%5b0%5d=AZYODp0ULvCEgdp43kF_lyESgFSpEwtMDHGfsKPKM2cWVA05O0aTFctadbxy8IboUPaPkmspn0L40VItkwUOZlb1LsUNDPFLdvLo5061FzcBBeeF5VINyJYpfcMXcUom6vm2HCxNvjuSvmFIaDK7YzjBuO50jNqkHjiqoZIuHAjjp3l4ErlUIpPqRTr4SrGOGbS14KLuXBZ6egpv-FTQJtXC&amp;__tn__=-%5dK-R\"><strong>PNL Buz\u0103u<\/strong><\/a>, cred c\u0103 oamenii a\u0219teapt\u0103 de la noi mai pu\u021bine declara\u021bii \u0219i mai mult\u0103 munc\u0103 pentru rezultate concrete.<\/p>\n<p>Am discutat despre priorit\u0103\u021bile Buz\u0103ului, despre proiectele care trebuie sus\u021binute la nivel central \u0219i despre modul \u00een care administra\u021bia local\u0103 \u0219i reprezentan\u021bii jude\u021bului \u00een Parlament pot colabora mai eficient pentru a rezolva problemele comunit\u0103\u021bilor noastre.<\/p>\n<p>Voi continua s\u0103 sus\u021bin, \u00eempreun\u0103 cu colegii mei, proiectele care \u00eenseamn\u0103 dezvoltare, investi\u021bii \u0219i condi\u021bii mai bune de trai pentru buzoieni.<\/p>\n<p>Buz\u0103ul are nevoie de implicare, colaborare \u0219i solu\u021bii concrete. Asta trebuie s\u0103 fie direc\u021bia noastr\u0103.<\/p>\n<div class=\"col-md-2 col-sm-4 col-xs-4\"> .col-md-2 { float:left; width: 16.6667%; } <\/div>\n<div class=\"col-md-2 col-sm-4 col-xs-4\"> .col-md-2 { float:left; width: 16.6667%; } <\/p>\n<div class=\"fb-share-button\" data-href=\"https:\/\/revistaverde.ro\/2026\/08\/20\/adrian-cozma-vicepresedintele-camerei-deputatilor-la-sfat-cu-adrian-mocanu-la-buzau\/\" data-layout=\"button\" data-size=\"large\" data-mobile-iframe=\"true\"><a class=\"fb-xfbml-parse-ignore\" target=\"_blank\" href=\"https:\/\/www.facebook.com\/sharer\/sharer.php?u=https%3A%2F%2Frevistaverde.ro%2F2026%2F08%2F20%2Fadrian-cozma-vicepresedintele-camerei-deputatilor-la-sfat-cu-adrian-mocanu-la-buzau%2F&amp;src=sdkpreparse\">Share<\/a><\/div>\n<\/div>\n<div class=\"col-md-2 col-sm-4 col-xs-4\"> .col-md-2 { float:left; width: 16.6667%; } <\/div>\n<\/div>\n<\/article>\n<div class=\"entry-content mh-clearfix\">\n<figure class=\"entry-thumbnail\"><img decoding=\"async\" src=\"https:\/\/revistaverde.ro\/wp-content\/uploads\/2026\/08\/MOCANU-COSMA-678x381.jpg\" alt title=\"MOCANU COSMA\"><\/figure>\n<p>Am avut ast\u0103zi o discu\u021bie aplicat\u0103, la Buz\u0103u, cu\u00a0<a href=\"https:\/\/www.facebook.com\/pentrusatumare?__cft__%5b0%5d=AZYODp0ULvCEgdp43kF_lyESgFSpEwtMDHGfsKPKM2cWVA05O0aTFctadbxy8IboUPaPkmspn0L40VItkwUOZlb1LsUNDPFLdvLo5061FzcBBeeF5VINyJYpfcMXcUom6vm2HCxNvjuSvmFIaDK7YzjBuO50jNqkHjiqoZIuHAjjp3l4ErlUIpPqRTr4SrGOGbS14KLuXBZ6egpv-FTQJtXC&amp;__tn__=-%5dK-R\"><strong>Adrian Cozma<\/strong><\/a>, vicepre\u0219edintele Camerei Deputa\u021bilor, \u0219i cu prefectul\u00a0<a href=\"https:\/\/www.facebook.com\/leonarddimian?__cft__%5b0%5d=AZYODp0ULvCEgdp43kF_lyESgFSpEwtMDHGfsKPKM2cWVA05O0aTFctadbxy8IboUPaPkmspn0L40VItkwUOZlb1LsUNDPFLdvLo5061FzcBBeeF5VINyJYpfcMXcUom6vm2HCxNvjuSvmFIaDK7YzjBuO50jNqkHjiqoZIuHAjjp3l4ErlUIpPqRTr4SrGOGbS14KLuXBZ6egpv-FTQJtXC&amp;__tn__=-%5dK-R\"><strong>Leonard Dimian<\/strong><\/a>, despre problemele cu care se confrunt\u0103 jude\u021bul nostru \u0219i despre solu\u021biile pe care le putem construi \u00eempreun\u0103.<\/p>\n<p>Ca deputat \u0219i pre\u0219edinte al\u00a0<a href=\"https:\/\/www.facebook.com\/pnl.buzau?__cft__%5b0%5d=AZYODp0ULvCEgdp43kF_lyESgFSpEwtMDHGfsKPKM2cWVA05O0aTFctadbxy8IboUPaPkmspn0L40VItkwUOZlb1LsUNDPFLdvLo5061FzcBBeeF5VINyJYpfcMXcUom6vm2HCxNvjuSvmFIaDK7YzjBuO50jNqkHjiqoZIuHAjjp3l4ErlUIpPqRTr4SrGOGbS14KLuXBZ6egpv-FTQJtXC&amp;__tn__=-%5dK-R\"><strong>PNL Buz\u0103u<\/strong><\/a>, cred c\u0103 oamenii a\u0219teapt\u0103 de la noi mai pu\u021bine declara\u021bii \u0219i mai mult\u0103 munc\u0103 pentru rezultate concrete.<\/p>\n<p>Am discutat despre priorit\u0103\u021bile Buz\u0103ului, despre proiectele care trebuie sus\u021binute la nivel central \u0219i despre modul \u00een care administra\u021bia local\u0103 \u0219i reprezentan\u021bii jude\u021bului \u00een Parlament pot colabora mai eficient pentru a rezolva problemele comunit\u0103\u021bilor noastre.<\/p>\n<p>Voi continua s\u0103 sus\u021bin, \u00eempreun\u0103 cu colegii mei, proiectele care \u00eenseamn\u0103 dezvoltare, investi\u021bii \u0219i condi\u021bii mai bune de trai pentru buzoieni.<\/p>\n<p>Buz\u0103ul are nevoie de implicare, colaborare \u0219i solu\u021bii concrete. Asta trebuie s\u0103 fie direc\u021bia noastr\u0103.<\/p>\n<div class=\"col-md-2 col-sm-4 col-xs-4\"> .col-md-2 { float:left; width: 16.6667%; } <\/div>\n<div class=\"col-md-2 col-sm-4 col-xs-4\"> .col-md-2 { float:left; width: 16.6667%; } <\/p>\n<div class=\"fb-share-button\" data-href=\"https:\/\/revistaverde.ro\/2026\/08\/20\/adrian-cozma-vicepresedintele-camerei-deputatilor-la-sfat-cu-adrian-mocanu-la-buzau\/\" data-layout=\"button\" data-size=\"large\" data-mobile-iframe=\"true\"><a class=\"fb-xfbml-parse-ignore\" target=\"_blank\" href=\"https:\/\/www.facebook.com\/sharer\/sharer.php?u=https%3A%2F%2Frevistaverde.ro%2F2026%2F08%2F20%2Fadrian-cozma-vicepresedintele-camerei-deputatilor-la-sfat-cu-adrian-mocanu-la-buzau%2F&amp;src=sdkpreparse\">Share<\/a><\/div>\n<\/div>\n<div class=\"col-md-2 col-sm-4 col-xs-4\"> .col-md-2 { float:left; width: 16.6667%; } <\/div>\n<\/div>\n<p>[analyse_source url=&#8221;https:\/\/revistaverde.ro\/2026\/08\/20\/adrian-cozma-vicepresedintele-camerei-deputatilor-la-sfat-cu-adrian-mocanu-la-buzau\/&#8221;]<\/p>\n","protected":false},"excerpt":{"rendered":"<p>[analyse_image type=&#8221;featured&#8221; src=&#8221;https:\/\/revistaverde.ro\/wp-content\/uploads\/2026\/08\/MOCANU-COSMA.jpg&#8221;] Adrian Cozma, vicepre\u0219edintele Camerei Deputa\u021bilor, la sfat cu Adrian Mocanu la Buz\u0103u august 20, 2026M\u0103rg\u0103rit GROSUComunicate de presa, Evenimente0 Am avut ast\u0103zi o discu\u021bie aplicat\u0103, la Buz\u0103u, cu\u00a0Adrian Cozma, vicepre\u0219edintele Camerei Deputa\u021bilor, \u0219i cu prefectul\u00a0Leonard Dimian, despre problemele cu care se confrunt\u0103 jude\u021bul nostru \u0219i despre solu\u021biile pe care le putem construi [&hellip;]<\/p>\n","protected":false},"author":1,"featured_media":0,"comment_status":"open","ping_status":"","sticky":false,"template":"","format":"standard","meta":{"footnotes":""},"categories":[2],"tags":[226,57],"class_list":["post-2103893","post","type-post","status-publish","format-standard","hentry","category-politics","tag-crawlmanager","tag-revistaverde-ro"],"_links":{"self":[{"href":"https:\/\/analyse.optim.biz\/index.php?rest_route=\/wp\/v2\/posts\/2103893","targetHints":{"allow":["GET"]}}],"collection":[{"href":"https:\/\/analyse.optim.biz\/index.php?rest_route=\/wp\/v2\/posts"}],"about":[{"href":"https:\/\/analyse.optim.biz\/index.php?rest_route=\/wp\/v2\/types\/post"}],"author":[{"embeddable":true,"href":"https:\/\/analyse.optim.biz\/index.php?rest_route=\/wp\/v2\/users\/1"}],"replies":[{"embeddable":true,"href":"https:\/\/analyse.optim.biz\/index.php?rest_route=%2Fwp%2Fv2%2Fcomments&post=2103893"}],"version-history":[{"count":0,"href":"https:\/\/analyse.optim.biz\/index.php?rest_route=\/wp\/v2\/posts\/2103893\/revisions"}],"wp:attachment":[{"href":"https:\/\/analyse.optim.biz\/index.php?rest_route=%2Fwp%2Fv2%2Fmedia&parent=2103893"}],"wp:term":[{"taxonomy":"category","embeddable":true,"href":"https:\/\/analyse.optim.biz\/index.php?rest_route=%2Fwp%2Fv2%2Fcategories&post=2103893"},{"taxonomy":"post_tag","embeddable":true,"href":"https:\/\/analyse.optim.biz\/index.php?rest_route=%2Fwp%2Fv2%2Ftags&post=2103893"}],"curies":[{"name":"wp","href":"https:\/\/api.w.org\/{rel}","templated":true}]}}