{"id":2103892,"date":"2026-08-20T08:31:53","date_gmt":"2026-08-20T05:31:53","guid":{"rendered":"https:\/\/analyse.optim.biz\/?p=2103892"},"modified":"2026-08-20T08:31:53","modified_gmt":"2026-08-20T05:31:53","slug":"romeo-lungu-presedintele-psd-buzau-independenta-lui-constantin-toma-va-fi-testata-in-2028-2","status":"publish","type":"post","link":"https:\/\/analyse.optim.biz\/?p=2103892","title":{"rendered":"Romeo Lungu, Pre\u0219edintele PSD Buz\u0103u: \u201eIndependen\u021ba lui Constantin Toma va fi testat\u0103 \u00een 2028"},"content":{"rendered":"<p>[analyse_image type=&#8221;featured&#8221; src=&#8221;https:\/\/revistaverde.ro\/wp-content\/uploads\/2026\/03\/SANATATE-ROMEO-e1773211150556.jpg&#8221;]<\/p>\n<article id=\"post-15830\" class=\"post-15830 post type-post status-publish format-standard has-post-thumbnail hentry category-comunicate-de-presa category-evnimente category-international\">\n<header class=\"entry-header mh-clearfix\">\n<h1 class=\"entry-title\">Romeo Lungu, Pre\u0219edintele PSD Buz\u0103u: \u201eIndependen\u021ba lui Constantin Toma va fi testat\u0103 \u00een 2028<\/h1>\n<p class=\"mh-meta entry-meta\"><span class=\"entry-meta-date updated\"><a href=\"https:\/\/revistaverde.ro\/2026\/08\/\">august 20, 2026<\/a><\/span><span class=\"entry-meta-author author vcard\"><a class=\"fn\" href=\"https:\/\/revistaverde.ro\/author\/revistaverdefrumoasa2017\/\">M\u0103rg\u0103rit GROSU<\/a><\/span><span class=\"entry-meta-categories\"><a href=\"https:\/\/revistaverde.ro\/category\/local\/comunicate-de-presa\/\" rel=\"category tag\">Comunicate de presa<\/a>, <a href=\"https:\/\/revistaverde.ro\/category\/local\/evnimente\/\" rel=\"category tag\">Evenimente<\/a>, <a href=\"https:\/\/revistaverde.ro\/category\/international\/\" rel=\"category tag\">international<\/a><\/span><span class=\"entry-meta-comments\"><a class=\"mh-comment-scroll\" href=\"https:\/\/revistaverde.ro\/2026\/08\/20\/romeo-lungu-presedintele-psd-buzau-independenta-lui-constantin-toma-va-fi-testata-in-2028\/#mh-comments\">0<\/a><\/span><\/p>\n<\/header>\n<div class=\"entry-content mh-clearfix\">\n<figure class=\"entry-thumbnail\"><img decoding=\"async\" src=\"https:\/\/revistaverde.ro\/wp-content\/uploads\/2026\/03\/SANATATE-ROMEO-e1773211150556-678x381.jpg\" alt title=\"SANATATE ROMEO\"><\/figure>\n<p><strong>Romeo Lungu, Pre\u0219edintele PSD Buz\u0103u: \u201eIndependen\u021ba lui Constantin Toma va fi testat\u0103 \u00een 2028.<\/strong><\/p>\n<p><strong>P\u00e2n\u0103 acum, toate alegerile le-a c\u00e2\u0219tigat cu PSD al\u0103turi\u201d<\/strong><\/p>\n<p>\u00a0\u00a0\u00a0\u00a0\u00a0\u00a0\u00a0\u00a0\u00a0\u00a0\u00a0 Constantin Toma spune c\u0103 \u00een 2028 va candida independent. Este alegerea lui \u0219i, p\u00e2n\u0103 la urm\u0103, 2028 va fi momentul \u00een care aceast\u0103 alegere va fi testat\u0103 prin vot.<\/p>\n<p>Totu\u0219i, c\u00e2nd domnul Toma vorbe\u0219te at\u00e2t de des despre faptul c\u0103 este \u201ecel mai votat primar\u201d, cred c\u0103 merit\u0103 s\u0103 ne amintim un lucru simplu: Constantin Toma nu a ajuns acolo singur.<\/p>\n<p>\u00a0\u00a0\u00a0\u00a0\u00a0\u00a0\u00a0\u00a0\u00a0\u00a0\u00a0 A candidat din partea PSD, a avut \u00een spate una dintre cele mai puternice organiza\u021bii politice din \u021bar\u0103, a avut sprijinul colegilor, al consilierilor locali, al parlamentarilor, al primarilor \u0219i al guvernelor PSD. Au fost sute de oameni care au muncit \u00een campaniile sale \u0219i zeci de mii de buzoieni care au votat inclusiv sigla de pe buletinul de vot.<\/p>\n<p>\u00a0\u00a0\u00a0\u00a0\u00a0\u00a0\u00a0\u00a0\u00a0\u00a0\u00a0 E u\u0219or, dup\u0103 trei mandate c\u00e2\u0219tigate cu o echip\u0103 \u00een spate, s\u0103 \u00eencepi s\u0103 crezi c\u0103 toate voturile au fost numai ale tale. \u0218i e la fel de u\u0219or s\u0103 ui\u021bi de unde ai plecat \u0219i cine te-a sus\u021binut.<\/p>\n<p><strong>Independen\u021ba este un test pe care domnul Toma \u00eel poate da \u00een 2028. P\u00e2n\u0103 acum, toate examenele electorale le-a dat cu PSD al\u0103turi.<\/strong><\/p>\n<p>\u00a0\u00a0\u00a0\u00a0\u00a0\u00a0\u00a0\u00a0\u00a0\u00a0\u00a0 Eu nu am nevoie s\u0103 \u00eemi rescriu biografia politic\u0103 \u00een func\u021bie de moment. Am fost doar \u00een PSD, sunt \u00een PSD \u0219i am trecut \u00eempreun\u0103 cu acest partid \u0219i prin victorii, \u0219i prin perioade dificile. Cred \u00een echip\u0103 \u0219i cred c\u0103 niciun om politic, indiferent c\u00e2te voturi ob\u021bine, nu trebuie s\u0103 ajung\u0103 s\u0103 se considere mai important dec\u00e2t oamenii care au muncit al\u0103turi de el.<\/p>\n<p>\u00a0\u00a0\u00a0\u00a0\u00a0\u00a0\u00a0\u00a0\u00a0\u00a0\u00a0 PSD Buz\u0103u nu va \u00eencepe ast\u0103zi campania pentru 2028 \u0219i nici nu va transforma urm\u0103torii doi ani \u00eentr-un r\u0103zboi cu primarul municipiului. Avem o responsabilitate fa\u021b\u0103 de buzoieni. Consilierii PSD vor sus\u021bine proiectele bune pentru ora\u0219, a\u0219a cum au f\u0103cut \u0219i p\u00e2n\u0103 acum. Interesul municipiului nu trebuie amestecat cu orgoliile politice ale nim\u0103nui.<\/p>\n<p>\u00a0\u00a0\u00a0\u00a0\u00a0\u00a0\u00a0\u00a0\u00a0\u00a0\u00a0 \u00cen acela\u0219i timp, PSD Buz\u0103u va preg\u0103ti serios alegerile din 2028. Vom avea propriul candidat pentru Prim\u0103ria Buz\u0103u \u0219i vom pune \u00een fa\u021ba oamenilor un om capabil s\u0103 administreze ora\u0219ul, s\u0103 adune \u00een jurul lui o echip\u0103 \u0219i s\u0103 \u00een\u021beleag\u0103 c\u0103 succesul \u00een politic\u0103 nu este niciodat\u0103 opera unui singur om.<\/p>\n<p>\u00a0\u00a0\u00a0\u00a0\u00a0\u00a0\u00a0\u00a0\u00a0\u00a0\u00a0 Domnul Toma spune c\u0103 va merge singur. Foarte bine. Atunci vom vedea \u0219i c\u00e2t din formula de \u201ecel mai votat primar\u201d \u00eei apar\u021bine exclusiv \u0219i c\u00e2t a \u00eensemnat for\u021ba PSD Buz\u0103u. Momentan este, \u00eenc\u0103, membru PSD, \u0219i nu pot s\u0103 nu m\u0103 \u00eentreb cum va \u00eemp\u0103ca aceste dou\u0103 ipostaze \u00een urm\u0103torii doi ani.<\/p>\n<p>\u00a0\u00a0\u00a0\u00a0\u00a0\u00a0\u00a0\u00a0\u00a0\u00a0\u00a0 Iar dac\u0103 m\u0103 uit la reac\u021biile buzoienilor din ultima perioad\u0103, cred c\u0103 2028 \u00eei poate oferi domnului Toma un contact foarte s\u0103n\u0103tos cu realitatea.<\/p>\n<p>P\u00e2n\u0103 atunci, mai sunt doi ani de mandat.\u00a0<strong>Buz\u0103ul are nevoie de administra\u021bie \u0219i de proiecte, nu de o campanie electoral\u0103 \u00eenceput\u0103 cu doi ani mai devreme.<\/strong><\/p>\n<div class=\"col-md-2 col-sm-4 col-xs-4\"> .col-md-2 { float:left; width: 16.6667%; } <\/div>\n<div class=\"col-md-2 col-sm-4 col-xs-4\"> .col-md-2 { float:left; width: 16.6667%; } <\/p>\n<div class=\"fb-share-button\" data-href=\"https:\/\/revistaverde.ro\/2026\/08\/20\/romeo-lungu-presedintele-psd-buzau-independenta-lui-constantin-toma-va-fi-testata-in-2028\/\" data-layout=\"button\" data-size=\"large\" data-mobile-iframe=\"true\"><a class=\"fb-xfbml-parse-ignore\" target=\"_blank\" href=\"https:\/\/www.facebook.com\/sharer\/sharer.php?u=https%3A%2F%2Frevistaverde.ro%2F2026%2F08%2F20%2Fromeo-lungu-presedintele-psd-buzau-independenta-lui-constantin-toma-va-fi-testata-in-2028%2F&amp;src=sdkpreparse\">Share<\/a><\/div>\n<\/div>\n<div class=\"col-md-2 col-sm-4 col-xs-4\"> .col-md-2 { float:left; width: 16.6667%; } <\/div>\n<\/div>\n<\/article>\n<div class=\"entry-content mh-clearfix\">\n<figure class=\"entry-thumbnail\"><img decoding=\"async\" src=\"https:\/\/revistaverde.ro\/wp-content\/uploads\/2026\/03\/SANATATE-ROMEO-e1773211150556-678x381.jpg\" alt title=\"SANATATE ROMEO\"><\/figure>\n<p><strong>Romeo Lungu, Pre\u0219edintele PSD Buz\u0103u: \u201eIndependen\u021ba lui Constantin Toma va fi testat\u0103 \u00een 2028.<\/strong><\/p>\n<p><strong>P\u00e2n\u0103 acum, toate alegerile le-a c\u00e2\u0219tigat cu PSD al\u0103turi\u201d<\/strong><\/p>\n<p>\u00a0\u00a0\u00a0\u00a0\u00a0\u00a0\u00a0\u00a0\u00a0\u00a0\u00a0 Constantin Toma spune c\u0103 \u00een 2028 va candida independent. Este alegerea lui \u0219i, p\u00e2n\u0103 la urm\u0103, 2028 va fi momentul \u00een care aceast\u0103 alegere va fi testat\u0103 prin vot.<\/p>\n<p>Totu\u0219i, c\u00e2nd domnul Toma vorbe\u0219te at\u00e2t de des despre faptul c\u0103 este \u201ecel mai votat primar\u201d, cred c\u0103 merit\u0103 s\u0103 ne amintim un lucru simplu: Constantin Toma nu a ajuns acolo singur.<\/p>\n<p>\u00a0\u00a0\u00a0\u00a0\u00a0\u00a0\u00a0\u00a0\u00a0\u00a0\u00a0 A candidat din partea PSD, a avut \u00een spate una dintre cele mai puternice organiza\u021bii politice din \u021bar\u0103, a avut sprijinul colegilor, al consilierilor locali, al parlamentarilor, al primarilor \u0219i al guvernelor PSD. Au fost sute de oameni care au muncit \u00een campaniile sale \u0219i zeci de mii de buzoieni care au votat inclusiv sigla de pe buletinul de vot.<\/p>\n<p>\u00a0\u00a0\u00a0\u00a0\u00a0\u00a0\u00a0\u00a0\u00a0\u00a0\u00a0 E u\u0219or, dup\u0103 trei mandate c\u00e2\u0219tigate cu o echip\u0103 \u00een spate, s\u0103 \u00eencepi s\u0103 crezi c\u0103 toate voturile au fost numai ale tale. \u0218i e la fel de u\u0219or s\u0103 ui\u021bi de unde ai plecat \u0219i cine te-a sus\u021binut.<\/p>\n<p><strong>Independen\u021ba este un test pe care domnul Toma \u00eel poate da \u00een 2028. P\u00e2n\u0103 acum, toate examenele electorale le-a dat cu PSD al\u0103turi.<\/strong><\/p>\n<p>\u00a0\u00a0\u00a0\u00a0\u00a0\u00a0\u00a0\u00a0\u00a0\u00a0\u00a0 Eu nu am nevoie s\u0103 \u00eemi rescriu biografia politic\u0103 \u00een func\u021bie de moment. Am fost doar \u00een PSD, sunt \u00een PSD \u0219i am trecut \u00eempreun\u0103 cu acest partid \u0219i prin victorii, \u0219i prin perioade dificile. Cred \u00een echip\u0103 \u0219i cred c\u0103 niciun om politic, indiferent c\u00e2te voturi ob\u021bine, nu trebuie s\u0103 ajung\u0103 s\u0103 se considere mai important dec\u00e2t oamenii care au muncit al\u0103turi de el.<\/p>\n<p>\u00a0\u00a0\u00a0\u00a0\u00a0\u00a0\u00a0\u00a0\u00a0\u00a0\u00a0 PSD Buz\u0103u nu va \u00eencepe ast\u0103zi campania pentru 2028 \u0219i nici nu va transforma urm\u0103torii doi ani \u00eentr-un r\u0103zboi cu primarul municipiului. Avem o responsabilitate fa\u021b\u0103 de buzoieni. Consilierii PSD vor sus\u021bine proiectele bune pentru ora\u0219, a\u0219a cum au f\u0103cut \u0219i p\u00e2n\u0103 acum. Interesul municipiului nu trebuie amestecat cu orgoliile politice ale nim\u0103nui.<\/p>\n<p>\u00a0\u00a0\u00a0\u00a0\u00a0\u00a0\u00a0\u00a0\u00a0\u00a0\u00a0 \u00cen acela\u0219i timp, PSD Buz\u0103u va preg\u0103ti serios alegerile din 2028. Vom avea propriul candidat pentru Prim\u0103ria Buz\u0103u \u0219i vom pune \u00een fa\u021ba oamenilor un om capabil s\u0103 administreze ora\u0219ul, s\u0103 adune \u00een jurul lui o echip\u0103 \u0219i s\u0103 \u00een\u021beleag\u0103 c\u0103 succesul \u00een politic\u0103 nu este niciodat\u0103 opera unui singur om.<\/p>\n<p>\u00a0\u00a0\u00a0\u00a0\u00a0\u00a0\u00a0\u00a0\u00a0\u00a0\u00a0 Domnul Toma spune c\u0103 va merge singur. Foarte bine. Atunci vom vedea \u0219i c\u00e2t din formula de \u201ecel mai votat primar\u201d \u00eei apar\u021bine exclusiv \u0219i c\u00e2t a \u00eensemnat for\u021ba PSD Buz\u0103u. Momentan este, \u00eenc\u0103, membru PSD, \u0219i nu pot s\u0103 nu m\u0103 \u00eentreb cum va \u00eemp\u0103ca aceste dou\u0103 ipostaze \u00een urm\u0103torii doi ani.<\/p>\n<p>\u00a0\u00a0\u00a0\u00a0\u00a0\u00a0\u00a0\u00a0\u00a0\u00a0\u00a0 Iar dac\u0103 m\u0103 uit la reac\u021biile buzoienilor din ultima perioad\u0103, cred c\u0103 2028 \u00eei poate oferi domnului Toma un contact foarte s\u0103n\u0103tos cu realitatea.<\/p>\n<p>P\u00e2n\u0103 atunci, mai sunt doi ani de mandat.\u00a0<strong>Buz\u0103ul are nevoie de administra\u021bie \u0219i de proiecte, nu de o campanie electoral\u0103 \u00eenceput\u0103 cu doi ani mai devreme.<\/strong><\/p>\n<div class=\"col-md-2 col-sm-4 col-xs-4\"> .col-md-2 { float:left; width: 16.6667%; } <\/div>\n<div class=\"col-md-2 col-sm-4 col-xs-4\"> .col-md-2 { float:left; width: 16.6667%; } <\/p>\n<div class=\"fb-share-button\" data-href=\"https:\/\/revistaverde.ro\/2026\/08\/20\/romeo-lungu-presedintele-psd-buzau-independenta-lui-constantin-toma-va-fi-testata-in-2028\/\" data-layout=\"button\" data-size=\"large\" data-mobile-iframe=\"true\"><a class=\"fb-xfbml-parse-ignore\" target=\"_blank\" href=\"https:\/\/www.facebook.com\/sharer\/sharer.php?u=https%3A%2F%2Frevistaverde.ro%2F2026%2F08%2F20%2Fromeo-lungu-presedintele-psd-buzau-independenta-lui-constantin-toma-va-fi-testata-in-2028%2F&amp;src=sdkpreparse\">Share<\/a><\/div>\n<\/div>\n<div class=\"col-md-2 col-sm-4 col-xs-4\"> .col-md-2 { float:left; width: 16.6667%; } <\/div>\n<\/div>\n<p>[analyse_source url=&#8221;https:\/\/revistaverde.ro\/2026\/08\/20\/romeo-lungu-presedintele-psd-buzau-independenta-lui-constantin-toma-va-fi-testata-in-2028\/&#8221;]<\/p>\n","protected":false},"excerpt":{"rendered":"<p>[analyse_image type=&#8221;featured&#8221; src=&#8221;https:\/\/revistaverde.ro\/wp-content\/uploads\/2026\/03\/SANATATE-ROMEO-e1773211150556.jpg&#8221;] Romeo Lungu, Pre\u0219edintele PSD Buz\u0103u: \u201eIndependen\u021ba lui Constantin Toma va fi testat\u0103 \u00een 2028 august 20, 2026M\u0103rg\u0103rit GROSUComunicate de presa, Evenimente, international0 Romeo Lungu, Pre\u0219edintele PSD Buz\u0103u: \u201eIndependen\u021ba lui Constantin Toma va fi testat\u0103 \u00een 2028. P\u00e2n\u0103 acum, toate alegerile le-a c\u00e2\u0219tigat cu PSD al\u0103turi\u201d \u00a0\u00a0\u00a0\u00a0\u00a0\u00a0\u00a0\u00a0\u00a0\u00a0\u00a0 Constantin Toma spune c\u0103 \u00een 2028 [&hellip;]<\/p>\n","protected":false},"author":1,"featured_media":0,"comment_status":"open","ping_status":"","sticky":false,"template":"","format":"standard","meta":{"footnotes":""},"categories":[2],"tags":[226,57],"class_list":["post-2103892","post","type-post","status-publish","format-standard","hentry","category-politics","tag-crawlmanager","tag-revistaverde-ro"],"_links":{"self":[{"href":"https:\/\/analyse.optim.biz\/index.php?rest_route=\/wp\/v2\/posts\/2103892","targetHints":{"allow":["GET"]}}],"collection":[{"href":"https:\/\/analyse.optim.biz\/index.php?rest_route=\/wp\/v2\/posts"}],"about":[{"href":"https:\/\/analyse.optim.biz\/index.php?rest_route=\/wp\/v2\/types\/post"}],"author":[{"embeddable":true,"href":"https:\/\/analyse.optim.biz\/index.php?rest_route=\/wp\/v2\/users\/1"}],"replies":[{"embeddable":true,"href":"https:\/\/analyse.optim.biz\/index.php?rest_route=%2Fwp%2Fv2%2Fcomments&post=2103892"}],"version-history":[{"count":0,"href":"https:\/\/analyse.optim.biz\/index.php?rest_route=\/wp\/v2\/posts\/2103892\/revisions"}],"wp:attachment":[{"href":"https:\/\/analyse.optim.biz\/index.php?rest_route=%2Fwp%2Fv2%2Fmedia&parent=2103892"}],"wp:term":[{"taxonomy":"category","embeddable":true,"href":"https:\/\/analyse.optim.biz\/index.php?rest_route=%2Fwp%2Fv2%2Fcategories&post=2103892"},{"taxonomy":"post_tag","embeddable":true,"href":"https:\/\/analyse.optim.biz\/index.php?rest_route=%2Fwp%2Fv2%2Ftags&post=2103892"}],"curies":[{"name":"wp","href":"https:\/\/api.w.org\/{rel}","templated":true}]}}