{"id":2103891,"date":"2026-08-20T11:52:59","date_gmt":"2026-08-20T08:52:59","guid":{"rendered":"https:\/\/analyse.optim.biz\/?p=2103891"},"modified":"2026-08-20T11:52:59","modified_gmt":"2026-08-20T08:52:59","slug":"oana-matache-cu-calm-despre-admiterea-la-liceu-din-2027","status":"publish","type":"post","link":"https:\/\/analyse.optim.biz\/?p=2103891","title":{"rendered":"Oana Matache: Cu calm, despre admiterea la liceu din 2027"},"content":{"rendered":"<p>[analyse_image type=&#8221;featured&#8221; src=&#8221;https:\/\/revistaverde.ro\/wp-content\/uploads\/2026\/08\/LICEU-O.jpg&#8221;]<\/p>\n<article id=\"post-15836\" class=\"post-15836 post type-post status-publish format-standard has-post-thumbnail hentry category-comunicate-de-presa category-evnimente category-international\">\n<header class=\"entry-header mh-clearfix\">\n<h1 class=\"entry-title\">Oana Matache: Cu calm, despre admiterea la liceu din 2027<\/h1>\n<p class=\"mh-meta entry-meta\"><span class=\"entry-meta-date updated\"><a href=\"https:\/\/revistaverde.ro\/2026\/08\/\">august 20, 2026<\/a><\/span><span class=\"entry-meta-author author vcard\"><a class=\"fn\" href=\"https:\/\/revistaverde.ro\/author\/revistaverdefrumoasa2017\/\">M\u0103rg\u0103rit GROSU<\/a><\/span><span class=\"entry-meta-categories\"><a href=\"https:\/\/revistaverde.ro\/category\/local\/comunicate-de-presa\/\" rel=\"category tag\">Comunicate de presa<\/a>, <a href=\"https:\/\/revistaverde.ro\/category\/local\/evnimente\/\" rel=\"category tag\">Evenimente<\/a>, <a href=\"https:\/\/revistaverde.ro\/category\/international\/\" rel=\"category tag\">international<\/a><\/span><span class=\"entry-meta-comments\"><a class=\"mh-comment-scroll\" href=\"https:\/\/revistaverde.ro\/2026\/08\/20\/oana-matache-cu-calm-despre-admiterea-la-liceu-din-2027\/#mh-comments\">0<\/a><\/span><\/p>\n<\/header>\n<div class=\"entry-content mh-clearfix\">\n<figure class=\"entry-thumbnail\"><img decoding=\"async\" src=\"https:\/\/revistaverde.ro\/wp-content\/uploads\/2026\/08\/LICEU-O-678x381.jpg\" alt title=\"LICEU O\"><\/figure>\n<p>\u201dCu calm, despre ce se \u00eent\u00e2mpl\u0103, de fapt, cu admiterea la liceu din 2027, pentru c\u0103 am v\u0103zut multe informa\u021bii amestecate, dar mai ales am discutat cu p\u0103rin\u021bi \u00eengrijora\u021bi:<\/p>\n<p>Vor da copiii no\u0219tri \u0219i admitere la liceu, la 2-3 s\u0103pt\u0103m\u00e2ni dup\u0103 Evaluarea Na\u021bional\u0103?<\/p>\n<p>V\u0103 explic punctual:<\/p>\n<p>Mie \u00eemi place adev\u0103rul: aceast\u0103 prevedere nu este nou\u0103. Oric\u00e2t de mult dezaprob m\u0103surile Guvernului Bolojan, m\u0103sura exist\u0103 \u00een Legea \u00eenv\u0103\u021b\u0103m\u00e2ntului preuniversitar nr. 198\/2023 \u0219i vizeaz\u0103 genera\u021bia care era \u00een clasa a V-a \u00een anul \u0219colar 2023-2024 (legea Deca-Iohannis).<\/p>\n<p>Argumentul de \u201eo a doua \u0219ans\u0103 pentru elevul bun la real care are o zi proast\u0103 la Evaluare\u201d este cam singurul pro. \u00cen rest, criticile sunt consistente: stres suplimentar pentru elevi de 14-15 ani, \u00eencurajarea medita\u021biilor \u0219i avantajarea familiilor care \u00ee\u0219i permit preg\u0103tire privat\u0103, plus risc de corup\u021bie, mai ales c\u0103 probele organizate de licee nu sunt supravegheate audio-video.<\/p>\n<p>Le repro\u0219ez \u0219i lipsa unei evalu\u0103ri de impact \u0219i faptul c\u0103 ministerul nu a analizat datele pe care deja le are din probele de aptitudini \u0219i de limb\u0103 de la admiterile din 2025 \u0219i 2026.<\/p>\n<p>\u00cen UE, examenul de admitere la liceu mai exist\u0103 doar \u00een patru state, toate din Est: Ungaria, Cehia, Slovacia \u0219i Letonia.<\/p>\n<p>\u00centre timp, \u00een Parlament a ap\u0103rut deja ini\u021biativa de am\u00e2nare a acestei m\u0103suri, depus\u0103 de grupul PSD, de colegul meu Mihai Alexandru Ghigiu, pre\u0219edintele Comisiei pentru \u00cenv\u0103\u021b\u0103m\u00e2nt.<\/p>\n<p>Nu sus\u021binem alte m\u0103suri luate \u201edup\u0103 ureche\u201d \u00een educa\u021bie, \u00een detrimentul \u0219anselor egale la educa\u021bie ale copiilor rom\u00e2ni!\u201d<\/p>\n<div class=\"col-md-2 col-sm-4 col-xs-4\"> .col-md-2 { float:left; width: 16.6667%; } <\/div>\n<div class=\"col-md-2 col-sm-4 col-xs-4\"> .col-md-2 { float:left; width: 16.6667%; } <\/p>\n<div class=\"fb-share-button\" data-href=\"https:\/\/revistaverde.ro\/2026\/08\/20\/oana-matache-cu-calm-despre-admiterea-la-liceu-din-2027\/\" data-layout=\"button\" data-size=\"large\" data-mobile-iframe=\"true\"><a class=\"fb-xfbml-parse-ignore\" target=\"_blank\" href=\"https:\/\/www.facebook.com\/sharer\/sharer.php?u=https%3A%2F%2Frevistaverde.ro%2F2026%2F08%2F20%2Foana-matache-cu-calm-despre-admiterea-la-liceu-din-2027%2F&amp;src=sdkpreparse\">Share<\/a><\/div>\n<\/div>\n<div class=\"col-md-2 col-sm-4 col-xs-4\"> .col-md-2 { float:left; width: 16.6667%; } <\/div>\n<\/div>\n<\/article>\n<div class=\"entry-content mh-clearfix\">\n<figure class=\"entry-thumbnail\"><img decoding=\"async\" src=\"https:\/\/revistaverde.ro\/wp-content\/uploads\/2026\/08\/LICEU-O-678x381.jpg\" alt title=\"LICEU O\"><\/figure>\n<p>\u201dCu calm, despre ce se \u00eent\u00e2mpl\u0103, de fapt, cu admiterea la liceu din 2027, pentru c\u0103 am v\u0103zut multe informa\u021bii amestecate, dar mai ales am discutat cu p\u0103rin\u021bi \u00eengrijora\u021bi:<\/p>\n<p>Vor da copiii no\u0219tri \u0219i admitere la liceu, la 2-3 s\u0103pt\u0103m\u00e2ni dup\u0103 Evaluarea Na\u021bional\u0103?<\/p>\n<p>V\u0103 explic punctual:<\/p>\n<p>Mie \u00eemi place adev\u0103rul: aceast\u0103 prevedere nu este nou\u0103. Oric\u00e2t de mult dezaprob m\u0103surile Guvernului Bolojan, m\u0103sura exist\u0103 \u00een Legea \u00eenv\u0103\u021b\u0103m\u00e2ntului preuniversitar nr. 198\/2023 \u0219i vizeaz\u0103 genera\u021bia care era \u00een clasa a V-a \u00een anul \u0219colar 2023-2024 (legea Deca-Iohannis).<\/p>\n<p>Argumentul de \u201eo a doua \u0219ans\u0103 pentru elevul bun la real care are o zi proast\u0103 la Evaluare\u201d este cam singurul pro. \u00cen rest, criticile sunt consistente: stres suplimentar pentru elevi de 14-15 ani, \u00eencurajarea medita\u021biilor \u0219i avantajarea familiilor care \u00ee\u0219i permit preg\u0103tire privat\u0103, plus risc de corup\u021bie, mai ales c\u0103 probele organizate de licee nu sunt supravegheate audio-video.<\/p>\n<p>Le repro\u0219ez \u0219i lipsa unei evalu\u0103ri de impact \u0219i faptul c\u0103 ministerul nu a analizat datele pe care deja le are din probele de aptitudini \u0219i de limb\u0103 de la admiterile din 2025 \u0219i 2026.<\/p>\n<p>\u00cen UE, examenul de admitere la liceu mai exist\u0103 doar \u00een patru state, toate din Est: Ungaria, Cehia, Slovacia \u0219i Letonia.<\/p>\n<p>\u00centre timp, \u00een Parlament a ap\u0103rut deja ini\u021biativa de am\u00e2nare a acestei m\u0103suri, depus\u0103 de grupul PSD, de colegul meu Mihai Alexandru Ghigiu, pre\u0219edintele Comisiei pentru \u00cenv\u0103\u021b\u0103m\u00e2nt.<\/p>\n<p>Nu sus\u021binem alte m\u0103suri luate \u201edup\u0103 ureche\u201d \u00een educa\u021bie, \u00een detrimentul \u0219anselor egale la educa\u021bie ale copiilor rom\u00e2ni!\u201d<\/p>\n<div class=\"col-md-2 col-sm-4 col-xs-4\"> .col-md-2 { float:left; width: 16.6667%; } <\/div>\n<div class=\"col-md-2 col-sm-4 col-xs-4\"> .col-md-2 { float:left; width: 16.6667%; } <\/p>\n<div class=\"fb-share-button\" data-href=\"https:\/\/revistaverde.ro\/2026\/08\/20\/oana-matache-cu-calm-despre-admiterea-la-liceu-din-2027\/\" data-layout=\"button\" data-size=\"large\" data-mobile-iframe=\"true\"><a class=\"fb-xfbml-parse-ignore\" target=\"_blank\" href=\"https:\/\/www.facebook.com\/sharer\/sharer.php?u=https%3A%2F%2Frevistaverde.ro%2F2026%2F08%2F20%2Foana-matache-cu-calm-despre-admiterea-la-liceu-din-2027%2F&amp;src=sdkpreparse\">Share<\/a><\/div>\n<\/div>\n<div class=\"col-md-2 col-sm-4 col-xs-4\"> .col-md-2 { float:left; width: 16.6667%; } <\/div>\n<\/div>\n<p>[analyse_source url=&#8221;https:\/\/revistaverde.ro\/2026\/08\/20\/oana-matache-cu-calm-despre-admiterea-la-liceu-din-2027\/&#8221;]<\/p>\n","protected":false},"excerpt":{"rendered":"<p>[analyse_image type=&#8221;featured&#8221; src=&#8221;https:\/\/revistaverde.ro\/wp-content\/uploads\/2026\/08\/LICEU-O.jpg&#8221;] Oana Matache: Cu calm, despre admiterea la liceu din 2027 august 20, 2026M\u0103rg\u0103rit GROSUComunicate de presa, Evenimente, international0 \u201dCu calm, despre ce se \u00eent\u00e2mpl\u0103, de fapt, cu admiterea la liceu din 2027, pentru c\u0103 am v\u0103zut multe informa\u021bii amestecate, dar mai ales am discutat cu p\u0103rin\u021bi \u00eengrijora\u021bi: Vor da copiii no\u0219tri \u0219i [&hellip;]<\/p>\n","protected":false},"author":1,"featured_media":0,"comment_status":"open","ping_status":"","sticky":false,"template":"","format":"standard","meta":{"footnotes":""},"categories":[2],"tags":[226,57],"class_list":["post-2103891","post","type-post","status-publish","format-standard","hentry","category-politics","tag-crawlmanager","tag-revistaverde-ro"],"_links":{"self":[{"href":"https:\/\/analyse.optim.biz\/index.php?rest_route=\/wp\/v2\/posts\/2103891","targetHints":{"allow":["GET"]}}],"collection":[{"href":"https:\/\/analyse.optim.biz\/index.php?rest_route=\/wp\/v2\/posts"}],"about":[{"href":"https:\/\/analyse.optim.biz\/index.php?rest_route=\/wp\/v2\/types\/post"}],"author":[{"embeddable":true,"href":"https:\/\/analyse.optim.biz\/index.php?rest_route=\/wp\/v2\/users\/1"}],"replies":[{"embeddable":true,"href":"https:\/\/analyse.optim.biz\/index.php?rest_route=%2Fwp%2Fv2%2Fcomments&post=2103891"}],"version-history":[{"count":0,"href":"https:\/\/analyse.optim.biz\/index.php?rest_route=\/wp\/v2\/posts\/2103891\/revisions"}],"wp:attachment":[{"href":"https:\/\/analyse.optim.biz\/index.php?rest_route=%2Fwp%2Fv2%2Fmedia&parent=2103891"}],"wp:term":[{"taxonomy":"category","embeddable":true,"href":"https:\/\/analyse.optim.biz\/index.php?rest_route=%2Fwp%2Fv2%2Fcategories&post=2103891"},{"taxonomy":"post_tag","embeddable":true,"href":"https:\/\/analyse.optim.biz\/index.php?rest_route=%2Fwp%2Fv2%2Ftags&post=2103891"}],"curies":[{"name":"wp","href":"https:\/\/api.w.org\/{rel}","templated":true}]}}