{"id":2103889,"date":"2026-08-20T16:41:00","date_gmt":"2026-08-20T13:41:00","guid":{"rendered":"https:\/\/analyse.optim.biz\/?p=2103889"},"modified":"2026-08-20T16:41:00","modified_gmt":"2026-08-20T13:41:00","slug":"caravana-medicala-program-dedicat-comunitatii-rome","status":"publish","type":"post","link":"https:\/\/analyse.optim.biz\/?p=2103889","title":{"rendered":"Caravana medical\u0103. Program dedicat comunit\u0103\u021bii rome"},"content":{"rendered":"<p>[analyse_image type=&#8221;featured&#8221; src=&#8221;https:\/\/www.campusbuzau.ro\/wp-content\/uploads\/2021\/11\/caravana-consultatii-medicale.jpghttps:\/\/www.campusbuzau.ro\/wp-content\/uploads\/2021\/11\/caravana-consultatii-medicale.jpg&#8221;]<\/p>\n<div class=\"entry-content\">\n<p><strong><em>Caravana medical\u0103 care face parte din programul \u201eS\u0103n\u0103tate pentru Buz\u0103u, s\u0103n\u0103tate pentru comunitate\u201d va sosi din nou \u00een ora\u0219ul nostru. 100 de adul\u021bi \u0219i 50 de copii romi din cartierul Simileasca vor putea fi consulta\u021bi gratuit de 11 medici cu specializ\u0103ri diferite.<\/em><\/strong><\/p>\n<p>S\u00e2mb\u0103t\u0103 22 august, la ora 10, \u00een cartierul Simileasaca va sosi caravana medical\u0103 la \u0218coala 14.<\/p>\n<p>Caravana \u201eS\u0103n\u0103tate pentru Buz\u0103u, s\u0103n\u0103tate pentru comunitate\u201d! va fi \u00eenso\u021bit\u0103 de 11 medici cu specializ\u0103ri diferite, care vor oferi consulta\u021bii gratuite pentru 50 de copii \u0219i 100 de adul\u021bi din comunitatea rom\u0103.<\/p>\n<p>Analizele medicale au fost recoltate anterior \u00een cabinetele medicilor de familie \u0219i vor putea fi v\u0103zute de medicii speciali\u0219ti care vor diagnostica pacien\u021bii.<\/p>\n<p>Caravana \u00ee\u0219i va \u00eencepe activitatea la ora 10 \u0219i o va \u00eencheia odat\u0103 cu ultimul pacient diagnosticat.<\/p>\n<p>Activitatea a fost inclus\u0103 \u00een Planul Local de M\u0103suri pentru implementarea Strategiei Guvernului Rom\u00e2niei de incluziune a cet\u0103\u021benilor rom\u00e2ni apar\u021bin\u00e2nd minorit\u0103\u021bii rome \u0219i este doar una dintre m\u0103surile asumate la Buz\u0103u \u00een acest context,<\/p>\n<\/div>\n<p>[analyse_source url=&#8221;https:\/\/www.campusbuzau.ro\/caravana-medicala-program-dedicat-comunitatii-rome\/&#8221;]<\/p>\n","protected":false},"excerpt":{"rendered":"<p>[analyse_image type=&#8221;featured&#8221; src=&#8221;https:\/\/www.campusbuzau.ro\/wp-content\/uploads\/2021\/11\/caravana-consultatii-medicale.jpghttps:\/\/www.campusbuzau.ro\/wp-content\/uploads\/2021\/11\/caravana-consultatii-medicale.jpg&#8221;] Caravana medical\u0103 care face parte din programul \u201eS\u0103n\u0103tate pentru Buz\u0103u, s\u0103n\u0103tate pentru comunitate\u201d va sosi din nou \u00een ora\u0219ul nostru. 100 de adul\u021bi \u0219i 50 de copii romi din cartierul Simileasca vor putea fi consulta\u021bi gratuit de 11 medici cu specializ\u0103ri diferite. S\u00e2mb\u0103t\u0103 22 august, la ora 10, \u00een cartierul Simileasaca va [&hellip;]<\/p>\n","protected":false},"author":1,"featured_media":0,"comment_status":"open","ping_status":"","sticky":false,"template":"","format":"standard","meta":{"footnotes":""},"categories":[2],"tags":[118,226],"class_list":["post-2103889","post","type-post","status-publish","format-standard","hentry","category-politics","tag-campusbuzau-ro","tag-crawlmanager"],"_links":{"self":[{"href":"https:\/\/analyse.optim.biz\/index.php?rest_route=\/wp\/v2\/posts\/2103889","targetHints":{"allow":["GET"]}}],"collection":[{"href":"https:\/\/analyse.optim.biz\/index.php?rest_route=\/wp\/v2\/posts"}],"about":[{"href":"https:\/\/analyse.optim.biz\/index.php?rest_route=\/wp\/v2\/types\/post"}],"author":[{"embeddable":true,"href":"https:\/\/analyse.optim.biz\/index.php?rest_route=\/wp\/v2\/users\/1"}],"replies":[{"embeddable":true,"href":"https:\/\/analyse.optim.biz\/index.php?rest_route=%2Fwp%2Fv2%2Fcomments&post=2103889"}],"version-history":[{"count":0,"href":"https:\/\/analyse.optim.biz\/index.php?rest_route=\/wp\/v2\/posts\/2103889\/revisions"}],"wp:attachment":[{"href":"https:\/\/analyse.optim.biz\/index.php?rest_route=%2Fwp%2Fv2%2Fmedia&parent=2103889"}],"wp:term":[{"taxonomy":"category","embeddable":true,"href":"https:\/\/analyse.optim.biz\/index.php?rest_route=%2Fwp%2Fv2%2Fcategories&post=2103889"},{"taxonomy":"post_tag","embeddable":true,"href":"https:\/\/analyse.optim.biz\/index.php?rest_route=%2Fwp%2Fv2%2Ftags&post=2103889"}],"curies":[{"name":"wp","href":"https:\/\/api.w.org\/{rel}","templated":true}]}}