{"id":2103808,"date":"2026-08-20T18:16:08","date_gmt":"2026-08-20T15:16:08","guid":{"rendered":"https:\/\/analyse.optim.biz\/?p=2103808"},"modified":"2026-08-20T18:16:08","modified_gmt":"2026-08-20T15:16:08","slug":"inca-un-accident-pe-dn-6-in-caras-severin-4-victime","status":"publish","type":"post","link":"https:\/\/analyse.optim.biz\/?p=2103808","title":{"rendered":"\u00cenc\u0103 un accident pe DN 6, \u00een Cara\u0219-Severin: 4 victime"},"content":{"rendered":"<p>[analyse_image type=&#8221;featured&#8221; src=&#8221;https:\/\/renasterea.ro\/ro\/wp-content\/uploads\/2026\/08\/accident-teregova.jpeghttps:\/\/renasterea.ro\/ro\/wp-content\/uploads\/2026\/08\/accident-teregova.jpeg&#8221;]<\/p>\n<div class=\"entry-content\"><img loading=\"lazy\" decoding=\"async\" width=\"769\" height=\"347\" src=\"https:\/\/renasterea.ro\/ro\/wp-content\/uploads\/2026\/08\/accident-teregova.jpeg\" class=\"attachment-medium size-medium wp-post-image\" alt=\"\u00cenc\u0103 un accident pe DN 6, \u00een Cara\u0219-Severin: 4 victime\" title=\"\u00cenc\u0103 un accident pe DN 6, \u00een Cara\u0219-Severin: 4 victime 1\"><\/p>\n<h4>Joi, 20 august, \u00een jurul orei 14:50, poli\u021bi\u0219tii din cadrul Serviciului Rutier \u2013 Biroul Drum Na\u021bionale \u0219i Europene au fost sesiza\u021bi, prin apel 112, cu privire la producerea unui accident rutier pe DN 6, la ie\u0219irea din localitatea Teregova c\u0103tre Caransebe\u0219.<\/h4>\n<p>Din primele verific\u0103ri efectuate la fa\u021ba locului, poli\u021bi\u0219tii au stabilit c\u0103, \u00een jurul orei 14:40, \u00een timp ce o femeie, \u00een v\u00e2rst\u0103 de 59 de ani, conducea un autoturism pe DN6, la kilometrul 424, din direc\u021bia Caransebe\u0219 c\u0103tre Or\u0219ova, ar fi pierdut controlul asupra direc\u021biei de deplasare, a p\u0103r\u0103sit partea carosabil\u0103, pe partea dreapt\u0103, \u0219i a lovit un zid din beton.<\/p>\n<p>\u00cen urma impactului, conduc\u0103toarea autoturismului \u0219i cei trei pasageri, respectiv un b\u0103rbat \u00een v\u00e2rst\u0103 de 38 de ani, pasager pe locul din dreapta-fa\u021b\u0103, o femeie \u00een v\u00e2rst\u0103 de 36 de ani, pasager\u0103 pe bancheta din spate, \u0219i un b\u0103rbat \u00een v\u00e2rst\u0103 de 29 de ani, pasager pe bancheta din spate, au fost r\u0103ni\u021bi.<\/p>\n<p>Poli\u021bi\u0219tii continu\u0103 cercet\u0103rile, \u00een vederea stabilirii cu exactitate a cauzelor \u0219i \u00eemprejur\u0103rilor \u00een care s-a produs accidentul rutier.<\/p>\n<p>Alte dou\u0103 accidente grave au avut loc, joi \u2013 20 august, \u00een Cara\u0219-Severin.<\/p>\n<header class=\"entry-header\">\n<h2 class=\"entry-title\"><span><a href=\"https:\/\/renasterea.ro\/minorul-ranit-in-accidentul-de-pe-dn6-s-a-stins-cum-s-a-produs-tragedia-video\/\">Minorul r\u0103nit \u00een accidentul de pe DN6 s-a stins\u2026 Cum s-a produs tragedia (video)<\/a><\/span><\/h2>\n<header class=\"entry-header\">\n<h2 class=\"entry-title\"><span><a href=\"https:\/\/renasterea.ro\/un-nou-accident-rutier-grav-in-banat-cinci-victime-au-ajuns-la-spital\/\">Un nou accident rutier grav \u00een Banat. Cinci victime au ajuns la spital<\/a><\/span><\/h2>\n<\/header>\n<\/header>\n<\/div>\n<p>[analyse_source url=&#8221;https:\/\/renasterea.ro\/inca-un-accident-pe-dn-6-in-caras-severin-4-victime\/&#8221;]<\/p>\n","protected":false},"excerpt":{"rendered":"<p>[analyse_image type=&#8221;featured&#8221; src=&#8221;https:\/\/renasterea.ro\/ro\/wp-content\/uploads\/2026\/08\/accident-teregova.jpeghttps:\/\/renasterea.ro\/ro\/wp-content\/uploads\/2026\/08\/accident-teregova.jpeg&#8221;] Joi, 20 august, \u00een jurul orei 14:50, poli\u021bi\u0219tii din cadrul Serviciului Rutier \u2013 Biroul Drum Na\u021bionale \u0219i Europene au fost sesiza\u021bi, prin apel 112, cu privire la producerea unui accident rutier pe DN 6, la ie\u0219irea din localitatea Teregova c\u0103tre Caransebe\u0219. Din primele verific\u0103ri efectuate la fa\u021ba locului, poli\u021bi\u0219tii au stabilit c\u0103, [&hellip;]<\/p>\n","protected":false},"author":1,"featured_media":0,"comment_status":"open","ping_status":"","sticky":false,"template":"","format":"standard","meta":{"footnotes":""},"categories":[89],"tags":[226,188],"class_list":["post-2103808","post","type-post","status-publish","format-standard","hentry","category-romania","tag-crawlmanager","tag-renasterea-ro"],"_links":{"self":[{"href":"https:\/\/analyse.optim.biz\/index.php?rest_route=\/wp\/v2\/posts\/2103808","targetHints":{"allow":["GET"]}}],"collection":[{"href":"https:\/\/analyse.optim.biz\/index.php?rest_route=\/wp\/v2\/posts"}],"about":[{"href":"https:\/\/analyse.optim.biz\/index.php?rest_route=\/wp\/v2\/types\/post"}],"author":[{"embeddable":true,"href":"https:\/\/analyse.optim.biz\/index.php?rest_route=\/wp\/v2\/users\/1"}],"replies":[{"embeddable":true,"href":"https:\/\/analyse.optim.biz\/index.php?rest_route=%2Fwp%2Fv2%2Fcomments&post=2103808"}],"version-history":[{"count":0,"href":"https:\/\/analyse.optim.biz\/index.php?rest_route=\/wp\/v2\/posts\/2103808\/revisions"}],"wp:attachment":[{"href":"https:\/\/analyse.optim.biz\/index.php?rest_route=%2Fwp%2Fv2%2Fmedia&parent=2103808"}],"wp:term":[{"taxonomy":"category","embeddable":true,"href":"https:\/\/analyse.optim.biz\/index.php?rest_route=%2Fwp%2Fv2%2Fcategories&post=2103808"},{"taxonomy":"post_tag","embeddable":true,"href":"https:\/\/analyse.optim.biz\/index.php?rest_route=%2Fwp%2Fv2%2Ftags&post=2103808"}],"curies":[{"name":"wp","href":"https:\/\/api.w.org\/{rel}","templated":true}]}}