{"id":2103807,"date":"2026-08-19T15:01:03","date_gmt":"2026-08-19T12:01:03","guid":{"rendered":"https:\/\/analyse.optim.biz\/?p=2103807"},"modified":"2026-08-19T15:01:03","modified_gmt":"2026-08-19T12:01:03","slug":"primaria-timisoara-anunta-noi-termene-pentru-lucrarile-de-pe-marile-artere","status":"publish","type":"post","link":"https:\/\/analyse.optim.biz\/?p=2103807","title":{"rendered":"Prim\u0103ria Timi\u0219oara anun\u021b\u0103 noi termene pentru lucr\u0103rile de pe marile artere"},"content":{"rendered":"<p>[analyse_image type=&#8221;featured&#8221; src=&#8221;https:\/\/orasul-timisoara.ro\/wp-content\/uploads\/2026\/08\/santier-tm.jpg&#8221;]<\/p>\n<article id=\"post-40376\" class=\"td-post-template-7 post-40376 post type-post status-publish format-standard has-post-thumbnail category-administratie category-featured category-investitii-in-timisoara category-stiri-timisoara tag-calea-martirilor tag-independentei tag-infrastructura-rutiera tag-lucrari-2 tag-piata-balcescu-2 tag-rebreanu tag-reparatii-strazi tag-sdm tag-stiri-timisoara-2 tag-timisoara-2 td-container-wrap\">\n<div class=\"td-full-screen-header-image-wrap\">\n<div class=\"td-container td-post-header\">\n<div class=\"td-crumb-container\">\n<div class=\"entry-crumbs\"><span><a title=\"Vede\u021bi toate articolele \u00een Administra\u021bie local\u0103\" class=\"entry-crumb\" href=\"https:\/\/orasul-timisoara.ro\/local-category\/administratie\/\">Administra\u021bie local\u0103<\/a><\/span><span class=\"td-bred-no-url-last\">Prim\u0103ria Timi\u0219oara anun\u021b\u0103 noi termene pentru lucr\u0103rile de pe marile artere<\/span><\/div>\n<\/div>\n<div class=\"td-post-header-holder\">\n<div class=\"td-parallax-header\">\n<header class=\"td-post-title\">\n<ul class=\"td-category\">\n<li class=\"entry-category\"><a href=\"https:\/\/orasul-timisoara.ro\/local-category\/administratie\/\">Administra\u021bie local\u0103<\/a><\/li>\n<li class=\"entry-category\"><a href=\"https:\/\/orasul-timisoara.ro\/local-category\/investitii-in-timisoara\/\">Investitii in Timisoara<\/a><\/li>\n<li class=\"entry-category\"><a href=\"https:\/\/orasul-timisoara.ro\/local-category\/stiri-timisoara\/\">\u0218tiri Locale<\/a><\/li>\n<\/ul>\n<h1 class=\"entry-title\">Prim\u0103ria Timi\u0219oara anun\u021b\u0103 noi termene pentru lucr\u0103rile de pe marile artere<\/h1>\n<div class=\"td-module-meta-info\">\n<div class=\"td-post-author-name\">\n<div class=\"td-author-by\">De c\u0103tre<\/div>\n<p><a href=\"https:\/\/orasul-timisoara.ro\/author\/timisoara\/\">redactia<\/a><\/p>\n<div class=\"td-author-line\"> &#8211; <\/div>\n<\/div>\n<p><span class=\"td-post-date\"><time class=\"entry-date updated td-module-date\" datetime=\"2026-08-19T18:01:03+03:00\">19\/08\/2026<\/time><\/span><\/div>\n<\/header>\n<\/div>\n<\/div>\n<\/div>\n<div id=\"td-full-screen-header-image\" class=\"td-image-gradient-style7\"><img decoding=\"async\" class=\"td-backstretch\" src=\"https:\/\/orasul-timisoara.ro\/wp-content\/uploads\/2026\/08\/santier-tm.jpg\"><\/div>\n<\/div>\n<div class=\"td-container\">\n<div class=\"td-pb-row\">\n<div class=\"td-pb-span8 td-main-content\" role=\"main\">\n<div class=\"td-ss-main-content\">\n<div class=\"td-post-sharing-top\">\n<div class=\"td-post-sharing-classic\"><iframe title=\"topFacebookLike\" frameborder src=\"https:\/\/www.facebook.com\/plugins\/like.php?href=https:\/\/orasul-timisoara.ro\/local-40376\/&amp;layout=button_count&amp;show_faces=false&amp;width=105&amp;action=like&amp;colorscheme=light&amp;height=21\"><\/iframe><\/div>\n<div id=\"td_social_sharing_article_top\" class=\"td-post-sharing td-ps-bg td-ps-notext td-post-sharing-style1 \">\n<div class=\"td-post-sharing-visible\"><a class=\"td-social-sharing-button td-social-sharing-button-js td-social-network td-social-facebook\" href=\"https:\/\/www.facebook.com\/sharer.php?u=https%3A%2F%2Forasul-timisoara.ro%2Flocal-40376%2F\" title=\"Facebook\"><\/p>\n<div class=\"td-social-but-text\">Facebook<\/div>\n<p><\/a><a class=\"td-social-sharing-button td-social-sharing-button-js td-social-network td-social-twitter\" href=\"https:\/\/twitter.com\/intent\/tweet?text=Prim%C4%83ria+Timi%C8%99oara+anun%C8%9B%C4%83+noi+termene+pentru+lucr%C4%83rile+de+pe+marile+artere&amp;url=https%3A%2F%2Forasul-timisoara.ro%2Flocal-40376%2F&amp;via=orasultm\" title=\"Twitter\"><\/p>\n<div class=\"td-social-but-text\">Twitter<\/div>\n<p><\/a><a class=\"td-social-sharing-button td-social-sharing-button-js td-social-network td-social-whatsapp\" href=\"https:\/\/api.whatsapp.com\/send?text=Prim%C4%83ria+Timi%C8%99oara+anun%C8%9B%C4%83+noi+termene+pentru+lucr%C4%83rile+de+pe+marile+artere%20%0A%0A%20https:\/\/orasul-timisoara.ro\/local-40376\/\" title=\"WhatsApp\"><\/p>\n<div class=\"td-social-but-text\">WhatsApp<\/div>\n<p><\/a><a class=\"td-social-sharing-button td-social-sharing-button-js td-social-network td-social-linkedin\" href=\"https:\/\/www.linkedin.com\/shareArticle?mini=true&amp;url=https:\/\/orasul-timisoara.ro\/local-40376\/&amp;title=Prim%C4%83ria+Timi%C8%99oara+anun%C8%9B%C4%83+noi+termene+pentru+lucr%C4%83rile+de+pe+marile+artere\" title=\"Linkedin\"><\/p>\n<div class=\"td-social-but-text\">Linkedin<\/div>\n<p><\/a><a class=\"td-social-sharing-button td-social-sharing-button-js td-social-network td-social-reddit\" href=\"https:\/\/reddit.com\/submit?url=https:\/\/orasul-timisoara.ro\/local-40376\/&amp;title=Prim%C4%83ria+Timi%C8%99oara+anun%C8%9B%C4%83+noi+termene+pentru+lucr%C4%83rile+de+pe+marile+artere\" title=\"ReddIt\"><\/p>\n<div class=\"td-social-but-text\">ReddIt<\/div>\n<p><\/a><a class=\"td-social-sharing-button td-social-sharing-button-js td-social-network td-social-mail\" href=\"mailto:?subject=Prim%C4%83ria%20Timi%C8%99oara%20anun%C8%9B%C4%83%20noi%20termene%20pentru%20lucr%C4%83rile%20de%20pe%20marile%20artere&amp;body=https:\/\/orasul-timisoara.ro\/local-40376\/\" title=\"Email\"><\/p>\n<div class=\"td-social-but-text\">Email<\/div>\n<p><\/a><a class=\"td-social-sharing-button td-social-sharing-button-js td-social-network td-social-print\" href=\"https:\/\/orasul-timisoara.ro\/local-40376\/\" title=\"Imprimare\"><\/p>\n<div class=\"td-social-but-text\">Imprimare<\/div>\n<p><\/a><\/div>\n<\/div>\n<\/div>\n<div class=\"td-post-content tagdiv-type\">\n<p class=\"wp-block-paragraph\">Prim\u0103ria Municipiului Timi\u0219oara anun\u021b\u0103 c\u0103 lucr\u0103rile de repara\u021bii \u0219i \u00eentre\u021binere de pe mai multe artere intens circulate continu\u0103 \u00eenaintea \u00eenceperii noului an \u0219colar. Municipalitatea transmite c\u0103 SDM urm\u0103re\u0219te \u00eenchiderea \u0219antierelor p\u00e2n\u0103 la revenirea elevilor la cursuri, iar mai multe tronsoane au deja termene de finalizare stabilite.<\/p>\n<h2 class=\"wp-block-heading\">Lucr\u0103ri \u00een continuare pe Rebreanu \u0219i Martirilor<\/h2>\n<p class=\"wp-block-paragraph\">Pe bulevardul Rebreanu mai sunt \u00een desf\u0103\u0219urare lucr\u0103ri pe tronsonul cuprins \u00eentre Spitalul Jude\u021bean \u0219i Calea Martirilor.<\/p>\n<p class=\"wp-block-paragraph\">\u00cen paralel, interven\u021biile continu\u0103 \u0219i pe Calea Martirilor. Tronsonul dintre Rebreanu \u0219i Averescu este programat pentru finalizare la \u00eenceputul lunii septembrie.<\/p>\n<h2 class=\"wp-block-heading\">Strada Independen\u021bei este preg\u0103tit\u0103 pentru circula\u021bie<\/h2>\n<p class=\"wp-block-paragraph\">Pe strada Independen\u021bei, \u00eentre Rebreanu \u0219i Memorandului, lucr\u0103rile au fost finalizate \u00een etapa actual\u0103, iar artera este deja preg\u0103tit\u0103 pentru circula\u021bie.<\/p>\n<p class=\"wp-block-paragraph\">Interven\u021biile fac parte din programul de repara\u021bii \u0219i \u00eentre\u021binere derulat pe arterele intens circulate ale ora\u0219ului.<\/p>\n<h2 class=\"wp-block-heading\">Lucr\u0103rile continu\u0103 \u00een Pia\u021ba B\u0103lcescu<\/h2>\n<p class=\"wp-block-paragraph\">\u0218antierul din Pia\u021ba B\u0103lcescu r\u0103m\u00e2ne \u00een lucru, interven\u021biile continu\u00e2nd \u00een direc\u021bia str\u0103zii Ghirlandei.<\/p>\n<p class=\"wp-block-paragraph\">Zona este una important\u0103 pentru traficul din sudul Timi\u0219oarei, iar lucr\u0103rile sunt incluse \u00een acela\u0219i program prin care municipalitatea urm\u0103re\u0219te finalizarea interven\u021biilor \u00eenainte de \u00eenceperea \u0219colii.<\/p>\n<figure class=\"wp-block-image size-full\"><img loading=\"lazy\" decoding=\"async\" width=\"1920\" height=\"1283\" src=\"https:\/\/orasul-timisoara.ro\/wp-content\/uploads\/2026\/08\/780238179_1078234007971239_7200941035863752390_n.jpg\" alt class=\"wp-image-40378\"><\/figure>\n<h2 class=\"wp-block-heading\">SDM urm\u0103re\u0219te \u00eenchiderea \u0219antierelor \u00eenainte de \u0219coal\u0103<\/h2>\n<p class=\"wp-block-paragraph\">Prim\u0103ria Timi\u0219oara precizeaz\u0103 c\u0103 ritmul lucr\u0103rilor este men\u021binut astfel \u00eenc\u00e2t interven\u021biile de pe arterele principale s\u0103 fie \u00eencheiate c\u00e2t mai repede.<\/p>\n<p class=\"wp-block-paragraph\">Obiectivul transmis c\u0103tre SDM este ca \u0219antierele aflate \u00een programul de repara\u021bii \u0219i \u00eentre\u021binere s\u0103 fie \u00eenchise p\u00e2n\u0103 la \u00eenceputul noului an \u0219colar, \u00een condi\u021biile \u00een care lucr\u0103rile \u0219i termenele stabilite permit acest lucru.<\/p>\n<p class=\"wp-block-paragraph\">Pentru \u0219oferi, finalizarea interven\u021biilor ar urma s\u0103 \u00eensemne revenirea la circula\u021bia normal\u0103 pe tronsoanele aflate \u00een prezent \u00een lucru.<\/p>\n<\/div>\n<footer>\n<div class=\"td-post-source-tags\">\n<ul class=\"td-tags td-post-small-box clearfix\">\n<li><span>ETICHETE<\/span><\/li>\n<li><a href=\"https:\/\/orasul-timisoara.ro\/local-tag\/calea-martirilor\/\">calea martirilor<\/a><\/li>\n<li><a href=\"https:\/\/orasul-timisoara.ro\/local-tag\/independentei\/\">independen\u021bei<\/a><\/li>\n<li><a href=\"https:\/\/orasul-timisoara.ro\/local-tag\/infrastructura-rutiera\/\">infrastructur\u0103 rutier\u0103<\/a><\/li>\n<li><a href=\"https:\/\/orasul-timisoara.ro\/local-tag\/lucrari-2\/\">lucr\u0103ri<\/a><\/li>\n<li><a href=\"https:\/\/orasul-timisoara.ro\/local-tag\/piata-balcescu-2\/\">pia\u021ba b\u0103lcescu<\/a><\/li>\n<li><a href=\"https:\/\/orasul-timisoara.ro\/local-tag\/rebreanu\/\">rebreanu<\/a><\/li>\n<li><a href=\"https:\/\/orasul-timisoara.ro\/local-tag\/reparatii-strazi\/\">repara\u021bii str\u0103zi<\/a><\/li>\n<li><a href=\"https:\/\/orasul-timisoara.ro\/local-tag\/sdm\/\">sdm<\/a><\/li>\n<li><a href=\"https:\/\/orasul-timisoara.ro\/local-tag\/stiri-timisoara-2\/\">\u0219tiri Timi\u0219oara<\/a><\/li>\n<li><a href=\"https:\/\/orasul-timisoara.ro\/local-tag\/timisoara-2\/\">timi\u0219oara<\/a><\/li>\n<\/ul>\n<\/div>\n<div class=\"td-post-sharing-bottom\">\n<div class=\"td-post-sharing-classic\"><iframe title=\"bottomFacebookLike\" frameborder src=\"https:\/\/www.facebook.com\/plugins\/like.php?href=https:\/\/orasul-timisoara.ro\/local-40376\/&amp;layout=button_count&amp;show_faces=false&amp;width=105&amp;action=like&amp;colorscheme=light&amp;height=21\"><\/iframe><\/div>\n<div id=\"td_social_sharing_article_bottom\" class=\"td-post-sharing td-ps-bg td-ps-notext td-post-sharing-style1 \">\n<div class=\"td-post-sharing-visible\"><a class=\"td-social-sharing-button td-social-sharing-button-js td-social-network td-social-facebook\" href=\"https:\/\/www.facebook.com\/sharer.php?u=https%3A%2F%2Forasul-timisoara.ro%2Flocal-40376%2F\" title=\"Facebook\"><\/p>\n<div class=\"td-social-but-text\">Facebook<\/div>\n<p><\/a><a class=\"td-social-sharing-button td-social-sharing-button-js td-social-network td-social-twitter\" href=\"https:\/\/twitter.com\/intent\/tweet?text=Prim%C4%83ria+Timi%C8%99oara+anun%C8%9B%C4%83+noi+termene+pentru+lucr%C4%83rile+de+pe+marile+artere&amp;url=https%3A%2F%2Forasul-timisoara.ro%2Flocal-40376%2F&amp;via=orasultm\" title=\"Twitter\"><\/p>\n<div class=\"td-social-but-text\">Twitter<\/div>\n<p><\/a><a class=\"td-social-sharing-button td-social-sharing-button-js td-social-network td-social-whatsapp\" href=\"https:\/\/api.whatsapp.com\/send?text=Prim%C4%83ria+Timi%C8%99oara+anun%C8%9B%C4%83+noi+termene+pentru+lucr%C4%83rile+de+pe+marile+artere%20%0A%0A%20https:\/\/orasul-timisoara.ro\/local-40376\/\" title=\"WhatsApp\"><\/p>\n<div class=\"td-social-but-text\">WhatsApp<\/div>\n<p><\/a><a class=\"td-social-sharing-button td-social-sharing-button-js td-social-network td-social-linkedin\" href=\"https:\/\/www.linkedin.com\/shareArticle?mini=true&amp;url=https:\/\/orasul-timisoara.ro\/local-40376\/&amp;title=Prim%C4%83ria+Timi%C8%99oara+anun%C8%9B%C4%83+noi+termene+pentru+lucr%C4%83rile+de+pe+marile+artere\" title=\"Linkedin\"><\/p>\n<div class=\"td-social-but-text\">Linkedin<\/div>\n<p><\/a><a class=\"td-social-sharing-button td-social-sharing-button-js td-social-network td-social-reddit\" href=\"https:\/\/reddit.com\/submit?url=https:\/\/orasul-timisoara.ro\/local-40376\/&amp;title=Prim%C4%83ria+Timi%C8%99oara+anun%C8%9B%C4%83+noi+termene+pentru+lucr%C4%83rile+de+pe+marile+artere\" title=\"ReddIt\"><\/p>\n<div class=\"td-social-but-text\">ReddIt<\/div>\n<p><\/a><a class=\"td-social-sharing-button td-social-sharing-button-js td-social-network td-social-mail\" href=\"mailto:?subject=Prim%C4%83ria%20Timi%C8%99oara%20anun%C8%9B%C4%83%20noi%20termene%20pentru%20lucr%C4%83rile%20de%20pe%20marile%20artere&amp;body=https:\/\/orasul-timisoara.ro\/local-40376\/\" title=\"Email\"><\/p>\n<div class=\"td-social-but-text\">Email<\/div>\n<p><\/a><a class=\"td-social-sharing-button td-social-sharing-button-js td-social-network td-social-print\" href=\"https:\/\/orasul-timisoara.ro\/local-40376\/\" title=\"Imprimare\"><\/p>\n<div class=\"td-social-but-text\">Imprimare<\/div>\n<p><\/a><\/div>\n<\/div>\n<\/div>\n<div class=\"td-block-row td-post-next-prev\">\n<div class=\"td-block-span6 td-post-prev-post\">\n<div class=\"td-post-next-prev-content\"><span>Articolul precedent<\/span><a href=\"https:\/\/orasul-timisoara.ro\/local-40369\/\">Pasarela \u00cendr\u0103gosti\u021bilor din Timi\u0219oara ar putea fi demolat\u0103 la \u00eenceput de septembrie. Ce se \u00eent\u00e2mpl\u0103 cu lac\u0103tele?<\/a><\/div>\n<\/div>\n<div class=\"td-block-span6 td-post-next-post\">\n<div class=\"td-post-next-prev-content\"><span>Articolul urm\u0103tor<\/span><a href=\"https:\/\/orasul-timisoara.ro\/local-40380\/\">DRDP Timi\u0219oara \u00eenlocuie\u0219te parapetele distruse \u00een accidente pe DN 59 \u0219i DN 58B<\/a><\/div>\n<\/div>\n<\/div>\n<div class=\"td-author-name vcard author\"><span class=\"fn\"><a href=\"https:\/\/orasul-timisoara.ro\/author\/timisoara\/\">redactia<\/a><\/span><\/div>\n<p><span class=\"td-page-meta\"><\/span><span class=\"td-page-meta\"><span class=\"td-page-meta\"><\/span><\/span><span class=\"td-page-meta\"><\/span><\/footer>\n<div class=\"td_block_wrap td_block_related_posts tdi_3 td_with_ajax_pagination td-pb-border-top td_block_template_8\" data-td-block-uid=\"tdi_3\">\n<h4 class=\"td-related-title td-block-title\"><a id=\"tdi_4\" class=\"td-related-left td-cur-simple-item\" data-td_filter_value data-td_block_id=\"tdi_3\" href=\"https:\/\/orasul-timisoara.ro\/local-40376\/\">ARTICOLE SIMILARE<\/a><a id=\"tdi_5\" class=\"td-related-right\" data-td_filter_value=\"td_related_more_from_author\" data-td_block_id=\"tdi_3\" href=\"https:\/\/orasul-timisoara.ro\/local-40376\/\">DE LA ACELA\u0218I AUTOR<\/a><\/h4>\n<div id=\"tdi_3\" class=\"td_block_inner\">\n<div class=\"td-related-row\">\n<div class=\"td-related-span4\">\n<div class=\"td_module_related_posts td-animation-stack td_mod_related_posts\">\n<div class=\"td-module-image\">\n<div class=\"td-module-thumb\"><a href=\"https:\/\/orasul-timisoara.ro\/local-40380\/\" rel=\"bookmark\" class=\"td-image-wrap \" title=\"DRDP Timi\u0219oara \u00eenlocuie\u0219te parapetele distruse \u00een accidente pe DN 59 \u0219i DN 58B\"><img loading=\"lazy\" decoding=\"async\" class=\"entry-thumb\" src=\"https:\/\/orasul-timisoara.ro\/wp-content\/uploads\/2026\/08\/Screenshot-2026-08-19-181537-436x300.jpg\" alt title=\"DRDP Timi\u0219oara \u00eenlocuie\u0219te parapetele distruse \u00een accidente pe DN 59 \u0219i DN 58B\" width=\"218\" height=\"150\"><\/a><\/div>\n<\/div>\n<div class=\"item-details\">\n<h3 class=\"entry-title td-module-title\"><a href=\"https:\/\/orasul-timisoara.ro\/local-40380\/\" rel=\"bookmark\" title=\"DRDP Timi\u0219oara \u00eenlocuie\u0219te parapetele distruse \u00een accidente pe DN 59 \u0219i DN 58B\">DRDP Timi\u0219oara \u00eenlocuie\u0219te parapetele distruse \u00een accidente pe DN 59 \u0219i DN 58B<\/a><\/h3>\n<\/div>\n<\/div>\n<\/div>\n<div class=\"td-related-span4\">\n<div class=\"td_module_related_posts td-animation-stack td_mod_related_posts\">\n<div class=\"td-module-image\">\n<div class=\"td-module-thumb\"><a href=\"https:\/\/orasul-timisoara.ro\/local-40369\/\" rel=\"bookmark\" class=\"td-image-wrap \" title=\"Pasarela \u00cendr\u0103gosti\u021bilor din Timi\u0219oara ar putea fi demolat\u0103 la \u00eenceput de septembrie. Ce se \u00eent\u00e2mpl\u0103 cu lac\u0103tele?\"><img loading=\"lazy\" decoding=\"async\" class=\"entry-thumb\" src=\"https:\/\/orasul-timisoara.ro\/wp-content\/uploads\/2026\/08\/demolare-pasarela-indragostitilor-4-1-436x300.jpg\" alt title=\"Pasarela \u00cendr\u0103gosti\u021bilor din Timi\u0219oara ar putea fi demolat\u0103 la \u00eenceput de septembrie. Ce se \u00eent\u00e2mpl\u0103 cu lac\u0103tele?\" width=\"218\" height=\"150\"><\/a><\/div>\n<\/div>\n<div class=\"item-details\">\n<h3 class=\"entry-title td-module-title\"><a href=\"https:\/\/orasul-timisoara.ro\/local-40369\/\" rel=\"bookmark\" title=\"Pasarela \u00cendr\u0103gosti\u021bilor din Timi\u0219oara ar putea fi demolat\u0103 la \u00eenceput de septembrie. Ce se \u00eent\u00e2mpl\u0103 cu lac\u0103tele?\">Pasarela \u00cendr\u0103gosti\u021bilor din Timi\u0219oara ar putea fi demolat\u0103 la \u00eenceput de septembrie. Ce se \u00eent\u00e2mpl\u0103 cu lac\u0103tele?<\/a><\/h3>\n<\/div>\n<\/div>\n<\/div>\n<div class=\"td-related-span4\">\n<div class=\"td_module_related_posts td-animation-stack td_mod_related_posts\">\n<div class=\"td-module-image\">\n<div class=\"td-module-thumb\"><a href=\"https:\/\/orasul-timisoara.ro\/local-40319\/\" rel=\"bookmark\" class=\"td-image-wrap \" title=\"12 str\u0103zi din G\u0103taia intr\u0103 \u00een modernizare. CJ Timi\u0219 finan\u021beaz\u0103 lucr\u0103rile cu 7,4 milioane de lei\"><img loading=\"lazy\" decoding=\"async\" class=\"entry-thumb\" src=\"https:\/\/orasul-timisoara.ro\/wp-content\/uploads\/2026\/08\/778291789_1306329722557601_4819524365300656511_n-436x300.jpg\" alt title=\"12 str\u0103zi din G\u0103taia intr\u0103 \u00een modernizare. CJ Timi\u0219 finan\u021beaz\u0103 lucr\u0103rile cu 7,4 milioane de lei\" width=\"218\" height=\"150\"><\/a><\/div>\n<\/div>\n<div class=\"item-details\">\n<h3 class=\"entry-title td-module-title\"><a href=\"https:\/\/orasul-timisoara.ro\/local-40319\/\" rel=\"bookmark\" title=\"12 str\u0103zi din G\u0103taia intr\u0103 \u00een modernizare. CJ Timi\u0219 finan\u021beaz\u0103 lucr\u0103rile cu 7,4 milioane de lei\">12 str\u0103zi din G\u0103taia intr\u0103 \u00een modernizare. CJ Timi\u0219 finan\u021beaz\u0103 lucr\u0103rile cu 7,4 milioane de lei<\/a><\/h3>\n<\/div>\n<\/div>\n<\/div>\n<\/div>\n<\/div>\n<\/div>\n<div class=\"comments\" id=\"comments\">\n<div id=\"respond\" class=\"comment-respond\">\n<h3 id=\"reply-title\" class=\"comment-reply-title\">L\u0102SA\u021aI UN MESAJ<\/h3>\n<div class=\"comment-form-input-wrap td-form-comment\">\n<div class=\"td-warning-comment\">V\u0103 rug\u0103m s\u0103 introduce\u021bi comentariul dvs.!<\/div>\n<\/div>\n<div class=\"comment-form-input-wrap td-form-author\">\n<div class=\"td-warning-author\">Introduce\u021bi aici numele dvs.<\/div>\n<\/div>\n<div class=\"comment-form-input-wrap td-form-email\">\n<div class=\"td-warning-email-error\">A\u021bi introdus o adres\u0103 de e-mail incorect\u0103!<\/div>\n<div class=\"td-warning-email\">V\u0103 rug\u0103m s\u0103 introduce\u021bi adresa dvs. de e-mail aici<\/div>\n<\/div>\n<\/div>\n<p class=\"akismet_comment_form_privacy_notice\">Acest site folose\u0219te Akismet pentru a reduce spamul. <a href=\"https:\/\/akismet.com\/privacy\/\" target=\"_blank\" rel=\"nofollow noopener\">Afl\u0103 cum sunt procesate datele comentariilor tale<\/a>.<\/p>\n<\/div>\n<\/div>\n<\/div>\n<div class=\"td-pb-span4 td-main-sidebar\" role=\"complementary\">\n<div class=\"td-ss-main-sidebar\">\n<aside id=\"block-4\" class=\"td_block_template_8 widget block-4 widget_block widget_media_image\">\n<figure class=\"wp-block-image size-full\"><img loading=\"lazy\" decoding=\"async\" width=\"336\" height=\"280\" src=\"https:\/\/orasul-timisoara.ro\/wp-content\/uploads\/2024\/11\/ReTIM-Abonamentul-Verde-Google-Ads-336x280px.gif\" alt class=\"wp-image-29257\"><\/figure>\n<\/aside>\n<div class=\"td_block_wrap td_block_social_counter td_block_widget tdi_6 td-social-style5 td-social-boxed td-pb-border-top td_block_template_8\">\n<div class=\"td-block-title-wrap\">\n<h4 class=\"td-block-title\"><span>Urm\u0103re\u0219te-ne pe Social Media<\/span><\/h4>\n<\/div>\n<div class=\"td-social-list\">\n<div class=\"td_social_type td-pb-margin-side td_social_facebook\">\n<div class=\"td-social-box\"><span class=\"td_social_info td_social_info_counter\">344,595<\/span><span class=\"td_social_info td_social_info_name\">Fani<\/span><span class=\"td_social_button\"><a href=\"https:\/\/www.facebook.com\/247timisoara\" target=\"_blank\" rel=\"nofollow\">\u00cemi place<\/a><\/span><\/div>\n<\/div>\n<div class=\"td_social_type td-pb-margin-side td_social_instagram\">\n<div class=\"td-social-box\"><span class=\"td_social_info td_social_info_counter\">4,416<\/span><span class=\"td_social_info td_social_info_name\">Cititori<\/span><span class=\"td_social_button\"><a href=\"https:\/\/instagram.com\/orasultimisoararo\/\" target=\"_blank\" rel=\"nofollow\">Conecta\u021bi-v\u0103<\/a><\/span><\/div>\n<\/div>\n<div class=\"td_social_type td-pb-margin-side td_social_rss\">\n<div class=\"td-social-box\"><span class=\"td_social_info td_social_info_counter\">12,506<\/span><span class=\"td_social_info td_social_info_name\">Cititori<\/span><span class=\"td_social_button\"><a href=\"https:\/\/orasul-timisoara.ro\/feed\/\" target=\"_blank\" rel=\"nofollow\">Conecta\u021bi-v\u0103<\/a><\/span><\/div>\n<\/div>\n<div class=\"td_social_type td-pb-margin-side td_social_tiktok\">\n<div class=\"td-social-box\"><span class=\"td_social_info td_social_info_counter\">1,500<\/span><span class=\"td_social_info td_social_info_name\">Cititori<\/span><span class=\"td_social_button\"><a href=\"https:\/\/www.tiktok.com\/@orasultimisoara\" target=\"_blank\" rel=\"nofollow\">Conecta\u021bi-v\u0103<\/a><\/span><\/div>\n<\/div>\n<div class=\"td_social_type td-pb-margin-side td_social_twitter\">\n<div class=\"td-social-box\"><span class=\"td_social_info td_social_info_counter\">1,595<\/span><span class=\"td_social_info td_social_info_name\">Cititori<\/span><span class=\"td_social_button\"><a href=\"https:\/\/twitter.com\/orasultm\" target=\"_blank\" rel=\"nofollow\">Conecta\u021bi-v\u0103<\/a><\/span><\/div>\n<\/div>\n<div class=\"td_social_type td-pb-margin-side td_social_youtube\">\n<div class=\"td-social-box\"><span class=\"td_social_info td_social_info_counter\">3,506<\/span><span class=\"td_social_info td_social_info_name\">Abona\u021bi<\/span><span class=\"td_social_button\"><a href=\"https:\/\/www.youtube.com\/channel\/UCQNsQvs2XCSIm1Z-AHRturw?sub_confirmation=1\" target=\"_blank\" rel=\"nofollow\">Abona\u021bi-v\u0103<\/a><\/span><\/div>\n<\/div>\n<\/div>\n<\/div>\n<aside id=\"text-7\" class=\"td_block_template_8 widget text-7 widget_text\">\n<h4 class=\"td-block-title\"><span>C\u0103ut\u0103ri populare pe OTM<\/span><\/h4>\n<div class=\"textwidget\"><a href=\"https:\/\/orasul-timisoara.ro\/?s=timisoara\"><span>Timisoara<\/span><\/a><a href=\"https:\/\/orasul-timisoara.ro\/?s=calin+dobra\"><span>Calin Dobra<\/span><\/a><a href=\"https:\/\/orasul-timisoara.ro\/?s=primaria+timisoara\"><span>Primaria Timisoara<\/span><\/a><a href=\"https:\/\/orasul-timisoara.ro\/?s=dominic+fritz\"><span>Dominic Fritz<\/span><\/a><a href=\"https:\/\/orasul-timisoara.ro\/?s=nicolae+robu\"><span>Nicolae Robu<\/span><\/a><a href=\"https:\/\/orasul-timisoara.ro\/?s=consiliul+local+timisoara\">Consiliul Local Timisoara<\/a><a href=\"https:\/\/orasul-timisoara.ro\/?s=consiliul+judetean+timis\"><span>Consiliul Judetean Timis<\/span><\/a><a href=\"https:\/\/orasul-timisoara.ro\/?s=cjt\"><span>CJT<\/span><\/a><a href=\"https:\/\/orasul-timisoara.ro\/?s=Alfred+Simonis\"><span>Alfred Simonis<\/span><\/a><a href=\"https:\/\/orasul-timisoara.ro\/?s=PNL\"><span>PNL<\/span><\/a><a href=\"https:\/\/orasul-timisoara.ro\/?s=coronavirus\"><span>coronavirus<\/span><\/a><a href=\"https:\/\/orasul-timisoara.ro\/?s=teatru+timisoara\">teatru Timisoara<\/a><a href=\"https:\/\/orasul-timisoara.ro\/?s=restaurante\"><span>restaurante Timisoara<\/span><\/a><a href=\"https:\/\/orasul-timisoara.ro\/?s=diskoteka\"><span>Diskoteka<\/span><\/a><a href=\"https:\/\/orasul-timisoara.ro\/?s=iulius+town\"><span>Iulius Town<\/span><\/a><a href=\"https:\/\/orasul-timisoara.ro\/?s=iulius+mall\"><span>Iulius Mall<\/span><\/a><a href=\"https:\/\/orasul-timisoara.ro\/?s=stpt\"><span>STPT<\/span><\/a><a href=\"https:\/\/orasul-timisoara.ro\/?s=alin+nica\"><span>Alin Nica<\/span><\/a><a href=\"https:\/\/orasul-timisoara.ro\/?s=psd\"><span>PSD<\/span><\/a><a href=\"https:\/\/orasul-timisoara.ro\/?s=aeroport\"><span>Aeroportul International Timisoara<\/span><\/a><a href=\"https:\/\/orasul-timisoara.ro\/?s=babes\"><span>Spitalul Victor Babes Timisoara<\/span><\/a><a href=\"https:\/\/orasul-timisoara.ro\/?s=poli\"><span>Poli Timi\u0219oara<\/span><\/a><a href=\"https:\/\/orasul-timisoara.ro\/?s=carantina\"><span>carantina<\/span><\/a><a href=\"https:\/\/orasul-timisoara.ro\/?s=aquatim\"><span>Aquatim<\/span><\/a><a href=\"https:\/\/orasul-timisoara.ro\/local-category\/stiri-timisoara\/\"><span>Stiri Timisoara<\/span><\/a><a href=\"https:\/\/orasul-timisoara.ro\/local-category\/investitii-in-timisoara\/\"><span>Investi\u021bii in Timi\u0219oara<\/span><\/a><a href=\"https:\/\/orasul-timisoara.ro\/local-9463\/\"><span>shaorma<\/span><\/a><a href=\"https:\/\/orasul-timisoara.ro\/?s=trafic\"><span>trafic rutier<\/span><\/a><a href=\"https:\/\/orasul-timisoara.ro\/?s=politia\"><span>politia locala timisoara<\/span><\/a><a href=\"https:\/\/orasul-timisoara.ro\/?s=roxana\"><span>Roxana Iliescu<\/span><\/a><a href=\"https:\/\/orasul-timisoara.ro\/?s=colterm\"><span>Colterm<\/span><\/a><a href=\"https:\/\/orasul-timisoara.ro\/?s=latcau\"><span>Ruben La\u021bc\u0103u<\/span><\/a><a href=\"https:\/\/orasul-timisoara.ro\/?s=timis\"><span>\u0218tiri din Timi\u0219<\/span><\/a><a href=\"https:\/\/orasul-timisoara.ro\/?s=spital\"><span>Spitale din Timi\u0219oara<\/span><\/a><a href=\"https:\/\/orasul-timisoara.ro\/?s=tabara\"><span>Cosmin Tab\u0103r\u0103<\/span><\/a><\/div>\n<\/aside>\n<aside id=\"rss-2\" class=\"td_block_template_8 widget rss-2 widget_rss\">\n<h4 class=\"td-block-title\"><span><a class=\"rsswidget rss-widget-feed\" href=\"https:\/\/fashionfridays.ro\/feed\"><img decoding=\"async\" class=\"rss-widget-icon\" width=\"14\" height=\"14\" src=\"https:\/\/orasul-timisoara.ro\/wp-includes\/images\/rss.png\" alt=\"Flux RSS: Fashion Fridays\" loading=\"lazy\"><\/a><a class=\"rsswidget rss-widget-title\" href=\"https:\/\/fashionfridays.ro\/\">Fashion Fridays<\/a><\/span><\/h4>\n<ul>\n<li><a class=\"rsswidget\" href=\"https:\/\/fashionfridays.ro\/romania-devine-a-29-a-piata-vogue-o-noua-era-pentru-industria-locala-de-moda\/\">Rom\u00e2nia devine a 29-a pia\u021b\u0103 Vogue: o nou\u0103 er\u0103 pentru industria local\u0103 de mod\u0103<\/a>\n<div class=\"rssSummary\">Revista Vogue \u00ee\u0219i extinde prezen\u021ba global\u0103 \u0219i va fi lansat\u0103 oficial \u00een Rom\u00e2nia \u00een prim\u0103vara anului 2027, marc\u00e2nd intrarea pe cea de-a 29-a pia\u021b\u0103 interna\u021bional\u0103. Proiectul este realizat \u00een parteneriat cu AEMME Publishing, o companie media recent \u00eenfiin\u021bat\u0103, care va publica edi\u021bia local\u0103 sub licen\u021b\u0103. Noua edi\u021bie, Vogue Rom\u00e2nia, \u00ee\u0219i propune s\u0103 combine autoritatea global\u0103 [\u2026]<\/div>\n<\/li>\n<\/ul>\n<\/aside>\n<aside id=\"rss-4\" class=\"td_block_template_8 widget rss-4 widget_rss\">\n<h4 class=\"td-block-title\"><span><a class=\"rsswidget rss-widget-feed\" href=\"https:\/\/emasini.ro\/feed\"><img decoding=\"async\" class=\"rss-widget-icon\" width=\"14\" height=\"14\" src=\"https:\/\/orasul-timisoara.ro\/wp-includes\/images\/rss.png\" alt=\"Flux RSS: eMasini\" loading=\"lazy\"><\/a><a class=\"rsswidget rss-widget-title\" href=\"https:\/\/emasini.ro\/\">eMasini<\/a><\/span><\/h4>\n<ul>\n<li><a class=\"rsswidget\" href=\"https:\/\/emasini.ro\/adio-bordurilor-pline-de-ecrane-mercedes-benz-readuce-butoanele-in-noile-masini-produse\/\">Adio bordurilor pline de ecrane? Mercedes-Benz readuce butoanele \u00een noile ma\u0219ini produse<\/a>\n<div class=\"rssSummary\">Mercedes-Benz \u00ee\u0219i schimb\u0103 direc\u021bia \u00een ceea ce prive\u0219te designul interioarelor \u0219i va readuce comenzile fizice pentru anumite func\u021bii importante. Constructorul german nu renun\u021b\u0103 la ecranele mari \u0219i la tehnologiile digitale, dar recunoa\u0219te c\u0103 a mers prea departe prin eliminarea unor butoane \u0219i comenzi tactile. Ola K\u00e4llenius, pre\u0219edintele Consiliului de Administra\u021bie al Mercedes-Benz Group \u0219i CEO [\u2026]<\/div>\n<\/li>\n<\/ul>\n<\/aside>\n<\/div>\n<\/div>\n<\/div>\n<\/div>\n<\/article>\n<div class=\"td-post-content tagdiv-type\">\n<p class=\"wp-block-paragraph\">Prim\u0103ria Municipiului Timi\u0219oara anun\u021b\u0103 c\u0103 lucr\u0103rile de repara\u021bii \u0219i \u00eentre\u021binere de pe mai multe artere intens circulate continu\u0103 \u00eenaintea \u00eenceperii noului an \u0219colar. Municipalitatea transmite c\u0103 SDM urm\u0103re\u0219te \u00eenchiderea \u0219antierelor p\u00e2n\u0103 la revenirea elevilor la cursuri, iar mai multe tronsoane au deja termene de finalizare stabilite.<\/p>\n<h2 class=\"wp-block-heading\">Lucr\u0103ri \u00een continuare pe Rebreanu \u0219i Martirilor<\/h2>\n<p class=\"wp-block-paragraph\">Pe bulevardul Rebreanu mai sunt \u00een desf\u0103\u0219urare lucr\u0103ri pe tronsonul cuprins \u00eentre Spitalul Jude\u021bean \u0219i Calea Martirilor.<\/p>\n<p class=\"wp-block-paragraph\">\u00cen paralel, interven\u021biile continu\u0103 \u0219i pe Calea Martirilor. Tronsonul dintre Rebreanu \u0219i Averescu este programat pentru finalizare la \u00eenceputul lunii septembrie.<\/p>\n<h2 class=\"wp-block-heading\">Strada Independen\u021bei este preg\u0103tit\u0103 pentru circula\u021bie<\/h2>\n<p class=\"wp-block-paragraph\">Pe strada Independen\u021bei, \u00eentre Rebreanu \u0219i Memorandului, lucr\u0103rile au fost finalizate \u00een etapa actual\u0103, iar artera este deja preg\u0103tit\u0103 pentru circula\u021bie.<\/p>\n<p class=\"wp-block-paragraph\">Interven\u021biile fac parte din programul de repara\u021bii \u0219i \u00eentre\u021binere derulat pe arterele intens circulate ale ora\u0219ului.<\/p>\n<h2 class=\"wp-block-heading\">Lucr\u0103rile continu\u0103 \u00een Pia\u021ba B\u0103lcescu<\/h2>\n<p class=\"wp-block-paragraph\">\u0218antierul din Pia\u021ba B\u0103lcescu r\u0103m\u00e2ne \u00een lucru, interven\u021biile continu\u00e2nd \u00een direc\u021bia str\u0103zii Ghirlandei.<\/p>\n<p class=\"wp-block-paragraph\">Zona este una important\u0103 pentru traficul din sudul Timi\u0219oarei, iar lucr\u0103rile sunt incluse \u00een acela\u0219i program prin care municipalitatea urm\u0103re\u0219te finalizarea interven\u021biilor \u00eenainte de \u00eenceperea \u0219colii.<\/p>\n<figure class=\"wp-block-image size-full\"><img loading=\"lazy\" decoding=\"async\" width=\"1920\" height=\"1283\" src=\"https:\/\/orasul-timisoara.ro\/wp-content\/uploads\/2026\/08\/780238179_1078234007971239_7200941035863752390_n.jpg\" alt class=\"wp-image-40378\"><\/figure>\n<h2 class=\"wp-block-heading\">SDM urm\u0103re\u0219te \u00eenchiderea \u0219antierelor \u00eenainte de \u0219coal\u0103<\/h2>\n<p class=\"wp-block-paragraph\">Prim\u0103ria Timi\u0219oara precizeaz\u0103 c\u0103 ritmul lucr\u0103rilor este men\u021binut astfel \u00eenc\u00e2t interven\u021biile de pe arterele principale s\u0103 fie \u00eencheiate c\u00e2t mai repede.<\/p>\n<p class=\"wp-block-paragraph\">Obiectivul transmis c\u0103tre SDM este ca \u0219antierele aflate \u00een programul de repara\u021bii \u0219i \u00eentre\u021binere s\u0103 fie \u00eenchise p\u00e2n\u0103 la \u00eenceputul noului an \u0219colar, \u00een condi\u021biile \u00een care lucr\u0103rile \u0219i termenele stabilite permit acest lucru.<\/p>\n<p class=\"wp-block-paragraph\">Pentru \u0219oferi, finalizarea interven\u021biilor ar urma s\u0103 \u00eensemne revenirea la circula\u021bia normal\u0103 pe tronsoanele aflate \u00een prezent \u00een lucru.<\/p>\n<\/div>\n<p>[analyse_source url=&#8221;https:\/\/orasul-timisoara.ro\/local-40376\/&#8221;]<\/p>\n","protected":false},"excerpt":{"rendered":"<p>[analyse_image type=&#8221;featured&#8221; src=&#8221;https:\/\/orasul-timisoara.ro\/wp-content\/uploads\/2026\/08\/santier-tm.jpg&#8221;] Administra\u021bie local\u0103Prim\u0103ria Timi\u0219oara anun\u021b\u0103 noi termene pentru lucr\u0103rile de pe marile artere Administra\u021bie local\u0103 Investitii in Timisoara \u0218tiri Locale Prim\u0103ria Timi\u0219oara anun\u021b\u0103 noi termene pentru lucr\u0103rile de pe marile artere De c\u0103tre redactia &#8211; 19\/08\/2026 Facebook Twitter WhatsApp Linkedin ReddIt Email Imprimare Prim\u0103ria Municipiului Timi\u0219oara anun\u021b\u0103 c\u0103 lucr\u0103rile de repara\u021bii \u0219i \u00eentre\u021binere [&hellip;]<\/p>\n","protected":false},"author":1,"featured_media":0,"comment_status":"open","ping_status":"","sticky":false,"template":"","format":"standard","meta":{"footnotes":""},"categories":[89],"tags":[226,189],"class_list":["post-2103807","post","type-post","status-publish","format-standard","hentry","category-romania","tag-crawlmanager","tag-orasul-timisoara-ro"],"_links":{"self":[{"href":"https:\/\/analyse.optim.biz\/index.php?rest_route=\/wp\/v2\/posts\/2103807","targetHints":{"allow":["GET"]}}],"collection":[{"href":"https:\/\/analyse.optim.biz\/index.php?rest_route=\/wp\/v2\/posts"}],"about":[{"href":"https:\/\/analyse.optim.biz\/index.php?rest_route=\/wp\/v2\/types\/post"}],"author":[{"embeddable":true,"href":"https:\/\/analyse.optim.biz\/index.php?rest_route=\/wp\/v2\/users\/1"}],"replies":[{"embeddable":true,"href":"https:\/\/analyse.optim.biz\/index.php?rest_route=%2Fwp%2Fv2%2Fcomments&post=2103807"}],"version-history":[{"count":0,"href":"https:\/\/analyse.optim.biz\/index.php?rest_route=\/wp\/v2\/posts\/2103807\/revisions"}],"wp:attachment":[{"href":"https:\/\/analyse.optim.biz\/index.php?rest_route=%2Fwp%2Fv2%2Fmedia&parent=2103807"}],"wp:term":[{"taxonomy":"category","embeddable":true,"href":"https:\/\/analyse.optim.biz\/index.php?rest_route=%2Fwp%2Fv2%2Fcategories&post=2103807"},{"taxonomy":"post_tag","embeddable":true,"href":"https:\/\/analyse.optim.biz\/index.php?rest_route=%2Fwp%2Fv2%2Ftags&post=2103807"}],"curies":[{"name":"wp","href":"https:\/\/api.w.org\/{rel}","templated":true}]}}