{"id":2103804,"date":"2026-08-19T09:09:20","date_gmt":"2026-08-19T06:09:20","guid":{"rendered":"https:\/\/analyse.optim.biz\/?p=2103804"},"modified":"2026-08-19T09:09:20","modified_gmt":"2026-08-19T06:09:20","slug":"politistii-de-frontiera-din-timis-au-depistat-cinci-cetateni-straini-care-au-incercat-sa-intre-ilegal-in","status":"publish","type":"post","link":"https:\/\/analyse.optim.biz\/?p=2103804","title":{"rendered":"Poli\u021bi\u0219tii de frontier\u0103 din Timi\u0219 au depistat cinci cet\u0103\u021beni str\u0103ini care au \u00eencercat s\u0103 intre ilegal \u00een"},"content":{"rendered":"<p>[analyse_image type=&#8221;featured&#8221; src=&#8221;https:\/\/renasterea.ro\/ro\/wp-content\/uploads\/2026\/08\/migranti.jpghttps:\/\/renasterea.ro\/ro\/wp-content\/uploads\/2026\/08\/migranti.jpg&#8221;]<\/p>\n<div class=\"entry-content\"><img loading=\"lazy\" decoding=\"async\" width=\"650\" height=\"432\" src=\"https:\/\/renasterea.ro\/ro\/wp-content\/uploads\/2026\/08\/migranti.jpg\" class=\"attachment-medium size-medium wp-post-image\" alt=\"Poli\u021bi\u0219tii de frontier\u0103 din Timi\u0219 au depistat cinci cet\u0103\u021beni str\u0103ini care au \u00eencercat s\u0103 intre ilegal \u00een Rom\u00e2nia din Serbia\" title=\"Poli\u021bi\u0219tii de frontier\u0103 din Timi\u0219 au depistat cinci cet\u0103\u021beni str\u0103ini care au \u00eencercat s\u0103 intre ilegal \u00een Rom\u00e2nia din Serbia 1\"><\/p>\n<h4>Cinci cet\u0103\u021beni str\u0103ini au fost depista\u021bi de poli\u021bi\u0219tii de frontier\u0103 din Jimbolia \u00een timp ce \u00eencercau s\u0103 intre ilegal \u00een Rom\u00e2nia dinspre Serbia.<\/h4>\n<p>Persoanele au fost observate prin aparatura de supraveghere mar\u021bi sear\u0103, \u00een jurul orei 18:55, deplas\u00e2ndu-se pe jos, pe c\u00e2mp, c\u0103tre drumul na\u021bional DN59A.<\/p>\n<p>Grupul era format din trei b\u0103rba\u021bi \u0219i dou\u0103 femei, cu v\u00e2rste \u00eentre 24 \u0219i 44 de ani, originari din Pakistan \u0219i Sri Lanka. Deoarece nu \u00ee\u0219i justificau prezen\u021ba \u00een zon\u0103, ace\u0219tia au fost condu\u0219i la sediu pentru verific\u0103ri. Str\u0103inii au recunoscut c\u0103 inten\u021bionau s\u0103 ajung\u0103 \u00een vestul Europei.<\/p>\n<p>Poli\u021bi\u0219tii de frontier\u0103 au deschis un dosar penal pentru trecere frauduloas\u0103 a frontierei de stat.<\/p>\n<p>Migran\u021bii vor fi returna\u021bi autorit\u0103\u021bilor din Serbia, primind totodat\u0103 o interdic\u021bie de intrare \u00een Rom\u00e2nia pentru urm\u0103torii 5 ani.<\/p>\n<h2>CITE\u015eTE \u015eI: <span><a href=\"https:\/\/renasterea.ro\/ministrul-educatiei-vine-cu-precizari-despre-concursul-de-admitere-la-liceu-din-2027\/\">Ministrul Educa\u021biei vine cu preciz\u0103ri despre concursul de admitere la liceu din 2027<\/a><\/span><\/h2>\n<\/div>\n<p>[analyse_source url=&#8221;https:\/\/renasterea.ro\/politistii-de-frontiera-din-timis-au-depistat-cinci-cetateni-straini-care-au-incercat-sa-intre-ilegal-in-romania-din-serbia\/&#8221;]<\/p>\n","protected":false},"excerpt":{"rendered":"<p>[analyse_image type=&#8221;featured&#8221; src=&#8221;https:\/\/renasterea.ro\/ro\/wp-content\/uploads\/2026\/08\/migranti.jpghttps:\/\/renasterea.ro\/ro\/wp-content\/uploads\/2026\/08\/migranti.jpg&#8221;] Cinci cet\u0103\u021beni str\u0103ini au fost depista\u021bi de poli\u021bi\u0219tii de frontier\u0103 din Jimbolia \u00een timp ce \u00eencercau s\u0103 intre ilegal \u00een Rom\u00e2nia dinspre Serbia. Persoanele au fost observate prin aparatura de supraveghere mar\u021bi sear\u0103, \u00een jurul orei 18:55, deplas\u00e2ndu-se pe jos, pe c\u00e2mp, c\u0103tre drumul na\u021bional DN59A. Grupul era format din trei b\u0103rba\u021bi [&hellip;]<\/p>\n","protected":false},"author":1,"featured_media":0,"comment_status":"open","ping_status":"","sticky":false,"template":"","format":"standard","meta":{"footnotes":""},"categories":[89],"tags":[226,188],"class_list":["post-2103804","post","type-post","status-publish","format-standard","hentry","category-romania","tag-crawlmanager","tag-renasterea-ro"],"_links":{"self":[{"href":"https:\/\/analyse.optim.biz\/index.php?rest_route=\/wp\/v2\/posts\/2103804","targetHints":{"allow":["GET"]}}],"collection":[{"href":"https:\/\/analyse.optim.biz\/index.php?rest_route=\/wp\/v2\/posts"}],"about":[{"href":"https:\/\/analyse.optim.biz\/index.php?rest_route=\/wp\/v2\/types\/post"}],"author":[{"embeddable":true,"href":"https:\/\/analyse.optim.biz\/index.php?rest_route=\/wp\/v2\/users\/1"}],"replies":[{"embeddable":true,"href":"https:\/\/analyse.optim.biz\/index.php?rest_route=%2Fwp%2Fv2%2Fcomments&post=2103804"}],"version-history":[{"count":0,"href":"https:\/\/analyse.optim.biz\/index.php?rest_route=\/wp\/v2\/posts\/2103804\/revisions"}],"wp:attachment":[{"href":"https:\/\/analyse.optim.biz\/index.php?rest_route=%2Fwp%2Fv2%2Fmedia&parent=2103804"}],"wp:term":[{"taxonomy":"category","embeddable":true,"href":"https:\/\/analyse.optim.biz\/index.php?rest_route=%2Fwp%2Fv2%2Fcategories&post=2103804"},{"taxonomy":"post_tag","embeddable":true,"href":"https:\/\/analyse.optim.biz\/index.php?rest_route=%2Fwp%2Fv2%2Ftags&post=2103804"}],"curies":[{"name":"wp","href":"https:\/\/api.w.org\/{rel}","templated":true}]}}