{"id":2103803,"date":"2026-08-19T14:43:19","date_gmt":"2026-08-19T11:43:19","guid":{"rendered":"https:\/\/analyse.optim.biz\/?p=2103803"},"modified":"2026-08-19T14:43:19","modified_gmt":"2026-08-19T11:43:19","slug":"investitii-in-infrastructura-transport-scolar-si-pista-de-biciclete-timisoara-dumbravita-giarmata-pe-masa","status":"publish","type":"post","link":"https:\/\/analyse.optim.biz\/?p=2103803","title":{"rendered":"Investi\u021bii \u00een infrastructur\u0103, transport \u0219colar \u0219i pista de biciclete Timi\u0219oara\u2013Dumbr\u0103vi\u021ba\u2013Giarmata, pe masa"},"content":{"rendered":"<p>[analyse_image type=&#8221;featured&#8221; src=&#8221;https:\/\/orasul-timisoara.ro\/wp-content\/uploads\/2020\/10\/prefectura-timis-consiliul-judetean-cjt-palat-centru.jpg&#8221;]<\/p>\n<article id=\"post-40367\" class=\"td-post-template-7 post-40367 post type-post status-publish format-standard has-post-thumbnail category-administratie category-featured category-stiri-timisoara tag-alfred-simonis tag-consiliul-judetean-timis-2 tag-dumbravita-2 tag-giarmata tag-infrastructura-timis tag-lugoj tag-microbuze-scolare tag-pietroasa-mare tag-pista-de-biciclete tag-stiri-timis-2 tag-timisoara-2 tag-transport-scolar-2 td-container-wrap\">\n<div class=\"td-full-screen-header-image-wrap\">\n<div class=\"td-container td-post-header\">\n<div class=\"td-crumb-container\">\n<div class=\"entry-crumbs\"><span><a title=\"Vede\u021bi toate articolele \u00een Administra\u021bie local\u0103\" class=\"entry-crumb\" href=\"https:\/\/orasul-timisoara.ro\/local-category\/administratie\/\">Administra\u021bie local\u0103<\/a><\/span><span class=\"td-bred-no-url-last\">Investi\u021bii \u00een infrastructur\u0103, transport \u0219colar \u0219i pista de biciclete Timi\u0219oara\u2013Dumbr\u0103vi\u021ba\u2013Giarmata, pe masa&#8230;<\/span><\/div>\n<\/div>\n<div class=\"td-post-header-holder\">\n<div class=\"td-parallax-header\">\n<header class=\"td-post-title\">\n<ul class=\"td-category\">\n<li class=\"entry-category\"><a href=\"https:\/\/orasul-timisoara.ro\/local-category\/administratie\/\">Administra\u021bie local\u0103<\/a><\/li>\n<li class=\"entry-category\"><a href=\"https:\/\/orasul-timisoara.ro\/local-category\/stiri-timisoara\/\">\u0218tiri Locale<\/a><\/li>\n<\/ul>\n<h1 class=\"entry-title\">Investi\u021bii \u00een infrastructur\u0103, transport \u0219colar \u0219i pista de biciclete Timi\u0219oara\u2013Dumbr\u0103vi\u021ba\u2013Giarmata, pe masa CJ Timi\u0219<\/h1>\n<div class=\"td-module-meta-info\">\n<div class=\"td-post-author-name\">\n<div class=\"td-author-by\">De c\u0103tre<\/div>\n<p><a href=\"https:\/\/orasul-timisoara.ro\/author\/timisoara\/\">redactia<\/a><\/p>\n<div class=\"td-author-line\"> &#8211; <\/div>\n<\/div>\n<p><span class=\"td-post-date\"><time class=\"entry-date updated td-module-date\" datetime=\"2026-08-19T17:43:19+03:00\">19\/08\/2026<\/time><\/span><\/div>\n<\/header>\n<\/div>\n<\/div>\n<\/div>\n<div id=\"td-full-screen-header-image\" class=\"td-image-gradient-style7\"><img decoding=\"async\" class=\"td-backstretch\" src=\"https:\/\/orasul-timisoara.ro\/wp-content\/uploads\/2020\/10\/prefectura-timis-consiliul-judetean-cjt-palat-centru.jpg\"><\/div>\n<\/div>\n<div class=\"td-container\">\n<div class=\"td-pb-row\">\n<div class=\"td-pb-span8 td-main-content\" role=\"main\">\n<div class=\"td-ss-main-content\">\n<div class=\"td-post-sharing-top\">\n<div class=\"td-post-sharing-classic\"><iframe title=\"topFacebookLike\" frameborder src=\"https:\/\/www.facebook.com\/plugins\/like.php?href=https:\/\/orasul-timisoara.ro\/local-40367\/&amp;layout=button_count&amp;show_faces=false&amp;width=105&amp;action=like&amp;colorscheme=light&amp;height=21\"><\/iframe><\/div>\n<div id=\"td_social_sharing_article_top\" class=\"td-post-sharing td-ps-bg td-ps-notext td-post-sharing-style1 \">\n<div class=\"td-post-sharing-visible\"><a class=\"td-social-sharing-button td-social-sharing-button-js td-social-network td-social-facebook\" href=\"https:\/\/www.facebook.com\/sharer.php?u=https%3A%2F%2Forasul-timisoara.ro%2Flocal-40367%2F\" title=\"Facebook\"><\/p>\n<div class=\"td-social-but-text\">Facebook<\/div>\n<p><\/a><a class=\"td-social-sharing-button td-social-sharing-button-js td-social-network td-social-twitter\" href=\"https:\/\/twitter.com\/intent\/tweet?text=Investi%C8%9Bii+%C3%AEn+infrastructur%C4%83%2C+transport+%C8%99colar+%C8%99i+pista+de+biciclete+Timi%C8%99oara%E2%80%93Dumbr%C4%83vi%C8%9Ba%E2%80%93Giarmata%2C+pe+masa+CJ+Timi%C8%99&amp;url=https%3A%2F%2Forasul-timisoara.ro%2Flocal-40367%2F&amp;via=orasultm\" title=\"Twitter\"><\/p>\n<div class=\"td-social-but-text\">Twitter<\/div>\n<p><\/a><a class=\"td-social-sharing-button td-social-sharing-button-js td-social-network td-social-whatsapp\" href=\"https:\/\/api.whatsapp.com\/send?text=Investi%C8%9Bii+%C3%AEn+infrastructur%C4%83%2C+transport+%C8%99colar+%C8%99i+pista+de+biciclete+Timi%C8%99oara%E2%80%93Dumbr%C4%83vi%C8%9Ba%E2%80%93Giarmata%2C+pe+masa+CJ+Timi%C8%99%20%0A%0A%20https:\/\/orasul-timisoara.ro\/local-40367\/\" title=\"WhatsApp\"><\/p>\n<div class=\"td-social-but-text\">WhatsApp<\/div>\n<p><\/a><a class=\"td-social-sharing-button td-social-sharing-button-js td-social-network td-social-linkedin\" href=\"https:\/\/www.linkedin.com\/shareArticle?mini=true&amp;url=https:\/\/orasul-timisoara.ro\/local-40367\/&amp;title=Investi%C8%9Bii+%C3%AEn+infrastructur%C4%83%2C+transport+%C8%99colar+%C8%99i+pista+de+biciclete+Timi%C8%99oara%E2%80%93Dumbr%C4%83vi%C8%9Ba%E2%80%93Giarmata%2C+pe+masa+CJ+Timi%C8%99\" title=\"Linkedin\"><\/p>\n<div class=\"td-social-but-text\">Linkedin<\/div>\n<p><\/a><a class=\"td-social-sharing-button td-social-sharing-button-js td-social-network td-social-reddit\" href=\"https:\/\/reddit.com\/submit?url=https:\/\/orasul-timisoara.ro\/local-40367\/&amp;title=Investi%C8%9Bii+%C3%AEn+infrastructur%C4%83%2C+transport+%C8%99colar+%C8%99i+pista+de+biciclete+Timi%C8%99oara%E2%80%93Dumbr%C4%83vi%C8%9Ba%E2%80%93Giarmata%2C+pe+masa+CJ+Timi%C8%99\" title=\"ReddIt\"><\/p>\n<div class=\"td-social-but-text\">ReddIt<\/div>\n<p><\/a><a class=\"td-social-sharing-button td-social-sharing-button-js td-social-network td-social-mail\" href=\"mailto:?subject=Investi%C8%9Bii%20%C3%AEn%20infrastructur%C4%83,%20transport%20%C8%99colar%20%C8%99i%20pista%20de%20biciclete%20Timi%C8%99oara%E2%80%93Dumbr%C4%83vi%C8%9Ba%E2%80%93Giarmata,%20pe%20masa%20CJ%20Timi%C8%99&amp;body=https:\/\/orasul-timisoara.ro\/local-40367\/\" title=\"Email\"><\/p>\n<div class=\"td-social-but-text\">Email<\/div>\n<p><\/a><a class=\"td-social-sharing-button td-social-sharing-button-js td-social-network td-social-print\" href=\"https:\/\/orasul-timisoara.ro\/local-40367\/\" title=\"Imprimare\"><\/p>\n<div class=\"td-social-but-text\">Imprimare<\/div>\n<p><\/a><\/div>\n<\/div>\n<\/div>\n<div class=\"td-post-content tagdiv-type\">\n<p class=\"wp-block-paragraph\">Consiliul Jude\u021bean Timi\u0219 se va reuni \u00een \u0219edin\u021b\u0103 ordinar\u0103 miercuri, 26 august 2026, de la ora 10:00, la Palatul Administrativ. Pe ordinea de zi se afl\u0103 opt puncte, \u00eentre care proiecte privind realizarea unei piste de biciclete \u00eentre Timi\u0219oara, Dumbr\u0103vi\u021ba \u0219i Giarmata, reabilitarea unui sector de drum jude\u021bean, achizi\u021bia a 25 de microbuze pentru transportul \u0219colar \u0219i modificarea unor proiecte aflate deja \u00een derulare.<\/p>\n<h2 class=\"wp-block-heading\">Pista de biciclete Timi\u0219oara\u2013Dumbr\u0103vi\u021ba\u2013Giarmata, pe ordinea de zi<\/h2>\n<p class=\"wp-block-paragraph\">Unul dintre proiectele importante supuse votului vizeaz\u0103 aprobarea documenta\u021biei tehnico-economice, \u00een faza Studiu de Fezabilitate, pentru obiectivul de investi\u021bii \u201ePista de biciclete Timi\u0219oara \u2013 Dumbr\u0103vi\u021ba \u2013 Giarmata: sector Strada Migdalului, loc. Dumbr\u0103vi\u021ba\u201d.<\/p>\n<p class=\"wp-block-paragraph\">Proiectul prevede aprobarea principalilor indicatori tehnico-economici \u0219i a devizului general pentru investi\u021bia de interes public.<\/p>\n<p class=\"wp-block-paragraph\">Ini\u021biatorul proiectului este pre\u0219edintele Consiliului Jude\u021bean Timi\u0219, Alfred-Robert Simonis.<\/p>\n<h2 class=\"wp-block-heading\">Se preg\u0103te\u0219te reabilitarea unui drum jude\u021bean din zona Lugojului<\/h2>\n<p class=\"wp-block-paragraph\">Consilierii jude\u021beni vor analiza \u0219i documenta\u021bia tehnico-economic\u0103, \u00een faza Documenta\u021bie de Avizare a Lucr\u0103rilor de Interven\u021bii, pentru reabilitarea DJ 585A Lugoj (DN6) \u2013 Herende\u0219ti \u2013 Pietroasa Mare \u2013 Vi\u0219ag.<\/p>\n<p class=\"wp-block-paragraph\">Proiectul vizeaz\u0103 Sectorul I, respectiv tronsonul Lugoj (DN6) \u2013 Herende\u0219ti \u2013 Pietroasa Mare.<\/p>\n<p class=\"wp-block-paragraph\">\u0218i acest proiect este ini\u021biat de pre\u0219edintele CJ Timi\u0219, Alfred-Robert Simonis.<\/p>\n<h2 class=\"wp-block-heading\">25 de microbuze pentru transportul \u0219colar<\/h2>\n<p class=\"wp-block-paragraph\">Un alt proiect aflat pe ordinea de zi se refer\u0103 la aprobarea principalilor indicatori tehnico-economici pentru obiectivul de investi\u021bii \u201eMicrobuze pentru transport \u0219colar \u2013 25 buc.\u201d.<\/p>\n<p class=\"wp-block-paragraph\">Proiectul este ini\u021biat de vicepre\u0219edintele Consiliului Jude\u021bean Timi\u0219, Alexandru Adrian Iovescu.<\/p>\n<p class=\"wp-block-paragraph\">Investi\u021bia urm\u0103re\u0219te dezvoltarea transportului \u0219colar \u0219i asigurarea unor mijloace de transport destinate elevilor din jude\u021b.<\/p>\n<h2 class=\"wp-block-heading\">Modific\u0103ri pentru proiectul destinat minorilor str\u0103ini ne\u00eenso\u021bi\u021bi<\/h2>\n<p class=\"wp-block-paragraph\">Consilierii jude\u021beni vor supune votului \u0219i modificarea Hot\u0103r\u00e2rii Consiliului Jude\u021bean Timi\u0219 nr. 203\/26.09.2024 privind proiectul \u201e\u00cembun\u0103t\u0103\u021birea condi\u021biilor de primire pentru minorii str\u0103ini ne\u00eenso\u021bi\u021bi din jude\u021bul Timi\u0219\u201d.<\/p>\n<p class=\"wp-block-paragraph\">Proiectul este ini\u021biat de Alfred-Robert Simonis.<\/p>\n<p class=\"wp-block-paragraph\">Pe ordinea de zi se afl\u0103, de asemenea, modificarea componen\u021bei nominale a Comisiei de Evaluare a Persoanelor Adulte cu Handicap Timi\u0219.<\/p>\n<h2 class=\"wp-block-heading\">Alte proiecte supuse votului<\/h2>\n<p class=\"wp-block-paragraph\">Un alt proiect vizeaz\u0103 modificarea \u0219i completarea Hot\u0103r\u00e2rii Consiliului Jude\u021bean Timi\u0219 nr. 349\/15.12.2025 privind aprobarea tarifelor de interes jude\u021bean \u0219i a pre\u021burilor de pornire la licita\u021bii pentru anul fiscal 2026, cu modific\u0103rile \u0219i complet\u0103rile ulterioare.<\/p>\n<p class=\"wp-block-paragraph\">Totodat\u0103, Consiliul Jude\u021bean Timi\u0219 va trebui s\u0103 \u00ee\u0219i exprime acordul pentru \u00eenchirierea unor spa\u021bii de produc\u021bie de c\u0103tre societatea \u0218tan\u021bobanat Produc\u021bie SRL, concesionar \u00een Parcul Tehnologic \u0219i Industrial Timi\u0219oara. Ini\u021biatorul acestui proiect este vicepre\u0219edintele CJ Timi\u0219, Alin Augustin Florin Popoviciu.<\/p>\n<p class=\"wp-block-paragraph\">Ultimul punct de pe ordinea de zi este rezervat \u00eentreb\u0103rilor, interpel\u0103rilor \u0219i inform\u0103rilor.<\/p>\n<p class=\"wp-block-paragraph\">\u0218edin\u021ba ordinar\u0103 a Consiliului Jude\u021bean Timi\u0219 va avea loc miercuri, 26 august 2026, de la ora 10:00, la Palatul Administrativ.<\/p>\n<\/div>\n<footer>\n<div class=\"td-post-source-tags\">\n<ul class=\"td-tags td-post-small-box clearfix\">\n<li><span>ETICHETE<\/span><\/li>\n<li><a href=\"https:\/\/orasul-timisoara.ro\/local-tag\/alfred-simonis\/\">alfred simonis<\/a><\/li>\n<li><a href=\"https:\/\/orasul-timisoara.ro\/local-tag\/consiliul-judetean-timis-2\/\">Consiliul Jude\u021bean Timi\u0219<\/a><\/li>\n<li><a href=\"https:\/\/orasul-timisoara.ro\/local-tag\/dumbravita-2\/\">Dumbr\u0103vi\u021ba<\/a><\/li>\n<li><a href=\"https:\/\/orasul-timisoara.ro\/local-tag\/giarmata\/\">giarmata<\/a><\/li>\n<li><a href=\"https:\/\/orasul-timisoara.ro\/local-tag\/infrastructura-timis\/\">infrastructur\u0103 Timi\u0219<\/a><\/li>\n<li><a href=\"https:\/\/orasul-timisoara.ro\/local-tag\/lugoj\/\">lugoj<\/a><\/li>\n<li><a href=\"https:\/\/orasul-timisoara.ro\/local-tag\/microbuze-scolare\/\">microbuze \u0219colare<\/a><\/li>\n<li><a href=\"https:\/\/orasul-timisoara.ro\/local-tag\/pietroasa-mare\/\">pietroasa mare<\/a><\/li>\n<li><a href=\"https:\/\/orasul-timisoara.ro\/local-tag\/pista-de-biciclete\/\">pista de biciclete<\/a><\/li>\n<li><a href=\"https:\/\/orasul-timisoara.ro\/local-tag\/stiri-timis-2\/\">\u0219tiri Timi\u0219<\/a><\/li>\n<li><a href=\"https:\/\/orasul-timisoara.ro\/local-tag\/timisoara-2\/\">timi\u0219oara<\/a><\/li>\n<li><a href=\"https:\/\/orasul-timisoara.ro\/local-tag\/transport-scolar-2\/\">transport \u0219colar<\/a><\/li>\n<\/ul>\n<\/div>\n<div class=\"td-post-sharing-bottom\">\n<div class=\"td-post-sharing-classic\"><iframe title=\"bottomFacebookLike\" frameborder src=\"https:\/\/www.facebook.com\/plugins\/like.php?href=https:\/\/orasul-timisoara.ro\/local-40367\/&amp;layout=button_count&amp;show_faces=false&amp;width=105&amp;action=like&amp;colorscheme=light&amp;height=21\"><\/iframe><\/div>\n<div id=\"td_social_sharing_article_bottom\" class=\"td-post-sharing td-ps-bg td-ps-notext td-post-sharing-style1 \">\n<div class=\"td-post-sharing-visible\"><a class=\"td-social-sharing-button td-social-sharing-button-js td-social-network td-social-facebook\" href=\"https:\/\/www.facebook.com\/sharer.php?u=https%3A%2F%2Forasul-timisoara.ro%2Flocal-40367%2F\" title=\"Facebook\"><\/p>\n<div class=\"td-social-but-text\">Facebook<\/div>\n<p><\/a><a class=\"td-social-sharing-button td-social-sharing-button-js td-social-network td-social-twitter\" href=\"https:\/\/twitter.com\/intent\/tweet?text=Investi%C8%9Bii+%C3%AEn+infrastructur%C4%83%2C+transport+%C8%99colar+%C8%99i+pista+de+biciclete+Timi%C8%99oara%E2%80%93Dumbr%C4%83vi%C8%9Ba%E2%80%93Giarmata%2C+pe+masa+CJ+Timi%C8%99&amp;url=https%3A%2F%2Forasul-timisoara.ro%2Flocal-40367%2F&amp;via=orasultm\" title=\"Twitter\"><\/p>\n<div class=\"td-social-but-text\">Twitter<\/div>\n<p><\/a><a class=\"td-social-sharing-button td-social-sharing-button-js td-social-network td-social-whatsapp\" href=\"https:\/\/api.whatsapp.com\/send?text=Investi%C8%9Bii+%C3%AEn+infrastructur%C4%83%2C+transport+%C8%99colar+%C8%99i+pista+de+biciclete+Timi%C8%99oara%E2%80%93Dumbr%C4%83vi%C8%9Ba%E2%80%93Giarmata%2C+pe+masa+CJ+Timi%C8%99%20%0A%0A%20https:\/\/orasul-timisoara.ro\/local-40367\/\" title=\"WhatsApp\"><\/p>\n<div class=\"td-social-but-text\">WhatsApp<\/div>\n<p><\/a><a class=\"td-social-sharing-button td-social-sharing-button-js td-social-network td-social-linkedin\" href=\"https:\/\/www.linkedin.com\/shareArticle?mini=true&amp;url=https:\/\/orasul-timisoara.ro\/local-40367\/&amp;title=Investi%C8%9Bii+%C3%AEn+infrastructur%C4%83%2C+transport+%C8%99colar+%C8%99i+pista+de+biciclete+Timi%C8%99oara%E2%80%93Dumbr%C4%83vi%C8%9Ba%E2%80%93Giarmata%2C+pe+masa+CJ+Timi%C8%99\" title=\"Linkedin\"><\/p>\n<div class=\"td-social-but-text\">Linkedin<\/div>\n<p><\/a><a class=\"td-social-sharing-button td-social-sharing-button-js td-social-network td-social-reddit\" href=\"https:\/\/reddit.com\/submit?url=https:\/\/orasul-timisoara.ro\/local-40367\/&amp;title=Investi%C8%9Bii+%C3%AEn+infrastructur%C4%83%2C+transport+%C8%99colar+%C8%99i+pista+de+biciclete+Timi%C8%99oara%E2%80%93Dumbr%C4%83vi%C8%9Ba%E2%80%93Giarmata%2C+pe+masa+CJ+Timi%C8%99\" title=\"ReddIt\"><\/p>\n<div class=\"td-social-but-text\">ReddIt<\/div>\n<p><\/a><a class=\"td-social-sharing-button td-social-sharing-button-js td-social-network td-social-mail\" href=\"mailto:?subject=Investi%C8%9Bii%20%C3%AEn%20infrastructur%C4%83,%20transport%20%C8%99colar%20%C8%99i%20pista%20de%20biciclete%20Timi%C8%99oara%E2%80%93Dumbr%C4%83vi%C8%9Ba%E2%80%93Giarmata,%20pe%20masa%20CJ%20Timi%C8%99&amp;body=https:\/\/orasul-timisoara.ro\/local-40367\/\" title=\"Email\"><\/p>\n<div class=\"td-social-but-text\">Email<\/div>\n<p><\/a><a class=\"td-social-sharing-button td-social-sharing-button-js td-social-network td-social-print\" href=\"https:\/\/orasul-timisoara.ro\/local-40367\/\" title=\"Imprimare\"><\/p>\n<div class=\"td-social-but-text\">Imprimare<\/div>\n<p><\/a><\/div>\n<\/div>\n<\/div>\n<div class=\"td-block-row td-post-next-prev\">\n<div class=\"td-block-span6 td-post-prev-post\">\n<div class=\"td-post-next-prev-content\"><span>Articolul precedent<\/span><a href=\"https:\/\/orasul-timisoara.ro\/local-40364\/\">S-au dat drept poli\u021bi\u0219ti antidrog \u0219i au furat 90.000 de lire. Doi b\u0103rba\u021bi au fost aresta\u021bi<\/a><\/div>\n<\/div>\n<div class=\"td-block-span6 td-post-next-post\">\n<div class=\"td-post-next-prev-content\"><span>Articolul urm\u0103tor<\/span><a href=\"https:\/\/orasul-timisoara.ro\/local-40369\/\">Pasarela \u00cendr\u0103gosti\u021bilor din Timi\u0219oara ar putea fi demolat\u0103 la \u00eenceput de septembrie. Ce se \u00eent\u00e2mpl\u0103 cu lac\u0103tele?<\/a><\/div>\n<\/div>\n<\/div>\n<div class=\"td-author-name vcard author\"><span class=\"fn\"><a href=\"https:\/\/orasul-timisoara.ro\/author\/timisoara\/\">redactia<\/a><\/span><\/div>\n<p><span class=\"td-page-meta\"><\/span><span class=\"td-page-meta\"><span class=\"td-page-meta\"><\/span><\/span><span class=\"td-page-meta\"><\/span><\/footer>\n<div class=\"td_block_wrap td_block_related_posts tdi_3 td_with_ajax_pagination td-pb-border-top td_block_template_8\" data-td-block-uid=\"tdi_3\">\n<h4 class=\"td-related-title td-block-title\"><a id=\"tdi_4\" class=\"td-related-left td-cur-simple-item\" data-td_filter_value data-td_block_id=\"tdi_3\" href=\"https:\/\/orasul-timisoara.ro\/local-40367\/\">ARTICOLE SIMILARE<\/a><a id=\"tdi_5\" class=\"td-related-right\" data-td_filter_value=\"td_related_more_from_author\" data-td_block_id=\"tdi_3\" href=\"https:\/\/orasul-timisoara.ro\/local-40367\/\">DE LA ACELA\u0218I AUTOR<\/a><\/h4>\n<div id=\"tdi_3\" class=\"td_block_inner\">\n<div class=\"td-related-row\">\n<div class=\"td-related-span4\">\n<div class=\"td_module_related_posts td-animation-stack td_mod_related_posts\">\n<div class=\"td-module-image\">\n<div class=\"td-module-thumb\"><a href=\"https:\/\/orasul-timisoara.ro\/local-40319\/\" rel=\"bookmark\" class=\"td-image-wrap \" title=\"12 str\u0103zi din G\u0103taia intr\u0103 \u00een modernizare. CJ Timi\u0219 finan\u021beaz\u0103 lucr\u0103rile cu 7,4 milioane de lei\"><img loading=\"lazy\" decoding=\"async\" class=\"entry-thumb\" src=\"https:\/\/orasul-timisoara.ro\/wp-content\/uploads\/2026\/08\/778291789_1306329722557601_4819524365300656511_n-436x300.jpg\" alt title=\"12 str\u0103zi din G\u0103taia intr\u0103 \u00een modernizare. CJ Timi\u0219 finan\u021beaz\u0103 lucr\u0103rile cu 7,4 milioane de lei\" width=\"218\" height=\"150\"><\/a><\/div>\n<\/div>\n<div class=\"item-details\">\n<h3 class=\"entry-title td-module-title\"><a href=\"https:\/\/orasul-timisoara.ro\/local-40319\/\" rel=\"bookmark\" title=\"12 str\u0103zi din G\u0103taia intr\u0103 \u00een modernizare. CJ Timi\u0219 finan\u021beaz\u0103 lucr\u0103rile cu 7,4 milioane de lei\">12 str\u0103zi din G\u0103taia intr\u0103 \u00een modernizare. CJ Timi\u0219 finan\u021beaz\u0103 lucr\u0103rile cu 7,4 milioane de lei<\/a><\/h3>\n<\/div>\n<\/div>\n<\/div>\n<div class=\"td-related-span4\">\n<div class=\"td_module_related_posts td-animation-stack td_mod_related_posts\">\n<div class=\"td-module-image\">\n<div class=\"td-module-thumb\"><a href=\"https:\/\/orasul-timisoara.ro\/local-40287\/\" rel=\"bookmark\" class=\"td-image-wrap \" title=\"Alfred Simonis anun\u021b\u0103 reabilitarea drumului dintre Ghiroda \u0219i Mo\u0219ni\u021ba Veche\"><img loading=\"lazy\" decoding=\"async\" class=\"entry-thumb\" src=\"https:\/\/orasul-timisoara.ro\/wp-content\/uploads\/2026\/08\/fratii-simonis-436x300.jpg\" alt title=\"Alfred Simonis anun\u021b\u0103 reabilitarea drumului dintre Ghiroda \u0219i Mo\u0219ni\u021ba Veche\" width=\"218\" height=\"150\"><\/a><\/div>\n<\/div>\n<div class=\"item-details\">\n<h3 class=\"entry-title td-module-title\"><a href=\"https:\/\/orasul-timisoara.ro\/local-40287\/\" rel=\"bookmark\" title=\"Alfred Simonis anun\u021b\u0103 reabilitarea drumului dintre Ghiroda \u0219i Mo\u0219ni\u021ba Veche\">Alfred Simonis anun\u021b\u0103 reabilitarea drumului dintre Ghiroda \u0219i Mo\u0219ni\u021ba Veche<\/a><\/h3>\n<\/div>\n<\/div>\n<\/div>\n<div class=\"td-related-span4\">\n<div class=\"td_module_related_posts td-animation-stack td_mod_related_posts\">\n<div class=\"td-module-image\">\n<div class=\"td-module-thumb\"><a href=\"https:\/\/orasul-timisoara.ro\/local-40282\/\" rel=\"bookmark\" class=\"td-image-wrap \" title=\"Alin Nica avertizeaz\u0103 asupra efectelor Legii ANI pentru Timi\u0219oara\"><img loading=\"lazy\" decoding=\"async\" class=\"entry-thumb\" src=\"https:\/\/orasul-timisoara.ro\/wp-content\/uploads\/2024\/04\/nica-fritz-aeroport-436x300.jpg\" alt title=\"Alin Nica avertizeaz\u0103 asupra efectelor Legii ANI pentru Timi\u0219oara\" width=\"218\" height=\"150\"><\/a><\/div>\n<\/div>\n<div class=\"item-details\">\n<h3 class=\"entry-title td-module-title\"><a href=\"https:\/\/orasul-timisoara.ro\/local-40282\/\" rel=\"bookmark\" title=\"Alin Nica avertizeaz\u0103 asupra efectelor Legii ANI pentru Timi\u0219oara\">Alin Nica avertizeaz\u0103 asupra efectelor Legii ANI pentru Timi\u0219oara<\/a><\/h3>\n<\/div>\n<\/div>\n<\/div>\n<\/div>\n<\/div>\n<\/div>\n<div class=\"comments\" id=\"comments\">\n<div id=\"respond\" class=\"comment-respond\">\n<h3 id=\"reply-title\" class=\"comment-reply-title\">L\u0102SA\u021aI UN MESAJ<\/h3>\n<div class=\"comment-form-input-wrap td-form-comment\">\n<div class=\"td-warning-comment\">V\u0103 rug\u0103m s\u0103 introduce\u021bi comentariul dvs.!<\/div>\n<\/div>\n<div class=\"comment-form-input-wrap td-form-author\">\n<div class=\"td-warning-author\">Introduce\u021bi aici numele dvs.<\/div>\n<\/div>\n<div class=\"comment-form-input-wrap td-form-email\">\n<div class=\"td-warning-email-error\">A\u021bi introdus o adres\u0103 de e-mail incorect\u0103!<\/div>\n<div class=\"td-warning-email\">V\u0103 rug\u0103m s\u0103 introduce\u021bi adresa dvs. de e-mail aici<\/div>\n<\/div>\n<\/div>\n<p class=\"akismet_comment_form_privacy_notice\">Acest site folose\u0219te Akismet pentru a reduce spamul. <a href=\"https:\/\/akismet.com\/privacy\/\" target=\"_blank\" rel=\"nofollow noopener\">Afl\u0103 cum sunt procesate datele comentariilor tale<\/a>.<\/p>\n<\/div>\n<\/div>\n<\/div>\n<div class=\"td-pb-span4 td-main-sidebar\" role=\"complementary\">\n<div class=\"td-ss-main-sidebar\">\n<aside id=\"block-4\" class=\"td_block_template_8 widget block-4 widget_block widget_media_image\">\n<figure class=\"wp-block-image size-full\"><img loading=\"lazy\" decoding=\"async\" width=\"336\" height=\"280\" src=\"https:\/\/orasul-timisoara.ro\/wp-content\/uploads\/2024\/11\/ReTIM-Abonamentul-Verde-Google-Ads-336x280px.gif\" alt class=\"wp-image-29257\"><\/figure>\n<\/aside>\n<div class=\"td_block_wrap td_block_social_counter td_block_widget tdi_6 td-social-style5 td-social-boxed td-pb-border-top td_block_template_8\">\n<div class=\"td-block-title-wrap\">\n<h4 class=\"td-block-title\"><span>Urm\u0103re\u0219te-ne pe Social Media<\/span><\/h4>\n<\/div>\n<div class=\"td-social-list\">\n<div class=\"td_social_type td-pb-margin-side td_social_facebook\">\n<div class=\"td-social-box\"><span class=\"td_social_info td_social_info_counter\">344,595<\/span><span class=\"td_social_info td_social_info_name\">Fani<\/span><span class=\"td_social_button\"><a href=\"https:\/\/www.facebook.com\/247timisoara\" target=\"_blank\" rel=\"nofollow\">\u00cemi place<\/a><\/span><\/div>\n<\/div>\n<div class=\"td_social_type td-pb-margin-side td_social_instagram\">\n<div class=\"td-social-box\"><span class=\"td_social_info td_social_info_counter\">4,416<\/span><span class=\"td_social_info td_social_info_name\">Cititori<\/span><span class=\"td_social_button\"><a href=\"https:\/\/instagram.com\/orasultimisoararo\/\" target=\"_blank\" rel=\"nofollow\">Conecta\u021bi-v\u0103<\/a><\/span><\/div>\n<\/div>\n<div class=\"td_social_type td-pb-margin-side td_social_rss\">\n<div class=\"td-social-box\"><span class=\"td_social_info td_social_info_counter\">12,506<\/span><span class=\"td_social_info td_social_info_name\">Cititori<\/span><span class=\"td_social_button\"><a href=\"https:\/\/orasul-timisoara.ro\/feed\/\" target=\"_blank\" rel=\"nofollow\">Conecta\u021bi-v\u0103<\/a><\/span><\/div>\n<\/div>\n<div class=\"td_social_type td-pb-margin-side td_social_tiktok\">\n<div class=\"td-social-box\"><span class=\"td_social_info td_social_info_counter\">1,500<\/span><span class=\"td_social_info td_social_info_name\">Cititori<\/span><span class=\"td_social_button\"><a href=\"https:\/\/www.tiktok.com\/@orasultimisoara\" target=\"_blank\" rel=\"nofollow\">Conecta\u021bi-v\u0103<\/a><\/span><\/div>\n<\/div>\n<div class=\"td_social_type td-pb-margin-side td_social_twitter\">\n<div class=\"td-social-box\"><span class=\"td_social_info td_social_info_counter\">1,595<\/span><span class=\"td_social_info td_social_info_name\">Cititori<\/span><span class=\"td_social_button\"><a href=\"https:\/\/twitter.com\/orasultm\" target=\"_blank\" rel=\"nofollow\">Conecta\u021bi-v\u0103<\/a><\/span><\/div>\n<\/div>\n<div class=\"td_social_type td-pb-margin-side td_social_youtube\">\n<div class=\"td-social-box\"><span class=\"td_social_info td_social_info_counter\">3,506<\/span><span class=\"td_social_info td_social_info_name\">Abona\u021bi<\/span><span class=\"td_social_button\"><a href=\"https:\/\/www.youtube.com\/channel\/UCQNsQvs2XCSIm1Z-AHRturw?sub_confirmation=1\" target=\"_blank\" rel=\"nofollow\">Abona\u021bi-v\u0103<\/a><\/span><\/div>\n<\/div>\n<\/div>\n<\/div>\n<aside id=\"text-7\" class=\"td_block_template_8 widget text-7 widget_text\">\n<h4 class=\"td-block-title\"><span>C\u0103ut\u0103ri populare pe OTM<\/span><\/h4>\n<div class=\"textwidget\"><a href=\"https:\/\/orasul-timisoara.ro\/?s=timisoara\"><span>Timisoara<\/span><\/a><a href=\"https:\/\/orasul-timisoara.ro\/?s=calin+dobra\"><span>Calin Dobra<\/span><\/a><a href=\"https:\/\/orasul-timisoara.ro\/?s=primaria+timisoara\"><span>Primaria Timisoara<\/span><\/a><a href=\"https:\/\/orasul-timisoara.ro\/?s=dominic+fritz\"><span>Dominic Fritz<\/span><\/a><a href=\"https:\/\/orasul-timisoara.ro\/?s=nicolae+robu\"><span>Nicolae Robu<\/span><\/a><a href=\"https:\/\/orasul-timisoara.ro\/?s=consiliul+local+timisoara\">Consiliul Local Timisoara<\/a><a href=\"https:\/\/orasul-timisoara.ro\/?s=consiliul+judetean+timis\"><span>Consiliul Judetean Timis<\/span><\/a><a href=\"https:\/\/orasul-timisoara.ro\/?s=cjt\"><span>CJT<\/span><\/a><a href=\"https:\/\/orasul-timisoara.ro\/?s=Alfred+Simonis\"><span>Alfred Simonis<\/span><\/a><a href=\"https:\/\/orasul-timisoara.ro\/?s=PNL\"><span>PNL<\/span><\/a><a href=\"https:\/\/orasul-timisoara.ro\/?s=coronavirus\"><span>coronavirus<\/span><\/a><a href=\"https:\/\/orasul-timisoara.ro\/?s=teatru+timisoara\">teatru Timisoara<\/a><a href=\"https:\/\/orasul-timisoara.ro\/?s=restaurante\"><span>restaurante Timisoara<\/span><\/a><a href=\"https:\/\/orasul-timisoara.ro\/?s=diskoteka\"><span>Diskoteka<\/span><\/a><a href=\"https:\/\/orasul-timisoara.ro\/?s=iulius+town\"><span>Iulius Town<\/span><\/a><a href=\"https:\/\/orasul-timisoara.ro\/?s=iulius+mall\"><span>Iulius Mall<\/span><\/a><a href=\"https:\/\/orasul-timisoara.ro\/?s=stpt\"><span>STPT<\/span><\/a><a href=\"https:\/\/orasul-timisoara.ro\/?s=alin+nica\"><span>Alin Nica<\/span><\/a><a href=\"https:\/\/orasul-timisoara.ro\/?s=psd\"><span>PSD<\/span><\/a><a href=\"https:\/\/orasul-timisoara.ro\/?s=aeroport\"><span>Aeroportul International Timisoara<\/span><\/a><a href=\"https:\/\/orasul-timisoara.ro\/?s=babes\"><span>Spitalul Victor Babes Timisoara<\/span><\/a><a href=\"https:\/\/orasul-timisoara.ro\/?s=poli\"><span>Poli Timi\u0219oara<\/span><\/a><a href=\"https:\/\/orasul-timisoara.ro\/?s=carantina\"><span>carantina<\/span><\/a><a href=\"https:\/\/orasul-timisoara.ro\/?s=aquatim\"><span>Aquatim<\/span><\/a><a href=\"https:\/\/orasul-timisoara.ro\/local-category\/stiri-timisoara\/\"><span>Stiri Timisoara<\/span><\/a><a href=\"https:\/\/orasul-timisoara.ro\/local-category\/investitii-in-timisoara\/\"><span>Investi\u021bii in Timi\u0219oara<\/span><\/a><a href=\"https:\/\/orasul-timisoara.ro\/local-9463\/\"><span>shaorma<\/span><\/a><a href=\"https:\/\/orasul-timisoara.ro\/?s=trafic\"><span>trafic rutier<\/span><\/a><a href=\"https:\/\/orasul-timisoara.ro\/?s=politia\"><span>politia locala timisoara<\/span><\/a><a href=\"https:\/\/orasul-timisoara.ro\/?s=roxana\"><span>Roxana Iliescu<\/span><\/a><a href=\"https:\/\/orasul-timisoara.ro\/?s=colterm\"><span>Colterm<\/span><\/a><a href=\"https:\/\/orasul-timisoara.ro\/?s=latcau\"><span>Ruben La\u021bc\u0103u<\/span><\/a><a href=\"https:\/\/orasul-timisoara.ro\/?s=timis\"><span>\u0218tiri din Timi\u0219<\/span><\/a><a href=\"https:\/\/orasul-timisoara.ro\/?s=spital\"><span>Spitale din Timi\u0219oara<\/span><\/a><a href=\"https:\/\/orasul-timisoara.ro\/?s=tabara\"><span>Cosmin Tab\u0103r\u0103<\/span><\/a><\/div>\n<\/aside>\n<aside id=\"rss-2\" class=\"td_block_template_8 widget rss-2 widget_rss\">\n<h4 class=\"td-block-title\"><span><a class=\"rsswidget rss-widget-feed\" href=\"https:\/\/fashionfridays.ro\/feed\"><img decoding=\"async\" class=\"rss-widget-icon\" width=\"14\" height=\"14\" src=\"https:\/\/orasul-timisoara.ro\/wp-includes\/images\/rss.png\" alt=\"Flux RSS: Fashion Fridays\" loading=\"lazy\"><\/a><a class=\"rsswidget rss-widget-title\" href=\"https:\/\/fashionfridays.ro\/\">Fashion Fridays<\/a><\/span><\/h4>\n<ul>\n<li><a class=\"rsswidget\" href=\"https:\/\/fashionfridays.ro\/romania-devine-a-29-a-piata-vogue-o-noua-era-pentru-industria-locala-de-moda\/\">Rom\u00e2nia devine a 29-a pia\u021b\u0103 Vogue: o nou\u0103 er\u0103 pentru industria local\u0103 de mod\u0103<\/a>\n<div class=\"rssSummary\">Revista Vogue \u00ee\u0219i extinde prezen\u021ba global\u0103 \u0219i va fi lansat\u0103 oficial \u00een Rom\u00e2nia \u00een prim\u0103vara anului 2027, marc\u00e2nd intrarea pe cea de-a 29-a pia\u021b\u0103 interna\u021bional\u0103. Proiectul este realizat \u00een parteneriat cu AEMME Publishing, o companie media recent \u00eenfiin\u021bat\u0103, care va publica edi\u021bia local\u0103 sub licen\u021b\u0103. Noua edi\u021bie, Vogue Rom\u00e2nia, \u00ee\u0219i propune s\u0103 combine autoritatea global\u0103 [\u2026]<\/div>\n<\/li>\n<\/ul>\n<\/aside>\n<aside id=\"rss-4\" class=\"td_block_template_8 widget rss-4 widget_rss\">\n<h4 class=\"td-block-title\"><span><a class=\"rsswidget rss-widget-feed\" href=\"https:\/\/emasini.ro\/feed\"><img decoding=\"async\" class=\"rss-widget-icon\" width=\"14\" height=\"14\" src=\"https:\/\/orasul-timisoara.ro\/wp-includes\/images\/rss.png\" alt=\"Flux RSS: eMasini\" loading=\"lazy\"><\/a><a class=\"rsswidget rss-widget-title\" href=\"https:\/\/emasini.ro\/\">eMasini<\/a><\/span><\/h4>\n<ul>\n<li><a class=\"rsswidget\" href=\"https:\/\/emasini.ro\/adio-bordurilor-pline-de-ecrane-mercedes-benz-readuce-butoanele-in-noile-masini-produse\/\">Adio bordurilor pline de ecrane? Mercedes-Benz readuce butoanele \u00een noile ma\u0219ini produse<\/a>\n<div class=\"rssSummary\">Mercedes-Benz \u00ee\u0219i schimb\u0103 direc\u021bia \u00een ceea ce prive\u0219te designul interioarelor \u0219i va readuce comenzile fizice pentru anumite func\u021bii importante. Constructorul german nu renun\u021b\u0103 la ecranele mari \u0219i la tehnologiile digitale, dar recunoa\u0219te c\u0103 a mers prea departe prin eliminarea unor butoane \u0219i comenzi tactile. Ola K\u00e4llenius, pre\u0219edintele Consiliului de Administra\u021bie al Mercedes-Benz Group \u0219i CEO [\u2026]<\/div>\n<\/li>\n<\/ul>\n<\/aside>\n<\/div>\n<\/div>\n<\/div>\n<\/div>\n<\/article>\n<div class=\"td-post-content tagdiv-type\">\n<p class=\"wp-block-paragraph\">Consiliul Jude\u021bean Timi\u0219 se va reuni \u00een \u0219edin\u021b\u0103 ordinar\u0103 miercuri, 26 august 2026, de la ora 10:00, la Palatul Administrativ. Pe ordinea de zi se afl\u0103 opt puncte, \u00eentre care proiecte privind realizarea unei piste de biciclete \u00eentre Timi\u0219oara, Dumbr\u0103vi\u021ba \u0219i Giarmata, reabilitarea unui sector de drum jude\u021bean, achizi\u021bia a 25 de microbuze pentru transportul \u0219colar \u0219i modificarea unor proiecte aflate deja \u00een derulare.<\/p>\n<h2 class=\"wp-block-heading\">Pista de biciclete Timi\u0219oara\u2013Dumbr\u0103vi\u021ba\u2013Giarmata, pe ordinea de zi<\/h2>\n<p class=\"wp-block-paragraph\">Unul dintre proiectele importante supuse votului vizeaz\u0103 aprobarea documenta\u021biei tehnico-economice, \u00een faza Studiu de Fezabilitate, pentru obiectivul de investi\u021bii \u201ePista de biciclete Timi\u0219oara \u2013 Dumbr\u0103vi\u021ba \u2013 Giarmata: sector Strada Migdalului, loc. Dumbr\u0103vi\u021ba\u201d.<\/p>\n<p class=\"wp-block-paragraph\">Proiectul prevede aprobarea principalilor indicatori tehnico-economici \u0219i a devizului general pentru investi\u021bia de interes public.<\/p>\n<p class=\"wp-block-paragraph\">Ini\u021biatorul proiectului este pre\u0219edintele Consiliului Jude\u021bean Timi\u0219, Alfred-Robert Simonis.<\/p>\n<h2 class=\"wp-block-heading\">Se preg\u0103te\u0219te reabilitarea unui drum jude\u021bean din zona Lugojului<\/h2>\n<p class=\"wp-block-paragraph\">Consilierii jude\u021beni vor analiza \u0219i documenta\u021bia tehnico-economic\u0103, \u00een faza Documenta\u021bie de Avizare a Lucr\u0103rilor de Interven\u021bii, pentru reabilitarea DJ 585A Lugoj (DN6) \u2013 Herende\u0219ti \u2013 Pietroasa Mare \u2013 Vi\u0219ag.<\/p>\n<p class=\"wp-block-paragraph\">Proiectul vizeaz\u0103 Sectorul I, respectiv tronsonul Lugoj (DN6) \u2013 Herende\u0219ti \u2013 Pietroasa Mare.<\/p>\n<p class=\"wp-block-paragraph\">\u0218i acest proiect este ini\u021biat de pre\u0219edintele CJ Timi\u0219, Alfred-Robert Simonis.<\/p>\n<h2 class=\"wp-block-heading\">25 de microbuze pentru transportul \u0219colar<\/h2>\n<p class=\"wp-block-paragraph\">Un alt proiect aflat pe ordinea de zi se refer\u0103 la aprobarea principalilor indicatori tehnico-economici pentru obiectivul de investi\u021bii \u201eMicrobuze pentru transport \u0219colar \u2013 25 buc.\u201d.<\/p>\n<p class=\"wp-block-paragraph\">Proiectul este ini\u021biat de vicepre\u0219edintele Consiliului Jude\u021bean Timi\u0219, Alexandru Adrian Iovescu.<\/p>\n<p class=\"wp-block-paragraph\">Investi\u021bia urm\u0103re\u0219te dezvoltarea transportului \u0219colar \u0219i asigurarea unor mijloace de transport destinate elevilor din jude\u021b.<\/p>\n<h2 class=\"wp-block-heading\">Modific\u0103ri pentru proiectul destinat minorilor str\u0103ini ne\u00eenso\u021bi\u021bi<\/h2>\n<p class=\"wp-block-paragraph\">Consilierii jude\u021beni vor supune votului \u0219i modificarea Hot\u0103r\u00e2rii Consiliului Jude\u021bean Timi\u0219 nr. 203\/26.09.2024 privind proiectul \u201e\u00cembun\u0103t\u0103\u021birea condi\u021biilor de primire pentru minorii str\u0103ini ne\u00eenso\u021bi\u021bi din jude\u021bul Timi\u0219\u201d.<\/p>\n<p class=\"wp-block-paragraph\">Proiectul este ini\u021biat de Alfred-Robert Simonis.<\/p>\n<p class=\"wp-block-paragraph\">Pe ordinea de zi se afl\u0103, de asemenea, modificarea componen\u021bei nominale a Comisiei de Evaluare a Persoanelor Adulte cu Handicap Timi\u0219.<\/p>\n<h2 class=\"wp-block-heading\">Alte proiecte supuse votului<\/h2>\n<p class=\"wp-block-paragraph\">Un alt proiect vizeaz\u0103 modificarea \u0219i completarea Hot\u0103r\u00e2rii Consiliului Jude\u021bean Timi\u0219 nr. 349\/15.12.2025 privind aprobarea tarifelor de interes jude\u021bean \u0219i a pre\u021burilor de pornire la licita\u021bii pentru anul fiscal 2026, cu modific\u0103rile \u0219i complet\u0103rile ulterioare.<\/p>\n<p class=\"wp-block-paragraph\">Totodat\u0103, Consiliul Jude\u021bean Timi\u0219 va trebui s\u0103 \u00ee\u0219i exprime acordul pentru \u00eenchirierea unor spa\u021bii de produc\u021bie de c\u0103tre societatea \u0218tan\u021bobanat Produc\u021bie SRL, concesionar \u00een Parcul Tehnologic \u0219i Industrial Timi\u0219oara. Ini\u021biatorul acestui proiect este vicepre\u0219edintele CJ Timi\u0219, Alin Augustin Florin Popoviciu.<\/p>\n<p class=\"wp-block-paragraph\">Ultimul punct de pe ordinea de zi este rezervat \u00eentreb\u0103rilor, interpel\u0103rilor \u0219i inform\u0103rilor.<\/p>\n<p class=\"wp-block-paragraph\">\u0218edin\u021ba ordinar\u0103 a Consiliului Jude\u021bean Timi\u0219 va avea loc miercuri, 26 august 2026, de la ora 10:00, la Palatul Administrativ.<\/p>\n<\/div>\n<p>[analyse_source url=&#8221;https:\/\/orasul-timisoara.ro\/local-40367\/&#8221;]<\/p>\n","protected":false},"excerpt":{"rendered":"<p>[analyse_image type=&#8221;featured&#8221; src=&#8221;https:\/\/orasul-timisoara.ro\/wp-content\/uploads\/2020\/10\/prefectura-timis-consiliul-judetean-cjt-palat-centru.jpg&#8221;] Administra\u021bie local\u0103Investi\u021bii \u00een infrastructur\u0103, transport \u0219colar \u0219i pista de biciclete Timi\u0219oara\u2013Dumbr\u0103vi\u021ba\u2013Giarmata, pe masa&#8230; Administra\u021bie local\u0103 \u0218tiri Locale Investi\u021bii \u00een infrastructur\u0103, transport \u0219colar \u0219i pista de biciclete Timi\u0219oara\u2013Dumbr\u0103vi\u021ba\u2013Giarmata, pe masa CJ Timi\u0219 De c\u0103tre redactia &#8211; 19\/08\/2026 Facebook Twitter WhatsApp Linkedin ReddIt Email Imprimare Consiliul Jude\u021bean Timi\u0219 se va reuni \u00een \u0219edin\u021b\u0103 ordinar\u0103 [&hellip;]<\/p>\n","protected":false},"author":1,"featured_media":0,"comment_status":"open","ping_status":"","sticky":false,"template":"","format":"standard","meta":{"footnotes":""},"categories":[89],"tags":[226,189],"class_list":["post-2103803","post","type-post","status-publish","format-standard","hentry","category-romania","tag-crawlmanager","tag-orasul-timisoara-ro"],"_links":{"self":[{"href":"https:\/\/analyse.optim.biz\/index.php?rest_route=\/wp\/v2\/posts\/2103803","targetHints":{"allow":["GET"]}}],"collection":[{"href":"https:\/\/analyse.optim.biz\/index.php?rest_route=\/wp\/v2\/posts"}],"about":[{"href":"https:\/\/analyse.optim.biz\/index.php?rest_route=\/wp\/v2\/types\/post"}],"author":[{"embeddable":true,"href":"https:\/\/analyse.optim.biz\/index.php?rest_route=\/wp\/v2\/users\/1"}],"replies":[{"embeddable":true,"href":"https:\/\/analyse.optim.biz\/index.php?rest_route=%2Fwp%2Fv2%2Fcomments&post=2103803"}],"version-history":[{"count":0,"href":"https:\/\/analyse.optim.biz\/index.php?rest_route=\/wp\/v2\/posts\/2103803\/revisions"}],"wp:attachment":[{"href":"https:\/\/analyse.optim.biz\/index.php?rest_route=%2Fwp%2Fv2%2Fmedia&parent=2103803"}],"wp:term":[{"taxonomy":"category","embeddable":true,"href":"https:\/\/analyse.optim.biz\/index.php?rest_route=%2Fwp%2Fv2%2Fcategories&post=2103803"},{"taxonomy":"post_tag","embeddable":true,"href":"https:\/\/analyse.optim.biz\/index.php?rest_route=%2Fwp%2Fv2%2Ftags&post=2103803"}],"curies":[{"name":"wp","href":"https:\/\/api.w.org\/{rel}","templated":true}]}}