{"id":2103802,"date":"2026-08-19T08:44:11","date_gmt":"2026-08-19T05:44:11","guid":{"rendered":"https:\/\/analyse.optim.biz\/?p=2103802"},"modified":"2026-08-19T08:44:11","modified_gmt":"2026-08-19T05:44:11","slug":"trotinetist-in-varsta-de-47-de-ani-lovit-de-o-masina-la-timisoara","status":"publish","type":"post","link":"https:\/\/analyse.optim.biz\/?p=2103802","title":{"rendered":"Trotinetist \u00een v\u00e2rst\u0103 de 47 de ani, lovit de o ma\u015fin\u0103 la Timi\u015foara"},"content":{"rendered":"<p>[analyse_image type=&#8221;featured&#8221; src=&#8221;https:\/\/renasterea.ro\/ro\/wp-content\/uploads\/accident-trotineta-electrica.jpghttps:\/\/renasterea.ro\/ro\/wp-content\/uploads\/accident-trotineta-electrica.jpg&#8221;]<\/p>\n<div class=\"entry-content\"><img loading=\"lazy\" decoding=\"async\" width=\"780\" height=\"440\" src=\"https:\/\/renasterea.ro\/ro\/wp-content\/uploads\/accident-trotineta-electrica.jpg\" class=\"attachment-medium size-medium wp-post-image\" alt=\"Trotinetist \u00een v\u00e2rst\u0103 de 47 de ani, lovit de o ma\u015fin\u0103 la Timi\u015foara\" title=\"Trotinetist \u00een v\u00e2rst\u0103 de 47 de ani, lovit de o ma\u015fin\u0103 la Timi\u015foara 1\"><\/p>\n<h4>Miercuri, 19 august, \u00een jurul orei 09:30, poli\u021bi\u0219tii rutieri au fost sesiza\u021bi cu privire la producerea unui accident rutier \u00een municipiul Timi\u0219oara.<\/h4>\n<p>Din primele verific\u0103ri efectuate a reie\u0219it c\u0103 un b\u0103rbat, \u00een v\u00e2rst\u0103 de 53 de ani, a condus un autoturism pe bulevardul Liviu Rebreanu, iar la intersec\u021bia cu bulevardul Sudului a acro\u0219at un b\u0103rbat, \u00een v\u00e2rst\u0103 de 47 de ani, care se deplasa pe o trotinet\u0103 \u0219i s-ar fi angajat \u00een traversarea drumului pe trecerea pentru pietoni, a transmis IPJ Timi\u015f.<\/p>\n<p>\u00cen urma impactului, b\u0103rbatul de 47 de ani a fost r\u0103nit \u0219i transportat la spital pentru acordarea de \u00eengrijiri medicale.<\/p>\n<p>Poli\u021bi\u0219tii au \u00eentocmit dosar penal, sub aspectul s\u0103v\u00e2r\u0219irii infrac\u021biunii de v\u0103t\u0103mare corporal\u0103 din culp\u0103, fiind continuate cercet\u0103rile pentru stabilirea tuturor \u00eemprejur\u0103rilor producerii accidentului.<\/p>\n<h2>CITE\u015eTE \u015eI: <span><a href=\"https:\/\/renasterea.ro\/ministrul-educatiei-vine-cu-precizari-despre-concursul-de-admitere-la-liceu-din-2027\/\">Ministrul Educa\u021biei vine cu preciz\u0103ri despre concursul de admitere la liceu din 2027<\/a><\/span><\/h2>\n<\/div>\n<p>[analyse_source url=&#8221;https:\/\/renasterea.ro\/trotinetist-in-varsta-de-47-de-ani-lovit-de-o-masina-la-timisoara\/&#8221;]<\/p>\n","protected":false},"excerpt":{"rendered":"<p>[analyse_image type=&#8221;featured&#8221; src=&#8221;https:\/\/renasterea.ro\/ro\/wp-content\/uploads\/accident-trotineta-electrica.jpghttps:\/\/renasterea.ro\/ro\/wp-content\/uploads\/accident-trotineta-electrica.jpg&#8221;] Miercuri, 19 august, \u00een jurul orei 09:30, poli\u021bi\u0219tii rutieri au fost sesiza\u021bi cu privire la producerea unui accident rutier \u00een municipiul Timi\u0219oara. Din primele verific\u0103ri efectuate a reie\u0219it c\u0103 un b\u0103rbat, \u00een v\u00e2rst\u0103 de 53 de ani, a condus un autoturism pe bulevardul Liviu Rebreanu, iar la intersec\u021bia cu bulevardul Sudului a [&hellip;]<\/p>\n","protected":false},"author":1,"featured_media":0,"comment_status":"open","ping_status":"","sticky":false,"template":"","format":"standard","meta":{"footnotes":""},"categories":[89],"tags":[226,188],"class_list":["post-2103802","post","type-post","status-publish","format-standard","hentry","category-romania","tag-crawlmanager","tag-renasterea-ro"],"_links":{"self":[{"href":"https:\/\/analyse.optim.biz\/index.php?rest_route=\/wp\/v2\/posts\/2103802","targetHints":{"allow":["GET"]}}],"collection":[{"href":"https:\/\/analyse.optim.biz\/index.php?rest_route=\/wp\/v2\/posts"}],"about":[{"href":"https:\/\/analyse.optim.biz\/index.php?rest_route=\/wp\/v2\/types\/post"}],"author":[{"embeddable":true,"href":"https:\/\/analyse.optim.biz\/index.php?rest_route=\/wp\/v2\/users\/1"}],"replies":[{"embeddable":true,"href":"https:\/\/analyse.optim.biz\/index.php?rest_route=%2Fwp%2Fv2%2Fcomments&post=2103802"}],"version-history":[{"count":0,"href":"https:\/\/analyse.optim.biz\/index.php?rest_route=\/wp\/v2\/posts\/2103802\/revisions"}],"wp:attachment":[{"href":"https:\/\/analyse.optim.biz\/index.php?rest_route=%2Fwp%2Fv2%2Fmedia&parent=2103802"}],"wp:term":[{"taxonomy":"category","embeddable":true,"href":"https:\/\/analyse.optim.biz\/index.php?rest_route=%2Fwp%2Fv2%2Fcategories&post=2103802"},{"taxonomy":"post_tag","embeddable":true,"href":"https:\/\/analyse.optim.biz\/index.php?rest_route=%2Fwp%2Fv2%2Ftags&post=2103802"}],"curies":[{"name":"wp","href":"https:\/\/api.w.org\/{rel}","templated":true}]}}