{"id":2103801,"date":"2026-08-19T14:27:30","date_gmt":"2026-08-19T11:27:30","guid":{"rendered":"https:\/\/analyse.optim.biz\/?p=2103801"},"modified":"2026-08-19T14:27:30","modified_gmt":"2026-08-19T11:27:30","slug":"s-au-dat-drept-politisti-antidrog-si-au-furat-90-000-de-lire-doi-barbati-au-fost-arestati","status":"publish","type":"post","link":"https:\/\/analyse.optim.biz\/?p=2103801","title":{"rendered":"S-au dat drept poli\u021bi\u0219ti antidrog \u0219i au furat 90.000 de lire. Doi b\u0103rba\u021bi au fost aresta\u021bi"},"content":{"rendered":"<p>[analyse_image type=&#8221;featured&#8221; src=&#8221;https:\/\/orasul-timisoara.ro\/wp-content\/uploads\/2026\/08\/Untitled-1-1.jpg&#8221;]<\/p>\n<article id=\"post-40364\" class=\"td-post-template-7 post-40364 post type-post status-publish format-standard has-post-thumbnail category-featured category-stiri-timisoara tag-90-000-de-lire-sterline tag-ancheta-2 tag-arestare-preventiva tag-fals-politisti tag-ipj-timis-2 tag-judecatoria-timisoara-2 tag-ortisoara-2 tag-parchetul-de-pe-langa-judecatoria-timisoara tag-periam tag-sanandrei-2 tag-sannicolau-mare-2 tag-stiri-timis-3 tag-talharie-calificata-2 tag-talharie-timis td-container-wrap\">\n<div class=\"td-full-screen-header-image-wrap\">\n<div class=\"td-container td-post-header\">\n<div class=\"td-crumb-container\">\n<div class=\"entry-crumbs\"><span><a title=\"Vede\u021bi toate articolele \u00een \u0218tiri Locale\" class=\"entry-crumb\" href=\"https:\/\/orasul-timisoara.ro\/local-category\/stiri-timisoara\/\">\u0218tiri Locale<\/a><\/span><span class=\"td-bred-no-url-last\">S-au dat drept poli\u021bi\u0219ti antidrog \u0219i au furat 90.000 de lire. Doi&#8230;<\/span><\/div>\n<\/div>\n<div class=\"td-post-header-holder\">\n<div class=\"td-parallax-header\">\n<header class=\"td-post-title\">\n<ul class=\"td-category\">\n<li class=\"entry-category\"><a href=\"https:\/\/orasul-timisoara.ro\/local-category\/stiri-timisoara\/\">\u0218tiri Locale<\/a><\/li>\n<\/ul>\n<h1 class=\"entry-title\">S-au dat drept poli\u021bi\u0219ti antidrog \u0219i au furat 90.000 de lire. Doi b\u0103rba\u021bi au fost aresta\u021bi<\/h1>\n<div class=\"td-module-meta-info\">\n<div class=\"td-post-author-name\">\n<div class=\"td-author-by\">De c\u0103tre<\/div>\n<p><a href=\"https:\/\/orasul-timisoara.ro\/author\/timisoara\/\">redactia<\/a><\/p>\n<div class=\"td-author-line\"> &#8211; <\/div>\n<\/div>\n<p><span class=\"td-post-date\"><time class=\"entry-date updated td-module-date\" datetime=\"2026-08-19T17:27:30+03:00\">19\/08\/2026<\/time><\/span><\/div>\n<\/header>\n<\/div>\n<\/div>\n<\/div>\n<div id=\"td-full-screen-header-image\" class=\"td-image-gradient-style7\"><img decoding=\"async\" class=\"td-backstretch\" src=\"https:\/\/orasul-timisoara.ro\/wp-content\/uploads\/2026\/08\/Untitled-1-1.jpg\"><\/div>\n<\/div>\n<div class=\"td-container\">\n<div class=\"td-pb-row\">\n<div class=\"td-pb-span8 td-main-content\" role=\"main\">\n<div class=\"td-ss-main-content\">\n<div class=\"td-post-sharing-top\">\n<div class=\"td-post-sharing-classic\"><iframe title=\"topFacebookLike\" frameborder src=\"https:\/\/www.facebook.com\/plugins\/like.php?href=https:\/\/orasul-timisoara.ro\/local-40364\/&amp;layout=button_count&amp;show_faces=false&amp;width=105&amp;action=like&amp;colorscheme=light&amp;height=21\"><\/iframe><\/div>\n<div id=\"td_social_sharing_article_top\" class=\"td-post-sharing td-ps-bg td-ps-notext td-post-sharing-style1 \">\n<div class=\"td-post-sharing-visible\"><a class=\"td-social-sharing-button td-social-sharing-button-js td-social-network td-social-facebook\" href=\"https:\/\/www.facebook.com\/sharer.php?u=https%3A%2F%2Forasul-timisoara.ro%2Flocal-40364%2F\" title=\"Facebook\"><\/p>\n<div class=\"td-social-but-text\">Facebook<\/div>\n<p><\/a><a class=\"td-social-sharing-button td-social-sharing-button-js td-social-network td-social-twitter\" href=\"https:\/\/twitter.com\/intent\/tweet?text=S-au+dat+drept+poli%C8%9Bi%C8%99ti+antidrog+%C8%99i+au+furat+90.000+de+lire.+Doi+b%C4%83rba%C8%9Bi+au+fost+aresta%C8%9Bi&amp;url=https%3A%2F%2Forasul-timisoara.ro%2Flocal-40364%2F&amp;via=orasultm\" title=\"Twitter\"><\/p>\n<div class=\"td-social-but-text\">Twitter<\/div>\n<p><\/a><a class=\"td-social-sharing-button td-social-sharing-button-js td-social-network td-social-whatsapp\" href=\"https:\/\/api.whatsapp.com\/send?text=S-au+dat+drept+poli%C8%9Bi%C8%99ti+antidrog+%C8%99i+au+furat+90.000+de+lire.+Doi+b%C4%83rba%C8%9Bi+au+fost+aresta%C8%9Bi%20%0A%0A%20https:\/\/orasul-timisoara.ro\/local-40364\/\" title=\"WhatsApp\"><\/p>\n<div class=\"td-social-but-text\">WhatsApp<\/div>\n<p><\/a><a class=\"td-social-sharing-button td-social-sharing-button-js td-social-network td-social-linkedin\" href=\"https:\/\/www.linkedin.com\/shareArticle?mini=true&amp;url=https:\/\/orasul-timisoara.ro\/local-40364\/&amp;title=S-au+dat+drept+poli%C8%9Bi%C8%99ti+antidrog+%C8%99i+au+furat+90.000+de+lire.+Doi+b%C4%83rba%C8%9Bi+au+fost+aresta%C8%9Bi\" title=\"Linkedin\"><\/p>\n<div class=\"td-social-but-text\">Linkedin<\/div>\n<p><\/a><a class=\"td-social-sharing-button td-social-sharing-button-js td-social-network td-social-reddit\" href=\"https:\/\/reddit.com\/submit?url=https:\/\/orasul-timisoara.ro\/local-40364\/&amp;title=S-au+dat+drept+poli%C8%9Bi%C8%99ti+antidrog+%C8%99i+au+furat+90.000+de+lire.+Doi+b%C4%83rba%C8%9Bi+au+fost+aresta%C8%9Bi\" title=\"ReddIt\"><\/p>\n<div class=\"td-social-but-text\">ReddIt<\/div>\n<p><\/a><a class=\"td-social-sharing-button td-social-sharing-button-js td-social-network td-social-mail\" href=\"mailto:?subject=S-au%20dat%20drept%20poli%C8%9Bi%C8%99ti%20antidrog%20%C8%99i%20au%20furat%2090.000%20de%20lire.%20Doi%20b%C4%83rba%C8%9Bi%20au%20fost%20aresta%C8%9Bi&amp;body=https:\/\/orasul-timisoara.ro\/local-40364\/\" title=\"Email\"><\/p>\n<div class=\"td-social-but-text\">Email<\/div>\n<p><\/a><a class=\"td-social-sharing-button td-social-sharing-button-js td-social-network td-social-print\" href=\"https:\/\/orasul-timisoara.ro\/local-40364\/\" title=\"Imprimare\"><\/p>\n<div class=\"td-social-but-text\">Imprimare<\/div>\n<p><\/a><\/div>\n<\/div>\n<\/div>\n<div class=\"td-post-content tagdiv-type\">\n<p class=\"wp-block-paragraph\">Patru persoane sunt cercetate de poli\u021bi\u0219tii timi\u0219eni \u00eentr-un dosar de t\u00e2lh\u0103rie calificat\u0103, dup\u0103 ce dou\u0103 dintre acestea ar fi oprit o autoutilitar\u0103 \u00een Or\u021bi\u0219oara, simul\u00e2nd un control efectuat de poli\u021bi\u0219ti antidrog, \u0219i ar fi furat 90.000 de lire sterline. Doi dintre suspec\u021bi, \u00een v\u00e2rst\u0103 de 47 \u0219i 45 de ani, au fost aresta\u021bi preventiv pentru 30 de zile, iar ancheta continu\u0103 pentru stabilirea rolului celorlalte dou\u0103 persoane \u0219i recuperarea prejudiciului.<\/p>\n<h2 class=\"wp-block-heading\">Fals control de poli\u021bie \u00een Or\u021bi\u0219oara<\/h2>\n<p class=\"wp-block-paragraph\">Incidentul a avut loc \u00een diminea\u021ba zilei de 17 august 2026, \u00een jurul orei 05:40, pe raza localit\u0103\u021bii Or\u021bi\u0219oara. Poli\u021bi\u0219tii din cadrul Sec\u021biei 3 Poli\u021bie Rural\u0103 S\u00e2nandrei au fost sesiza\u021bi prin num\u0103rul de urgen\u021b\u0103 112 dup\u0103 ce dou\u0103 persoane aflate \u00eentr-un autoturism ar fi oprit o autoutilitar\u0103 \u00een care se aflau alte dou\u0103 persoane.<\/p>\n<p class=\"wp-block-paragraph\">Potrivit anchetatorilor, suspec\u021bii ar fi pretins c\u0103 sunt lucr\u0103tori de poli\u021bie din cadrul unei structuri antidrog. Sub pretextul efectu\u0103rii unui control, ace\u0219tia ar fi verificat aparent autovehiculul, moment \u00een care ar fi sustras suma de 90.000 de lire sterline.<\/p>\n<p class=\"wp-block-paragraph\">Dup\u0103 comiterea faptei, cele dou\u0103 persoane ar fi p\u0103r\u0103sit zona cu autoturismul folosit la interven\u021bie.<\/p>\n<h2 class=\"wp-block-heading\">Ma\u0219ina folosit\u0103 la t\u00e2lh\u0103rie, g\u0103sit\u0103 \u00een Periam<\/h2>\n<p class=\"wp-block-paragraph\">Poli\u021bi\u0219tii au declan\u0219at imediat activit\u0103\u021bile de cercetare, iar autoturismul despre care exist\u0103 indicii c\u0103 ar fi fost folosit la comiterea faptei a fost identificat pe raza localit\u0103\u021bii Periam de poli\u021bi\u0219tii din cadrul Poli\u021biei Ora\u0219ului S\u00e2nnicolau Mare.<\/p>\n<p class=\"wp-block-paragraph\">\u00cen urma controlului efectuat asupra ma\u0219inii, anchetatorii au descoperit sume de bani, o insign\u0103, o legitima\u021bie, o pereche de c\u0103tu\u0219e \u0219i o arm\u0103 scurt\u0103 neletal\u0103 supus\u0103 autoriz\u0103rii.<\/p>\n<p class=\"wp-block-paragraph\">\u00cen autoturism au mai fost g\u0103site \u0219i alte obiecte despre care poli\u021bi\u0219tii consider\u0103 c\u0103 ar fi putut fi utilizate pentru simularea calit\u0103\u021bii oficiale de poli\u021bist.<\/p>\n<h2 class=\"wp-block-heading\">Doi b\u0103rba\u021bi au fost aresta\u021bi preventiv<\/h2>\n<p class=\"wp-block-paragraph\">\u00cen urma probatoriului administrat, procurorul de caz din cadrul Parchetului de pe l\u00e2ng\u0103 Judec\u0103toria Timi\u0219oara a dispus, pe 18 august, punerea \u00een mi\u0219care a ac\u021biunii penale fa\u021b\u0103 de doi b\u0103rba\u021bi, unul \u00een v\u00e2rst\u0103 de 47 de ani \u0219i cel\u0103lalt de 45 de ani.<\/p>\n<p class=\"wp-block-paragraph\">Cei doi sunt cerceta\u021bi pentru t\u00e2lh\u0103rie calificat\u0103. \u00cen cazul b\u0103rbatului de 47 de ani, anchetatorii au re\u021binut \u0219i infrac\u021biunea de nerespectare a regimului armelor \u0219i muni\u021biilor.<\/p>\n<p class=\"wp-block-paragraph\">Procurorul de caz a solicitat arestarea preventiv\u0103 a celor doi pentru 30 de zile. Propunerea a fost admis\u0103 \u00een aceea\u0219i zi de judec\u0103torul de drepturi \u0219i libert\u0103\u021bi din cadrul Judec\u0103toriei Timi\u0219oara.<\/p>\n<h2 class=\"wp-block-heading\">Alte dou\u0103 persoane, vizate de anchet\u0103<\/h2>\n<p class=\"wp-block-paragraph\">Investiga\u021bia nu s-a oprit \u00eens\u0103 la cei doi b\u0103rba\u021bi aresta\u021bi. Poli\u021bi\u0219tii Serviciului de Investiga\u021bii Criminale au identificat alte dou\u0103 persoane despre care exist\u0103 indicii privind implicarea \u00een activitatea infrac\u021bional\u0103.<\/p>\n<p class=\"wp-block-paragraph\">Fa\u021b\u0103 de una dintre acestea a fost dispus\u0103 m\u0103sura re\u021binerii pentru 24 de ore, pentru infrac\u021biunea de instigare la t\u00e2lh\u0103rie calificat\u0103. Persoana urmeaz\u0103 s\u0103 fie prezentat\u0103 Parchetului de pe l\u00e2ng\u0103 Judec\u0103toria Timi\u0219oara, cu propunere pentru luarea unei m\u0103suri preventive.<\/p>\n<p class=\"wp-block-paragraph\">\u00cen ceea ce prive\u0219te cea de-a doua persoan\u0103 identificat\u0103 de anchetatori, cercet\u0103rile continu\u0103 pentru stabilirea exact\u0103 a participa\u021biei acesteia la activitatea infrac\u021bional\u0103.<\/p>\n<h2 class=\"wp-block-heading\">Poli\u021bi\u0219tii \u00eencearc\u0103 s\u0103 recupereze \u00eentregul prejudiciu<\/h2>\n<p class=\"wp-block-paragraph\">Cercet\u0103rile sunt continuate de poli\u021bi\u0219tii Serviciului de Investiga\u021bii Criminale din cadrul IPJ Timi\u0219, sub coordonarea procurorului de caz.<\/p>\n<p class=\"wp-block-paragraph\">Anchetatorii urm\u0103resc stabilirea tuturor \u00eemprejur\u0103rilor \u00een care a fost comis\u0103 fapta, clarificarea rolului fiec\u0103rei persoane implicate \u0219i recuperarea \u00eentregului prejudiciu de 90.000 de lire sterline.<\/p>\n<p class=\"wp-block-paragraph\">\u00cen cazul persoanelor cercetate, m\u0103surile dispuse \u00een cadrul anchetei nu reprezint\u0103 o stabilire a vinov\u0103\u021biei. Acestea beneficiaz\u0103 de prezum\u021bia de nevinov\u0103\u021bie p\u00e2n\u0103 la pronun\u021barea unei hot\u0103r\u00e2ri definitive de condamnare.<\/p>\n<\/div>\n<footer>\n<div class=\"td-post-source-tags\">\n<ul class=\"td-tags td-post-small-box clearfix\">\n<li><span>ETICHETE<\/span><\/li>\n<li><a href=\"https:\/\/orasul-timisoara.ro\/local-tag\/90-000-de-lire-sterline\/\">90.000 de lire sterline<\/a><\/li>\n<li><a href=\"https:\/\/orasul-timisoara.ro\/local-tag\/ancheta-2\/\">anchet\u0103<\/a><\/li>\n<li><a href=\"https:\/\/orasul-timisoara.ro\/local-tag\/arestare-preventiva\/\">arestare preventiv\u0103<\/a><\/li>\n<li><a href=\"https:\/\/orasul-timisoara.ro\/local-tag\/fals-politisti\/\">fals poli\u021bi\u0219ti<\/a><\/li>\n<li><a href=\"https:\/\/orasul-timisoara.ro\/local-tag\/ipj-timis-2\/\">IPJ Timi\u0219<\/a><\/li>\n<li><a href=\"https:\/\/orasul-timisoara.ro\/local-tag\/judecatoria-timisoara-2\/\">Judec\u0103toria Timi\u0219oara<\/a><\/li>\n<li><a href=\"https:\/\/orasul-timisoara.ro\/local-tag\/ortisoara-2\/\">Or\u021bi\u0219oara<\/a><\/li>\n<li><a href=\"https:\/\/orasul-timisoara.ro\/local-tag\/parchetul-de-pe-langa-judecatoria-timisoara\/\">Parchetul de pe l\u00e2ng\u0103 Judec\u0103toria Timi\u0219oara<\/a><\/li>\n<li><a href=\"https:\/\/orasul-timisoara.ro\/local-tag\/periam\/\">periam<\/a><\/li>\n<li><a href=\"https:\/\/orasul-timisoara.ro\/local-tag\/sanandrei-2\/\">S\u00e2nandrei<\/a><\/li>\n<li><a href=\"https:\/\/orasul-timisoara.ro\/local-tag\/sannicolau-mare-2\/\">S\u00e2nnicolau Mare<\/a><\/li>\n<li><a href=\"https:\/\/orasul-timisoara.ro\/local-tag\/stiri-timis-3\/\">\u0218tiri Timi\u0219<\/a><\/li>\n<li><a href=\"https:\/\/orasul-timisoara.ro\/local-tag\/talharie-calificata-2\/\">t\u00e2lh\u0103rie calificat\u0103<\/a><\/li>\n<li><a href=\"https:\/\/orasul-timisoara.ro\/local-tag\/talharie-timis\/\">t\u00e2lh\u0103rie Timi\u0219<\/a><\/li>\n<\/ul>\n<\/div>\n<div class=\"td-post-sharing-bottom\">\n<div class=\"td-post-sharing-classic\"><iframe title=\"bottomFacebookLike\" frameborder src=\"https:\/\/www.facebook.com\/plugins\/like.php?href=https:\/\/orasul-timisoara.ro\/local-40364\/&amp;layout=button_count&amp;show_faces=false&amp;width=105&amp;action=like&amp;colorscheme=light&amp;height=21\"><\/iframe><\/div>\n<div id=\"td_social_sharing_article_bottom\" class=\"td-post-sharing td-ps-bg td-ps-notext td-post-sharing-style1 \">\n<div class=\"td-post-sharing-visible\"><a class=\"td-social-sharing-button td-social-sharing-button-js td-social-network td-social-facebook\" href=\"https:\/\/www.facebook.com\/sharer.php?u=https%3A%2F%2Forasul-timisoara.ro%2Flocal-40364%2F\" title=\"Facebook\"><\/p>\n<div class=\"td-social-but-text\">Facebook<\/div>\n<p><\/a><a class=\"td-social-sharing-button td-social-sharing-button-js td-social-network td-social-twitter\" href=\"https:\/\/twitter.com\/intent\/tweet?text=S-au+dat+drept+poli%C8%9Bi%C8%99ti+antidrog+%C8%99i+au+furat+90.000+de+lire.+Doi+b%C4%83rba%C8%9Bi+au+fost+aresta%C8%9Bi&amp;url=https%3A%2F%2Forasul-timisoara.ro%2Flocal-40364%2F&amp;via=orasultm\" title=\"Twitter\"><\/p>\n<div class=\"td-social-but-text\">Twitter<\/div>\n<p><\/a><a class=\"td-social-sharing-button td-social-sharing-button-js td-social-network td-social-whatsapp\" href=\"https:\/\/api.whatsapp.com\/send?text=S-au+dat+drept+poli%C8%9Bi%C8%99ti+antidrog+%C8%99i+au+furat+90.000+de+lire.+Doi+b%C4%83rba%C8%9Bi+au+fost+aresta%C8%9Bi%20%0A%0A%20https:\/\/orasul-timisoara.ro\/local-40364\/\" title=\"WhatsApp\"><\/p>\n<div class=\"td-social-but-text\">WhatsApp<\/div>\n<p><\/a><a class=\"td-social-sharing-button td-social-sharing-button-js td-social-network td-social-linkedin\" href=\"https:\/\/www.linkedin.com\/shareArticle?mini=true&amp;url=https:\/\/orasul-timisoara.ro\/local-40364\/&amp;title=S-au+dat+drept+poli%C8%9Bi%C8%99ti+antidrog+%C8%99i+au+furat+90.000+de+lire.+Doi+b%C4%83rba%C8%9Bi+au+fost+aresta%C8%9Bi\" title=\"Linkedin\"><\/p>\n<div class=\"td-social-but-text\">Linkedin<\/div>\n<p><\/a><a class=\"td-social-sharing-button td-social-sharing-button-js td-social-network td-social-reddit\" href=\"https:\/\/reddit.com\/submit?url=https:\/\/orasul-timisoara.ro\/local-40364\/&amp;title=S-au+dat+drept+poli%C8%9Bi%C8%99ti+antidrog+%C8%99i+au+furat+90.000+de+lire.+Doi+b%C4%83rba%C8%9Bi+au+fost+aresta%C8%9Bi\" title=\"ReddIt\"><\/p>\n<div class=\"td-social-but-text\">ReddIt<\/div>\n<p><\/a><a class=\"td-social-sharing-button td-social-sharing-button-js td-social-network td-social-mail\" href=\"mailto:?subject=S-au%20dat%20drept%20poli%C8%9Bi%C8%99ti%20antidrog%20%C8%99i%20au%20furat%2090.000%20de%20lire.%20Doi%20b%C4%83rba%C8%9Bi%20au%20fost%20aresta%C8%9Bi&amp;body=https:\/\/orasul-timisoara.ro\/local-40364\/\" title=\"Email\"><\/p>\n<div class=\"td-social-but-text\">Email<\/div>\n<p><\/a><a class=\"td-social-sharing-button td-social-sharing-button-js td-social-network td-social-print\" href=\"https:\/\/orasul-timisoara.ro\/local-40364\/\" title=\"Imprimare\"><\/p>\n<div class=\"td-social-but-text\">Imprimare<\/div>\n<p><\/a><\/div>\n<\/div>\n<\/div>\n<div class=\"td-block-row td-post-next-prev\">\n<div class=\"td-block-span6 td-post-prev-post\">\n<div class=\"td-post-next-prev-content\"><span>Articolul precedent<\/span><a href=\"https:\/\/orasul-timisoara.ro\/local-40355\/\">Ambulatoriul Spitalului Municipal Timi\u0219oara are o nou\u0103 loca\u021bie. Ce specialit\u0103\u021bi sunt disponibile<\/a><\/div>\n<\/div>\n<div class=\"td-block-span6 td-post-next-post\">\n<div class=\"td-post-next-prev-content\"><span>Articolul urm\u0103tor<\/span><a href=\"https:\/\/orasul-timisoara.ro\/local-40367\/\">Investi\u021bii \u00een infrastructur\u0103, transport \u0219colar \u0219i pista de biciclete Timi\u0219oara\u2013Dumbr\u0103vi\u021ba\u2013Giarmata, pe masa CJ Timi\u0219<\/a><\/div>\n<\/div>\n<\/div>\n<div class=\"td-author-name vcard author\"><span class=\"fn\"><a href=\"https:\/\/orasul-timisoara.ro\/author\/timisoara\/\">redactia<\/a><\/span><\/div>\n<p><span class=\"td-page-meta\"><\/span><span class=\"td-page-meta\"><span class=\"td-page-meta\"><\/span><\/span><span class=\"td-page-meta\"><\/span><\/footer>\n<div class=\"td_block_wrap td_block_related_posts tdi_3 td_with_ajax_pagination td-pb-border-top td_block_template_8\" data-td-block-uid=\"tdi_3\">\n<h4 class=\"td-related-title td-block-title\"><a id=\"tdi_4\" class=\"td-related-left td-cur-simple-item\" data-td_filter_value data-td_block_id=\"tdi_3\" href=\"https:\/\/orasul-timisoara.ro\/local-40364\/\">ARTICOLE SIMILARE<\/a><a id=\"tdi_5\" class=\"td-related-right\" data-td_filter_value=\"td_related_more_from_author\" data-td_block_id=\"tdi_3\" href=\"https:\/\/orasul-timisoara.ro\/local-40364\/\">DE LA ACELA\u0218I AUTOR<\/a><\/h4>\n<div id=\"tdi_3\" class=\"td_block_inner\">\n<div class=\"td-related-row\">\n<div class=\"td-related-span4\">\n<div class=\"td_module_related_posts td-animation-stack td_mod_related_posts\">\n<div class=\"td-module-image\">\n<div class=\"td-module-thumb\"><a href=\"https:\/\/orasul-timisoara.ro\/local-40025\/\" rel=\"bookmark\" class=\"td-image-wrap \" title=\"Razie pe DN 6 \u00een Timi\u0219: 151 de amenzi \u0219i nou\u0103 permise re\u021binute (foto)\"><img loading=\"lazy\" decoding=\"async\" class=\"entry-thumb\" src=\"https:\/\/orasul-timisoara.ro\/wp-content\/uploads\/2026\/08\/WhatsApp-Image-2026-08-04-at-09.21.52-436x300.jpg\" alt title=\"Razie pe DN 6 \u00een Timi\u0219: 151 de amenzi \u0219i nou\u0103 permise re\u021binute (foto)\" width=\"218\" height=\"150\"><\/a><\/div>\n<\/div>\n<div class=\"item-details\">\n<h3 class=\"entry-title td-module-title\"><a href=\"https:\/\/orasul-timisoara.ro\/local-40025\/\" rel=\"bookmark\" title=\"Razie pe DN 6 \u00een Timi\u0219: 151 de amenzi \u0219i nou\u0103 permise re\u021binute (foto)\">Razie pe DN 6 \u00een Timi\u0219: 151 de amenzi \u0219i nou\u0103 permise re\u021binute (foto)<\/a><\/h3>\n<\/div>\n<\/div>\n<\/div>\n<div class=\"td-related-span4\">\n<div class=\"td_module_related_posts td-animation-stack td_mod_related_posts\">\n<div class=\"td-module-image\">\n<div class=\"td-module-thumb\"><a href=\"https:\/\/orasul-timisoara.ro\/local-40000\/\" rel=\"bookmark\" class=\"td-image-wrap \" title=\"\u0218oferi inteligen\u021bi : accident cu cinci ma\u0219ini pe DN 59A, \u00eentre Timi\u0219oara \u0219i S\u0103c\u0103laz\"><img loading=\"lazy\" decoding=\"async\" class=\"entry-thumb\" src=\"https:\/\/orasul-timisoara.ro\/wp-content\/uploads\/2026\/08\/WhatsApp-Image-2026-08-04-at-11.02.42-436x300.jpg\" alt title=\"\u0218oferi inteligen\u021bi : accident cu cinci ma\u0219ini pe DN 59A, \u00eentre Timi\u0219oara \u0219i S\u0103c\u0103laz\" width=\"218\" height=\"150\"><\/a><\/div>\n<\/div>\n<div class=\"item-details\">\n<h3 class=\"entry-title td-module-title\"><a href=\"https:\/\/orasul-timisoara.ro\/local-40000\/\" rel=\"bookmark\" title=\"\u0218oferi inteligen\u021bi : accident cu cinci ma\u0219ini pe DN 59A, \u00eentre Timi\u0219oara \u0219i S\u0103c\u0103laz\">\u0218oferi inteligen\u021bi : accident cu cinci ma\u0219ini pe DN 59A, \u00eentre Timi\u0219oara \u0219i S\u0103c\u0103laz<\/a><\/h3>\n<\/div>\n<\/div>\n<\/div>\n<div class=\"td-related-span4\">\n<div class=\"td_module_related_posts td-animation-stack td_mod_related_posts\">\n<div class=\"td-module-image\">\n<div class=\"td-module-thumb\"><a href=\"https:\/\/orasul-timisoara.ro\/local-39910\/\" rel=\"bookmark\" class=\"td-image-wrap \" title=\"Adolescent de 16 ani din Timi\u0219 \u0219i-a reclamat tat\u0103l vitreg la 112 dup\u0103 amenin\u021b\u0103ri\"><img loading=\"lazy\" decoding=\"async\" class=\"entry-thumb\" src=\"https:\/\/orasul-timisoara.ro\/wp-content\/uploads\/2021\/08\/catuse-politie-retinere.jpg\" alt title=\"Adolescent de 16 ani din Timi\u0219 \u0219i-a reclamat tat\u0103l vitreg la 112 dup\u0103 amenin\u021b\u0103ri\" width=\"218\" height=\"150\"><\/a><\/div>\n<\/div>\n<div class=\"item-details\">\n<h3 class=\"entry-title td-module-title\"><a href=\"https:\/\/orasul-timisoara.ro\/local-39910\/\" rel=\"bookmark\" title=\"Adolescent de 16 ani din Timi\u0219 \u0219i-a reclamat tat\u0103l vitreg la 112 dup\u0103 amenin\u021b\u0103ri\">Adolescent de 16 ani din Timi\u0219 \u0219i-a reclamat tat\u0103l vitreg la 112 dup\u0103 amenin\u021b\u0103ri<\/a><\/h3>\n<\/div>\n<\/div>\n<\/div>\n<\/div>\n<\/div>\n<\/div>\n<div class=\"comments\" id=\"comments\">\n<div id=\"respond\" class=\"comment-respond\">\n<h3 id=\"reply-title\" class=\"comment-reply-title\">L\u0102SA\u021aI UN MESAJ<\/h3>\n<div class=\"comment-form-input-wrap td-form-comment\">\n<div class=\"td-warning-comment\">V\u0103 rug\u0103m s\u0103 introduce\u021bi comentariul dvs.!<\/div>\n<\/div>\n<div class=\"comment-form-input-wrap td-form-author\">\n<div class=\"td-warning-author\">Introduce\u021bi aici numele dvs.<\/div>\n<\/div>\n<div class=\"comment-form-input-wrap td-form-email\">\n<div class=\"td-warning-email-error\">A\u021bi introdus o adres\u0103 de e-mail incorect\u0103!<\/div>\n<div class=\"td-warning-email\">V\u0103 rug\u0103m s\u0103 introduce\u021bi adresa dvs. de e-mail aici<\/div>\n<\/div>\n<\/div>\n<p class=\"akismet_comment_form_privacy_notice\">Acest site folose\u0219te Akismet pentru a reduce spamul. <a href=\"https:\/\/akismet.com\/privacy\/\" target=\"_blank\" rel=\"nofollow noopener\">Afl\u0103 cum sunt procesate datele comentariilor tale<\/a>.<\/p>\n<\/div>\n<\/div>\n<\/div>\n<div class=\"td-pb-span4 td-main-sidebar\" role=\"complementary\">\n<div class=\"td-ss-main-sidebar\">\n<aside id=\"block-4\" class=\"td_block_template_8 widget block-4 widget_block widget_media_image\">\n<figure class=\"wp-block-image size-full\"><img loading=\"lazy\" decoding=\"async\" width=\"336\" height=\"280\" src=\"https:\/\/orasul-timisoara.ro\/wp-content\/uploads\/2024\/11\/ReTIM-Abonamentul-Verde-Google-Ads-336x280px.gif\" alt class=\"wp-image-29257\"><\/figure>\n<\/aside>\n<div class=\"td_block_wrap td_block_social_counter td_block_widget tdi_6 td-social-style5 td-social-boxed td-pb-border-top td_block_template_8\">\n<div class=\"td-block-title-wrap\">\n<h4 class=\"td-block-title\"><span>Urm\u0103re\u0219te-ne pe Social Media<\/span><\/h4>\n<\/div>\n<div class=\"td-social-list\">\n<div class=\"td_social_type td-pb-margin-side td_social_facebook\">\n<div class=\"td-social-box\"><span class=\"td_social_info td_social_info_counter\">344,595<\/span><span class=\"td_social_info td_social_info_name\">Fani<\/span><span class=\"td_social_button\"><a href=\"https:\/\/www.facebook.com\/247timisoara\" target=\"_blank\" rel=\"nofollow\">\u00cemi place<\/a><\/span><\/div>\n<\/div>\n<div class=\"td_social_type td-pb-margin-side td_social_instagram\">\n<div class=\"td-social-box\"><span class=\"td_social_info td_social_info_counter\">4,416<\/span><span class=\"td_social_info td_social_info_name\">Cititori<\/span><span class=\"td_social_button\"><a href=\"https:\/\/instagram.com\/orasultimisoararo\/\" target=\"_blank\" rel=\"nofollow\">Conecta\u021bi-v\u0103<\/a><\/span><\/div>\n<\/div>\n<div class=\"td_social_type td-pb-margin-side td_social_rss\">\n<div class=\"td-social-box\"><span class=\"td_social_info td_social_info_counter\">12,506<\/span><span class=\"td_social_info td_social_info_name\">Cititori<\/span><span class=\"td_social_button\"><a href=\"https:\/\/orasul-timisoara.ro\/feed\/\" target=\"_blank\" rel=\"nofollow\">Conecta\u021bi-v\u0103<\/a><\/span><\/div>\n<\/div>\n<div class=\"td_social_type td-pb-margin-side td_social_tiktok\">\n<div class=\"td-social-box\"><span class=\"td_social_info td_social_info_counter\">1,500<\/span><span class=\"td_social_info td_social_info_name\">Cititori<\/span><span class=\"td_social_button\"><a href=\"https:\/\/www.tiktok.com\/@orasultimisoara\" target=\"_blank\" rel=\"nofollow\">Conecta\u021bi-v\u0103<\/a><\/span><\/div>\n<\/div>\n<div class=\"td_social_type td-pb-margin-side td_social_twitter\">\n<div class=\"td-social-box\"><span class=\"td_social_info td_social_info_counter\">1,595<\/span><span class=\"td_social_info td_social_info_name\">Cititori<\/span><span class=\"td_social_button\"><a href=\"https:\/\/twitter.com\/orasultm\" target=\"_blank\" rel=\"nofollow\">Conecta\u021bi-v\u0103<\/a><\/span><\/div>\n<\/div>\n<div class=\"td_social_type td-pb-margin-side td_social_youtube\">\n<div class=\"td-social-box\"><span class=\"td_social_info td_social_info_counter\">3,506<\/span><span class=\"td_social_info td_social_info_name\">Abona\u021bi<\/span><span class=\"td_social_button\"><a href=\"https:\/\/www.youtube.com\/channel\/UCQNsQvs2XCSIm1Z-AHRturw?sub_confirmation=1\" target=\"_blank\" rel=\"nofollow\">Abona\u021bi-v\u0103<\/a><\/span><\/div>\n<\/div>\n<\/div>\n<\/div>\n<aside id=\"text-7\" class=\"td_block_template_8 widget text-7 widget_text\">\n<h4 class=\"td-block-title\"><span>C\u0103ut\u0103ri populare pe OTM<\/span><\/h4>\n<div class=\"textwidget\"><a href=\"https:\/\/orasul-timisoara.ro\/?s=timisoara\"><span>Timisoara<\/span><\/a><a href=\"https:\/\/orasul-timisoara.ro\/?s=calin+dobra\"><span>Calin Dobra<\/span><\/a><a href=\"https:\/\/orasul-timisoara.ro\/?s=primaria+timisoara\"><span>Primaria Timisoara<\/span><\/a><a href=\"https:\/\/orasul-timisoara.ro\/?s=dominic+fritz\"><span>Dominic Fritz<\/span><\/a><a href=\"https:\/\/orasul-timisoara.ro\/?s=nicolae+robu\"><span>Nicolae Robu<\/span><\/a><a href=\"https:\/\/orasul-timisoara.ro\/?s=consiliul+local+timisoara\">Consiliul Local Timisoara<\/a><a href=\"https:\/\/orasul-timisoara.ro\/?s=consiliul+judetean+timis\"><span>Consiliul Judetean Timis<\/span><\/a><a href=\"https:\/\/orasul-timisoara.ro\/?s=cjt\"><span>CJT<\/span><\/a><a href=\"https:\/\/orasul-timisoara.ro\/?s=Alfred+Simonis\"><span>Alfred Simonis<\/span><\/a><a href=\"https:\/\/orasul-timisoara.ro\/?s=PNL\"><span>PNL<\/span><\/a><a href=\"https:\/\/orasul-timisoara.ro\/?s=coronavirus\"><span>coronavirus<\/span><\/a><a href=\"https:\/\/orasul-timisoara.ro\/?s=teatru+timisoara\">teatru Timisoara<\/a><a href=\"https:\/\/orasul-timisoara.ro\/?s=restaurante\"><span>restaurante Timisoara<\/span><\/a><a href=\"https:\/\/orasul-timisoara.ro\/?s=diskoteka\"><span>Diskoteka<\/span><\/a><a href=\"https:\/\/orasul-timisoara.ro\/?s=iulius+town\"><span>Iulius Town<\/span><\/a><a href=\"https:\/\/orasul-timisoara.ro\/?s=iulius+mall\"><span>Iulius Mall<\/span><\/a><a href=\"https:\/\/orasul-timisoara.ro\/?s=stpt\"><span>STPT<\/span><\/a><a href=\"https:\/\/orasul-timisoara.ro\/?s=alin+nica\"><span>Alin Nica<\/span><\/a><a href=\"https:\/\/orasul-timisoara.ro\/?s=psd\"><span>PSD<\/span><\/a><a href=\"https:\/\/orasul-timisoara.ro\/?s=aeroport\"><span>Aeroportul International Timisoara<\/span><\/a><a href=\"https:\/\/orasul-timisoara.ro\/?s=babes\"><span>Spitalul Victor Babes Timisoara<\/span><\/a><a href=\"https:\/\/orasul-timisoara.ro\/?s=poli\"><span>Poli Timi\u0219oara<\/span><\/a><a href=\"https:\/\/orasul-timisoara.ro\/?s=carantina\"><span>carantina<\/span><\/a><a href=\"https:\/\/orasul-timisoara.ro\/?s=aquatim\"><span>Aquatim<\/span><\/a><a href=\"https:\/\/orasul-timisoara.ro\/local-category\/stiri-timisoara\/\"><span>Stiri Timisoara<\/span><\/a><a href=\"https:\/\/orasul-timisoara.ro\/local-category\/investitii-in-timisoara\/\"><span>Investi\u021bii in Timi\u0219oara<\/span><\/a><a href=\"https:\/\/orasul-timisoara.ro\/local-9463\/\"><span>shaorma<\/span><\/a><a href=\"https:\/\/orasul-timisoara.ro\/?s=trafic\"><span>trafic rutier<\/span><\/a><a href=\"https:\/\/orasul-timisoara.ro\/?s=politia\"><span>politia locala timisoara<\/span><\/a><a href=\"https:\/\/orasul-timisoara.ro\/?s=roxana\"><span>Roxana Iliescu<\/span><\/a><a href=\"https:\/\/orasul-timisoara.ro\/?s=colterm\"><span>Colterm<\/span><\/a><a href=\"https:\/\/orasul-timisoara.ro\/?s=latcau\"><span>Ruben La\u021bc\u0103u<\/span><\/a><a href=\"https:\/\/orasul-timisoara.ro\/?s=timis\"><span>\u0218tiri din Timi\u0219<\/span><\/a><a href=\"https:\/\/orasul-timisoara.ro\/?s=spital\"><span>Spitale din Timi\u0219oara<\/span><\/a><a href=\"https:\/\/orasul-timisoara.ro\/?s=tabara\"><span>Cosmin Tab\u0103r\u0103<\/span><\/a><\/div>\n<\/aside>\n<aside id=\"rss-2\" class=\"td_block_template_8 widget rss-2 widget_rss\">\n<h4 class=\"td-block-title\"><span><a class=\"rsswidget rss-widget-feed\" href=\"https:\/\/fashionfridays.ro\/feed\"><img decoding=\"async\" class=\"rss-widget-icon\" width=\"14\" height=\"14\" src=\"https:\/\/orasul-timisoara.ro\/wp-includes\/images\/rss.png\" alt=\"Flux RSS: Fashion Fridays\" loading=\"lazy\"><\/a><a class=\"rsswidget rss-widget-title\" href=\"https:\/\/fashionfridays.ro\/\">Fashion Fridays<\/a><\/span><\/h4>\n<ul>\n<li><a class=\"rsswidget\" href=\"https:\/\/fashionfridays.ro\/romania-devine-a-29-a-piata-vogue-o-noua-era-pentru-industria-locala-de-moda\/\">Rom\u00e2nia devine a 29-a pia\u021b\u0103 Vogue: o nou\u0103 er\u0103 pentru industria local\u0103 de mod\u0103<\/a>\n<div class=\"rssSummary\">Revista Vogue \u00ee\u0219i extinde prezen\u021ba global\u0103 \u0219i va fi lansat\u0103 oficial \u00een Rom\u00e2nia \u00een prim\u0103vara anului 2027, marc\u00e2nd intrarea pe cea de-a 29-a pia\u021b\u0103 interna\u021bional\u0103. Proiectul este realizat \u00een parteneriat cu AEMME Publishing, o companie media recent \u00eenfiin\u021bat\u0103, care va publica edi\u021bia local\u0103 sub licen\u021b\u0103. Noua edi\u021bie, Vogue Rom\u00e2nia, \u00ee\u0219i propune s\u0103 combine autoritatea global\u0103 [\u2026]<\/div>\n<\/li>\n<\/ul>\n<\/aside>\n<aside id=\"rss-4\" class=\"td_block_template_8 widget rss-4 widget_rss\">\n<h4 class=\"td-block-title\"><span><a class=\"rsswidget rss-widget-feed\" href=\"https:\/\/emasini.ro\/feed\"><img decoding=\"async\" class=\"rss-widget-icon\" width=\"14\" height=\"14\" src=\"https:\/\/orasul-timisoara.ro\/wp-includes\/images\/rss.png\" alt=\"Flux RSS: eMasini\" loading=\"lazy\"><\/a><a class=\"rsswidget rss-widget-title\" href=\"https:\/\/emasini.ro\/\">eMasini<\/a><\/span><\/h4>\n<ul>\n<li><a class=\"rsswidget\" href=\"https:\/\/emasini.ro\/adio-bordurilor-pline-de-ecrane-mercedes-benz-readuce-butoanele-in-noile-masini-produse\/\">Adio bordurilor pline de ecrane? Mercedes-Benz readuce butoanele \u00een noile ma\u0219ini produse<\/a>\n<div class=\"rssSummary\">Mercedes-Benz \u00ee\u0219i schimb\u0103 direc\u021bia \u00een ceea ce prive\u0219te designul interioarelor \u0219i va readuce comenzile fizice pentru anumite func\u021bii importante. Constructorul german nu renun\u021b\u0103 la ecranele mari \u0219i la tehnologiile digitale, dar recunoa\u0219te c\u0103 a mers prea departe prin eliminarea unor butoane \u0219i comenzi tactile. Ola K\u00e4llenius, pre\u0219edintele Consiliului de Administra\u021bie al Mercedes-Benz Group \u0219i CEO [\u2026]<\/div>\n<\/li>\n<\/ul>\n<\/aside>\n<\/div>\n<\/div>\n<\/div>\n<\/div>\n<\/article>\n<div class=\"td-post-content tagdiv-type\">\n<p class=\"wp-block-paragraph\">Patru persoane sunt cercetate de poli\u021bi\u0219tii timi\u0219eni \u00eentr-un dosar de t\u00e2lh\u0103rie calificat\u0103, dup\u0103 ce dou\u0103 dintre acestea ar fi oprit o autoutilitar\u0103 \u00een Or\u021bi\u0219oara, simul\u00e2nd un control efectuat de poli\u021bi\u0219ti antidrog, \u0219i ar fi furat 90.000 de lire sterline. Doi dintre suspec\u021bi, \u00een v\u00e2rst\u0103 de 47 \u0219i 45 de ani, au fost aresta\u021bi preventiv pentru 30 de zile, iar ancheta continu\u0103 pentru stabilirea rolului celorlalte dou\u0103 persoane \u0219i recuperarea prejudiciului.<\/p>\n<h2 class=\"wp-block-heading\">Fals control de poli\u021bie \u00een Or\u021bi\u0219oara<\/h2>\n<p class=\"wp-block-paragraph\">Incidentul a avut loc \u00een diminea\u021ba zilei de 17 august 2026, \u00een jurul orei 05:40, pe raza localit\u0103\u021bii Or\u021bi\u0219oara. Poli\u021bi\u0219tii din cadrul Sec\u021biei 3 Poli\u021bie Rural\u0103 S\u00e2nandrei au fost sesiza\u021bi prin num\u0103rul de urgen\u021b\u0103 112 dup\u0103 ce dou\u0103 persoane aflate \u00eentr-un autoturism ar fi oprit o autoutilitar\u0103 \u00een care se aflau alte dou\u0103 persoane.<\/p>\n<p class=\"wp-block-paragraph\">Potrivit anchetatorilor, suspec\u021bii ar fi pretins c\u0103 sunt lucr\u0103tori de poli\u021bie din cadrul unei structuri antidrog. Sub pretextul efectu\u0103rii unui control, ace\u0219tia ar fi verificat aparent autovehiculul, moment \u00een care ar fi sustras suma de 90.000 de lire sterline.<\/p>\n<p class=\"wp-block-paragraph\">Dup\u0103 comiterea faptei, cele dou\u0103 persoane ar fi p\u0103r\u0103sit zona cu autoturismul folosit la interven\u021bie.<\/p>\n<h2 class=\"wp-block-heading\">Ma\u0219ina folosit\u0103 la t\u00e2lh\u0103rie, g\u0103sit\u0103 \u00een Periam<\/h2>\n<p class=\"wp-block-paragraph\">Poli\u021bi\u0219tii au declan\u0219at imediat activit\u0103\u021bile de cercetare, iar autoturismul despre care exist\u0103 indicii c\u0103 ar fi fost folosit la comiterea faptei a fost identificat pe raza localit\u0103\u021bii Periam de poli\u021bi\u0219tii din cadrul Poli\u021biei Ora\u0219ului S\u00e2nnicolau Mare.<\/p>\n<p class=\"wp-block-paragraph\">\u00cen urma controlului efectuat asupra ma\u0219inii, anchetatorii au descoperit sume de bani, o insign\u0103, o legitima\u021bie, o pereche de c\u0103tu\u0219e \u0219i o arm\u0103 scurt\u0103 neletal\u0103 supus\u0103 autoriz\u0103rii.<\/p>\n<p class=\"wp-block-paragraph\">\u00cen autoturism au mai fost g\u0103site \u0219i alte obiecte despre care poli\u021bi\u0219tii consider\u0103 c\u0103 ar fi putut fi utilizate pentru simularea calit\u0103\u021bii oficiale de poli\u021bist.<\/p>\n<h2 class=\"wp-block-heading\">Doi b\u0103rba\u021bi au fost aresta\u021bi preventiv<\/h2>\n<p class=\"wp-block-paragraph\">\u00cen urma probatoriului administrat, procurorul de caz din cadrul Parchetului de pe l\u00e2ng\u0103 Judec\u0103toria Timi\u0219oara a dispus, pe 18 august, punerea \u00een mi\u0219care a ac\u021biunii penale fa\u021b\u0103 de doi b\u0103rba\u021bi, unul \u00een v\u00e2rst\u0103 de 47 de ani \u0219i cel\u0103lalt de 45 de ani.<\/p>\n<p class=\"wp-block-paragraph\">Cei doi sunt cerceta\u021bi pentru t\u00e2lh\u0103rie calificat\u0103. \u00cen cazul b\u0103rbatului de 47 de ani, anchetatorii au re\u021binut \u0219i infrac\u021biunea de nerespectare a regimului armelor \u0219i muni\u021biilor.<\/p>\n<p class=\"wp-block-paragraph\">Procurorul de caz a solicitat arestarea preventiv\u0103 a celor doi pentru 30 de zile. Propunerea a fost admis\u0103 \u00een aceea\u0219i zi de judec\u0103torul de drepturi \u0219i libert\u0103\u021bi din cadrul Judec\u0103toriei Timi\u0219oara.<\/p>\n<h2 class=\"wp-block-heading\">Alte dou\u0103 persoane, vizate de anchet\u0103<\/h2>\n<p class=\"wp-block-paragraph\">Investiga\u021bia nu s-a oprit \u00eens\u0103 la cei doi b\u0103rba\u021bi aresta\u021bi. Poli\u021bi\u0219tii Serviciului de Investiga\u021bii Criminale au identificat alte dou\u0103 persoane despre care exist\u0103 indicii privind implicarea \u00een activitatea infrac\u021bional\u0103.<\/p>\n<p class=\"wp-block-paragraph\">Fa\u021b\u0103 de una dintre acestea a fost dispus\u0103 m\u0103sura re\u021binerii pentru 24 de ore, pentru infrac\u021biunea de instigare la t\u00e2lh\u0103rie calificat\u0103. Persoana urmeaz\u0103 s\u0103 fie prezentat\u0103 Parchetului de pe l\u00e2ng\u0103 Judec\u0103toria Timi\u0219oara, cu propunere pentru luarea unei m\u0103suri preventive.<\/p>\n<p class=\"wp-block-paragraph\">\u00cen ceea ce prive\u0219te cea de-a doua persoan\u0103 identificat\u0103 de anchetatori, cercet\u0103rile continu\u0103 pentru stabilirea exact\u0103 a participa\u021biei acesteia la activitatea infrac\u021bional\u0103.<\/p>\n<h2 class=\"wp-block-heading\">Poli\u021bi\u0219tii \u00eencearc\u0103 s\u0103 recupereze \u00eentregul prejudiciu<\/h2>\n<p class=\"wp-block-paragraph\">Cercet\u0103rile sunt continuate de poli\u021bi\u0219tii Serviciului de Investiga\u021bii Criminale din cadrul IPJ Timi\u0219, sub coordonarea procurorului de caz.<\/p>\n<p class=\"wp-block-paragraph\">Anchetatorii urm\u0103resc stabilirea tuturor \u00eemprejur\u0103rilor \u00een care a fost comis\u0103 fapta, clarificarea rolului fiec\u0103rei persoane implicate \u0219i recuperarea \u00eentregului prejudiciu de 90.000 de lire sterline.<\/p>\n<p class=\"wp-block-paragraph\">\u00cen cazul persoanelor cercetate, m\u0103surile dispuse \u00een cadrul anchetei nu reprezint\u0103 o stabilire a vinov\u0103\u021biei. Acestea beneficiaz\u0103 de prezum\u021bia de nevinov\u0103\u021bie p\u00e2n\u0103 la pronun\u021barea unei hot\u0103r\u00e2ri definitive de condamnare.<\/p>\n<\/div>\n<p>[analyse_source url=&#8221;https:\/\/orasul-timisoara.ro\/local-40364\/&#8221;]<\/p>\n","protected":false},"excerpt":{"rendered":"<p>[analyse_image type=&#8221;featured&#8221; src=&#8221;https:\/\/orasul-timisoara.ro\/wp-content\/uploads\/2026\/08\/Untitled-1-1.jpg&#8221;] \u0218tiri LocaleS-au dat drept poli\u021bi\u0219ti antidrog \u0219i au furat 90.000 de lire. Doi&#8230; \u0218tiri Locale S-au dat drept poli\u021bi\u0219ti antidrog \u0219i au furat 90.000 de lire. Doi b\u0103rba\u021bi au fost aresta\u021bi De c\u0103tre redactia &#8211; 19\/08\/2026 Facebook Twitter WhatsApp Linkedin ReddIt Email Imprimare Patru persoane sunt cercetate de poli\u021bi\u0219tii timi\u0219eni \u00eentr-un dosar [&hellip;]<\/p>\n","protected":false},"author":1,"featured_media":0,"comment_status":"open","ping_status":"","sticky":false,"template":"","format":"standard","meta":{"footnotes":""},"categories":[89],"tags":[226,189],"class_list":["post-2103801","post","type-post","status-publish","format-standard","hentry","category-romania","tag-crawlmanager","tag-orasul-timisoara-ro"],"_links":{"self":[{"href":"https:\/\/analyse.optim.biz\/index.php?rest_route=\/wp\/v2\/posts\/2103801","targetHints":{"allow":["GET"]}}],"collection":[{"href":"https:\/\/analyse.optim.biz\/index.php?rest_route=\/wp\/v2\/posts"}],"about":[{"href":"https:\/\/analyse.optim.biz\/index.php?rest_route=\/wp\/v2\/types\/post"}],"author":[{"embeddable":true,"href":"https:\/\/analyse.optim.biz\/index.php?rest_route=\/wp\/v2\/users\/1"}],"replies":[{"embeddable":true,"href":"https:\/\/analyse.optim.biz\/index.php?rest_route=%2Fwp%2Fv2%2Fcomments&post=2103801"}],"version-history":[{"count":0,"href":"https:\/\/analyse.optim.biz\/index.php?rest_route=\/wp\/v2\/posts\/2103801\/revisions"}],"wp:attachment":[{"href":"https:\/\/analyse.optim.biz\/index.php?rest_route=%2Fwp%2Fv2%2Fmedia&parent=2103801"}],"wp:term":[{"taxonomy":"category","embeddable":true,"href":"https:\/\/analyse.optim.biz\/index.php?rest_route=%2Fwp%2Fv2%2Fcategories&post=2103801"},{"taxonomy":"post_tag","embeddable":true,"href":"https:\/\/analyse.optim.biz\/index.php?rest_route=%2Fwp%2Fv2%2Ftags&post=2103801"}],"curies":[{"name":"wp","href":"https:\/\/api.w.org\/{rel}","templated":true}]}}