{"id":2103799,"date":"2026-08-19T14:09:03","date_gmt":"2026-08-19T11:09:03","guid":{"rendered":"https:\/\/analyse.optim.biz\/?p=2103799"},"modified":"2026-08-19T14:09:03","modified_gmt":"2026-08-19T11:09:03","slug":"asfaltarea-de-pe-bulevardul-republicii-blocata-de-lucrarile-cfr-ruben-latcau-sa-facem-aceeasi-lucrare-de","status":"publish","type":"post","link":"https:\/\/analyse.optim.biz\/?p=2103799","title":{"rendered":"Asfaltarea de pe bulevardul Republicii, blocat\u0103 de lucr\u0103rile CFR. Ruben La\u021bc\u0103u: \u201eS\u0103 facem aceea\u0219i lucrare de"},"content":{"rendered":"<p>[analyse_image type=&#8221;featured&#8221; src=&#8221;https:\/\/orasul-timisoara.ro\/wp-content\/uploads\/2026\/08\/lucrari-gara-de-nord-tm-7.jpg&#8221;]<\/p>\n<article id=\"post-40349\" class=\"td-post-template-7 post-40349 post type-post status-publish format-standard has-post-thumbnail category-administratie category-featured category-investitii-in-timisoara category-stiri-timisoara tag-asfaltare-republicii tag-bulevardul-republicii-timisoara tag-dragalina tag-gara-de-nord-timisoara tag-lucrari-cfr-timisoara tag-pasajul-jiul tag-ruben-latcau-2 tag-stiri-timisoara tag-trafic-timisoara-2 td-container-wrap\">\n<div class=\"td-full-screen-header-image-wrap\">\n<div class=\"td-container td-post-header\">\n<div class=\"td-crumb-container\">\n<div class=\"entry-crumbs\"><span><a title=\"Vede\u021bi toate articolele \u00een Administra\u021bie local\u0103\" class=\"entry-crumb\" href=\"https:\/\/orasul-timisoara.ro\/local-category\/administratie\/\">Administra\u021bie local\u0103<\/a><\/span><span class=\"td-bred-no-url-last\">Asfaltarea de pe bulevardul Republicii, blocat\u0103 de lucr\u0103rile CFR. Ruben La\u021bc\u0103u: \u201eS\u0103&#8230;<\/span><\/div>\n<\/div>\n<div class=\"td-post-header-holder\">\n<div class=\"td-parallax-header\">\n<header class=\"td-post-title\">\n<ul class=\"td-category\">\n<li class=\"entry-category\"><a href=\"https:\/\/orasul-timisoara.ro\/local-category\/administratie\/\">Administra\u021bie local\u0103<\/a><\/li>\n<li class=\"entry-category\"><a href=\"https:\/\/orasul-timisoara.ro\/local-category\/investitii-in-timisoara\/\">Investitii in Timisoara<\/a><\/li>\n<li class=\"entry-category\"><a href=\"https:\/\/orasul-timisoara.ro\/local-category\/stiri-timisoara\/\">\u0218tiri Locale<\/a><\/li>\n<\/ul>\n<h1 class=\"entry-title\">Asfaltarea de pe bulevardul Republicii, blocat\u0103 de lucr\u0103rile CFR. Ruben La\u021bc\u0103u: \u201eS\u0103 facem aceea\u0219i lucrare de dou\u0103 ori ar \u00eensemna s\u0103 pl\u0103tim de dou\u0103 ori\u201d<\/h1>\n<div class=\"td-module-meta-info\">\n<div class=\"td-post-author-name\">\n<div class=\"td-author-by\">De c\u0103tre<\/div>\n<p><a href=\"https:\/\/orasul-timisoara.ro\/author\/timisoara\/\">redactia<\/a><\/p>\n<div class=\"td-author-line\"> &#8211; <\/div>\n<\/div>\n<p><span class=\"td-post-date\"><time class=\"entry-date updated td-module-date\" datetime=\"2026-08-19T17:09:03+03:00\">19\/08\/2026<\/time><\/span><\/div>\n<\/header>\n<\/div>\n<\/div>\n<\/div>\n<div id=\"td-full-screen-header-image\" class=\"td-image-gradient-style7\"><img decoding=\"async\" class=\"td-backstretch\" src=\"https:\/\/orasul-timisoara.ro\/wp-content\/uploads\/2026\/08\/lucrari-gara-de-nord-tm-7.jpg\"><\/div>\n<\/div>\n<div class=\"td-container\">\n<div class=\"td-pb-row\">\n<div class=\"td-pb-span8 td-main-content\" role=\"main\">\n<div class=\"td-ss-main-content\">\n<div class=\"td-post-sharing-top\">\n<div class=\"td-post-sharing-classic\"><iframe title=\"topFacebookLike\" frameborder src=\"https:\/\/www.facebook.com\/plugins\/like.php?href=https:\/\/orasul-timisoara.ro\/local-40349\/&amp;layout=button_count&amp;show_faces=false&amp;width=105&amp;action=like&amp;colorscheme=light&amp;height=21\"><\/iframe><\/div>\n<div id=\"td_social_sharing_article_top\" class=\"td-post-sharing td-ps-bg td-ps-notext td-post-sharing-style1 \">\n<div class=\"td-post-sharing-visible\"><a class=\"td-social-sharing-button td-social-sharing-button-js td-social-network td-social-facebook\" href=\"https:\/\/www.facebook.com\/sharer.php?u=https%3A%2F%2Forasul-timisoara.ro%2Flocal-40349%2F\" title=\"Facebook\"><\/p>\n<div class=\"td-social-but-text\">Facebook<\/div>\n<p><\/a><a class=\"td-social-sharing-button td-social-sharing-button-js td-social-network td-social-twitter\" href=\"https:\/\/twitter.com\/intent\/tweet?text=Asfaltarea+de+pe+bulevardul+Republicii%2C+blocat%C4%83+de+lucr%C4%83rile+CFR.+Ruben+La%C8%9Bc%C4%83u%3A+%E2%80%9ES%C4%83+facem+aceea%C8%99i+lucrare+de+dou%C4%83+ori+ar+%C3%AEnsemna+s%C4%83+pl%C4%83tim+de+dou%C4%83+ori%E2%80%9D&amp;url=https%3A%2F%2Forasul-timisoara.ro%2Flocal-40349%2F&amp;via=orasultm\" title=\"Twitter\"><\/p>\n<div class=\"td-social-but-text\">Twitter<\/div>\n<p><\/a><a class=\"td-social-sharing-button td-social-sharing-button-js td-social-network td-social-whatsapp\" href=\"https:\/\/api.whatsapp.com\/send?text=Asfaltarea+de+pe+bulevardul+Republicii%2C+blocat%C4%83+de+lucr%C4%83rile+CFR.+Ruben+La%C8%9Bc%C4%83u%3A+%E2%80%9ES%C4%83+facem+aceea%C8%99i+lucrare+de+dou%C4%83+ori+ar+%C3%AEnsemna+s%C4%83+pl%C4%83tim+de+dou%C4%83+ori%E2%80%9D%20%0A%0A%20https:\/\/orasul-timisoara.ro\/local-40349\/\" title=\"WhatsApp\"><\/p>\n<div class=\"td-social-but-text\">WhatsApp<\/div>\n<p><\/a><a class=\"td-social-sharing-button td-social-sharing-button-js td-social-network td-social-linkedin\" href=\"https:\/\/www.linkedin.com\/shareArticle?mini=true&amp;url=https:\/\/orasul-timisoara.ro\/local-40349\/&amp;title=Asfaltarea+de+pe+bulevardul+Republicii%2C+blocat%C4%83+de+lucr%C4%83rile+CFR.+Ruben+La%C8%9Bc%C4%83u%3A+%E2%80%9ES%C4%83+facem+aceea%C8%99i+lucrare+de+dou%C4%83+ori+ar+%C3%AEnsemna+s%C4%83+pl%C4%83tim+de+dou%C4%83+ori%E2%80%9D\" title=\"Linkedin\"><\/p>\n<div class=\"td-social-but-text\">Linkedin<\/div>\n<p><\/a><a class=\"td-social-sharing-button td-social-sharing-button-js td-social-network td-social-reddit\" href=\"https:\/\/reddit.com\/submit?url=https:\/\/orasul-timisoara.ro\/local-40349\/&amp;title=Asfaltarea+de+pe+bulevardul+Republicii%2C+blocat%C4%83+de+lucr%C4%83rile+CFR.+Ruben+La%C8%9Bc%C4%83u%3A+%E2%80%9ES%C4%83+facem+aceea%C8%99i+lucrare+de+dou%C4%83+ori+ar+%C3%AEnsemna+s%C4%83+pl%C4%83tim+de+dou%C4%83+ori%E2%80%9D\" title=\"ReddIt\"><\/p>\n<div class=\"td-social-but-text\">ReddIt<\/div>\n<p><\/a><a class=\"td-social-sharing-button td-social-sharing-button-js td-social-network td-social-mail\" href=\"mailto:?subject=Asfaltarea%20de%20pe%20bulevardul%20Republicii,%20blocat%C4%83%20de%20lucr%C4%83rile%20CFR.%20Ruben%20La%C8%9Bc%C4%83u:%20%E2%80%9ES%C4%83%20facem%20aceea%C8%99i%20lucrare%20de%20dou%C4%83%20ori%20ar%20%C3%AEnsemna%20s%C4%83%20pl%C4%83tim%20de%20dou%C4%83%20ori%E2%80%9D&amp;body=https:\/\/orasul-timisoara.ro\/local-40349\/\" title=\"Email\"><\/p>\n<div class=\"td-social-but-text\">Email<\/div>\n<p><\/a><a class=\"td-social-sharing-button td-social-sharing-button-js td-social-network td-social-print\" href=\"https:\/\/orasul-timisoara.ro\/local-40349\/\" title=\"Imprimare\"><\/p>\n<div class=\"td-social-but-text\">Imprimare<\/div>\n<p><\/a><\/div>\n<\/div>\n<\/div>\n<div class=\"td-post-content tagdiv-type\">\n<p class=\"wp-block-paragraph\">Lucr\u0103rile de asfaltare de pe bulevardul Republicii, pe tronsonul dintre pasajul Jiul \u0219i Dragalina, sunt desf\u0103\u0219urate etapizat, iar Prim\u0103ria Timi\u0219oara a\u0219teapt\u0103 finalizarea interven\u021biilor realizate de CFR \u00eenainte de a putea asfalta \u0219i cel\u0103lalt sens de circula\u021bie.<\/p>\n<p class=\"wp-block-paragraph\">Viceprimarul municipiului Timi\u0219oara, Ruben La\u021bc\u0103u, spune c\u0103 municipalitatea \u0219i-a programat lucr\u0103rile astfel \u00eenc\u00e2t acestea s\u0103 fie finalizate \u00eenainte de \u00eenceperea noului an \u0219colar. O parte a lucr\u0103rilor a fost deja realizat\u0103, \u00eens\u0103 interven\u021bia pe sensul de mers dinspre pasajul Jiul spre Gar\u0103 nu poate fi finalizat\u0103 p\u00e2n\u0103 c\u00e2nd CFR nu \u00ee\u0219i \u00eencheie propriile lucr\u0103ri.<\/p>\n<h2 class=\"wp-block-heading\">Un sens a fost deja asfaltat<\/h2>\n<p class=\"wp-block-paragraph\">Potrivit lui Ruben La\u021bc\u0103u, lucr\u0103rile de asfaltare au fost programate \u00een perioada vacan\u021bei, tocmai pentru a profita de perioada \u00een care traficul este mai redus.<\/p>\n<p class=\"wp-block-paragraph\">\u201eAm programat lucr\u0103rile de asfaltare pe bulevardul Republicii, \u00eentre pasajul Jiul \u0219i Dragalina, ca s\u0103 fie gata p\u00e2n\u0103 \u00eencepe \u0219coala. De la Gar\u0103 spre pasaj am asfaltat deja, pe cel\u0103lalt sens nu putem \u00eenc\u0103\u201d, spune viceprimarul Timi\u0219oarei.<\/p>\n<p class=\"wp-block-paragraph\">Astfel, pe unul dintre sensurile de circula\u021bie interven\u021bia este deja realizat\u0103, \u00een timp ce lucr\u0103rile de pe cel\u0103lalt sens depind de finalizarea interven\u021biilor CFR.<\/p>\n<h2 class=\"wp-block-heading\">Utilajele CFR nu permit asfaltarea \u00een acest moment<\/h2>\n<p class=\"wp-block-paragraph\">Ruben La\u021bc\u0103u explic\u0103 faptul c\u0103 \u00een zona respectiv\u0103 urmeaz\u0103 s\u0103 fie utilizat un utilaj de mari dimensiuni pentru lucr\u0103rile CFR. Din acest motiv, municipalitatea a decis s\u0103 nu a\u0219tearn\u0103 asfaltul \u00eenainte de trecerea utilajelor grele.<\/p>\n<p class=\"wp-block-paragraph\">\u201eMega-utilajul din imagini va fi folosit pentru lucr\u0103rile CFR-ului, care tradi\u021bional \u00eent\u00e2rzie, iar acum nu face excep\u021bie. S\u0103 punem asfalt nou acum, ca dup\u0103 c\u00e2teva zile s\u0103 trecem peste el cu un utilaj cu uria\u0219 tonaj \u0219i apoi s\u0103-l repar\u0103m din nou ar \u00eensemna s\u0103 facem \u0219i s\u0103 pl\u0103tim aceea\u0219i lucrare de dou\u0103 ori\u201d, afirm\u0103 viceprimarul.<\/p>\n<figure class=\"wp-block-gallery has-nested-images columns-default is-cropped wp-block-gallery-1 is-layout-flex wp-block-gallery-is-layout-flex\">\n<figure class=\"wp-block-image size-large\"><img loading=\"lazy\" decoding=\"async\" width=\"1920\" height=\"1080\" data-id=\"40350\" src=\"https:\/\/orasul-timisoara.ro\/wp-content\/uploads\/2026\/08\/lucrari-gara-de-nord-tm-5.jpg\" alt class=\"wp-image-40350\"><\/figure>\n<figure class=\"wp-block-image size-large\"><img loading=\"lazy\" decoding=\"async\" width=\"1920\" height=\"1080\" data-id=\"40353\" src=\"https:\/\/orasul-timisoara.ro\/wp-content\/uploads\/2026\/08\/lucrari-gara-de-nord-tm-6.jpg\" alt class=\"wp-image-40353\"><\/figure>\n<figure class=\"wp-block-image size-large\"><img loading=\"lazy\" decoding=\"async\" width=\"1920\" height=\"1080\" data-id=\"40352\" src=\"https:\/\/orasul-timisoara.ro\/wp-content\/uploads\/2026\/08\/lucrari-gara-de-nord-tm-7.jpg\" alt class=\"wp-image-40352\"><\/figure>\n<figure class=\"wp-block-image size-large\"><img decoding=\"async\" loading=\"lazy\" width=\"1920\" height=\"1080\" data-id=\"40351\" src=\"https:\/\/orasul-timisoara.ro\/wp-content\/uploads\/2026\/08\/lucrari-gara-de-nord-tm-8.jpg\" alt class=\"wp-image-40351\"><\/figure>\n<\/figure>\n<p class=\"wp-block-paragraph\">Decizia are, potrivit municipalit\u0103\u021bii, rolul de a evita deteriorarea asfaltului nou \u0219i repetarea unor lucr\u0103ri care ar presupune costuri suplimentare.<\/p>\n<h2 class=\"wp-block-heading\">Prim\u0103ria a\u0219teapt\u0103 finalizarea lucr\u0103rilor CFR<\/h2>\n<p class=\"wp-block-paragraph\">Situa\u021bia este una frustrant\u0103 pentru \u0219oferii care circul\u0103 prin zon\u0103, mai ales \u00een condi\u021biile \u00een care asfaltarea a fost programat\u0103 tocmai pentru perioada de var\u0103.<\/p>\n<p class=\"wp-block-paragraph\">Viceprimarul Timi\u0219oarei recunoa\u0219te c\u0103 \u00eent\u00e2rzierea lucr\u0103rilor CFR afecteaz\u0103 calendarul preg\u0103tit de municipalitate.<\/p>\n<p class=\"wp-block-paragraph\">\u201e\u0218tiu c\u0103 situa\u021bia e frustrant\u0103 pentru \u0219oferi \u0219i e frustrant\u0103 \u0219i pentru noi, pentru c\u0103 am g\u00e2ndit un calendar tocmai ca s\u0103 profit\u0103m de vacan\u021b\u0103 \u0219i de concedii\u201d, spune Ruben La\u021bc\u0103u.<\/p>\n<p class=\"wp-block-paragraph\">Municipalitatea sus\u021bine \u00eens\u0103 c\u0103 este preg\u0103tit\u0103 s\u0103 intervin\u0103 imediat dup\u0103 ce CFR \u00ee\u0219i finalizeaz\u0103 lucr\u0103rile.<\/p>\n<p class=\"wp-block-paragraph\">\u201eSuntem preg\u0103ti\u021bi ca, imediat ce CFR-ul \u00ee\u0219i termin\u0103 lucr\u0103rile, s\u0103 asfalt\u0103m \u0219i sensul de la pasajul Jiul spre Gar\u0103\u201d, a mai declarat Ruben La\u021bc\u0103u.<\/p>\n<\/div>\n<footer>\n<div class=\"td-post-source-tags\">\n<ul class=\"td-tags td-post-small-box clearfix\">\n<li><span>ETICHETE<\/span><\/li>\n<li><a href=\"https:\/\/orasul-timisoara.ro\/local-tag\/asfaltare-republicii\/\">asfaltare Republicii<\/a><\/li>\n<li><a href=\"https:\/\/orasul-timisoara.ro\/local-tag\/bulevardul-republicii-timisoara\/\">bulevardul Republicii Timi\u0219oara<\/a><\/li>\n<li><a href=\"https:\/\/orasul-timisoara.ro\/local-tag\/dragalina\/\">Dragalina<\/a><\/li>\n<li><a href=\"https:\/\/orasul-timisoara.ro\/local-tag\/gara-de-nord-timisoara\/\">gara de nord timi\u0219oara<\/a><\/li>\n<li><a href=\"https:\/\/orasul-timisoara.ro\/local-tag\/lucrari-cfr-timisoara\/\">lucr\u0103ri CFR Timi\u0219oara<\/a><\/li>\n<li><a href=\"https:\/\/orasul-timisoara.ro\/local-tag\/pasajul-jiul\/\">pasajul jiul<\/a><\/li>\n<li><a href=\"https:\/\/orasul-timisoara.ro\/local-tag\/ruben-latcau-2\/\">Ruben La\u021bc\u0103u<\/a><\/li>\n<li><a href=\"https:\/\/orasul-timisoara.ro\/local-tag\/stiri-timisoara\/\">stiri timisoara<\/a><\/li>\n<li><a href=\"https:\/\/orasul-timisoara.ro\/local-tag\/trafic-timisoara-2\/\">trafic Timi\u0219oara<\/a><\/li>\n<\/ul>\n<\/div>\n<div class=\"td-post-sharing-bottom\">\n<div class=\"td-post-sharing-classic\"><iframe title=\"bottomFacebookLike\" frameborder src=\"https:\/\/www.facebook.com\/plugins\/like.php?href=https:\/\/orasul-timisoara.ro\/local-40349\/&amp;layout=button_count&amp;show_faces=false&amp;width=105&amp;action=like&amp;colorscheme=light&amp;height=21\"><\/iframe><\/div>\n<div id=\"td_social_sharing_article_bottom\" class=\"td-post-sharing td-ps-bg td-ps-notext td-post-sharing-style1 \">\n<div class=\"td-post-sharing-visible\"><a class=\"td-social-sharing-button td-social-sharing-button-js td-social-network td-social-facebook\" href=\"https:\/\/www.facebook.com\/sharer.php?u=https%3A%2F%2Forasul-timisoara.ro%2Flocal-40349%2F\" title=\"Facebook\"><\/p>\n<div class=\"td-social-but-text\">Facebook<\/div>\n<p><\/a><a class=\"td-social-sharing-button td-social-sharing-button-js td-social-network td-social-twitter\" href=\"https:\/\/twitter.com\/intent\/tweet?text=Asfaltarea+de+pe+bulevardul+Republicii%2C+blocat%C4%83+de+lucr%C4%83rile+CFR.+Ruben+La%C8%9Bc%C4%83u%3A+%E2%80%9ES%C4%83+facem+aceea%C8%99i+lucrare+de+dou%C4%83+ori+ar+%C3%AEnsemna+s%C4%83+pl%C4%83tim+de+dou%C4%83+ori%E2%80%9D&amp;url=https%3A%2F%2Forasul-timisoara.ro%2Flocal-40349%2F&amp;via=orasultm\" title=\"Twitter\"><\/p>\n<div class=\"td-social-but-text\">Twitter<\/div>\n<p><\/a><a class=\"td-social-sharing-button td-social-sharing-button-js td-social-network td-social-whatsapp\" href=\"https:\/\/api.whatsapp.com\/send?text=Asfaltarea+de+pe+bulevardul+Republicii%2C+blocat%C4%83+de+lucr%C4%83rile+CFR.+Ruben+La%C8%9Bc%C4%83u%3A+%E2%80%9ES%C4%83+facem+aceea%C8%99i+lucrare+de+dou%C4%83+ori+ar+%C3%AEnsemna+s%C4%83+pl%C4%83tim+de+dou%C4%83+ori%E2%80%9D%20%0A%0A%20https:\/\/orasul-timisoara.ro\/local-40349\/\" title=\"WhatsApp\"><\/p>\n<div class=\"td-social-but-text\">WhatsApp<\/div>\n<p><\/a><a class=\"td-social-sharing-button td-social-sharing-button-js td-social-network td-social-linkedin\" href=\"https:\/\/www.linkedin.com\/shareArticle?mini=true&amp;url=https:\/\/orasul-timisoara.ro\/local-40349\/&amp;title=Asfaltarea+de+pe+bulevardul+Republicii%2C+blocat%C4%83+de+lucr%C4%83rile+CFR.+Ruben+La%C8%9Bc%C4%83u%3A+%E2%80%9ES%C4%83+facem+aceea%C8%99i+lucrare+de+dou%C4%83+ori+ar+%C3%AEnsemna+s%C4%83+pl%C4%83tim+de+dou%C4%83+ori%E2%80%9D\" title=\"Linkedin\"><\/p>\n<div class=\"td-social-but-text\">Linkedin<\/div>\n<p><\/a><a class=\"td-social-sharing-button td-social-sharing-button-js td-social-network td-social-reddit\" href=\"https:\/\/reddit.com\/submit?url=https:\/\/orasul-timisoara.ro\/local-40349\/&amp;title=Asfaltarea+de+pe+bulevardul+Republicii%2C+blocat%C4%83+de+lucr%C4%83rile+CFR.+Ruben+La%C8%9Bc%C4%83u%3A+%E2%80%9ES%C4%83+facem+aceea%C8%99i+lucrare+de+dou%C4%83+ori+ar+%C3%AEnsemna+s%C4%83+pl%C4%83tim+de+dou%C4%83+ori%E2%80%9D\" title=\"ReddIt\"><\/p>\n<div class=\"td-social-but-text\">ReddIt<\/div>\n<p><\/a><a class=\"td-social-sharing-button td-social-sharing-button-js td-social-network td-social-mail\" href=\"mailto:?subject=Asfaltarea%20de%20pe%20bulevardul%20Republicii,%20blocat%C4%83%20de%20lucr%C4%83rile%20CFR.%20Ruben%20La%C8%9Bc%C4%83u:%20%E2%80%9ES%C4%83%20facem%20aceea%C8%99i%20lucrare%20de%20dou%C4%83%20ori%20ar%20%C3%AEnsemna%20s%C4%83%20pl%C4%83tim%20de%20dou%C4%83%20ori%E2%80%9D&amp;body=https:\/\/orasul-timisoara.ro\/local-40349\/\" title=\"Email\"><\/p>\n<div class=\"td-social-but-text\">Email<\/div>\n<p><\/a><a class=\"td-social-sharing-button td-social-sharing-button-js td-social-network td-social-print\" href=\"https:\/\/orasul-timisoara.ro\/local-40349\/\" title=\"Imprimare\"><\/p>\n<div class=\"td-social-but-text\">Imprimare<\/div>\n<p><\/a><\/div>\n<\/div>\n<\/div>\n<div class=\"td-block-row td-post-next-prev\">\n<div class=\"td-block-span6 td-post-prev-post\">\n<div class=\"td-post-next-prev-content\"><span>Articolul precedent<\/span><a href=\"https:\/\/orasul-timisoara.ro\/local-40346\/\">Festivalul Artizanilor revine la Timi\u0219oara. Dou\u0103 zile dedicate oamenilor care creeaz\u0103 cu m\u00e2inile lor<\/a><\/div>\n<\/div>\n<div class=\"td-block-span6 td-post-next-post\">\n<div class=\"td-post-next-prev-content\"><span>Articolul urm\u0103tor<\/span><a href=\"https:\/\/orasul-timisoara.ro\/local-40355\/\">Ambulatoriul Spitalului Municipal Timi\u0219oara are o nou\u0103 loca\u021bie. Ce specialit\u0103\u021bi sunt disponibile<\/a><\/div>\n<\/div>\n<\/div>\n<div class=\"td-author-name vcard author\"><span class=\"fn\"><a href=\"https:\/\/orasul-timisoara.ro\/author\/timisoara\/\">redactia<\/a><\/span><\/div>\n<p><span class=\"td-page-meta\"><\/span><span class=\"td-page-meta\"><span class=\"td-page-meta\"><\/span><\/span><span class=\"td-page-meta\"><\/span><\/footer>\n<div class=\"td_block_wrap td_block_related_posts tdi_3 td_with_ajax_pagination td-pb-border-top td_block_template_8\" data-td-block-uid=\"tdi_3\">\n<h4 class=\"td-related-title td-block-title\"><a id=\"tdi_4\" class=\"td-related-left td-cur-simple-item\" data-td_filter_value data-td_block_id=\"tdi_3\" href=\"https:\/\/orasul-timisoara.ro\/local-40349\/\">ARTICOLE SIMILARE<\/a><a id=\"tdi_5\" class=\"td-related-right\" data-td_filter_value=\"td_related_more_from_author\" data-td_block_id=\"tdi_3\" href=\"https:\/\/orasul-timisoara.ro\/local-40349\/\">DE LA ACELA\u0218I AUTOR<\/a><\/h4>\n<div id=\"tdi_3\" class=\"td_block_inner\">\n<div class=\"td-related-row\">\n<div class=\"td-related-span4\">\n<div class=\"td_module_related_posts td-animation-stack td_mod_related_posts\">\n<div class=\"td-module-image\">\n<div class=\"td-module-thumb\"><a href=\"https:\/\/orasul-timisoara.ro\/local-33461\/\" rel=\"bookmark\" class=\"td-image-wrap \" title=\"Zona G\u0103rii de Nord declarat\u0103 prioritate de siguran\u021b\u0103 public\u0103 \u00een Timi\u0219oara\"><img loading=\"lazy\" decoding=\"async\" class=\"entry-thumb\" src=\"https:\/\/orasul-timisoara.ro\/wp-content\/uploads\/2025\/06\/Lucrari-Gara-de-Nord-TM-3-436x300.jpg\" alt title=\"Zona G\u0103rii de Nord declarat\u0103 prioritate de siguran\u021b\u0103 public\u0103 \u00een Timi\u0219oara\" width=\"218\" height=\"150\"><\/a><\/div>\n<\/div>\n<div class=\"item-details\">\n<h3 class=\"entry-title td-module-title\"><a href=\"https:\/\/orasul-timisoara.ro\/local-33461\/\" rel=\"bookmark\" title=\"Zona G\u0103rii de Nord declarat\u0103 prioritate de siguran\u021b\u0103 public\u0103 \u00een Timi\u0219oara\">Zona G\u0103rii de Nord declarat\u0103 prioritate de siguran\u021b\u0103 public\u0103 \u00een Timi\u0219oara<\/a><\/h3>\n<\/div>\n<\/div>\n<\/div>\n<\/div>\n<\/div>\n<\/div>\n<div class=\"comments\" id=\"comments\">\n<div id=\"respond\" class=\"comment-respond\">\n<h3 id=\"reply-title\" class=\"comment-reply-title\">L\u0102SA\u021aI UN MESAJ<\/h3>\n<div class=\"comment-form-input-wrap td-form-comment\">\n<div class=\"td-warning-comment\">V\u0103 rug\u0103m s\u0103 introduce\u021bi comentariul dvs.!<\/div>\n<\/div>\n<div class=\"comment-form-input-wrap td-form-author\">\n<div class=\"td-warning-author\">Introduce\u021bi aici numele dvs.<\/div>\n<\/div>\n<div class=\"comment-form-input-wrap td-form-email\">\n<div class=\"td-warning-email-error\">A\u021bi introdus o adres\u0103 de e-mail incorect\u0103!<\/div>\n<div class=\"td-warning-email\">V\u0103 rug\u0103m s\u0103 introduce\u021bi adresa dvs. de e-mail aici<\/div>\n<\/div>\n<\/div>\n<p class=\"akismet_comment_form_privacy_notice\">Acest site folose\u0219te Akismet pentru a reduce spamul. <a href=\"https:\/\/akismet.com\/privacy\/\" target=\"_blank\" rel=\"nofollow noopener\">Afl\u0103 cum sunt procesate datele comentariilor tale<\/a>.<\/p>\n<\/div>\n<\/div>\n<\/div>\n<div class=\"td-pb-span4 td-main-sidebar\" role=\"complementary\">\n<div class=\"td-ss-main-sidebar\">\n<aside id=\"block-4\" class=\"td_block_template_8 widget block-4 widget_block widget_media_image\">\n<figure class=\"wp-block-image size-full\"><img decoding=\"async\" loading=\"lazy\" width=\"336\" height=\"280\" src=\"https:\/\/orasul-timisoara.ro\/wp-content\/uploads\/2024\/11\/ReTIM-Abonamentul-Verde-Google-Ads-336x280px.gif\" alt class=\"wp-image-29257\"><\/figure>\n<\/aside>\n<div class=\"td_block_wrap td_block_social_counter td_block_widget tdi_6 td-social-style5 td-social-boxed td-pb-border-top td_block_template_8\">\n<div class=\"td-block-title-wrap\">\n<h4 class=\"td-block-title\"><span>Urm\u0103re\u0219te-ne pe Social Media<\/span><\/h4>\n<\/div>\n<div class=\"td-social-list\">\n<div class=\"td_social_type td-pb-margin-side td_social_facebook\">\n<div class=\"td-social-box\"><span class=\"td_social_info td_social_info_counter\">344,595<\/span><span class=\"td_social_info td_social_info_name\">Fani<\/span><span class=\"td_social_button\"><a href=\"https:\/\/www.facebook.com\/247timisoara\" target=\"_blank\" rel=\"nofollow\">\u00cemi place<\/a><\/span><\/div>\n<\/div>\n<div class=\"td_social_type td-pb-margin-side td_social_instagram\">\n<div class=\"td-social-box\"><span class=\"td_social_info td_social_info_counter\">4,416<\/span><span class=\"td_social_info td_social_info_name\">Cititori<\/span><span class=\"td_social_button\"><a href=\"https:\/\/instagram.com\/orasultimisoararo\/\" target=\"_blank\" rel=\"nofollow\">Conecta\u021bi-v\u0103<\/a><\/span><\/div>\n<\/div>\n<div class=\"td_social_type td-pb-margin-side td_social_rss\">\n<div class=\"td-social-box\"><span class=\"td_social_info td_social_info_counter\">12,506<\/span><span class=\"td_social_info td_social_info_name\">Cititori<\/span><span class=\"td_social_button\"><a href=\"https:\/\/orasul-timisoara.ro\/feed\/\" target=\"_blank\" rel=\"nofollow\">Conecta\u021bi-v\u0103<\/a><\/span><\/div>\n<\/div>\n<div class=\"td_social_type td-pb-margin-side td_social_tiktok\">\n<div class=\"td-social-box\"><span class=\"td_social_info td_social_info_counter\">1,500<\/span><span class=\"td_social_info td_social_info_name\">Cititori<\/span><span class=\"td_social_button\"><a href=\"https:\/\/www.tiktok.com\/@orasultimisoara\" target=\"_blank\" rel=\"nofollow\">Conecta\u021bi-v\u0103<\/a><\/span><\/div>\n<\/div>\n<div class=\"td_social_type td-pb-margin-side td_social_twitter\">\n<div class=\"td-social-box\"><span class=\"td_social_info td_social_info_counter\">1,595<\/span><span class=\"td_social_info td_social_info_name\">Cititori<\/span><span class=\"td_social_button\"><a href=\"https:\/\/twitter.com\/orasultm\" target=\"_blank\" rel=\"nofollow\">Conecta\u021bi-v\u0103<\/a><\/span><\/div>\n<\/div>\n<div class=\"td_social_type td-pb-margin-side td_social_youtube\">\n<div class=\"td-social-box\"><span class=\"td_social_info td_social_info_counter\">3,506<\/span><span class=\"td_social_info td_social_info_name\">Abona\u021bi<\/span><span class=\"td_social_button\"><a href=\"https:\/\/www.youtube.com\/channel\/UCQNsQvs2XCSIm1Z-AHRturw?sub_confirmation=1\" target=\"_blank\" rel=\"nofollow\">Abona\u021bi-v\u0103<\/a><\/span><\/div>\n<\/div>\n<\/div>\n<\/div>\n<aside id=\"text-7\" class=\"td_block_template_8 widget text-7 widget_text\">\n<h4 class=\"td-block-title\"><span>C\u0103ut\u0103ri populare pe OTM<\/span><\/h4>\n<div class=\"textwidget\"><a href=\"https:\/\/orasul-timisoara.ro\/?s=timisoara\"><span>Timisoara<\/span><\/a><a href=\"https:\/\/orasul-timisoara.ro\/?s=calin+dobra\"><span>Calin Dobra<\/span><\/a><a href=\"https:\/\/orasul-timisoara.ro\/?s=primaria+timisoara\"><span>Primaria Timisoara<\/span><\/a><a href=\"https:\/\/orasul-timisoara.ro\/?s=dominic+fritz\"><span>Dominic Fritz<\/span><\/a><a href=\"https:\/\/orasul-timisoara.ro\/?s=nicolae+robu\"><span>Nicolae Robu<\/span><\/a><a href=\"https:\/\/orasul-timisoara.ro\/?s=consiliul+local+timisoara\">Consiliul Local Timisoara<\/a><a href=\"https:\/\/orasul-timisoara.ro\/?s=consiliul+judetean+timis\"><span>Consiliul Judetean Timis<\/span><\/a><a href=\"https:\/\/orasul-timisoara.ro\/?s=cjt\"><span>CJT<\/span><\/a><a href=\"https:\/\/orasul-timisoara.ro\/?s=Alfred+Simonis\"><span>Alfred Simonis<\/span><\/a><a href=\"https:\/\/orasul-timisoara.ro\/?s=PNL\"><span>PNL<\/span><\/a><a href=\"https:\/\/orasul-timisoara.ro\/?s=coronavirus\"><span>coronavirus<\/span><\/a><a href=\"https:\/\/orasul-timisoara.ro\/?s=teatru+timisoara\">teatru Timisoara<\/a><a href=\"https:\/\/orasul-timisoara.ro\/?s=restaurante\"><span>restaurante Timisoara<\/span><\/a><a href=\"https:\/\/orasul-timisoara.ro\/?s=diskoteka\"><span>Diskoteka<\/span><\/a><a href=\"https:\/\/orasul-timisoara.ro\/?s=iulius+town\"><span>Iulius Town<\/span><\/a><a href=\"https:\/\/orasul-timisoara.ro\/?s=iulius+mall\"><span>Iulius Mall<\/span><\/a><a href=\"https:\/\/orasul-timisoara.ro\/?s=stpt\"><span>STPT<\/span><\/a><a href=\"https:\/\/orasul-timisoara.ro\/?s=alin+nica\"><span>Alin Nica<\/span><\/a><a href=\"https:\/\/orasul-timisoara.ro\/?s=psd\"><span>PSD<\/span><\/a><a href=\"https:\/\/orasul-timisoara.ro\/?s=aeroport\"><span>Aeroportul International Timisoara<\/span><\/a><a href=\"https:\/\/orasul-timisoara.ro\/?s=babes\"><span>Spitalul Victor Babes Timisoara<\/span><\/a><a href=\"https:\/\/orasul-timisoara.ro\/?s=poli\"><span>Poli Timi\u0219oara<\/span><\/a><a href=\"https:\/\/orasul-timisoara.ro\/?s=carantina\"><span>carantina<\/span><\/a><a href=\"https:\/\/orasul-timisoara.ro\/?s=aquatim\"><span>Aquatim<\/span><\/a><a href=\"https:\/\/orasul-timisoara.ro\/local-category\/stiri-timisoara\/\"><span>Stiri Timisoara<\/span><\/a><a href=\"https:\/\/orasul-timisoara.ro\/local-category\/investitii-in-timisoara\/\"><span>Investi\u021bii in Timi\u0219oara<\/span><\/a><a href=\"https:\/\/orasul-timisoara.ro\/local-9463\/\"><span>shaorma<\/span><\/a><a href=\"https:\/\/orasul-timisoara.ro\/?s=trafic\"><span>trafic rutier<\/span><\/a><a href=\"https:\/\/orasul-timisoara.ro\/?s=politia\"><span>politia locala timisoara<\/span><\/a><a href=\"https:\/\/orasul-timisoara.ro\/?s=roxana\"><span>Roxana Iliescu<\/span><\/a><a href=\"https:\/\/orasul-timisoara.ro\/?s=colterm\"><span>Colterm<\/span><\/a><a href=\"https:\/\/orasul-timisoara.ro\/?s=latcau\"><span>Ruben La\u021bc\u0103u<\/span><\/a><a href=\"https:\/\/orasul-timisoara.ro\/?s=timis\"><span>\u0218tiri din Timi\u0219<\/span><\/a><a href=\"https:\/\/orasul-timisoara.ro\/?s=spital\"><span>Spitale din Timi\u0219oara<\/span><\/a><a href=\"https:\/\/orasul-timisoara.ro\/?s=tabara\"><span>Cosmin Tab\u0103r\u0103<\/span><\/a><\/div>\n<\/aside>\n<aside id=\"rss-2\" class=\"td_block_template_8 widget rss-2 widget_rss\">\n<h4 class=\"td-block-title\"><span><a class=\"rsswidget rss-widget-feed\" href=\"https:\/\/fashionfridays.ro\/feed\"><img decoding=\"async\" class=\"rss-widget-icon\" width=\"14\" height=\"14\" src=\"https:\/\/orasul-timisoara.ro\/wp-includes\/images\/rss.png\" alt=\"Flux RSS: Fashion Fridays\" loading=\"lazy\"><\/a><a class=\"rsswidget rss-widget-title\" href=\"https:\/\/fashionfridays.ro\/\">Fashion Fridays<\/a><\/span><\/h4>\n<ul>\n<li><a class=\"rsswidget\" href=\"https:\/\/fashionfridays.ro\/romania-devine-a-29-a-piata-vogue-o-noua-era-pentru-industria-locala-de-moda\/\">Rom\u00e2nia devine a 29-a pia\u021b\u0103 Vogue: o nou\u0103 er\u0103 pentru industria local\u0103 de mod\u0103<\/a>\n<div class=\"rssSummary\">Revista Vogue \u00ee\u0219i extinde prezen\u021ba global\u0103 \u0219i va fi lansat\u0103 oficial \u00een Rom\u00e2nia \u00een prim\u0103vara anului 2027, marc\u00e2nd intrarea pe cea de-a 29-a pia\u021b\u0103 interna\u021bional\u0103. Proiectul este realizat \u00een parteneriat cu AEMME Publishing, o companie media recent \u00eenfiin\u021bat\u0103, care va publica edi\u021bia local\u0103 sub licen\u021b\u0103. Noua edi\u021bie, Vogue Rom\u00e2nia, \u00ee\u0219i propune s\u0103 combine autoritatea global\u0103 [\u2026]<\/div>\n<\/li>\n<\/ul>\n<\/aside>\n<aside id=\"rss-4\" class=\"td_block_template_8 widget rss-4 widget_rss\">\n<h4 class=\"td-block-title\"><span><a class=\"rsswidget rss-widget-feed\" href=\"https:\/\/emasini.ro\/feed\"><img decoding=\"async\" class=\"rss-widget-icon\" width=\"14\" height=\"14\" src=\"https:\/\/orasul-timisoara.ro\/wp-includes\/images\/rss.png\" alt=\"Flux RSS: eMasini\" loading=\"lazy\"><\/a><a class=\"rsswidget rss-widget-title\" href=\"https:\/\/emasini.ro\/\">eMasini<\/a><\/span><\/h4>\n<ul>\n<li><a class=\"rsswidget\" href=\"https:\/\/emasini.ro\/adio-bordurilor-pline-de-ecrane-mercedes-benz-readuce-butoanele-in-noile-masini-produse\/\">Adio bordurilor pline de ecrane? Mercedes-Benz readuce butoanele \u00een noile ma\u0219ini produse<\/a>\n<div class=\"rssSummary\">Mercedes-Benz \u00ee\u0219i schimb\u0103 direc\u021bia \u00een ceea ce prive\u0219te designul interioarelor \u0219i va readuce comenzile fizice pentru anumite func\u021bii importante. Constructorul german nu renun\u021b\u0103 la ecranele mari \u0219i la tehnologiile digitale, dar recunoa\u0219te c\u0103 a mers prea departe prin eliminarea unor butoane \u0219i comenzi tactile. Ola K\u00e4llenius, pre\u0219edintele Consiliului de Administra\u021bie al Mercedes-Benz Group \u0219i CEO [\u2026]<\/div>\n<\/li>\n<\/ul>\n<\/aside>\n<\/div>\n<\/div>\n<\/div>\n<\/div>\n<\/article>\n<div class=\"td-post-content tagdiv-type\">\n<p class=\"wp-block-paragraph\">Lucr\u0103rile de asfaltare de pe bulevardul Republicii, pe tronsonul dintre pasajul Jiul \u0219i Dragalina, sunt desf\u0103\u0219urate etapizat, iar Prim\u0103ria Timi\u0219oara a\u0219teapt\u0103 finalizarea interven\u021biilor realizate de CFR \u00eenainte de a putea asfalta \u0219i cel\u0103lalt sens de circula\u021bie.<\/p>\n<p class=\"wp-block-paragraph\">Viceprimarul municipiului Timi\u0219oara, Ruben La\u021bc\u0103u, spune c\u0103 municipalitatea \u0219i-a programat lucr\u0103rile astfel \u00eenc\u00e2t acestea s\u0103 fie finalizate \u00eenainte de \u00eenceperea noului an \u0219colar. O parte a lucr\u0103rilor a fost deja realizat\u0103, \u00eens\u0103 interven\u021bia pe sensul de mers dinspre pasajul Jiul spre Gar\u0103 nu poate fi finalizat\u0103 p\u00e2n\u0103 c\u00e2nd CFR nu \u00ee\u0219i \u00eencheie propriile lucr\u0103ri.<\/p>\n<h2 class=\"wp-block-heading\">Un sens a fost deja asfaltat<\/h2>\n<p class=\"wp-block-paragraph\">Potrivit lui Ruben La\u021bc\u0103u, lucr\u0103rile de asfaltare au fost programate \u00een perioada vacan\u021bei, tocmai pentru a profita de perioada \u00een care traficul este mai redus.<\/p>\n<p class=\"wp-block-paragraph\">\u201eAm programat lucr\u0103rile de asfaltare pe bulevardul Republicii, \u00eentre pasajul Jiul \u0219i Dragalina, ca s\u0103 fie gata p\u00e2n\u0103 \u00eencepe \u0219coala. De la Gar\u0103 spre pasaj am asfaltat deja, pe cel\u0103lalt sens nu putem \u00eenc\u0103\u201d, spune viceprimarul Timi\u0219oarei.<\/p>\n<p class=\"wp-block-paragraph\">Astfel, pe unul dintre sensurile de circula\u021bie interven\u021bia este deja realizat\u0103, \u00een timp ce lucr\u0103rile de pe cel\u0103lalt sens depind de finalizarea interven\u021biilor CFR.<\/p>\n<h2 class=\"wp-block-heading\">Utilajele CFR nu permit asfaltarea \u00een acest moment<\/h2>\n<p class=\"wp-block-paragraph\">Ruben La\u021bc\u0103u explic\u0103 faptul c\u0103 \u00een zona respectiv\u0103 urmeaz\u0103 s\u0103 fie utilizat un utilaj de mari dimensiuni pentru lucr\u0103rile CFR. Din acest motiv, municipalitatea a decis s\u0103 nu a\u0219tearn\u0103 asfaltul \u00eenainte de trecerea utilajelor grele.<\/p>\n<p class=\"wp-block-paragraph\">\u201eMega-utilajul din imagini va fi folosit pentru lucr\u0103rile CFR-ului, care tradi\u021bional \u00eent\u00e2rzie, iar acum nu face excep\u021bie. S\u0103 punem asfalt nou acum, ca dup\u0103 c\u00e2teva zile s\u0103 trecem peste el cu un utilaj cu uria\u0219 tonaj \u0219i apoi s\u0103-l repar\u0103m din nou ar \u00eensemna s\u0103 facem \u0219i s\u0103 pl\u0103tim aceea\u0219i lucrare de dou\u0103 ori\u201d, afirm\u0103 viceprimarul.<\/p>\n<figure class=\"wp-block-gallery has-nested-images columns-default is-cropped wp-block-gallery-1 is-layout-flex wp-block-gallery-is-layout-flex\">\n<figure class=\"wp-block-image size-large\"><img loading=\"lazy\" decoding=\"async\" width=\"1920\" height=\"1080\" data-id=\"40350\" src=\"https:\/\/orasul-timisoara.ro\/wp-content\/uploads\/2026\/08\/lucrari-gara-de-nord-tm-5.jpg\" alt class=\"wp-image-40350\"><\/figure>\n<figure class=\"wp-block-image size-large\"><img loading=\"lazy\" decoding=\"async\" width=\"1920\" height=\"1080\" data-id=\"40353\" src=\"https:\/\/orasul-timisoara.ro\/wp-content\/uploads\/2026\/08\/lucrari-gara-de-nord-tm-6.jpg\" alt class=\"wp-image-40353\"><\/figure>\n<figure class=\"wp-block-image size-large\"><img loading=\"lazy\" decoding=\"async\" width=\"1920\" height=\"1080\" data-id=\"40352\" src=\"https:\/\/orasul-timisoara.ro\/wp-content\/uploads\/2026\/08\/lucrari-gara-de-nord-tm-7.jpg\" alt class=\"wp-image-40352\"><\/figure>\n<figure class=\"wp-block-image size-large\"><img decoding=\"async\" loading=\"lazy\" width=\"1920\" height=\"1080\" data-id=\"40351\" src=\"https:\/\/orasul-timisoara.ro\/wp-content\/uploads\/2026\/08\/lucrari-gara-de-nord-tm-8.jpg\" alt class=\"wp-image-40351\"><\/figure>\n<\/figure>\n<p class=\"wp-block-paragraph\">Decizia are, potrivit municipalit\u0103\u021bii, rolul de a evita deteriorarea asfaltului nou \u0219i repetarea unor lucr\u0103ri care ar presupune costuri suplimentare.<\/p>\n<h2 class=\"wp-block-heading\">Prim\u0103ria a\u0219teapt\u0103 finalizarea lucr\u0103rilor CFR<\/h2>\n<p class=\"wp-block-paragraph\">Situa\u021bia este una frustrant\u0103 pentru \u0219oferii care circul\u0103 prin zon\u0103, mai ales \u00een condi\u021biile \u00een care asfaltarea a fost programat\u0103 tocmai pentru perioada de var\u0103.<\/p>\n<p class=\"wp-block-paragraph\">Viceprimarul Timi\u0219oarei recunoa\u0219te c\u0103 \u00eent\u00e2rzierea lucr\u0103rilor CFR afecteaz\u0103 calendarul preg\u0103tit de municipalitate.<\/p>\n<p class=\"wp-block-paragraph\">\u201e\u0218tiu c\u0103 situa\u021bia e frustrant\u0103 pentru \u0219oferi \u0219i e frustrant\u0103 \u0219i pentru noi, pentru c\u0103 am g\u00e2ndit un calendar tocmai ca s\u0103 profit\u0103m de vacan\u021b\u0103 \u0219i de concedii\u201d, spune Ruben La\u021bc\u0103u.<\/p>\n<p class=\"wp-block-paragraph\">Municipalitatea sus\u021bine \u00eens\u0103 c\u0103 este preg\u0103tit\u0103 s\u0103 intervin\u0103 imediat dup\u0103 ce CFR \u00ee\u0219i finalizeaz\u0103 lucr\u0103rile.<\/p>\n<p class=\"wp-block-paragraph\">\u201eSuntem preg\u0103ti\u021bi ca, imediat ce CFR-ul \u00ee\u0219i termin\u0103 lucr\u0103rile, s\u0103 asfalt\u0103m \u0219i sensul de la pasajul Jiul spre Gar\u0103\u201d, a mai declarat Ruben La\u021bc\u0103u.<\/p>\n<\/div>\n<p>[analyse_source url=&#8221;https:\/\/orasul-timisoara.ro\/local-40349\/&#8221;]<\/p>\n","protected":false},"excerpt":{"rendered":"<p>[analyse_image type=&#8221;featured&#8221; src=&#8221;https:\/\/orasul-timisoara.ro\/wp-content\/uploads\/2026\/08\/lucrari-gara-de-nord-tm-7.jpg&#8221;] Administra\u021bie local\u0103Asfaltarea de pe bulevardul Republicii, blocat\u0103 de lucr\u0103rile CFR. Ruben La\u021bc\u0103u: \u201eS\u0103&#8230; Administra\u021bie local\u0103 Investitii in Timisoara \u0218tiri Locale Asfaltarea de pe bulevardul Republicii, blocat\u0103 de lucr\u0103rile CFR. Ruben La\u021bc\u0103u: \u201eS\u0103 facem aceea\u0219i lucrare de dou\u0103 ori ar \u00eensemna s\u0103 pl\u0103tim de dou\u0103 ori\u201d De c\u0103tre redactia &#8211; 19\/08\/2026 Facebook Twitter [&hellip;]<\/p>\n","protected":false},"author":1,"featured_media":0,"comment_status":"open","ping_status":"","sticky":false,"template":"","format":"standard","meta":{"footnotes":""},"categories":[89],"tags":[226,189],"class_list":["post-2103799","post","type-post","status-publish","format-standard","hentry","category-romania","tag-crawlmanager","tag-orasul-timisoara-ro"],"_links":{"self":[{"href":"https:\/\/analyse.optim.biz\/index.php?rest_route=\/wp\/v2\/posts\/2103799","targetHints":{"allow":["GET"]}}],"collection":[{"href":"https:\/\/analyse.optim.biz\/index.php?rest_route=\/wp\/v2\/posts"}],"about":[{"href":"https:\/\/analyse.optim.biz\/index.php?rest_route=\/wp\/v2\/types\/post"}],"author":[{"embeddable":true,"href":"https:\/\/analyse.optim.biz\/index.php?rest_route=\/wp\/v2\/users\/1"}],"replies":[{"embeddable":true,"href":"https:\/\/analyse.optim.biz\/index.php?rest_route=%2Fwp%2Fv2%2Fcomments&post=2103799"}],"version-history":[{"count":0,"href":"https:\/\/analyse.optim.biz\/index.php?rest_route=\/wp\/v2\/posts\/2103799\/revisions"}],"wp:attachment":[{"href":"https:\/\/analyse.optim.biz\/index.php?rest_route=%2Fwp%2Fv2%2Fmedia&parent=2103799"}],"wp:term":[{"taxonomy":"category","embeddable":true,"href":"https:\/\/analyse.optim.biz\/index.php?rest_route=%2Fwp%2Fv2%2Fcategories&post=2103799"},{"taxonomy":"post_tag","embeddable":true,"href":"https:\/\/analyse.optim.biz\/index.php?rest_route=%2Fwp%2Fv2%2Ftags&post=2103799"}],"curies":[{"name":"wp","href":"https:\/\/api.w.org\/{rel}","templated":true}]}}