{"id":2103798,"date":"2026-08-18T16:09:56","date_gmt":"2026-08-18T13:09:56","guid":{"rendered":"https:\/\/analyse.optim.biz\/?p=2103798"},"modified":"2026-08-18T16:09:56","modified_gmt":"2026-08-18T13:09:56","slug":"accident-terifiant-la-cheveresu-mare-ce-au-stabilit-politistii-foto","status":"publish","type":"post","link":"https:\/\/analyse.optim.biz\/?p=2103798","title":{"rendered":"Accident terifiant la Chevere\u0219u Mare. Ce au stabilit poli\u021bi\u0219tii (foto)"},"content":{"rendered":"<p>[analyse_image type=&#8221;featured&#8221; src=&#8221;https:\/\/renasterea.ro\/ro\/wp-content\/uploads\/2026\/08\/accident-cheveres.jpghttps:\/\/renasterea.ro\/ro\/wp-content\/uploads\/2026\/08\/accident-cheveres.jpg&#8221;]<\/p>\n<div class=\"entry-content\"><img loading=\"lazy\" decoding=\"async\" width=\"800\" height=\"419\" src=\"https:\/\/renasterea.ro\/ro\/wp-content\/uploads\/2026\/08\/accident-cheveres-800x419.jpg\" class=\"attachment-medium size-medium wp-post-image\" alt=\"Accident terifiant la Chevere\u0219u Mare. Ce au stabilit poli\u021bi\u0219tii (foto)\" title=\"Accident terifiant la Chevere\u0219u Mare. Ce au stabilit poli\u021bi\u0219tii (foto) 1\"><\/p>\n<h4>Mar\u021bi dup\u0103-amiaza, 18 august, poli\u021bi\u0219tii rutieri au fost sesiza\u021bi cu privire la producerea unui accident rutier pe DJ 592, \u00een localitatea Chevere\u0219u Mare.<\/h4>\n<p>Din primele verific\u0103ri efectuate a reie\u0219it c\u0103 un b\u0103rbat, \u00een v\u00e2rst\u0103 de 50 de ani, a condus un autoturism dinspre localitatea Chevere\u0219u Mare \u00eenspre localitatea Bacova, iar la un moment dat a intrat \u00een coliziune cu un autoturism condus din sensul opus de mers de c\u0103tre un b\u0103rbat, \u00een v\u00e2rst\u0103 de 39 de ani. Apoi, autoturismul condus de b\u0103rbatul \u00een v\u00e2rst\u0103 de 50 de ani a fost proiectat \u00eentr-un microbuz, a transmis IPJ Timi\u0219.<\/p>\n<p>\u00cen urma accidentului a rezultat r\u0103nirea conduc\u0103torului auto \u00een v\u00e2rst\u0103 de 50 de ani, precum \u0219i a unui pasager al acestuia, \u00een v\u00e2rst\u0103 de 27 de ani, cele dou\u0103 persoane fiind transportate la spital \u00een vederea acord\u0103rii \u00eengrijirilor medicale de specialitate.<\/p>\n<p>Totodat\u0103, un alt pasager din autoturismul condus de b\u0103rbatul \u00een v\u00e2rst\u0103 de 50 de ani, un b\u0103rbat \u00een v\u00e2rst\u0103 de 48 de ani, a decedat.<\/p>\n<p><img loading=\"lazy\" decoding=\"async\" class=\"alignnone size-full wp-image-303936\" src=\"https:\/\/renasterea.ro\/ro\/wp-content\/uploads\/2026\/08\/accident-cheveresu-mare.jpg\" alt=\"Accident terifiant la Chevere\u0219u Mare. Ce au stabilit poli\u021bi\u0219tii (foto)\" width=\"500\" height=\"265\" title=\"Accident terifiant la Chevere\u0219u Mare. Ce au stabilit poli\u021bi\u0219tii (foto) 2\"><\/p>\n<p>\u00cen cauz\u0103, poli\u021bi\u0219tii efectueaz\u0103 cercet\u0103ri pentru stabilirea tuturor \u00eemprejur\u0103rilor producerii accidentului \u0219i au \u00eentocmit dosar penal sub aspectul s\u0103v\u00e2r\u0219irii infrac\u021biunilor de v\u0103t\u0103mare corporal\u0103 din culp\u0103 \u0219i ucidere din culp\u0103.<\/p>\n<h2>CITE\u0218TE \u0218I: <span><a href=\"https:\/\/renasterea.ro\/politistii-au-primele-informatii-despre-accidentul-mortal-de-pe-centura-timisoarei-victima-avea-57-de-ani-video\/\">Poli\u0163i\u015ftii au primele informa\u0163ii despre accidentul mortal de pe Centura Timi\u015foarei. Victima avea 57 de ani (video)<\/a><\/span><\/h2>\n<\/div>\n<p>[analyse_source url=&#8221;https:\/\/renasterea.ro\/accident-terifiant-la-cheveresu-mare-ce-au-stabilit-politistii-foto\/&#8221;]<\/p>\n","protected":false},"excerpt":{"rendered":"<p>[analyse_image type=&#8221;featured&#8221; src=&#8221;https:\/\/renasterea.ro\/ro\/wp-content\/uploads\/2026\/08\/accident-cheveres.jpghttps:\/\/renasterea.ro\/ro\/wp-content\/uploads\/2026\/08\/accident-cheveres.jpg&#8221;] Mar\u021bi dup\u0103-amiaza, 18 august, poli\u021bi\u0219tii rutieri au fost sesiza\u021bi cu privire la producerea unui accident rutier pe DJ 592, \u00een localitatea Chevere\u0219u Mare. Din primele verific\u0103ri efectuate a reie\u0219it c\u0103 un b\u0103rbat, \u00een v\u00e2rst\u0103 de 50 de ani, a condus un autoturism dinspre localitatea Chevere\u0219u Mare \u00eenspre localitatea Bacova, iar la un [&hellip;]<\/p>\n","protected":false},"author":1,"featured_media":0,"comment_status":"open","ping_status":"","sticky":false,"template":"","format":"standard","meta":{"footnotes":""},"categories":[89],"tags":[226,188],"class_list":["post-2103798","post","type-post","status-publish","format-standard","hentry","category-romania","tag-crawlmanager","tag-renasterea-ro"],"_links":{"self":[{"href":"https:\/\/analyse.optim.biz\/index.php?rest_route=\/wp\/v2\/posts\/2103798","targetHints":{"allow":["GET"]}}],"collection":[{"href":"https:\/\/analyse.optim.biz\/index.php?rest_route=\/wp\/v2\/posts"}],"about":[{"href":"https:\/\/analyse.optim.biz\/index.php?rest_route=\/wp\/v2\/types\/post"}],"author":[{"embeddable":true,"href":"https:\/\/analyse.optim.biz\/index.php?rest_route=\/wp\/v2\/users\/1"}],"replies":[{"embeddable":true,"href":"https:\/\/analyse.optim.biz\/index.php?rest_route=%2Fwp%2Fv2%2Fcomments&post=2103798"}],"version-history":[{"count":0,"href":"https:\/\/analyse.optim.biz\/index.php?rest_route=\/wp\/v2\/posts\/2103798\/revisions"}],"wp:attachment":[{"href":"https:\/\/analyse.optim.biz\/index.php?rest_route=%2Fwp%2Fv2%2Fmedia&parent=2103798"}],"wp:term":[{"taxonomy":"category","embeddable":true,"href":"https:\/\/analyse.optim.biz\/index.php?rest_route=%2Fwp%2Fv2%2Fcategories&post=2103798"},{"taxonomy":"post_tag","embeddable":true,"href":"https:\/\/analyse.optim.biz\/index.php?rest_route=%2Fwp%2Fv2%2Ftags&post=2103798"}],"curies":[{"name":"wp","href":"https:\/\/api.w.org\/{rel}","templated":true}]}}