{"id":2103797,"date":"2026-08-19T13:32:20","date_gmt":"2026-08-19T10:32:20","guid":{"rendered":"https:\/\/analyse.optim.biz\/?p=2103797"},"modified":"2026-08-19T13:32:20","modified_gmt":"2026-08-19T10:32:20","slug":"primaria-timisoara-reia-licitatia-pentru-o-noua-cresa-in-nordul-orasului","status":"publish","type":"post","link":"https:\/\/analyse.optim.biz\/?p=2103797","title":{"rendered":"Prim\u0103ria Timi\u0219oara reia licita\u021bia pentru o nou\u0103 cre\u0219\u0103 \u00een nordul ora\u0219ului"},"content":{"rendered":"<p>[analyse_image type=&#8221;featured&#8221; src=&#8221;https:\/\/orasul-timisoara.ro\/wp-content\/uploads\/2026\/08\/gradinita-urban.jpg&#8221;]<\/p>\n<article id=\"post-40340\" class=\"td-post-template-7 post-40340 post type-post status-publish format-standard has-post-thumbnail category-administratie category-featured category-investitii-in-timisoara category-stiri-timisoara tag-ciarda-rosie-2 tag-copii tag-cresa-timisoara tag-crese-timisoara-2 tag-educatie-timisoara tag-infrastructura-educationala tag-investitii-timisoara-2 tag-ion-ionescu-de-la-brad tag-nordul-timisoarei tag-primaria-timisoara-2 tag-stiri-timisoara tag-strada-cocea tag-timisoara-2 td-container-wrap\">\n<div class=\"td-full-screen-header-image-wrap\">\n<div class=\"td-container td-post-header\">\n<div class=\"td-crumb-container\">\n<div class=\"entry-crumbs\"><span><a title=\"Vede\u021bi toate articolele \u00een Administra\u021bie local\u0103\" class=\"entry-crumb\" href=\"https:\/\/orasul-timisoara.ro\/local-category\/administratie\/\">Administra\u021bie local\u0103<\/a><\/span><span class=\"td-bred-no-url-last\">Prim\u0103ria Timi\u0219oara reia licita\u021bia pentru o nou\u0103 cre\u0219\u0103 \u00een nordul ora\u0219ului<\/span><\/div>\n<\/div>\n<div class=\"td-post-header-holder\">\n<div class=\"td-parallax-header\">\n<header class=\"td-post-title\">\n<ul class=\"td-category\">\n<li class=\"entry-category\"><a href=\"https:\/\/orasul-timisoara.ro\/local-category\/administratie\/\">Administra\u021bie local\u0103<\/a><\/li>\n<li class=\"entry-category\"><a href=\"https:\/\/orasul-timisoara.ro\/local-category\/investitii-in-timisoara\/\">Investitii in Timisoara<\/a><\/li>\n<li class=\"entry-category\"><a href=\"https:\/\/orasul-timisoara.ro\/local-category\/stiri-timisoara\/\">\u0218tiri Locale<\/a><\/li>\n<\/ul>\n<h1 class=\"entry-title\">Prim\u0103ria Timi\u0219oara reia licita\u021bia pentru o nou\u0103 cre\u0219\u0103 \u00een nordul ora\u0219ului<\/h1>\n<div class=\"td-module-meta-info\">\n<div class=\"td-post-author-name\">\n<div class=\"td-author-by\">De c\u0103tre<\/div>\n<p><a href=\"https:\/\/orasul-timisoara.ro\/author\/timisoara\/\">redactia<\/a><\/p>\n<div class=\"td-author-line\"> &#8211; <\/div>\n<\/div>\n<p><span class=\"td-post-date\"><time class=\"entry-date updated td-module-date\" datetime=\"2026-08-19T16:32:20+03:00\">19\/08\/2026<\/time><\/span><\/div>\n<\/header>\n<\/div>\n<\/div>\n<\/div>\n<div id=\"td-full-screen-header-image\" class=\"td-image-gradient-style7\"><img decoding=\"async\" class=\"td-backstretch\" src=\"https:\/\/orasul-timisoara.ro\/wp-content\/uploads\/2026\/08\/gradinita-urban.jpg\"><\/div>\n<\/div>\n<div class=\"td-container\">\n<div class=\"td-pb-row\">\n<div class=\"td-pb-span8 td-main-content\" role=\"main\">\n<div class=\"td-ss-main-content\">\n<div class=\"td-post-sharing-top\">\n<div class=\"td-post-sharing-classic\"><iframe title=\"topFacebookLike\" frameborder src=\"https:\/\/www.facebook.com\/plugins\/like.php?href=https:\/\/orasul-timisoara.ro\/local-40340\/&amp;layout=button_count&amp;show_faces=false&amp;width=105&amp;action=like&amp;colorscheme=light&amp;height=21\"><\/iframe><\/div>\n<div id=\"td_social_sharing_article_top\" class=\"td-post-sharing td-ps-bg td-ps-notext td-post-sharing-style1 \">\n<div class=\"td-post-sharing-visible\"><a class=\"td-social-sharing-button td-social-sharing-button-js td-social-network td-social-facebook\" href=\"https:\/\/www.facebook.com\/sharer.php?u=https%3A%2F%2Forasul-timisoara.ro%2Flocal-40340%2F\" title=\"Facebook\"><\/p>\n<div class=\"td-social-but-text\">Facebook<\/div>\n<p><\/a><a class=\"td-social-sharing-button td-social-sharing-button-js td-social-network td-social-twitter\" href=\"https:\/\/twitter.com\/intent\/tweet?text=Prim%C4%83ria+Timi%C8%99oara+reia+licita%C8%9Bia+pentru+o+nou%C4%83+cre%C8%99%C4%83+%C3%AEn+nordul+ora%C8%99ului&amp;url=https%3A%2F%2Forasul-timisoara.ro%2Flocal-40340%2F&amp;via=orasultm\" title=\"Twitter\"><\/p>\n<div class=\"td-social-but-text\">Twitter<\/div>\n<p><\/a><a class=\"td-social-sharing-button td-social-sharing-button-js td-social-network td-social-whatsapp\" href=\"https:\/\/api.whatsapp.com\/send?text=Prim%C4%83ria+Timi%C8%99oara+reia+licita%C8%9Bia+pentru+o+nou%C4%83+cre%C8%99%C4%83+%C3%AEn+nordul+ora%C8%99ului%20%0A%0A%20https:\/\/orasul-timisoara.ro\/local-40340\/\" title=\"WhatsApp\"><\/p>\n<div class=\"td-social-but-text\">WhatsApp<\/div>\n<p><\/a><a class=\"td-social-sharing-button td-social-sharing-button-js td-social-network td-social-linkedin\" href=\"https:\/\/www.linkedin.com\/shareArticle?mini=true&amp;url=https:\/\/orasul-timisoara.ro\/local-40340\/&amp;title=Prim%C4%83ria+Timi%C8%99oara+reia+licita%C8%9Bia+pentru+o+nou%C4%83+cre%C8%99%C4%83+%C3%AEn+nordul+ora%C8%99ului\" title=\"Linkedin\"><\/p>\n<div class=\"td-social-but-text\">Linkedin<\/div>\n<p><\/a><a class=\"td-social-sharing-button td-social-sharing-button-js td-social-network td-social-reddit\" href=\"https:\/\/reddit.com\/submit?url=https:\/\/orasul-timisoara.ro\/local-40340\/&amp;title=Prim%C4%83ria+Timi%C8%99oara+reia+licita%C8%9Bia+pentru+o+nou%C4%83+cre%C8%99%C4%83+%C3%AEn+nordul+ora%C8%99ului\" title=\"ReddIt\"><\/p>\n<div class=\"td-social-but-text\">ReddIt<\/div>\n<p><\/a><a class=\"td-social-sharing-button td-social-sharing-button-js td-social-network td-social-mail\" href=\"mailto:?subject=Prim%C4%83ria%20Timi%C8%99oara%20reia%20licita%C8%9Bia%20pentru%20o%20nou%C4%83%20cre%C8%99%C4%83%20%C3%AEn%20nordul%20ora%C8%99ului&amp;body=https:\/\/orasul-timisoara.ro\/local-40340\/\" title=\"Email\"><\/p>\n<div class=\"td-social-but-text\">Email<\/div>\n<p><\/a><a class=\"td-social-sharing-button td-social-sharing-button-js td-social-network td-social-print\" href=\"https:\/\/orasul-timisoara.ro\/local-40340\/\" title=\"Imprimare\"><\/p>\n<div class=\"td-social-but-text\">Imprimare<\/div>\n<p><\/a><\/div>\n<\/div>\n<\/div>\n<div class=\"td-post-content tagdiv-type\">\n<p class=\"wp-block-paragraph\">Prim\u0103ria Municipiului Timi\u0219oara reia procedura de achizi\u021bie pentru proiectarea \u0219i construirea unei noi cre\u0219e pe strada Ion Ionescu de la Brad, \u00een zona de nord a ora\u0219ului. Investi\u021bia va crea 29 de locuri pentru copii cu v\u00e2rste cuprinse \u00eentre 3 luni \u0219i 3 ani \u0219i vine \u00een contextul nevoii de suplimentare a locurilor disponibile pentru familiile din aceast\u0103 parte a ora\u0219ului.<\/p>\n<p class=\"wp-block-paragraph\">Noua unitate va avea trei niveluri \u0219i va reuni spa\u021bii pentru copii, zone pentru personal \u0219i toate func\u021biunile necesare desf\u0103\u0219ur\u0103rii activit\u0103\u021bii unei cre\u0219e. Municipalitatea a relansat licita\u021bia dup\u0103 ce ofertele depuse \u00een procedura anterioar\u0103 nu au fost conforme.<\/p>\n<h2 class=\"wp-block-heading\">Cre\u0219\u0103 cu 29 de locuri pe strada Ion Ionescu de la Brad<\/h2>\n<p class=\"wp-block-paragraph\">Proiectul Prim\u0103riei Timi\u0219oara prevede construirea unei cre\u0219e cu o capacitate de 29 de locuri, destinat\u0103 copiilor cu v\u00e2rste \u00eentre 3 luni \u0219i 3 ani.<\/p>\n<p class=\"wp-block-paragraph\">Cl\u0103direa va avea trei niveluri \u0219i va include s\u0103li pentru grupele de copii, dormitoare, spa\u021bii pentru servirea mesei \u0219i grupuri sanitare adaptate nevoilor celor mici.<\/p>\n<p class=\"wp-block-paragraph\">Proiectul cuprinde \u0219i spa\u021bii destinate \u00eengrijirii \u0219i supravegherii copiilor. Printre acestea se num\u0103r\u0103 un cabinet medical \u0219i un izolator, precum \u0219i \u00eenc\u0103peri destinate educatorilor \u0219i \u00eengrijitorilor.<\/p>\n<h2 class=\"wp-block-heading\">Ce facilit\u0103\u021bi va avea noua cre\u0219\u0103 din nordul Timi\u0219oarei<\/h2>\n<p class=\"wp-block-paragraph\">Noua cl\u0103dire va dispune de buc\u0103t\u0103rie \u0219i sp\u0103l\u0103torie, astfel \u00eenc\u00e2t activit\u0103\u021bile necesare func\u021bion\u0103rii cre\u0219ei s\u0103 poat\u0103 fi desf\u0103\u0219urate \u00een cadrul unit\u0103\u021bii.<\/p>\n<p class=\"wp-block-paragraph\">\u00cen exterior va fi amenajat\u0103 o curte destinat\u0103 activit\u0103\u021bilor \u00een aer liber. Proiectul prevede zone de joac\u0103 \u0219i relaxare, pergole pentru asigurarea umbrei \u0219i alei pietonale.<\/p>\n<p class=\"wp-block-paragraph\">Pentru accesul cu autoturismul vor fi amenajate nou\u0103 locuri de parcare. Cl\u0103direa va fi proiectat\u0103 astfel \u00eenc\u00e2t s\u0103 fie accesibil\u0103 \u0219i persoanelor cu dizabilit\u0103\u021bi.<\/p>\n<h2 class=\"wp-block-heading\">Licita\u021bia a fost relansat\u0103 dup\u0103 prima procedur\u0103<\/h2>\n<p class=\"wp-block-paragraph\">Municipalitatea reia procedura de achizi\u021bie dup\u0103 ce ofertele depuse la licita\u021bia anterioar\u0103 nu au \u00eendeplinit condi\u021biile de conformitate.<\/p>\n<p class=\"wp-block-paragraph\">Firmele interesate s\u0103 participe la noua procedur\u0103 \u00ee\u0219i pot depune ofertele p\u00e2n\u0103 la data de 28 septembrie 2026, prin sistemul electronic de achizi\u021bii publice.<\/p>\n<p class=\"wp-block-paragraph\">Contractul include at\u00e2t serviciile de proiectare, c\u00e2t \u0219i execu\u021bia propriu-zis\u0103 a lucr\u0103rilor, astfel \u00eenc\u00e2t durata total\u0103 prev\u0103zut\u0103 pentru realizarea investi\u021biei este de 15 luni.<\/p>\n<h2 class=\"wp-block-heading\">Investi\u021bie de aproximativ 6,3 milioane de lei<\/h2>\n<p class=\"wp-block-paragraph\">Valoarea estimat\u0103 a investi\u021biei este de aproximativ 6,3 milioane de lei, f\u0103r\u0103 TVA.<\/p>\n<p class=\"wp-block-paragraph\">\u00cen cadrul contractului, constructorul va trebui s\u0103 parcurg\u0103 at\u00e2t etapa de proiectare, c\u00e2t \u0219i cea de execu\u021bie. Dup\u0103 finalizarea procedurii de achizi\u021bie \u0219i atribuirea contractului, va putea \u00eencepe preg\u0103tirea documenta\u021biei \u0219i ulterior lucr\u0103rile de construire.<\/p>\n<p class=\"wp-block-paragraph\">Noua cre\u0219\u0103 este destinat\u0103 zonei de nord a Timi\u0219oarei, unde dezvoltarea reziden\u021bial\u0103 \u0219i num\u0103rul familiilor tinere genereaz\u0103 o nevoie tot mai mare de servicii pentru copii mici.<\/p>\n<h2 class=\"wp-block-heading\">Prim\u0103ria preg\u0103te\u0219te \u0219i o alt\u0103 cre\u0219\u0103 \u00een Ciarda Ro\u0219ie<\/h2>\n<p class=\"wp-block-paragraph\">Investi\u021bia de pe strada Ion Ionescu de la Brad nu este singurul proiect recent al Prim\u0103riei Timi\u0219oara destinat extinderii infrastructurii pentru copii.<\/p>\n<p class=\"wp-block-paragraph\">Municipalitatea a lansat, de asemenea, licita\u021bia pentru continuarea lucr\u0103rilor la cre\u0219a de pe strada Cocea, din cartierul Ciarda Ro\u0219ie. Proiectul va pune la dispozi\u021bie alte 38 de locuri pentru copii.<\/p>\n<p class=\"wp-block-paragraph\">Cele dou\u0103 investi\u021bii urm\u0103resc cre\u0219terea num\u0103rului de locuri disponibile \u00een cre\u0219ele din Timi\u0219oara \u0219i extinderea infrastructurii dedicate copiilor cu v\u00e2rste mici.<\/p>\n<p class=\"wp-block-paragraph\">Pentru proiectul de pe strada Ion Ionescu de la Brad, urm\u0103torul pas este finalizarea procedurii de achizi\u021bie \u0219i desemnarea firmei care va realiza proiectarea \u0219i construc\u021bia noii unit\u0103\u021bi.<\/p>\n<p class=\"wp-block-paragraph\">Nota: imagnea are doar rol ilustrativ<\/p>\n<\/div>\n<footer>\n<div class=\"td-post-source-tags\">\n<ul class=\"td-tags td-post-small-box clearfix\">\n<li><span>ETICHETE<\/span><\/li>\n<li><a href=\"https:\/\/orasul-timisoara.ro\/local-tag\/ciarda-rosie-2\/\">Ciarda Ro\u0219ie<\/a><\/li>\n<li><a href=\"https:\/\/orasul-timisoara.ro\/local-tag\/copii\/\">copii<\/a><\/li>\n<li><a href=\"https:\/\/orasul-timisoara.ro\/local-tag\/cresa-timisoara\/\">cre\u0219\u0103 Timi\u0219oara<\/a><\/li>\n<li><a href=\"https:\/\/orasul-timisoara.ro\/local-tag\/crese-timisoara-2\/\">cre\u0219e Timi\u0219oara<\/a><\/li>\n<li><a href=\"https:\/\/orasul-timisoara.ro\/local-tag\/educatie-timisoara\/\">educa\u021bie Timi\u0219oara<\/a><\/li>\n<li><a href=\"https:\/\/orasul-timisoara.ro\/local-tag\/infrastructura-educationala\/\">infrastructur\u0103 educa\u021bional\u0103<\/a><\/li>\n<li><a href=\"https:\/\/orasul-timisoara.ro\/local-tag\/investitii-timisoara-2\/\">investi\u021bii Timi\u0219oara<\/a><\/li>\n<li><a href=\"https:\/\/orasul-timisoara.ro\/local-tag\/ion-ionescu-de-la-brad\/\">Ion Ionescu de la Brad<\/a><\/li>\n<li><a href=\"https:\/\/orasul-timisoara.ro\/local-tag\/nordul-timisoarei\/\">nordul Timi\u0219oarei<\/a><\/li>\n<li><a href=\"https:\/\/orasul-timisoara.ro\/local-tag\/primaria-timisoara-2\/\">Prim\u0103ria Timi\u0219oara<\/a><\/li>\n<li><a href=\"https:\/\/orasul-timisoara.ro\/local-tag\/stiri-timisoara\/\">stiri timisoara<\/a><\/li>\n<li><a href=\"https:\/\/orasul-timisoara.ro\/local-tag\/strada-cocea\/\">strada Cocea<\/a><\/li>\n<li><a href=\"https:\/\/orasul-timisoara.ro\/local-tag\/timisoara-2\/\">timi\u0219oara<\/a><\/li>\n<\/ul>\n<\/div>\n<div class=\"td-post-sharing-bottom\">\n<div class=\"td-post-sharing-classic\"><iframe title=\"bottomFacebookLike\" frameborder src=\"https:\/\/www.facebook.com\/plugins\/like.php?href=https:\/\/orasul-timisoara.ro\/local-40340\/&amp;layout=button_count&amp;show_faces=false&amp;width=105&amp;action=like&amp;colorscheme=light&amp;height=21\"><\/iframe><\/div>\n<div id=\"td_social_sharing_article_bottom\" class=\"td-post-sharing td-ps-bg td-ps-notext td-post-sharing-style1 \">\n<div class=\"td-post-sharing-visible\"><a class=\"td-social-sharing-button td-social-sharing-button-js td-social-network td-social-facebook\" href=\"https:\/\/www.facebook.com\/sharer.php?u=https%3A%2F%2Forasul-timisoara.ro%2Flocal-40340%2F\" title=\"Facebook\"><\/p>\n<div class=\"td-social-but-text\">Facebook<\/div>\n<p><\/a><a class=\"td-social-sharing-button td-social-sharing-button-js td-social-network td-social-twitter\" href=\"https:\/\/twitter.com\/intent\/tweet?text=Prim%C4%83ria+Timi%C8%99oara+reia+licita%C8%9Bia+pentru+o+nou%C4%83+cre%C8%99%C4%83+%C3%AEn+nordul+ora%C8%99ului&amp;url=https%3A%2F%2Forasul-timisoara.ro%2Flocal-40340%2F&amp;via=orasultm\" title=\"Twitter\"><\/p>\n<div class=\"td-social-but-text\">Twitter<\/div>\n<p><\/a><a class=\"td-social-sharing-button td-social-sharing-button-js td-social-network td-social-whatsapp\" href=\"https:\/\/api.whatsapp.com\/send?text=Prim%C4%83ria+Timi%C8%99oara+reia+licita%C8%9Bia+pentru+o+nou%C4%83+cre%C8%99%C4%83+%C3%AEn+nordul+ora%C8%99ului%20%0A%0A%20https:\/\/orasul-timisoara.ro\/local-40340\/\" title=\"WhatsApp\"><\/p>\n<div class=\"td-social-but-text\">WhatsApp<\/div>\n<p><\/a><a class=\"td-social-sharing-button td-social-sharing-button-js td-social-network td-social-linkedin\" href=\"https:\/\/www.linkedin.com\/shareArticle?mini=true&amp;url=https:\/\/orasul-timisoara.ro\/local-40340\/&amp;title=Prim%C4%83ria+Timi%C8%99oara+reia+licita%C8%9Bia+pentru+o+nou%C4%83+cre%C8%99%C4%83+%C3%AEn+nordul+ora%C8%99ului\" title=\"Linkedin\"><\/p>\n<div class=\"td-social-but-text\">Linkedin<\/div>\n<p><\/a><a class=\"td-social-sharing-button td-social-sharing-button-js td-social-network td-social-reddit\" href=\"https:\/\/reddit.com\/submit?url=https:\/\/orasul-timisoara.ro\/local-40340\/&amp;title=Prim%C4%83ria+Timi%C8%99oara+reia+licita%C8%9Bia+pentru+o+nou%C4%83+cre%C8%99%C4%83+%C3%AEn+nordul+ora%C8%99ului\" title=\"ReddIt\"><\/p>\n<div class=\"td-social-but-text\">ReddIt<\/div>\n<p><\/a><a class=\"td-social-sharing-button td-social-sharing-button-js td-social-network td-social-mail\" href=\"mailto:?subject=Prim%C4%83ria%20Timi%C8%99oara%20reia%20licita%C8%9Bia%20pentru%20o%20nou%C4%83%20cre%C8%99%C4%83%20%C3%AEn%20nordul%20ora%C8%99ului&amp;body=https:\/\/orasul-timisoara.ro\/local-40340\/\" title=\"Email\"><\/p>\n<div class=\"td-social-but-text\">Email<\/div>\n<p><\/a><a class=\"td-social-sharing-button td-social-sharing-button-js td-social-network td-social-print\" href=\"https:\/\/orasul-timisoara.ro\/local-40340\/\" title=\"Imprimare\"><\/p>\n<div class=\"td-social-but-text\">Imprimare<\/div>\n<p><\/a><\/div>\n<\/div>\n<\/div>\n<div class=\"td-block-row td-post-next-prev\">\n<div class=\"td-block-span6 td-post-prev-post\">\n<div class=\"td-post-next-prev-content\"><span>Articolul precedent<\/span><a href=\"https:\/\/orasul-timisoara.ro\/local-40338\/\">Aquatim opre\u0219te apa \u00een Blajova, vineri. Lucr\u0103ri de mentenan\u021b\u0103 la Gospod\u0103ria de Ap\u0103<\/a><\/div>\n<\/div>\n<div class=\"td-block-span6 td-post-next-post\">\n<div class=\"td-post-next-prev-content\"><span>Articolul urm\u0103tor<\/span><a href=\"https:\/\/orasul-timisoara.ro\/local-40344\/\">Aquatim anun\u021b\u0103 presiune sc\u0103zut\u0103 \u00een dou\u0103 localit\u0103\u021bi din Timi\u0219, joi<\/a><\/div>\n<\/div>\n<\/div>\n<div class=\"td-author-name vcard author\"><span class=\"fn\"><a href=\"https:\/\/orasul-timisoara.ro\/author\/timisoara\/\">redactia<\/a><\/span><\/div>\n<p><span class=\"td-page-meta\"><\/span><span class=\"td-page-meta\"><span class=\"td-page-meta\"><\/span><\/span><span class=\"td-page-meta\"><\/span><\/footer>\n<div class=\"td_block_wrap td_block_related_posts tdi_3 td_with_ajax_pagination td-pb-border-top td_block_template_8\" data-td-block-uid=\"tdi_3\">\n<h4 class=\"td-related-title td-block-title\"><a id=\"tdi_4\" class=\"td-related-left td-cur-simple-item\" data-td_filter_value data-td_block_id=\"tdi_3\" href=\"https:\/\/orasul-timisoara.ro\/local-40340\/\">ARTICOLE SIMILARE<\/a><a id=\"tdi_5\" class=\"td-related-right\" data-td_filter_value=\"td_related_more_from_author\" data-td_block_id=\"tdi_3\" href=\"https:\/\/orasul-timisoara.ro\/local-40340\/\">DE LA ACELA\u0218I AUTOR<\/a><\/h4>\n<div id=\"tdi_3\" class=\"td_block_inner\">\n<div class=\"td-related-row\">\n<div class=\"td-related-span4\">\n<div class=\"td_module_related_posts td-animation-stack td_mod_related_posts\">\n<div class=\"td-module-image\">\n<div class=\"td-module-thumb\"><a href=\"https:\/\/orasul-timisoara.ro\/local-40323\/\" rel=\"bookmark\" class=\"td-image-wrap \" title=\"A \u00eenceput sezonul ambroziei. Medicii avertizeaz\u0103 asupra riscului de astm alergic la copii\"><img loading=\"lazy\" decoding=\"async\" class=\"entry-thumb\" src=\"https:\/\/orasul-timisoara.ro\/wp-content\/uploads\/2026\/08\/Ambrozie-oras-436x300.jpg\" alt title=\"A \u00eenceput sezonul ambroziei. Medicii avertizeaz\u0103 asupra riscului de astm alergic la copii\" width=\"218\" height=\"150\"><\/a><\/div>\n<\/div>\n<div class=\"item-details\">\n<h3 class=\"entry-title td-module-title\"><a href=\"https:\/\/orasul-timisoara.ro\/local-40323\/\" rel=\"bookmark\" title=\"A \u00eenceput sezonul ambroziei. Medicii avertizeaz\u0103 asupra riscului de astm alergic la copii\">A \u00eenceput sezonul ambroziei. Medicii avertizeaz\u0103 asupra riscului de astm alergic la copii<\/a><\/h3>\n<\/div>\n<\/div>\n<\/div>\n<div class=\"td-related-span4\">\n<div class=\"td_module_related_posts td-animation-stack td_mod_related_posts\">\n<div class=\"td-module-image\">\n<div class=\"td-module-thumb\"><a href=\"https:\/\/orasul-timisoara.ro\/local-40230\/\" rel=\"bookmark\" class=\"td-image-wrap \" title=\"Elevii din Timi\u0219oara decid cum se schimb\u0103 liceele lor. 29 de proiecte sunt \u00een lucru\"><img loading=\"lazy\" decoding=\"async\" class=\"entry-thumb\" src=\"https:\/\/orasul-timisoara.ro\/wp-content\/uploads\/2026\/08\/elevi-licee-bugetare-436x300.jpg\" alt title=\"Elevii din Timi\u0219oara decid cum se schimb\u0103 liceele lor. 29 de proiecte sunt \u00een lucru\" width=\"218\" height=\"150\"><\/a><\/div>\n<\/div>\n<div class=\"item-details\">\n<h3 class=\"entry-title td-module-title\"><a href=\"https:\/\/orasul-timisoara.ro\/local-40230\/\" rel=\"bookmark\" title=\"Elevii din Timi\u0219oara decid cum se schimb\u0103 liceele lor. 29 de proiecte sunt \u00een lucru\">Elevii din Timi\u0219oara decid cum se schimb\u0103 liceele lor. 29 de proiecte sunt \u00een lucru<\/a><\/h3>\n<\/div>\n<\/div>\n<\/div>\n<div class=\"td-related-span4\">\n<div class=\"td_module_related_posts td-animation-stack td_mod_related_posts\">\n<div class=\"td-module-image\">\n<div class=\"td-module-thumb\"><a href=\"https:\/\/orasul-timisoara.ro\/local-40153\/\" rel=\"bookmark\" class=\"td-image-wrap \" title=\"Noi construc\u021bii ilegale desfiin\u021bate la baza sportiv\u0103 de pe Amforei din Timi\u0219oara\"><img loading=\"lazy\" decoding=\"async\" class=\"entry-thumb\" src=\"https:\/\/orasul-timisoara.ro\/wp-content\/uploads\/2026\/08\/constructii-ilegale-amforei-436x300.jpg\" alt title=\"Noi construc\u021bii ilegale desfiin\u021bate la baza sportiv\u0103 de pe Amforei din Timi\u0219oara\" width=\"218\" height=\"150\"><\/a><\/div>\n<\/div>\n<div class=\"item-details\">\n<h3 class=\"entry-title td-module-title\"><a href=\"https:\/\/orasul-timisoara.ro\/local-40153\/\" rel=\"bookmark\" title=\"Noi construc\u021bii ilegale desfiin\u021bate la baza sportiv\u0103 de pe Amforei din Timi\u0219oara\">Noi construc\u021bii ilegale desfiin\u021bate la baza sportiv\u0103 de pe Amforei din Timi\u0219oara<\/a><\/h3>\n<\/div>\n<\/div>\n<\/div>\n<\/div>\n<\/div>\n<\/div>\n<div class=\"comments\" id=\"comments\">\n<div id=\"respond\" class=\"comment-respond\">\n<h3 id=\"reply-title\" class=\"comment-reply-title\">L\u0102SA\u021aI UN MESAJ<\/h3>\n<div class=\"comment-form-input-wrap td-form-comment\">\n<div class=\"td-warning-comment\">V\u0103 rug\u0103m s\u0103 introduce\u021bi comentariul dvs.!<\/div>\n<\/div>\n<div class=\"comment-form-input-wrap td-form-author\">\n<div class=\"td-warning-author\">Introduce\u021bi aici numele dvs.<\/div>\n<\/div>\n<div class=\"comment-form-input-wrap td-form-email\">\n<div class=\"td-warning-email-error\">A\u021bi introdus o adres\u0103 de e-mail incorect\u0103!<\/div>\n<div class=\"td-warning-email\">V\u0103 rug\u0103m s\u0103 introduce\u021bi adresa dvs. de e-mail aici<\/div>\n<\/div>\n<\/div>\n<p class=\"akismet_comment_form_privacy_notice\">Acest site folose\u0219te Akismet pentru a reduce spamul. <a href=\"https:\/\/akismet.com\/privacy\/\" target=\"_blank\" rel=\"nofollow noopener\">Afl\u0103 cum sunt procesate datele comentariilor tale<\/a>.<\/p>\n<\/div>\n<\/div>\n<\/div>\n<div class=\"td-pb-span4 td-main-sidebar\" role=\"complementary\">\n<div class=\"td-ss-main-sidebar\">\n<aside id=\"block-4\" class=\"td_block_template_8 widget block-4 widget_block widget_media_image\">\n<figure class=\"wp-block-image size-full\"><img loading=\"lazy\" decoding=\"async\" width=\"336\" height=\"280\" src=\"https:\/\/orasul-timisoara.ro\/wp-content\/uploads\/2024\/11\/ReTIM-Abonamentul-Verde-Google-Ads-336x280px.gif\" alt class=\"wp-image-29257\"><\/figure>\n<\/aside>\n<div class=\"td_block_wrap td_block_social_counter td_block_widget tdi_6 td-social-style5 td-social-boxed td-pb-border-top td_block_template_8\">\n<div class=\"td-block-title-wrap\">\n<h4 class=\"td-block-title\"><span>Urm\u0103re\u0219te-ne pe Social Media<\/span><\/h4>\n<\/div>\n<div class=\"td-social-list\">\n<div class=\"td_social_type td-pb-margin-side td_social_facebook\">\n<div class=\"td-social-box\"><span class=\"td_social_info td_social_info_counter\">344,595<\/span><span class=\"td_social_info td_social_info_name\">Fani<\/span><span class=\"td_social_button\"><a href=\"https:\/\/www.facebook.com\/247timisoara\" target=\"_blank\" rel=\"nofollow\">\u00cemi place<\/a><\/span><\/div>\n<\/div>\n<div class=\"td_social_type td-pb-margin-side td_social_instagram\">\n<div class=\"td-social-box\"><span class=\"td_social_info td_social_info_counter\">4,416<\/span><span class=\"td_social_info td_social_info_name\">Cititori<\/span><span class=\"td_social_button\"><a href=\"https:\/\/instagram.com\/orasultimisoararo\/\" target=\"_blank\" rel=\"nofollow\">Conecta\u021bi-v\u0103<\/a><\/span><\/div>\n<\/div>\n<div class=\"td_social_type td-pb-margin-side td_social_rss\">\n<div class=\"td-social-box\"><span class=\"td_social_info td_social_info_counter\">12,506<\/span><span class=\"td_social_info td_social_info_name\">Cititori<\/span><span class=\"td_social_button\"><a href=\"https:\/\/orasul-timisoara.ro\/feed\/\" target=\"_blank\" rel=\"nofollow\">Conecta\u021bi-v\u0103<\/a><\/span><\/div>\n<\/div>\n<div class=\"td_social_type td-pb-margin-side td_social_tiktok\">\n<div class=\"td-social-box\"><span class=\"td_social_info td_social_info_counter\">1,500<\/span><span class=\"td_social_info td_social_info_name\">Cititori<\/span><span class=\"td_social_button\"><a href=\"https:\/\/www.tiktok.com\/@orasultimisoara\" target=\"_blank\" rel=\"nofollow\">Conecta\u021bi-v\u0103<\/a><\/span><\/div>\n<\/div>\n<div class=\"td_social_type td-pb-margin-side td_social_twitter\">\n<div class=\"td-social-box\"><span class=\"td_social_info td_social_info_counter\">1,595<\/span><span class=\"td_social_info td_social_info_name\">Cititori<\/span><span class=\"td_social_button\"><a href=\"https:\/\/twitter.com\/orasultm\" target=\"_blank\" rel=\"nofollow\">Conecta\u021bi-v\u0103<\/a><\/span><\/div>\n<\/div>\n<div class=\"td_social_type td-pb-margin-side td_social_youtube\">\n<div class=\"td-social-box\"><span class=\"td_social_info td_social_info_counter\">3,506<\/span><span class=\"td_social_info td_social_info_name\">Abona\u021bi<\/span><span class=\"td_social_button\"><a href=\"https:\/\/www.youtube.com\/channel\/UCQNsQvs2XCSIm1Z-AHRturw?sub_confirmation=1\" target=\"_blank\" rel=\"nofollow\">Abona\u021bi-v\u0103<\/a><\/span><\/div>\n<\/div>\n<\/div>\n<\/div>\n<aside id=\"text-7\" class=\"td_block_template_8 widget text-7 widget_text\">\n<h4 class=\"td-block-title\"><span>C\u0103ut\u0103ri populare pe OTM<\/span><\/h4>\n<div class=\"textwidget\"><a href=\"https:\/\/orasul-timisoara.ro\/?s=timisoara\"><span>Timisoara<\/span><\/a><a href=\"https:\/\/orasul-timisoara.ro\/?s=calin+dobra\"><span>Calin Dobra<\/span><\/a><a href=\"https:\/\/orasul-timisoara.ro\/?s=primaria+timisoara\"><span>Primaria Timisoara<\/span><\/a><a href=\"https:\/\/orasul-timisoara.ro\/?s=dominic+fritz\"><span>Dominic Fritz<\/span><\/a><a href=\"https:\/\/orasul-timisoara.ro\/?s=nicolae+robu\"><span>Nicolae Robu<\/span><\/a><a href=\"https:\/\/orasul-timisoara.ro\/?s=consiliul+local+timisoara\">Consiliul Local Timisoara<\/a><a href=\"https:\/\/orasul-timisoara.ro\/?s=consiliul+judetean+timis\"><span>Consiliul Judetean Timis<\/span><\/a><a href=\"https:\/\/orasul-timisoara.ro\/?s=cjt\"><span>CJT<\/span><\/a><a href=\"https:\/\/orasul-timisoara.ro\/?s=Alfred+Simonis\"><span>Alfred Simonis<\/span><\/a><a href=\"https:\/\/orasul-timisoara.ro\/?s=PNL\"><span>PNL<\/span><\/a><a href=\"https:\/\/orasul-timisoara.ro\/?s=coronavirus\"><span>coronavirus<\/span><\/a><a href=\"https:\/\/orasul-timisoara.ro\/?s=teatru+timisoara\">teatru Timisoara<\/a><a href=\"https:\/\/orasul-timisoara.ro\/?s=restaurante\"><span>restaurante Timisoara<\/span><\/a><a href=\"https:\/\/orasul-timisoara.ro\/?s=diskoteka\"><span>Diskoteka<\/span><\/a><a href=\"https:\/\/orasul-timisoara.ro\/?s=iulius+town\"><span>Iulius Town<\/span><\/a><a href=\"https:\/\/orasul-timisoara.ro\/?s=iulius+mall\"><span>Iulius Mall<\/span><\/a><a href=\"https:\/\/orasul-timisoara.ro\/?s=stpt\"><span>STPT<\/span><\/a><a href=\"https:\/\/orasul-timisoara.ro\/?s=alin+nica\"><span>Alin Nica<\/span><\/a><a href=\"https:\/\/orasul-timisoara.ro\/?s=psd\"><span>PSD<\/span><\/a><a href=\"https:\/\/orasul-timisoara.ro\/?s=aeroport\"><span>Aeroportul International Timisoara<\/span><\/a><a href=\"https:\/\/orasul-timisoara.ro\/?s=babes\"><span>Spitalul Victor Babes Timisoara<\/span><\/a><a href=\"https:\/\/orasul-timisoara.ro\/?s=poli\"><span>Poli Timi\u0219oara<\/span><\/a><a href=\"https:\/\/orasul-timisoara.ro\/?s=carantina\"><span>carantina<\/span><\/a><a href=\"https:\/\/orasul-timisoara.ro\/?s=aquatim\"><span>Aquatim<\/span><\/a><a href=\"https:\/\/orasul-timisoara.ro\/local-category\/stiri-timisoara\/\"><span>Stiri Timisoara<\/span><\/a><a href=\"https:\/\/orasul-timisoara.ro\/local-category\/investitii-in-timisoara\/\"><span>Investi\u021bii in Timi\u0219oara<\/span><\/a><a href=\"https:\/\/orasul-timisoara.ro\/local-9463\/\"><span>shaorma<\/span><\/a><a href=\"https:\/\/orasul-timisoara.ro\/?s=trafic\"><span>trafic rutier<\/span><\/a><a href=\"https:\/\/orasul-timisoara.ro\/?s=politia\"><span>politia locala timisoara<\/span><\/a><a href=\"https:\/\/orasul-timisoara.ro\/?s=roxana\"><span>Roxana Iliescu<\/span><\/a><a href=\"https:\/\/orasul-timisoara.ro\/?s=colterm\"><span>Colterm<\/span><\/a><a href=\"https:\/\/orasul-timisoara.ro\/?s=latcau\"><span>Ruben La\u021bc\u0103u<\/span><\/a><a href=\"https:\/\/orasul-timisoara.ro\/?s=timis\"><span>\u0218tiri din Timi\u0219<\/span><\/a><a href=\"https:\/\/orasul-timisoara.ro\/?s=spital\"><span>Spitale din Timi\u0219oara<\/span><\/a><a href=\"https:\/\/orasul-timisoara.ro\/?s=tabara\"><span>Cosmin Tab\u0103r\u0103<\/span><\/a><\/div>\n<\/aside>\n<aside id=\"rss-2\" class=\"td_block_template_8 widget rss-2 widget_rss\">\n<h4 class=\"td-block-title\"><span><a class=\"rsswidget rss-widget-feed\" href=\"https:\/\/fashionfridays.ro\/feed\"><img decoding=\"async\" class=\"rss-widget-icon\" width=\"14\" height=\"14\" src=\"https:\/\/orasul-timisoara.ro\/wp-includes\/images\/rss.png\" alt=\"Flux RSS: Fashion Fridays\" loading=\"lazy\"><\/a><a class=\"rsswidget rss-widget-title\" href=\"https:\/\/fashionfridays.ro\/\">Fashion Fridays<\/a><\/span><\/h4>\n<ul>\n<li><a class=\"rsswidget\" href=\"https:\/\/fashionfridays.ro\/romania-devine-a-29-a-piata-vogue-o-noua-era-pentru-industria-locala-de-moda\/\">Rom\u00e2nia devine a 29-a pia\u021b\u0103 Vogue: o nou\u0103 er\u0103 pentru industria local\u0103 de mod\u0103<\/a>\n<div class=\"rssSummary\">Revista Vogue \u00ee\u0219i extinde prezen\u021ba global\u0103 \u0219i va fi lansat\u0103 oficial \u00een Rom\u00e2nia \u00een prim\u0103vara anului 2027, marc\u00e2nd intrarea pe cea de-a 29-a pia\u021b\u0103 interna\u021bional\u0103. Proiectul este realizat \u00een parteneriat cu AEMME Publishing, o companie media recent \u00eenfiin\u021bat\u0103, care va publica edi\u021bia local\u0103 sub licen\u021b\u0103. Noua edi\u021bie, Vogue Rom\u00e2nia, \u00ee\u0219i propune s\u0103 combine autoritatea global\u0103 [\u2026]<\/div>\n<\/li>\n<\/ul>\n<\/aside>\n<aside id=\"rss-4\" class=\"td_block_template_8 widget rss-4 widget_rss\">\n<h4 class=\"td-block-title\"><span><a class=\"rsswidget rss-widget-feed\" href=\"https:\/\/emasini.ro\/feed\"><img decoding=\"async\" class=\"rss-widget-icon\" width=\"14\" height=\"14\" src=\"https:\/\/orasul-timisoara.ro\/wp-includes\/images\/rss.png\" alt=\"Flux RSS: eMasini\" loading=\"lazy\"><\/a><a class=\"rsswidget rss-widget-title\" href=\"https:\/\/emasini.ro\/\">eMasini<\/a><\/span><\/h4>\n<ul>\n<li><a class=\"rsswidget\" href=\"https:\/\/emasini.ro\/adio-bordurilor-pline-de-ecrane-mercedes-benz-readuce-butoanele-in-noile-masini-produse\/\">Adio bordurilor pline de ecrane? Mercedes-Benz readuce butoanele \u00een noile ma\u0219ini produse<\/a>\n<div class=\"rssSummary\">Mercedes-Benz \u00ee\u0219i schimb\u0103 direc\u021bia \u00een ceea ce prive\u0219te designul interioarelor \u0219i va readuce comenzile fizice pentru anumite func\u021bii importante. Constructorul german nu renun\u021b\u0103 la ecranele mari \u0219i la tehnologiile digitale, dar recunoa\u0219te c\u0103 a mers prea departe prin eliminarea unor butoane \u0219i comenzi tactile. Ola K\u00e4llenius, pre\u0219edintele Consiliului de Administra\u021bie al Mercedes-Benz Group \u0219i CEO [\u2026]<\/div>\n<\/li>\n<\/ul>\n<\/aside>\n<\/div>\n<\/div>\n<\/div>\n<\/div>\n<\/article>\n<div class=\"td-post-content tagdiv-type\">\n<p class=\"wp-block-paragraph\">Prim\u0103ria Municipiului Timi\u0219oara reia procedura de achizi\u021bie pentru proiectarea \u0219i construirea unei noi cre\u0219e pe strada Ion Ionescu de la Brad, \u00een zona de nord a ora\u0219ului. Investi\u021bia va crea 29 de locuri pentru copii cu v\u00e2rste cuprinse \u00eentre 3 luni \u0219i 3 ani \u0219i vine \u00een contextul nevoii de suplimentare a locurilor disponibile pentru familiile din aceast\u0103 parte a ora\u0219ului.<\/p>\n<p class=\"wp-block-paragraph\">Noua unitate va avea trei niveluri \u0219i va reuni spa\u021bii pentru copii, zone pentru personal \u0219i toate func\u021biunile necesare desf\u0103\u0219ur\u0103rii activit\u0103\u021bii unei cre\u0219e. Municipalitatea a relansat licita\u021bia dup\u0103 ce ofertele depuse \u00een procedura anterioar\u0103 nu au fost conforme.<\/p>\n<h2 class=\"wp-block-heading\">Cre\u0219\u0103 cu 29 de locuri pe strada Ion Ionescu de la Brad<\/h2>\n<p class=\"wp-block-paragraph\">Proiectul Prim\u0103riei Timi\u0219oara prevede construirea unei cre\u0219e cu o capacitate de 29 de locuri, destinat\u0103 copiilor cu v\u00e2rste \u00eentre 3 luni \u0219i 3 ani.<\/p>\n<p class=\"wp-block-paragraph\">Cl\u0103direa va avea trei niveluri \u0219i va include s\u0103li pentru grupele de copii, dormitoare, spa\u021bii pentru servirea mesei \u0219i grupuri sanitare adaptate nevoilor celor mici.<\/p>\n<p class=\"wp-block-paragraph\">Proiectul cuprinde \u0219i spa\u021bii destinate \u00eengrijirii \u0219i supravegherii copiilor. Printre acestea se num\u0103r\u0103 un cabinet medical \u0219i un izolator, precum \u0219i \u00eenc\u0103peri destinate educatorilor \u0219i \u00eengrijitorilor.<\/p>\n<h2 class=\"wp-block-heading\">Ce facilit\u0103\u021bi va avea noua cre\u0219\u0103 din nordul Timi\u0219oarei<\/h2>\n<p class=\"wp-block-paragraph\">Noua cl\u0103dire va dispune de buc\u0103t\u0103rie \u0219i sp\u0103l\u0103torie, astfel \u00eenc\u00e2t activit\u0103\u021bile necesare func\u021bion\u0103rii cre\u0219ei s\u0103 poat\u0103 fi desf\u0103\u0219urate \u00een cadrul unit\u0103\u021bii.<\/p>\n<p class=\"wp-block-paragraph\">\u00cen exterior va fi amenajat\u0103 o curte destinat\u0103 activit\u0103\u021bilor \u00een aer liber. Proiectul prevede zone de joac\u0103 \u0219i relaxare, pergole pentru asigurarea umbrei \u0219i alei pietonale.<\/p>\n<p class=\"wp-block-paragraph\">Pentru accesul cu autoturismul vor fi amenajate nou\u0103 locuri de parcare. Cl\u0103direa va fi proiectat\u0103 astfel \u00eenc\u00e2t s\u0103 fie accesibil\u0103 \u0219i persoanelor cu dizabilit\u0103\u021bi.<\/p>\n<h2 class=\"wp-block-heading\">Licita\u021bia a fost relansat\u0103 dup\u0103 prima procedur\u0103<\/h2>\n<p class=\"wp-block-paragraph\">Municipalitatea reia procedura de achizi\u021bie dup\u0103 ce ofertele depuse la licita\u021bia anterioar\u0103 nu au \u00eendeplinit condi\u021biile de conformitate.<\/p>\n<p class=\"wp-block-paragraph\">Firmele interesate s\u0103 participe la noua procedur\u0103 \u00ee\u0219i pot depune ofertele p\u00e2n\u0103 la data de 28 septembrie 2026, prin sistemul electronic de achizi\u021bii publice.<\/p>\n<p class=\"wp-block-paragraph\">Contractul include at\u00e2t serviciile de proiectare, c\u00e2t \u0219i execu\u021bia propriu-zis\u0103 a lucr\u0103rilor, astfel \u00eenc\u00e2t durata total\u0103 prev\u0103zut\u0103 pentru realizarea investi\u021biei este de 15 luni.<\/p>\n<h2 class=\"wp-block-heading\">Investi\u021bie de aproximativ 6,3 milioane de lei<\/h2>\n<p class=\"wp-block-paragraph\">Valoarea estimat\u0103 a investi\u021biei este de aproximativ 6,3 milioane de lei, f\u0103r\u0103 TVA.<\/p>\n<p class=\"wp-block-paragraph\">\u00cen cadrul contractului, constructorul va trebui s\u0103 parcurg\u0103 at\u00e2t etapa de proiectare, c\u00e2t \u0219i cea de execu\u021bie. Dup\u0103 finalizarea procedurii de achizi\u021bie \u0219i atribuirea contractului, va putea \u00eencepe preg\u0103tirea documenta\u021biei \u0219i ulterior lucr\u0103rile de construire.<\/p>\n<p class=\"wp-block-paragraph\">Noua cre\u0219\u0103 este destinat\u0103 zonei de nord a Timi\u0219oarei, unde dezvoltarea reziden\u021bial\u0103 \u0219i num\u0103rul familiilor tinere genereaz\u0103 o nevoie tot mai mare de servicii pentru copii mici.<\/p>\n<h2 class=\"wp-block-heading\">Prim\u0103ria preg\u0103te\u0219te \u0219i o alt\u0103 cre\u0219\u0103 \u00een Ciarda Ro\u0219ie<\/h2>\n<p class=\"wp-block-paragraph\">Investi\u021bia de pe strada Ion Ionescu de la Brad nu este singurul proiect recent al Prim\u0103riei Timi\u0219oara destinat extinderii infrastructurii pentru copii.<\/p>\n<p class=\"wp-block-paragraph\">Municipalitatea a lansat, de asemenea, licita\u021bia pentru continuarea lucr\u0103rilor la cre\u0219a de pe strada Cocea, din cartierul Ciarda Ro\u0219ie. Proiectul va pune la dispozi\u021bie alte 38 de locuri pentru copii.<\/p>\n<p class=\"wp-block-paragraph\">Cele dou\u0103 investi\u021bii urm\u0103resc cre\u0219terea num\u0103rului de locuri disponibile \u00een cre\u0219ele din Timi\u0219oara \u0219i extinderea infrastructurii dedicate copiilor cu v\u00e2rste mici.<\/p>\n<p class=\"wp-block-paragraph\">Pentru proiectul de pe strada Ion Ionescu de la Brad, urm\u0103torul pas este finalizarea procedurii de achizi\u021bie \u0219i desemnarea firmei care va realiza proiectarea \u0219i construc\u021bia noii unit\u0103\u021bi.<\/p>\n<p class=\"wp-block-paragraph\">Nota: imagnea are doar rol ilustrativ<\/p>\n<\/div>\n<p>[analyse_source url=&#8221;https:\/\/orasul-timisoara.ro\/local-40340\/&#8221;]<\/p>\n","protected":false},"excerpt":{"rendered":"<p>[analyse_image type=&#8221;featured&#8221; src=&#8221;https:\/\/orasul-timisoara.ro\/wp-content\/uploads\/2026\/08\/gradinita-urban.jpg&#8221;] Administra\u021bie local\u0103Prim\u0103ria Timi\u0219oara reia licita\u021bia pentru o nou\u0103 cre\u0219\u0103 \u00een nordul ora\u0219ului Administra\u021bie local\u0103 Investitii in Timisoara \u0218tiri Locale Prim\u0103ria Timi\u0219oara reia licita\u021bia pentru o nou\u0103 cre\u0219\u0103 \u00een nordul ora\u0219ului De c\u0103tre redactia &#8211; 19\/08\/2026 Facebook Twitter WhatsApp Linkedin ReddIt Email Imprimare Prim\u0103ria Municipiului Timi\u0219oara reia procedura de achizi\u021bie pentru proiectarea \u0219i [&hellip;]<\/p>\n","protected":false},"author":1,"featured_media":0,"comment_status":"open","ping_status":"","sticky":false,"template":"","format":"standard","meta":{"footnotes":""},"categories":[89],"tags":[226,189],"class_list":["post-2103797","post","type-post","status-publish","format-standard","hentry","category-romania","tag-crawlmanager","tag-orasul-timisoara-ro"],"_links":{"self":[{"href":"https:\/\/analyse.optim.biz\/index.php?rest_route=\/wp\/v2\/posts\/2103797","targetHints":{"allow":["GET"]}}],"collection":[{"href":"https:\/\/analyse.optim.biz\/index.php?rest_route=\/wp\/v2\/posts"}],"about":[{"href":"https:\/\/analyse.optim.biz\/index.php?rest_route=\/wp\/v2\/types\/post"}],"author":[{"embeddable":true,"href":"https:\/\/analyse.optim.biz\/index.php?rest_route=\/wp\/v2\/users\/1"}],"replies":[{"embeddable":true,"href":"https:\/\/analyse.optim.biz\/index.php?rest_route=%2Fwp%2Fv2%2Fcomments&post=2103797"}],"version-history":[{"count":0,"href":"https:\/\/analyse.optim.biz\/index.php?rest_route=\/wp\/v2\/posts\/2103797\/revisions"}],"wp:attachment":[{"href":"https:\/\/analyse.optim.biz\/index.php?rest_route=%2Fwp%2Fv2%2Fmedia&parent=2103797"}],"wp:term":[{"taxonomy":"category","embeddable":true,"href":"https:\/\/analyse.optim.biz\/index.php?rest_route=%2Fwp%2Fv2%2Fcategories&post=2103797"},{"taxonomy":"post_tag","embeddable":true,"href":"https:\/\/analyse.optim.biz\/index.php?rest_route=%2Fwp%2Fv2%2Ftags&post=2103797"}],"curies":[{"name":"wp","href":"https:\/\/api.w.org\/{rel}","templated":true}]}}