{"id":2103796,"date":"2026-08-18T15:42:05","date_gmt":"2026-08-18T12:42:05","guid":{"rendered":"https:\/\/analyse.optim.biz\/?p=2103796"},"modified":"2026-08-18T15:42:05","modified_gmt":"2026-08-18T12:42:05","slug":"accident-mortal-la-cheveresu-mare-a-fost-alertat-si-elicopterul-smurd","status":"publish","type":"post","link":"https:\/\/analyse.optim.biz\/?p=2103796","title":{"rendered":"Accident mortal la Chevere\u0219u Mare. A fost alertat \u0219i elicopterul SMURD"},"content":{"rendered":"<p>[analyse_image type=&#8221;featured&#8221; src=&#8221;https:\/\/renasterea.ro\/ro\/wp-content\/uploads\/2026\/07\/elicopter-smurd.jpghttps:\/\/renasterea.ro\/ro\/wp-content\/uploads\/2026\/07\/elicopter-smurd.jpg&#8221;]<\/p>\n<div class=\"entry-content\"><img loading=\"lazy\" decoding=\"async\" width=\"648\" height=\"432\" src=\"https:\/\/renasterea.ro\/ro\/wp-content\/uploads\/2026\/07\/elicopter-smurd.jpg\" class=\"attachment-medium size-medium wp-post-image\" alt=\"Accident mortal la Chevere\u0219u Mare. A fost alertat \u0219i elicopterul SMURD\" title=\"Accident mortal la Chevere\u0219u Mare. A fost alertat \u0219i elicopterul SMURD 1\"><\/p>\n<h4>Accident extrem de grav la Chevere\u0219u Mare. A fost alertat \u0219i elicopterul SMURD<\/h4>\n<p>Mar\u021bi, la ora 17:10, pompierii timi\u0219eni au fost solicita\u021bi s\u0103 intervin\u0103 pentru asigurarea m\u0103surilor PSI \u0219i acordarea primului ajutor medical la un accident rutier produs \u00een localitatea Cheveresu Mare, DJ 592.<\/p>\n<p>La locul evenimentului s-au deplasat for\u021be din cadrul Sta\u021biei de Buzia\u0219: o autospecial\u0103 de stingere cu modul de descarcerare, o autosanitar\u0103 SMURD \u0219i 7 pompieri, respectiv 2 ambulan\u021be SAJ cu medic.<\/p>\n<p>De asemenea, a fost alertat \u0219i elicopterul SMURD Caransebe\u0219.<\/p>\n<p>La ajungerea la locul interven\u021biei, pompierii au constatat c\u0103 \u00een accident au fost implicate dou\u0103 autoturisme \u0219i un microbuz, 11 persoane \u00een total, rezult\u00e2nd trei victime, dintre care una \u00een stare de incon\u0219tien\u021b\u0103 (b\u0103rbat) c\u0103reia i se aplic\u0103 manevre de resuscitare, la ora public\u0103rii \u0219tirii.<\/p>\n<p><strong>UPDATE:<\/strong> Din nefericire, victima aflat\u0103 \u00een stop cardio-respirator nu a r\u0103spuns manevrelor de resuscitare, fiind declarat\u0103 decedat\u0103 de c\u0103tre medicul de la fa\u021ba locului. Celelalte dou\u0103 persoane r\u0103nite au fost transportate la spital, una cu elicopterul SMURD, iar cealalt\u0103 cu o ambulan\u021b\u0103 SMURD, ambele fiind con\u0219tiente \u0219i cooperante.<\/p>\n<h2>CITE\u0218TE \u0218I: <span><a href=\"https:\/\/renasterea.ro\/ilie-bolojan-primele-comentarii-despre-cazul-lui-dominic-fritz-si-decizia-ccr-privind-legea-ani\/\">Ilie Bolojan, primele comentarii despre cazul lui Dominic Fritz \u0219i decizia CCR privind Legea ANI<\/a><\/span><\/h2>\n<\/div>\n<p>[analyse_source url=&#8221;https:\/\/renasterea.ro\/accident-extrem-de-grav-la-cheveresu-mare-a-fost-alertat-si-elicopterul-smurd\/&#8221;]<\/p>\n","protected":false},"excerpt":{"rendered":"<p>[analyse_image type=&#8221;featured&#8221; src=&#8221;https:\/\/renasterea.ro\/ro\/wp-content\/uploads\/2026\/07\/elicopter-smurd.jpghttps:\/\/renasterea.ro\/ro\/wp-content\/uploads\/2026\/07\/elicopter-smurd.jpg&#8221;] Accident extrem de grav la Chevere\u0219u Mare. A fost alertat \u0219i elicopterul SMURD Mar\u021bi, la ora 17:10, pompierii timi\u0219eni au fost solicita\u021bi s\u0103 intervin\u0103 pentru asigurarea m\u0103surilor PSI \u0219i acordarea primului ajutor medical la un accident rutier produs \u00een localitatea Cheveresu Mare, DJ 592. La locul evenimentului s-au deplasat for\u021be din cadrul [&hellip;]<\/p>\n","protected":false},"author":1,"featured_media":0,"comment_status":"open","ping_status":"","sticky":false,"template":"","format":"standard","meta":{"footnotes":""},"categories":[89],"tags":[226,188],"class_list":["post-2103796","post","type-post","status-publish","format-standard","hentry","category-romania","tag-crawlmanager","tag-renasterea-ro"],"_links":{"self":[{"href":"https:\/\/analyse.optim.biz\/index.php?rest_route=\/wp\/v2\/posts\/2103796","targetHints":{"allow":["GET"]}}],"collection":[{"href":"https:\/\/analyse.optim.biz\/index.php?rest_route=\/wp\/v2\/posts"}],"about":[{"href":"https:\/\/analyse.optim.biz\/index.php?rest_route=\/wp\/v2\/types\/post"}],"author":[{"embeddable":true,"href":"https:\/\/analyse.optim.biz\/index.php?rest_route=\/wp\/v2\/users\/1"}],"replies":[{"embeddable":true,"href":"https:\/\/analyse.optim.biz\/index.php?rest_route=%2Fwp%2Fv2%2Fcomments&post=2103796"}],"version-history":[{"count":0,"href":"https:\/\/analyse.optim.biz\/index.php?rest_route=\/wp\/v2\/posts\/2103796\/revisions"}],"wp:attachment":[{"href":"https:\/\/analyse.optim.biz\/index.php?rest_route=%2Fwp%2Fv2%2Fmedia&parent=2103796"}],"wp:term":[{"taxonomy":"category","embeddable":true,"href":"https:\/\/analyse.optim.biz\/index.php?rest_route=%2Fwp%2Fv2%2Fcategories&post=2103796"},{"taxonomy":"post_tag","embeddable":true,"href":"https:\/\/analyse.optim.biz\/index.php?rest_route=%2Fwp%2Fv2%2Ftags&post=2103796"}],"curies":[{"name":"wp","href":"https:\/\/api.w.org\/{rel}","templated":true}]}}