{"id":2103794,"date":"2026-08-19T13:49:39","date_gmt":"2026-08-19T10:49:39","guid":{"rendered":"https:\/\/analyse.optim.biz\/?p=2103794"},"modified":"2026-08-19T13:49:39","modified_gmt":"2026-08-19T10:49:39","slug":"aquatim-anunta-presiune-scazuta-in-doua-localitati-din-timis-joi","status":"publish","type":"post","link":"https:\/\/analyse.optim.biz\/?p=2103794","title":{"rendered":"Aquatim anun\u021b\u0103 presiune sc\u0103zut\u0103 \u00een dou\u0103 localit\u0103\u021bi din Timi\u0219, joi"},"content":{"rendered":"<p>[analyse_image type=&#8221;featured&#8221; src=&#8221;https:\/\/orasul-timisoara.ro\/wp-content\/uploads\/2026\/07\/femeie-bea-apa-2.jpg&#8221;]<\/p>\n<article id=\"post-40344\" class=\"td-post-template-7 post-40344 post type-post status-publish format-standard has-post-thumbnail category-featured category-investitii-in-timisoara category-stiri-timisoara tag-apa-timis tag-aquatim tag-ghizela tag-intreruperi-apa-2 tag-lucrari-aquatim-2 tag-presiune-apa-2 tag-retea-distributie tag-sanovita tag-spalare-retea-2 tag-timis-2 td-container-wrap\">\n<div class=\"td-full-screen-header-image-wrap\">\n<div class=\"td-container td-post-header\">\n<div class=\"td-crumb-container\">\n<div class=\"entry-crumbs\"><span><a title=\"Vede\u021bi toate articolele \u00een Investitii in Timisoara\" class=\"entry-crumb\" href=\"https:\/\/orasul-timisoara.ro\/local-category\/investitii-in-timisoara\/\">Investitii in Timisoara<\/a><\/span><span class=\"td-bred-no-url-last\">Aquatim anun\u021b\u0103 presiune sc\u0103zut\u0103 \u00een dou\u0103 localit\u0103\u021bi din Timi\u0219, joi<\/span><\/div>\n<\/div>\n<div class=\"td-post-header-holder\">\n<div class=\"td-parallax-header\">\n<header class=\"td-post-title\">\n<ul class=\"td-category\">\n<li class=\"entry-category\"><a href=\"https:\/\/orasul-timisoara.ro\/local-category\/investitii-in-timisoara\/\">Investitii in Timisoara<\/a><\/li>\n<li class=\"entry-category\"><a href=\"https:\/\/orasul-timisoara.ro\/local-category\/stiri-timisoara\/\">\u0218tiri Locale<\/a><\/li>\n<\/ul>\n<h1 class=\"entry-title\">Aquatim anun\u021b\u0103 presiune sc\u0103zut\u0103 \u00een dou\u0103 localit\u0103\u021bi din Timi\u0219, joi<\/h1>\n<div class=\"td-module-meta-info\">\n<div class=\"td-post-author-name\">\n<div class=\"td-author-by\">De c\u0103tre<\/div>\n<p><a href=\"https:\/\/orasul-timisoara.ro\/author\/timisoara\/\">redactia<\/a><\/p>\n<div class=\"td-author-line\"> &#8211; <\/div>\n<\/div>\n<p><span class=\"td-post-date\"><time class=\"entry-date updated td-module-date\" datetime=\"2026-08-19T16:49:39+03:00\">19\/08\/2026<\/time><\/span><\/div>\n<\/header>\n<\/div>\n<\/div>\n<\/div>\n<div id=\"td-full-screen-header-image\" class=\"td-image-gradient-style7\"><img decoding=\"async\" class=\"td-backstretch\" src=\"https:\/\/orasul-timisoara.ro\/wp-content\/uploads\/2026\/07\/femeie-bea-apa-2.jpg\"><\/div>\n<\/div>\n<div class=\"td-container\">\n<div class=\"td-pb-row\">\n<div class=\"td-pb-span8 td-main-content\" role=\"main\">\n<div class=\"td-ss-main-content\">\n<div class=\"td-post-sharing-top\">\n<div class=\"td-post-sharing-classic\"><iframe title=\"topFacebookLike\" frameborder src=\"https:\/\/www.facebook.com\/plugins\/like.php?href=https:\/\/orasul-timisoara.ro\/local-40344\/&amp;layout=button_count&amp;show_faces=false&amp;width=105&amp;action=like&amp;colorscheme=light&amp;height=21\"><\/iframe><\/div>\n<div id=\"td_social_sharing_article_top\" class=\"td-post-sharing td-ps-bg td-ps-notext td-post-sharing-style1 \">\n<div class=\"td-post-sharing-visible\"><a class=\"td-social-sharing-button td-social-sharing-button-js td-social-network td-social-facebook\" href=\"https:\/\/www.facebook.com\/sharer.php?u=https%3A%2F%2Forasul-timisoara.ro%2Flocal-40344%2F\" title=\"Facebook\"><\/p>\n<div class=\"td-social-but-text\">Facebook<\/div>\n<p><\/a><a class=\"td-social-sharing-button td-social-sharing-button-js td-social-network td-social-twitter\" href=\"https:\/\/twitter.com\/intent\/tweet?text=Aquatim+anun%C8%9B%C4%83+presiune+sc%C4%83zut%C4%83+%C3%AEn+dou%C4%83+localit%C4%83%C8%9Bi+din+Timi%C8%99%2C+joi&amp;url=https%3A%2F%2Forasul-timisoara.ro%2Flocal-40344%2F&amp;via=orasultm\" title=\"Twitter\"><\/p>\n<div class=\"td-social-but-text\">Twitter<\/div>\n<p><\/a><a class=\"td-social-sharing-button td-social-sharing-button-js td-social-network td-social-whatsapp\" href=\"https:\/\/api.whatsapp.com\/send?text=Aquatim+anun%C8%9B%C4%83+presiune+sc%C4%83zut%C4%83+%C3%AEn+dou%C4%83+localit%C4%83%C8%9Bi+din+Timi%C8%99%2C+joi%20%0A%0A%20https:\/\/orasul-timisoara.ro\/local-40344\/\" title=\"WhatsApp\"><\/p>\n<div class=\"td-social-but-text\">WhatsApp<\/div>\n<p><\/a><a class=\"td-social-sharing-button td-social-sharing-button-js td-social-network td-social-linkedin\" href=\"https:\/\/www.linkedin.com\/shareArticle?mini=true&amp;url=https:\/\/orasul-timisoara.ro\/local-40344\/&amp;title=Aquatim+anun%C8%9B%C4%83+presiune+sc%C4%83zut%C4%83+%C3%AEn+dou%C4%83+localit%C4%83%C8%9Bi+din+Timi%C8%99%2C+joi\" title=\"Linkedin\"><\/p>\n<div class=\"td-social-but-text\">Linkedin<\/div>\n<p><\/a><a class=\"td-social-sharing-button td-social-sharing-button-js td-social-network td-social-reddit\" href=\"https:\/\/reddit.com\/submit?url=https:\/\/orasul-timisoara.ro\/local-40344\/&amp;title=Aquatim+anun%C8%9B%C4%83+presiune+sc%C4%83zut%C4%83+%C3%AEn+dou%C4%83+localit%C4%83%C8%9Bi+din+Timi%C8%99%2C+joi\" title=\"ReddIt\"><\/p>\n<div class=\"td-social-but-text\">ReddIt<\/div>\n<p><\/a><a class=\"td-social-sharing-button td-social-sharing-button-js td-social-network td-social-mail\" href=\"mailto:?subject=Aquatim%20anun%C8%9B%C4%83%20presiune%20sc%C4%83zut%C4%83%20%C3%AEn%20dou%C4%83%20localit%C4%83%C8%9Bi%20din%20Timi%C8%99,%20joi&amp;body=https:\/\/orasul-timisoara.ro\/local-40344\/\" title=\"Email\"><\/p>\n<div class=\"td-social-but-text\">Email<\/div>\n<p><\/a><a class=\"td-social-sharing-button td-social-sharing-button-js td-social-network td-social-print\" href=\"https:\/\/orasul-timisoara.ro\/local-40344\/\" title=\"Imprimare\"><\/p>\n<div class=\"td-social-but-text\">Imprimare<\/div>\n<p><\/a><\/div>\n<\/div>\n<\/div>\n<div class=\"td-post-content tagdiv-type\">\n<p class=\"wp-block-paragraph\">Aquatim anun\u021b\u0103 lucr\u0103ri programate joi, 20 august 2026, \u00een localit\u0103\u021bile \u0218anovi\u021ba \u0219i Ghizela din jude\u021bul Timi\u0219. Pe durata interven\u021biilor, consumatorii vor avea parte de presiune sc\u0103zut\u0103 \u00een re\u021beaua de distribu\u021bie a apei.<\/p>\n<h2 class=\"wp-block-heading\">Lucr\u0103ri de sp\u0103lare a re\u021belei de distribu\u021bie<\/h2>\n<p class=\"wp-block-paragraph\">Interven\u021biile programate de Aquatim vizeaz\u0103 sp\u0103larea re\u021belei de distribu\u021bie a apei potabile din \u0218anovi\u021ba \u0219i Ghizela.<\/p>\n<p class=\"wp-block-paragraph\">Lucr\u0103rile fac parte din activitatea de mentenan\u021b\u0103 preventiv\u0103 desf\u0103\u0219urat\u0103 de operator \u0219i urm\u0103resc men\u021binerea unei calit\u0103\u021bi corespunz\u0103toare a apei potabile furnizate consumatorilor.<\/p>\n<p class=\"wp-block-paragraph\">Pe perioada desf\u0103\u0219ur\u0103rii lucr\u0103rilor, presiunea apei va fi sc\u0103zut\u0103 \u00een cele dou\u0103 localit\u0103\u021bi.<\/p>\n<h2 class=\"wp-block-heading\">Apa poate fi tulbure dup\u0103 reluarea aliment\u0103rii<\/h2>\n<p class=\"wp-block-paragraph\">Aquatim avertizeaz\u0103 c\u0103, dup\u0103 revenirea aliment\u0103rii cu ap\u0103 \u00een regim normal, la robinete poate curge temporar ap\u0103 tulbure.<\/p>\n<p class=\"wp-block-paragraph\">Operatorul recomand\u0103 consumatorilor s\u0103 nu foloseasc\u0103 apa \u00een scopuri menajere p\u00e2n\u0103 c\u00e2nd aceasta se limpeze\u0219te complet.<\/p>\n<p class=\"wp-block-paragraph\">Perturbarea este estimat\u0103 s\u0103 fie de scurt\u0103 durat\u0103, iar situa\u021bia ar trebui s\u0103 revin\u0103 la normal dup\u0103 finalizarea opera\u021biunilor de sp\u0103lare a re\u021belei.<\/p>\n<p class=\"wp-block-paragraph\">Pentru informa\u021bii suplimentare sau pentru sesizarea eventualelor probleme ap\u0103rute \u00een urma lucr\u0103rilor, consumatorii pot contacta Aquatim prin Call Center-ul \u0219i dispeceratul disponibile non-stop, la num\u0103rul 0356 914.<\/p>\n<\/div>\n<footer>\n<div class=\"td-post-source-tags\">\n<ul class=\"td-tags td-post-small-box clearfix\">\n<li><span>ETICHETE<\/span><\/li>\n<li><a href=\"https:\/\/orasul-timisoara.ro\/local-tag\/apa-timis\/\">ap\u0103 Timi\u0219<\/a><\/li>\n<li><a href=\"https:\/\/orasul-timisoara.ro\/local-tag\/aquatim\/\">aquatim<\/a><\/li>\n<li><a href=\"https:\/\/orasul-timisoara.ro\/local-tag\/ghizela\/\">ghizela<\/a><\/li>\n<li><a href=\"https:\/\/orasul-timisoara.ro\/local-tag\/intreruperi-apa-2\/\">\u00eentreruperi ap\u0103<\/a><\/li>\n<li><a href=\"https:\/\/orasul-timisoara.ro\/local-tag\/lucrari-aquatim-2\/\">lucr\u0103ri Aquatim<\/a><\/li>\n<li><a href=\"https:\/\/orasul-timisoara.ro\/local-tag\/presiune-apa-2\/\">presiune ap\u0103<\/a><\/li>\n<li><a href=\"https:\/\/orasul-timisoara.ro\/local-tag\/retea-distributie\/\">re\u021bea distribu\u021bie<\/a><\/li>\n<li><a href=\"https:\/\/orasul-timisoara.ro\/local-tag\/sanovita\/\">\u0218anovi\u021ba<\/a><\/li>\n<li><a href=\"https:\/\/orasul-timisoara.ro\/local-tag\/spalare-retea-2\/\">sp\u0103lare re\u021bea<\/a><\/li>\n<li><a href=\"https:\/\/orasul-timisoara.ro\/local-tag\/timis-2\/\">timi\u0219<\/a><\/li>\n<\/ul>\n<\/div>\n<div class=\"td-post-sharing-bottom\">\n<div class=\"td-post-sharing-classic\"><iframe title=\"bottomFacebookLike\" frameborder src=\"https:\/\/www.facebook.com\/plugins\/like.php?href=https:\/\/orasul-timisoara.ro\/local-40344\/&amp;layout=button_count&amp;show_faces=false&amp;width=105&amp;action=like&amp;colorscheme=light&amp;height=21\"><\/iframe><\/div>\n<div id=\"td_social_sharing_article_bottom\" class=\"td-post-sharing td-ps-bg td-ps-notext td-post-sharing-style1 \">\n<div class=\"td-post-sharing-visible\"><a class=\"td-social-sharing-button td-social-sharing-button-js td-social-network td-social-facebook\" href=\"https:\/\/www.facebook.com\/sharer.php?u=https%3A%2F%2Forasul-timisoara.ro%2Flocal-40344%2F\" title=\"Facebook\"><\/p>\n<div class=\"td-social-but-text\">Facebook<\/div>\n<p><\/a><a class=\"td-social-sharing-button td-social-sharing-button-js td-social-network td-social-twitter\" href=\"https:\/\/twitter.com\/intent\/tweet?text=Aquatim+anun%C8%9B%C4%83+presiune+sc%C4%83zut%C4%83+%C3%AEn+dou%C4%83+localit%C4%83%C8%9Bi+din+Timi%C8%99%2C+joi&amp;url=https%3A%2F%2Forasul-timisoara.ro%2Flocal-40344%2F&amp;via=orasultm\" title=\"Twitter\"><\/p>\n<div class=\"td-social-but-text\">Twitter<\/div>\n<p><\/a><a class=\"td-social-sharing-button td-social-sharing-button-js td-social-network td-social-whatsapp\" href=\"https:\/\/api.whatsapp.com\/send?text=Aquatim+anun%C8%9B%C4%83+presiune+sc%C4%83zut%C4%83+%C3%AEn+dou%C4%83+localit%C4%83%C8%9Bi+din+Timi%C8%99%2C+joi%20%0A%0A%20https:\/\/orasul-timisoara.ro\/local-40344\/\" title=\"WhatsApp\"><\/p>\n<div class=\"td-social-but-text\">WhatsApp<\/div>\n<p><\/a><a class=\"td-social-sharing-button td-social-sharing-button-js td-social-network td-social-linkedin\" href=\"https:\/\/www.linkedin.com\/shareArticle?mini=true&amp;url=https:\/\/orasul-timisoara.ro\/local-40344\/&amp;title=Aquatim+anun%C8%9B%C4%83+presiune+sc%C4%83zut%C4%83+%C3%AEn+dou%C4%83+localit%C4%83%C8%9Bi+din+Timi%C8%99%2C+joi\" title=\"Linkedin\"><\/p>\n<div class=\"td-social-but-text\">Linkedin<\/div>\n<p><\/a><a class=\"td-social-sharing-button td-social-sharing-button-js td-social-network td-social-reddit\" href=\"https:\/\/reddit.com\/submit?url=https:\/\/orasul-timisoara.ro\/local-40344\/&amp;title=Aquatim+anun%C8%9B%C4%83+presiune+sc%C4%83zut%C4%83+%C3%AEn+dou%C4%83+localit%C4%83%C8%9Bi+din+Timi%C8%99%2C+joi\" title=\"ReddIt\"><\/p>\n<div class=\"td-social-but-text\">ReddIt<\/div>\n<p><\/a><a class=\"td-social-sharing-button td-social-sharing-button-js td-social-network td-social-mail\" href=\"mailto:?subject=Aquatim%20anun%C8%9B%C4%83%20presiune%20sc%C4%83zut%C4%83%20%C3%AEn%20dou%C4%83%20localit%C4%83%C8%9Bi%20din%20Timi%C8%99,%20joi&amp;body=https:\/\/orasul-timisoara.ro\/local-40344\/\" title=\"Email\"><\/p>\n<div class=\"td-social-but-text\">Email<\/div>\n<p><\/a><a class=\"td-social-sharing-button td-social-sharing-button-js td-social-network td-social-print\" href=\"https:\/\/orasul-timisoara.ro\/local-40344\/\" title=\"Imprimare\"><\/p>\n<div class=\"td-social-but-text\">Imprimare<\/div>\n<p><\/a><\/div>\n<\/div>\n<\/div>\n<div class=\"td-block-row td-post-next-prev\">\n<div class=\"td-block-span6 td-post-prev-post\">\n<div class=\"td-post-next-prev-content\"><span>Articolul precedent<\/span><a href=\"https:\/\/orasul-timisoara.ro\/local-40340\/\">Prim\u0103ria Timi\u0219oara reia licita\u021bia pentru o nou\u0103 cre\u0219\u0103 \u00een nordul ora\u0219ului<\/a><\/div>\n<\/div>\n<div class=\"td-block-span6 td-post-next-post\">\n<div class=\"td-post-next-prev-content\"><span>Articolul urm\u0103tor<\/span><a href=\"https:\/\/orasul-timisoara.ro\/local-40346\/\">Festivalul Artizanilor revine la Timi\u0219oara. Dou\u0103 zile dedicate oamenilor care creeaz\u0103 cu m\u00e2inile lor<\/a><\/div>\n<\/div>\n<\/div>\n<div class=\"td-author-name vcard author\"><span class=\"fn\"><a href=\"https:\/\/orasul-timisoara.ro\/author\/timisoara\/\">redactia<\/a><\/span><\/div>\n<p><span class=\"td-page-meta\"><\/span><span class=\"td-page-meta\"><span class=\"td-page-meta\"><\/span><\/span><span class=\"td-page-meta\"><\/span><\/footer>\n<div class=\"td_block_wrap td_block_related_posts tdi_3 td_with_ajax_pagination td-pb-border-top td_block_template_8\" data-td-block-uid=\"tdi_3\">\n<h4 class=\"td-related-title td-block-title\"><a id=\"tdi_4\" class=\"td-related-left td-cur-simple-item\" data-td_filter_value data-td_block_id=\"tdi_3\" href=\"https:\/\/orasul-timisoara.ro\/local-40344\/\">ARTICOLE SIMILARE<\/a><a id=\"tdi_5\" class=\"td-related-right\" data-td_filter_value=\"td_related_more_from_author\" data-td_block_id=\"tdi_3\" href=\"https:\/\/orasul-timisoara.ro\/local-40344\/\">DE LA ACELA\u0218I AUTOR<\/a><\/h4>\n<div id=\"tdi_3\" class=\"td_block_inner\">\n<div class=\"td-related-row\">\n<div class=\"td-related-span4\">\n<div class=\"td_module_related_posts td-animation-stack td_mod_related_posts\">\n<div class=\"td-module-image\">\n<div class=\"td-module-thumb\"><a href=\"https:\/\/orasul-timisoara.ro\/local-40275\/\" rel=\"bookmark\" class=\"td-image-wrap \" title=\"\u00centrerupere de ap\u0103 \u00een Blajova, luni, 17 august. Intervalul anun\u021bat de Aquatim\"><img loading=\"lazy\" decoding=\"async\" class=\"entry-thumb\" src=\"https:\/\/orasul-timisoara.ro\/wp-content\/uploads\/2026\/07\/femeie-bea-apa-436x300.jpg\" alt title=\"\u00centrerupere de ap\u0103 \u00een Blajova, luni, 17 august. Intervalul anun\u021bat de Aquatim\" width=\"218\" height=\"150\"><\/a><\/div>\n<\/div>\n<div class=\"item-details\">\n<h3 class=\"entry-title td-module-title\"><a href=\"https:\/\/orasul-timisoara.ro\/local-40275\/\" rel=\"bookmark\" title=\"\u00centrerupere de ap\u0103 \u00een Blajova, luni, 17 august. Intervalul anun\u021bat de Aquatim\">\u00centrerupere de ap\u0103 \u00een Blajova, luni, 17 august. Intervalul anun\u021bat de Aquatim<\/a><\/h3>\n<\/div>\n<\/div>\n<\/div>\n<div class=\"td-related-span4\">\n<div class=\"td_module_related_posts td-animation-stack td_mod_related_posts\">\n<div class=\"td-module-image\">\n<div class=\"td-module-thumb\"><a href=\"https:\/\/orasul-timisoara.ro\/local-40205\/\" rel=\"bookmark\" class=\"td-image-wrap \" title=\"Aquatim opre\u0219te apa \u00een patru localit\u0103\u021bi din Timi\u0219. Programul lucr\u0103rilor\"><img loading=\"lazy\" decoding=\"async\" class=\"entry-thumb\" src=\"https:\/\/orasul-timisoara.ro\/wp-content\/uploads\/2026\/07\/femeie-bea-apa-6-436x300.jpg\" alt title=\"Aquatim opre\u0219te apa \u00een patru localit\u0103\u021bi din Timi\u0219. Programul lucr\u0103rilor\" width=\"218\" height=\"150\"><\/a><\/div>\n<\/div>\n<div class=\"item-details\">\n<h3 class=\"entry-title td-module-title\"><a href=\"https:\/\/orasul-timisoara.ro\/local-40205\/\" rel=\"bookmark\" title=\"Aquatim opre\u0219te apa \u00een patru localit\u0103\u021bi din Timi\u0219. Programul lucr\u0103rilor\">Aquatim opre\u0219te apa \u00een patru localit\u0103\u021bi din Timi\u0219. Programul lucr\u0103rilor<\/a><\/h3>\n<\/div>\n<\/div>\n<\/div>\n<div class=\"td-related-span4\">\n<div class=\"td_module_related_posts td-animation-stack td_mod_related_posts\">\n<div class=\"td-module-image\">\n<div class=\"td-module-thumb\"><a href=\"https:\/\/orasul-timisoara.ro\/local-40157\/\" rel=\"bookmark\" class=\"td-image-wrap \" title=\"Noi \u00eentreruperi de ap\u0103 \u00een Timi\u0219oara pe 10 \u0219i 11 august. Str\u0103zile afectate\"><img loading=\"lazy\" decoding=\"async\" class=\"entry-thumb\" src=\"https:\/\/orasul-timisoara.ro\/wp-content\/uploads\/2026\/07\/femeie-bea-apa-4-1-436x300.jpg\" alt title=\"Noi \u00eentreruperi de ap\u0103 \u00een Timi\u0219oara pe 10 \u0219i 11 august. Str\u0103zile afectate\" width=\"218\" height=\"150\"><\/a><\/div>\n<\/div>\n<div class=\"item-details\">\n<h3 class=\"entry-title td-module-title\"><a href=\"https:\/\/orasul-timisoara.ro\/local-40157\/\" rel=\"bookmark\" title=\"Noi \u00eentreruperi de ap\u0103 \u00een Timi\u0219oara pe 10 \u0219i 11 august. Str\u0103zile afectate\">Noi \u00eentreruperi de ap\u0103 \u00een Timi\u0219oara pe 10 \u0219i 11 august. Str\u0103zile afectate<\/a><\/h3>\n<\/div>\n<\/div>\n<\/div>\n<\/div>\n<\/div>\n<\/div>\n<div class=\"comments\" id=\"comments\">\n<div id=\"respond\" class=\"comment-respond\">\n<h3 id=\"reply-title\" class=\"comment-reply-title\">L\u0102SA\u021aI UN MESAJ<\/h3>\n<div class=\"comment-form-input-wrap td-form-comment\">\n<div class=\"td-warning-comment\">V\u0103 rug\u0103m s\u0103 introduce\u021bi comentariul dvs.!<\/div>\n<\/div>\n<div class=\"comment-form-input-wrap td-form-author\">\n<div class=\"td-warning-author\">Introduce\u021bi aici numele dvs.<\/div>\n<\/div>\n<div class=\"comment-form-input-wrap td-form-email\">\n<div class=\"td-warning-email-error\">A\u021bi introdus o adres\u0103 de e-mail incorect\u0103!<\/div>\n<div class=\"td-warning-email\">V\u0103 rug\u0103m s\u0103 introduce\u021bi adresa dvs. de e-mail aici<\/div>\n<\/div>\n<\/div>\n<p class=\"akismet_comment_form_privacy_notice\">Acest site folose\u0219te Akismet pentru a reduce spamul. <a href=\"https:\/\/akismet.com\/privacy\/\" target=\"_blank\" rel=\"nofollow noopener\">Afl\u0103 cum sunt procesate datele comentariilor tale<\/a>.<\/p>\n<\/div>\n<\/div>\n<\/div>\n<div class=\"td-pb-span4 td-main-sidebar\" role=\"complementary\">\n<div class=\"td-ss-main-sidebar\">\n<aside id=\"block-4\" class=\"td_block_template_8 widget block-4 widget_block widget_media_image\">\n<figure class=\"wp-block-image size-full\"><img loading=\"lazy\" decoding=\"async\" width=\"336\" height=\"280\" src=\"https:\/\/orasul-timisoara.ro\/wp-content\/uploads\/2024\/11\/ReTIM-Abonamentul-Verde-Google-Ads-336x280px.gif\" alt class=\"wp-image-29257\"><\/figure>\n<\/aside>\n<div class=\"td_block_wrap td_block_social_counter td_block_widget tdi_6 td-social-style5 td-social-boxed td-pb-border-top td_block_template_8\">\n<div class=\"td-block-title-wrap\">\n<h4 class=\"td-block-title\"><span>Urm\u0103re\u0219te-ne pe Social Media<\/span><\/h4>\n<\/div>\n<div class=\"td-social-list\">\n<div class=\"td_social_type td-pb-margin-side td_social_facebook\">\n<div class=\"td-social-box\"><span class=\"td_social_info td_social_info_counter\">344,595<\/span><span class=\"td_social_info td_social_info_name\">Fani<\/span><span class=\"td_social_button\"><a href=\"https:\/\/www.facebook.com\/247timisoara\" target=\"_blank\" rel=\"nofollow\">\u00cemi place<\/a><\/span><\/div>\n<\/div>\n<div class=\"td_social_type td-pb-margin-side td_social_instagram\">\n<div class=\"td-social-box\"><span class=\"td_social_info td_social_info_counter\">4,416<\/span><span class=\"td_social_info td_social_info_name\">Cititori<\/span><span class=\"td_social_button\"><a href=\"https:\/\/instagram.com\/orasultimisoararo\/\" target=\"_blank\" rel=\"nofollow\">Conecta\u021bi-v\u0103<\/a><\/span><\/div>\n<\/div>\n<div class=\"td_social_type td-pb-margin-side td_social_rss\">\n<div class=\"td-social-box\"><span class=\"td_social_info td_social_info_counter\">12,506<\/span><span class=\"td_social_info td_social_info_name\">Cititori<\/span><span class=\"td_social_button\"><a href=\"https:\/\/orasul-timisoara.ro\/feed\/\" target=\"_blank\" rel=\"nofollow\">Conecta\u021bi-v\u0103<\/a><\/span><\/div>\n<\/div>\n<div class=\"td_social_type td-pb-margin-side td_social_tiktok\">\n<div class=\"td-social-box\"><span class=\"td_social_info td_social_info_counter\">1,500<\/span><span class=\"td_social_info td_social_info_name\">Cititori<\/span><span class=\"td_social_button\"><a href=\"https:\/\/www.tiktok.com\/@orasultimisoara\" target=\"_blank\" rel=\"nofollow\">Conecta\u021bi-v\u0103<\/a><\/span><\/div>\n<\/div>\n<div class=\"td_social_type td-pb-margin-side td_social_twitter\">\n<div class=\"td-social-box\"><span class=\"td_social_info td_social_info_counter\">1,595<\/span><span class=\"td_social_info td_social_info_name\">Cititori<\/span><span class=\"td_social_button\"><a href=\"https:\/\/twitter.com\/orasultm\" target=\"_blank\" rel=\"nofollow\">Conecta\u021bi-v\u0103<\/a><\/span><\/div>\n<\/div>\n<div class=\"td_social_type td-pb-margin-side td_social_youtube\">\n<div class=\"td-social-box\"><span class=\"td_social_info td_social_info_counter\">3,506<\/span><span class=\"td_social_info td_social_info_name\">Abona\u021bi<\/span><span class=\"td_social_button\"><a href=\"https:\/\/www.youtube.com\/channel\/UCQNsQvs2XCSIm1Z-AHRturw?sub_confirmation=1\" target=\"_blank\" rel=\"nofollow\">Abona\u021bi-v\u0103<\/a><\/span><\/div>\n<\/div>\n<\/div>\n<\/div>\n<aside id=\"text-7\" class=\"td_block_template_8 widget text-7 widget_text\">\n<h4 class=\"td-block-title\"><span>C\u0103ut\u0103ri populare pe OTM<\/span><\/h4>\n<div class=\"textwidget\"><a href=\"https:\/\/orasul-timisoara.ro\/?s=timisoara\"><span>Timisoara<\/span><\/a><a href=\"https:\/\/orasul-timisoara.ro\/?s=calin+dobra\"><span>Calin Dobra<\/span><\/a><a href=\"https:\/\/orasul-timisoara.ro\/?s=primaria+timisoara\"><span>Primaria Timisoara<\/span><\/a><a href=\"https:\/\/orasul-timisoara.ro\/?s=dominic+fritz\"><span>Dominic Fritz<\/span><\/a><a href=\"https:\/\/orasul-timisoara.ro\/?s=nicolae+robu\"><span>Nicolae Robu<\/span><\/a><a href=\"https:\/\/orasul-timisoara.ro\/?s=consiliul+local+timisoara\">Consiliul Local Timisoara<\/a><a href=\"https:\/\/orasul-timisoara.ro\/?s=consiliul+judetean+timis\"><span>Consiliul Judetean Timis<\/span><\/a><a href=\"https:\/\/orasul-timisoara.ro\/?s=cjt\"><span>CJT<\/span><\/a><a href=\"https:\/\/orasul-timisoara.ro\/?s=Alfred+Simonis\"><span>Alfred Simonis<\/span><\/a><a href=\"https:\/\/orasul-timisoara.ro\/?s=PNL\"><span>PNL<\/span><\/a><a href=\"https:\/\/orasul-timisoara.ro\/?s=coronavirus\"><span>coronavirus<\/span><\/a><a href=\"https:\/\/orasul-timisoara.ro\/?s=teatru+timisoara\">teatru Timisoara<\/a><a href=\"https:\/\/orasul-timisoara.ro\/?s=restaurante\"><span>restaurante Timisoara<\/span><\/a><a href=\"https:\/\/orasul-timisoara.ro\/?s=diskoteka\"><span>Diskoteka<\/span><\/a><a href=\"https:\/\/orasul-timisoara.ro\/?s=iulius+town\"><span>Iulius Town<\/span><\/a><a href=\"https:\/\/orasul-timisoara.ro\/?s=iulius+mall\"><span>Iulius Mall<\/span><\/a><a href=\"https:\/\/orasul-timisoara.ro\/?s=stpt\"><span>STPT<\/span><\/a><a href=\"https:\/\/orasul-timisoara.ro\/?s=alin+nica\"><span>Alin Nica<\/span><\/a><a href=\"https:\/\/orasul-timisoara.ro\/?s=psd\"><span>PSD<\/span><\/a><a href=\"https:\/\/orasul-timisoara.ro\/?s=aeroport\"><span>Aeroportul International Timisoara<\/span><\/a><a href=\"https:\/\/orasul-timisoara.ro\/?s=babes\"><span>Spitalul Victor Babes Timisoara<\/span><\/a><a href=\"https:\/\/orasul-timisoara.ro\/?s=poli\"><span>Poli Timi\u0219oara<\/span><\/a><a href=\"https:\/\/orasul-timisoara.ro\/?s=carantina\"><span>carantina<\/span><\/a><a href=\"https:\/\/orasul-timisoara.ro\/?s=aquatim\"><span>Aquatim<\/span><\/a><a href=\"https:\/\/orasul-timisoara.ro\/local-category\/stiri-timisoara\/\"><span>Stiri Timisoara<\/span><\/a><a href=\"https:\/\/orasul-timisoara.ro\/local-category\/investitii-in-timisoara\/\"><span>Investi\u021bii in Timi\u0219oara<\/span><\/a><a href=\"https:\/\/orasul-timisoara.ro\/local-9463\/\"><span>shaorma<\/span><\/a><a href=\"https:\/\/orasul-timisoara.ro\/?s=trafic\"><span>trafic rutier<\/span><\/a><a href=\"https:\/\/orasul-timisoara.ro\/?s=politia\"><span>politia locala timisoara<\/span><\/a><a href=\"https:\/\/orasul-timisoara.ro\/?s=roxana\"><span>Roxana Iliescu<\/span><\/a><a href=\"https:\/\/orasul-timisoara.ro\/?s=colterm\"><span>Colterm<\/span><\/a><a href=\"https:\/\/orasul-timisoara.ro\/?s=latcau\"><span>Ruben La\u021bc\u0103u<\/span><\/a><a href=\"https:\/\/orasul-timisoara.ro\/?s=timis\"><span>\u0218tiri din Timi\u0219<\/span><\/a><a href=\"https:\/\/orasul-timisoara.ro\/?s=spital\"><span>Spitale din Timi\u0219oara<\/span><\/a><a href=\"https:\/\/orasul-timisoara.ro\/?s=tabara\"><span>Cosmin Tab\u0103r\u0103<\/span><\/a><\/div>\n<\/aside>\n<aside id=\"rss-2\" class=\"td_block_template_8 widget rss-2 widget_rss\">\n<h4 class=\"td-block-title\"><span><a class=\"rsswidget rss-widget-feed\" href=\"https:\/\/fashionfridays.ro\/feed\"><img decoding=\"async\" class=\"rss-widget-icon\" width=\"14\" height=\"14\" src=\"https:\/\/orasul-timisoara.ro\/wp-includes\/images\/rss.png\" alt=\"Flux RSS: Fashion Fridays\" loading=\"lazy\"><\/a><a class=\"rsswidget rss-widget-title\" href=\"https:\/\/fashionfridays.ro\/\">Fashion Fridays<\/a><\/span><\/h4>\n<ul>\n<li><a class=\"rsswidget\" href=\"https:\/\/fashionfridays.ro\/romania-devine-a-29-a-piata-vogue-o-noua-era-pentru-industria-locala-de-moda\/\">Rom\u00e2nia devine a 29-a pia\u021b\u0103 Vogue: o nou\u0103 er\u0103 pentru industria local\u0103 de mod\u0103<\/a>\n<div class=\"rssSummary\">Revista Vogue \u00ee\u0219i extinde prezen\u021ba global\u0103 \u0219i va fi lansat\u0103 oficial \u00een Rom\u00e2nia \u00een prim\u0103vara anului 2027, marc\u00e2nd intrarea pe cea de-a 29-a pia\u021b\u0103 interna\u021bional\u0103. Proiectul este realizat \u00een parteneriat cu AEMME Publishing, o companie media recent \u00eenfiin\u021bat\u0103, care va publica edi\u021bia local\u0103 sub licen\u021b\u0103. Noua edi\u021bie, Vogue Rom\u00e2nia, \u00ee\u0219i propune s\u0103 combine autoritatea global\u0103 [\u2026]<\/div>\n<\/li>\n<\/ul>\n<\/aside>\n<aside id=\"rss-4\" class=\"td_block_template_8 widget rss-4 widget_rss\">\n<h4 class=\"td-block-title\"><span><a class=\"rsswidget rss-widget-feed\" href=\"https:\/\/emasini.ro\/feed\"><img decoding=\"async\" class=\"rss-widget-icon\" width=\"14\" height=\"14\" src=\"https:\/\/orasul-timisoara.ro\/wp-includes\/images\/rss.png\" alt=\"Flux RSS: eMasini\" loading=\"lazy\"><\/a><a class=\"rsswidget rss-widget-title\" href=\"https:\/\/emasini.ro\/\">eMasini<\/a><\/span><\/h4>\n<ul>\n<li><a class=\"rsswidget\" href=\"https:\/\/emasini.ro\/adio-bordurilor-pline-de-ecrane-mercedes-benz-readuce-butoanele-in-noile-masini-produse\/\">Adio bordurilor pline de ecrane? Mercedes-Benz readuce butoanele \u00een noile ma\u0219ini produse<\/a>\n<div class=\"rssSummary\">Mercedes-Benz \u00ee\u0219i schimb\u0103 direc\u021bia \u00een ceea ce prive\u0219te designul interioarelor \u0219i va readuce comenzile fizice pentru anumite func\u021bii importante. Constructorul german nu renun\u021b\u0103 la ecranele mari \u0219i la tehnologiile digitale, dar recunoa\u0219te c\u0103 a mers prea departe prin eliminarea unor butoane \u0219i comenzi tactile. Ola K\u00e4llenius, pre\u0219edintele Consiliului de Administra\u021bie al Mercedes-Benz Group \u0219i CEO [\u2026]<\/div>\n<\/li>\n<\/ul>\n<\/aside>\n<\/div>\n<\/div>\n<\/div>\n<\/div>\n<\/article>\n<div class=\"td-post-content tagdiv-type\">\n<p class=\"wp-block-paragraph\">Aquatim anun\u021b\u0103 lucr\u0103ri programate joi, 20 august 2026, \u00een localit\u0103\u021bile \u0218anovi\u021ba \u0219i Ghizela din jude\u021bul Timi\u0219. Pe durata interven\u021biilor, consumatorii vor avea parte de presiune sc\u0103zut\u0103 \u00een re\u021beaua de distribu\u021bie a apei.<\/p>\n<h2 class=\"wp-block-heading\">Lucr\u0103ri de sp\u0103lare a re\u021belei de distribu\u021bie<\/h2>\n<p class=\"wp-block-paragraph\">Interven\u021biile programate de Aquatim vizeaz\u0103 sp\u0103larea re\u021belei de distribu\u021bie a apei potabile din \u0218anovi\u021ba \u0219i Ghizela.<\/p>\n<p class=\"wp-block-paragraph\">Lucr\u0103rile fac parte din activitatea de mentenan\u021b\u0103 preventiv\u0103 desf\u0103\u0219urat\u0103 de operator \u0219i urm\u0103resc men\u021binerea unei calit\u0103\u021bi corespunz\u0103toare a apei potabile furnizate consumatorilor.<\/p>\n<p class=\"wp-block-paragraph\">Pe perioada desf\u0103\u0219ur\u0103rii lucr\u0103rilor, presiunea apei va fi sc\u0103zut\u0103 \u00een cele dou\u0103 localit\u0103\u021bi.<\/p>\n<h2 class=\"wp-block-heading\">Apa poate fi tulbure dup\u0103 reluarea aliment\u0103rii<\/h2>\n<p class=\"wp-block-paragraph\">Aquatim avertizeaz\u0103 c\u0103, dup\u0103 revenirea aliment\u0103rii cu ap\u0103 \u00een regim normal, la robinete poate curge temporar ap\u0103 tulbure.<\/p>\n<p class=\"wp-block-paragraph\">Operatorul recomand\u0103 consumatorilor s\u0103 nu foloseasc\u0103 apa \u00een scopuri menajere p\u00e2n\u0103 c\u00e2nd aceasta se limpeze\u0219te complet.<\/p>\n<p class=\"wp-block-paragraph\">Perturbarea este estimat\u0103 s\u0103 fie de scurt\u0103 durat\u0103, iar situa\u021bia ar trebui s\u0103 revin\u0103 la normal dup\u0103 finalizarea opera\u021biunilor de sp\u0103lare a re\u021belei.<\/p>\n<p class=\"wp-block-paragraph\">Pentru informa\u021bii suplimentare sau pentru sesizarea eventualelor probleme ap\u0103rute \u00een urma lucr\u0103rilor, consumatorii pot contacta Aquatim prin Call Center-ul \u0219i dispeceratul disponibile non-stop, la num\u0103rul 0356 914.<\/p>\n<\/div>\n<p>[analyse_source url=&#8221;https:\/\/orasul-timisoara.ro\/local-40344\/&#8221;]<\/p>\n","protected":false},"excerpt":{"rendered":"<p>[analyse_image type=&#8221;featured&#8221; src=&#8221;https:\/\/orasul-timisoara.ro\/wp-content\/uploads\/2026\/07\/femeie-bea-apa-2.jpg&#8221;] Investitii in TimisoaraAquatim anun\u021b\u0103 presiune sc\u0103zut\u0103 \u00een dou\u0103 localit\u0103\u021bi din Timi\u0219, joi Investitii in Timisoara \u0218tiri Locale Aquatim anun\u021b\u0103 presiune sc\u0103zut\u0103 \u00een dou\u0103 localit\u0103\u021bi din Timi\u0219, joi De c\u0103tre redactia &#8211; 19\/08\/2026 Facebook Twitter WhatsApp Linkedin ReddIt Email Imprimare Aquatim anun\u021b\u0103 lucr\u0103ri programate joi, 20 august 2026, \u00een localit\u0103\u021bile \u0218anovi\u021ba \u0219i Ghizela [&hellip;]<\/p>\n","protected":false},"author":1,"featured_media":0,"comment_status":"open","ping_status":"","sticky":false,"template":"","format":"standard","meta":{"footnotes":""},"categories":[89],"tags":[226,189],"class_list":["post-2103794","post","type-post","status-publish","format-standard","hentry","category-romania","tag-crawlmanager","tag-orasul-timisoara-ro"],"_links":{"self":[{"href":"https:\/\/analyse.optim.biz\/index.php?rest_route=\/wp\/v2\/posts\/2103794","targetHints":{"allow":["GET"]}}],"collection":[{"href":"https:\/\/analyse.optim.biz\/index.php?rest_route=\/wp\/v2\/posts"}],"about":[{"href":"https:\/\/analyse.optim.biz\/index.php?rest_route=\/wp\/v2\/types\/post"}],"author":[{"embeddable":true,"href":"https:\/\/analyse.optim.biz\/index.php?rest_route=\/wp\/v2\/users\/1"}],"replies":[{"embeddable":true,"href":"https:\/\/analyse.optim.biz\/index.php?rest_route=%2Fwp%2Fv2%2Fcomments&post=2103794"}],"version-history":[{"count":0,"href":"https:\/\/analyse.optim.biz\/index.php?rest_route=\/wp\/v2\/posts\/2103794\/revisions"}],"wp:attachment":[{"href":"https:\/\/analyse.optim.biz\/index.php?rest_route=%2Fwp%2Fv2%2Fmedia&parent=2103794"}],"wp:term":[{"taxonomy":"category","embeddable":true,"href":"https:\/\/analyse.optim.biz\/index.php?rest_route=%2Fwp%2Fv2%2Fcategories&post=2103794"},{"taxonomy":"post_tag","embeddable":true,"href":"https:\/\/analyse.optim.biz\/index.php?rest_route=%2Fwp%2Fv2%2Ftags&post=2103794"}],"curies":[{"name":"wp","href":"https:\/\/api.w.org\/{rel}","templated":true}]}}