{"id":2103793,"date":"2026-08-18T10:09:46","date_gmt":"2026-08-18T07:09:46","guid":{"rendered":"https:\/\/analyse.optim.biz\/?p=2103793"},"modified":"2026-08-18T10:09:46","modified_gmt":"2026-08-18T07:09:46","slug":"politistii-au-primele-informatii-despre-accidentul-mortal-de-pe-centura-timisoarei-victima-avea-57-de-ani","status":"publish","type":"post","link":"https:\/\/analyse.optim.biz\/?p=2103793","title":{"rendered":"Poli\u0163i\u015ftii au primele informa\u0163ii despre accidentul mortal de pe Centura Timi\u015foarei. Victima avea 57 de ani"},"content":{"rendered":"<p>[analyse_image type=&#8221;featured&#8221; src=&#8221;https:\/\/renasterea.ro\/ro\/wp-content\/uploads\/2026\/08\/accident-mortal-centura-timisoarei.jpghttps:\/\/renasterea.ro\/ro\/wp-content\/uploads\/2026\/08\/accident-mortal-centura-timisoarei.jpg&#8221;]<\/p>\n<div class=\"entry-content\"><img loading=\"lazy\" decoding=\"async\" width=\"700\" height=\"406\" src=\"https:\/\/renasterea.ro\/ro\/wp-content\/uploads\/2026\/08\/accident-mortal-centura-timisoarei.jpg\" class=\"attachment-medium size-medium wp-post-image\" alt=\"Poli\u0163i\u015ftii au primele informa\u0163ii despre accidentul mortal de pe Centura Timi\u015foarei. Victima avea 57 de ani (video)\" title=\"Poli\u0163i\u015ftii au primele informa\u0163ii despre accidentul mortal de pe Centura Timi\u015foarei. Victima avea 57 de ani (video) 1\"><\/p>\n<h4>Mar\u0163i, 18 august, \u00een jurul orei 12:05, poli\u021bi\u0219tii au fost sesiza\u021bi cu privire la producerea unui <a href=\"https:\/\/renasterea.ro\/accident-mortal-pe-centura-timisoarei\/\">accident rutier pe centura ocolitoare a municipiului Timi\u0219oara<\/a>.<\/h4>\n<p>Din primele verific\u0103ri efectuate a reie\u0219it c\u0103 un b\u0103rbat, \u00een v\u00e2rst\u0103 de 57 de ani, a condus un autoturism dinspre Mo\u0219ni\u021ba spre Ghiroda, iar la un moment dat ar fi p\u0103truns \u00eentr-o parcare situat\u0103 pe partea dreapt\u0103 a sensului s\u0103u de mers, unde a intrat \u00een coliziune cu o semiremorc\u0103 sta\u021bionat\u0103.<\/p>\n<p>\u00cen urma impactului, conduc\u0103torul auto a decedat.<\/p>\n<p>\u00cen cauz\u0103, poli\u021bi\u0219tii au \u00eentocmit un dosar penal sub aspectul s\u0103v\u00e2r\u0219irii infrac\u021biunii de ucidere din culp\u0103, fiind continuate cercet\u0103rile pentru stabilirea tuturor cauzelor \u0219i \u00eemprejur\u0103rilor producerii accidentului.<\/p>\n<iframe loading=\"lazy\" title=\"Accident Centura Timi\u0219oarei \" width=\"640\" height=\"360\" src=\"https:\/\/www.youtube.com\/embed\/oSvUvmOb9ic?feature=oembed\" frameborder allow=\"accelerometer; autoplay; clipboard-write; encrypted-media; gyroscope; picture-in-picture; web-share\" referrerpolicy=\"strict-origin-when-cross-origin\" allowfullscreen><\/iframe>\n<p><em>Sursa imagini: ISU Timi\u015f \/ DRDP Timi\u015foara<\/em><\/p>\n<\/div>\n<p>[analyse_source url=&#8221;https:\/\/renasterea.ro\/politistii-au-primele-informatii-despre-accidentul-mortal-de-pe-centura-timisoarei-victima-avea-57-de-ani-video\/&#8221;]<\/p>\n","protected":false},"excerpt":{"rendered":"<p>[analyse_image type=&#8221;featured&#8221; src=&#8221;https:\/\/renasterea.ro\/ro\/wp-content\/uploads\/2026\/08\/accident-mortal-centura-timisoarei.jpghttps:\/\/renasterea.ro\/ro\/wp-content\/uploads\/2026\/08\/accident-mortal-centura-timisoarei.jpg&#8221;] Mar\u0163i, 18 august, \u00een jurul orei 12:05, poli\u021bi\u0219tii au fost sesiza\u021bi cu privire la producerea unui accident rutier pe centura ocolitoare a municipiului Timi\u0219oara. Din primele verific\u0103ri efectuate a reie\u0219it c\u0103 un b\u0103rbat, \u00een v\u00e2rst\u0103 de 57 de ani, a condus un autoturism dinspre Mo\u0219ni\u021ba spre Ghiroda, iar la un moment dat [&hellip;]<\/p>\n","protected":false},"author":1,"featured_media":0,"comment_status":"open","ping_status":"","sticky":false,"template":"","format":"standard","meta":{"footnotes":""},"categories":[89],"tags":[226,188],"class_list":["post-2103793","post","type-post","status-publish","format-standard","hentry","category-romania","tag-crawlmanager","tag-renasterea-ro"],"_links":{"self":[{"href":"https:\/\/analyse.optim.biz\/index.php?rest_route=\/wp\/v2\/posts\/2103793","targetHints":{"allow":["GET"]}}],"collection":[{"href":"https:\/\/analyse.optim.biz\/index.php?rest_route=\/wp\/v2\/posts"}],"about":[{"href":"https:\/\/analyse.optim.biz\/index.php?rest_route=\/wp\/v2\/types\/post"}],"author":[{"embeddable":true,"href":"https:\/\/analyse.optim.biz\/index.php?rest_route=\/wp\/v2\/users\/1"}],"replies":[{"embeddable":true,"href":"https:\/\/analyse.optim.biz\/index.php?rest_route=%2Fwp%2Fv2%2Fcomments&post=2103793"}],"version-history":[{"count":0,"href":"https:\/\/analyse.optim.biz\/index.php?rest_route=\/wp\/v2\/posts\/2103793\/revisions"}],"wp:attachment":[{"href":"https:\/\/analyse.optim.biz\/index.php?rest_route=%2Fwp%2Fv2%2Fmedia&parent=2103793"}],"wp:term":[{"taxonomy":"category","embeddable":true,"href":"https:\/\/analyse.optim.biz\/index.php?rest_route=%2Fwp%2Fv2%2Fcategories&post=2103793"},{"taxonomy":"post_tag","embeddable":true,"href":"https:\/\/analyse.optim.biz\/index.php?rest_route=%2Fwp%2Fv2%2Ftags&post=2103793"}],"curies":[{"name":"wp","href":"https:\/\/api.w.org\/{rel}","templated":true}]}}