{"id":2103791,"date":"2026-08-19T13:57:47","date_gmt":"2026-08-19T10:57:47","guid":{"rendered":"https:\/\/analyse.optim.biz\/?p=2103791"},"modified":"2026-08-19T13:57:47","modified_gmt":"2026-08-19T10:57:47","slug":"festivalul-artizanilor-revine-la-timisoara-doua-zile-dedicate-oamenilor-care-creeaza-cu-mainile-lor","status":"publish","type":"post","link":"https:\/\/analyse.optim.biz\/?p=2103791","title":{"rendered":"Festivalul Artizanilor revine la Timi\u0219oara. Dou\u0103 zile dedicate oamenilor care creeaz\u0103 cu m\u00e2inile lor"},"content":{"rendered":"<p>[analyse_image type=&#8221;featured&#8221; src=&#8221;https:\/\/orasul-timisoara.ro\/wp-content\/uploads\/2026\/08\/Festivalul-Artizanilor-2025.jpg&#8221;]<\/p>\n<article id=\"post-40346\" class=\"td-post-template-7 post-40346 post type-post status-publish format-standard has-post-thumbnail category-evenimente-in-timisoara category-featured category-stiri-timisoara tag-artizani tag-creatie-locala tag-evenimente-timisoara-2 tag-faber tag-festivalul-artizanilor tag-harababura tag-mestesuguri tag-producatori-locali-2 tag-timisoara-2 td-container-wrap\">\n<div class=\"td-full-screen-header-image-wrap\">\n<div class=\"td-container td-post-header\">\n<div class=\"td-crumb-container\">\n<div class=\"entry-crumbs\"><span><a title=\"Vede\u021bi toate articolele \u00een Evenimente in Timisoara\" class=\"entry-crumb\" href=\"https:\/\/orasul-timisoara.ro\/local-category\/evenimente-in-timisoara\/\">Evenimente in Timisoara<\/a><\/span><span class=\"td-bred-no-url-last\">Festivalul Artizanilor revine la Timi\u0219oara. Dou\u0103 zile dedicate oamenilor care creeaz\u0103 cu&#8230;<\/span><\/div>\n<\/div>\n<div class=\"td-post-header-holder\">\n<div class=\"td-parallax-header\">\n<header class=\"td-post-title\">\n<ul class=\"td-category\">\n<li class=\"entry-category\"><a href=\"https:\/\/orasul-timisoara.ro\/local-category\/evenimente-in-timisoara\/\">Evenimente in Timisoara<\/a><\/li>\n<li class=\"entry-category\"><a href=\"https:\/\/orasul-timisoara.ro\/local-category\/stiri-timisoara\/\">\u0218tiri Locale<\/a><\/li>\n<\/ul>\n<h1 class=\"entry-title\">Festivalul Artizanilor revine la Timi\u0219oara. Dou\u0103 zile dedicate oamenilor care creeaz\u0103 cu m\u00e2inile lor<\/h1>\n<div class=\"td-module-meta-info\">\n<div class=\"td-post-author-name\">\n<div class=\"td-author-by\">De c\u0103tre<\/div>\n<p><a href=\"https:\/\/orasul-timisoara.ro\/author\/timisoara\/\">redactia<\/a><\/p>\n<div class=\"td-author-line\"> &#8211; <\/div>\n<\/div>\n<p><span class=\"td-post-date\"><time class=\"entry-date updated td-module-date\" datetime=\"2026-08-19T16:57:47+03:00\">19\/08\/2026<\/time><\/span><\/div>\n<\/header>\n<\/div>\n<\/div>\n<\/div>\n<div id=\"td-full-screen-header-image\" class=\"td-image-gradient-style7\"><img decoding=\"async\" class=\"td-backstretch\" src=\"https:\/\/orasul-timisoara.ro\/wp-content\/uploads\/2026\/08\/Festivalul-Artizanilor-2025.jpg\"><\/div>\n<\/div>\n<div class=\"td-container\">\n<div class=\"td-pb-row\">\n<div class=\"td-pb-span8 td-main-content\" role=\"main\">\n<div class=\"td-ss-main-content\">\n<div class=\"td-post-sharing-top\">\n<div class=\"td-post-sharing-classic\"><iframe title=\"topFacebookLike\" frameborder src=\"https:\/\/www.facebook.com\/plugins\/like.php?href=https:\/\/orasul-timisoara.ro\/local-40346\/&amp;layout=button_count&amp;show_faces=false&amp;width=105&amp;action=like&amp;colorscheme=light&amp;height=21\"><\/iframe><\/div>\n<div id=\"td_social_sharing_article_top\" class=\"td-post-sharing td-ps-bg td-ps-notext td-post-sharing-style1 \">\n<div class=\"td-post-sharing-visible\"><a class=\"td-social-sharing-button td-social-sharing-button-js td-social-network td-social-facebook\" href=\"https:\/\/www.facebook.com\/sharer.php?u=https%3A%2F%2Forasul-timisoara.ro%2Flocal-40346%2F\" title=\"Facebook\"><\/p>\n<div class=\"td-social-but-text\">Facebook<\/div>\n<p><\/a><a class=\"td-social-sharing-button td-social-sharing-button-js td-social-network td-social-twitter\" href=\"https:\/\/twitter.com\/intent\/tweet?text=Festivalul+Artizanilor+revine+la+Timi%C8%99oara.+Dou%C4%83+zile+dedicate+oamenilor+care+creeaz%C4%83+cu+m%C3%A2inile+lor&amp;url=https%3A%2F%2Forasul-timisoara.ro%2Flocal-40346%2F&amp;via=orasultm\" title=\"Twitter\"><\/p>\n<div class=\"td-social-but-text\">Twitter<\/div>\n<p><\/a><a class=\"td-social-sharing-button td-social-sharing-button-js td-social-network td-social-whatsapp\" href=\"https:\/\/api.whatsapp.com\/send?text=Festivalul+Artizanilor+revine+la+Timi%C8%99oara.+Dou%C4%83+zile+dedicate+oamenilor+care+creeaz%C4%83+cu+m%C3%A2inile+lor%20%0A%0A%20https:\/\/orasul-timisoara.ro\/local-40346\/\" title=\"WhatsApp\"><\/p>\n<div class=\"td-social-but-text\">WhatsApp<\/div>\n<p><\/a><a class=\"td-social-sharing-button td-social-sharing-button-js td-social-network td-social-linkedin\" href=\"https:\/\/www.linkedin.com\/shareArticle?mini=true&amp;url=https:\/\/orasul-timisoara.ro\/local-40346\/&amp;title=Festivalul+Artizanilor+revine+la+Timi%C8%99oara.+Dou%C4%83+zile+dedicate+oamenilor+care+creeaz%C4%83+cu+m%C3%A2inile+lor\" title=\"Linkedin\"><\/p>\n<div class=\"td-social-but-text\">Linkedin<\/div>\n<p><\/a><a class=\"td-social-sharing-button td-social-sharing-button-js td-social-network td-social-reddit\" href=\"https:\/\/reddit.com\/submit?url=https:\/\/orasul-timisoara.ro\/local-40346\/&amp;title=Festivalul+Artizanilor+revine+la+Timi%C8%99oara.+Dou%C4%83+zile+dedicate+oamenilor+care+creeaz%C4%83+cu+m%C3%A2inile+lor\" title=\"ReddIt\"><\/p>\n<div class=\"td-social-but-text\">ReddIt<\/div>\n<p><\/a><a class=\"td-social-sharing-button td-social-sharing-button-js td-social-network td-social-mail\" href=\"mailto:?subject=Festivalul%20Artizanilor%20revine%20la%20Timi%C8%99oara.%20Dou%C4%83%20zile%20dedicate%20oamenilor%20care%20creeaz%C4%83%20cu%20m%C3%A2inile%20lor&amp;body=https:\/\/orasul-timisoara.ro\/local-40346\/\" title=\"Email\"><\/p>\n<div class=\"td-social-but-text\">Email<\/div>\n<p><\/a><a class=\"td-social-sharing-button td-social-sharing-button-js td-social-network td-social-print\" href=\"https:\/\/orasul-timisoara.ro\/local-40346\/\" title=\"Imprimare\"><\/p>\n<div class=\"td-social-but-text\">Imprimare<\/div>\n<p><\/a><\/div>\n<\/div>\n<\/div>\n<div class=\"td-post-content tagdiv-type\">\n<p class=\"wp-block-paragraph\">Festivalul Artizanilor, creat de comunitatea Harababura, ajunge \u00een aceast\u0103 toamn\u0103 la cea de-a doua edi\u021bie \u0219i \u00eei aduce din nou laolalt\u0103, la Timi\u0219oara, pe oamenii care creeaz\u0103 cu m\u00e2inile lor, p\u0103streaz\u0103 me\u0219te\u0219uguri vii \u0219i transform\u0103 ideile \u00een obiecte cu poveste.<\/p>\n<p class=\"wp-block-paragraph\">Evenimentul va avea loc pe 12 \u0219i 13 septembrie 2026, la Faber, \u00een Hala 1 din curtea de pe splaiul Pene\u0219 Curcanu nr. 4-5. Festivalul va fi deschis \u00eentre orele 12:00 \u0219i 20:00, iar accesul publicului este liber.<\/p>\n<h2 class=\"wp-block-heading\">Dou\u0103 zile dedicate crea\u021biei locale<\/h2>\n<p class=\"wp-block-paragraph\">Pentru un \u00eentreg weekend, spa\u021biul de la Faber va deveni un loc de \u00eent\u00e2lnire pentru artizani, creatori, iubitori de obiecte f\u0103cute cu grij\u0103 \u0219i oameni curio\u0219i s\u0103 descopere lucruri noi.<\/p>\n<p class=\"wp-block-paragraph\">Festivalul \u00ee\u0219i propune s\u0103 aduc\u0103 \u00een prim-plan nu doar obiectele finite, ci \u0219i oamenii, timpul \u0219i procesele din spatele acestora.<\/p>\n<p class=\"wp-block-paragraph\">Vizitatorii vor putea descoperi crea\u021bii din domenii diverse, de la ceramic\u0103, bijuterii \u0219i obiecte decorative p\u00e2n\u0103 la ilustra\u021bie, textile, produse artizanale \u0219i alte forme de crea\u021bie.<\/p>\n<h2 class=\"wp-block-heading\">\u00cent\u00e2lniri directe cu artizanii<\/h2>\n<p class=\"wp-block-paragraph\">Unul dintre punctele importante ale evenimentului este \u00eent\u00e2lnirea direct\u0103 dintre creatori \u0219i public.<\/p>\n<p class=\"wp-block-paragraph\">Festivalul ofer\u0103 micilor produc\u0103tori \u0219i creatorilor independen\u021bi posibilitatea de a-\u0219i prezenta munca, de a discuta cu vizitatorii \u0219i de a-\u0219i construi comunit\u0103\u021bi \u00een jurul activit\u0103\u021bii lor.<\/p>\n<p class=\"wp-block-paragraph\">\u00cen acela\u0219i timp, publicul poate descoperi pove\u0219tile din spatele obiectelor, poate afla mai multe despre modul \u00een care sunt realizate \u0219i poate sus\u021bine crea\u021bia local\u0103 prin cump\u0103r\u0103turi de la produc\u0103tori independen\u021bi.<\/p>\n<h2 class=\"wp-block-heading\">Ateliere, degust\u0103ri \u0219i muzic\u0103 la Faber<\/h2>\n<p class=\"wp-block-paragraph\">Festivalul Artizanilor este g\u00e2ndit ca o experien\u021b\u0103 care merge dincolo de simpla achizi\u021bie a unui obiect.<\/p>\n<p class=\"wp-block-paragraph\">Programul va fi completat de ateliere \u0219i degust\u0103ri, iar atmosfera va fi sus\u021binut\u0103 pe parcursul zilei de muzic\u0103 \u0219i DJ.<\/p>\n<p class=\"wp-block-paragraph\">Organizatorii \u00ee\u0219i propun ca vizitatorii s\u0103 aib\u0103 parte de un eveniment \u00een care cump\u0103r\u0103turile sunt doar o parte din experien\u021b\u0103. \u00cent\u00e2lnirile cu artizanii, conversa\u021biile, atelierele, muzica \u0219i timpul petrecut \u00eempreun\u0103 fac parte din aceea\u0219i experien\u021b\u0103: aceea de a descoperi \u0219i sus\u021bine crea\u021bia local\u0103.<\/p>\n<h2 class=\"wp-block-heading\">Mai sunt locuri disponibile pentru expozan\u021bi<\/h2>\n<p class=\"wp-block-paragraph\">Organizatorii au lansat \u0219i un open call pentru artizanii \u0219i creatorii care vor s\u0103 participe la cea de-a doua edi\u021bie a Festivalului Artizanilor.<\/p>\n<p class=\"wp-block-paragraph\">Pentru cei interesa\u021bi s\u0103 participe \u00een calitate de expozan\u021bi, mai sunt disponibile c\u00e2teva locuri. \u00censcrierile se fac prin formularul online pus la dispozi\u021bie de organizatori.<\/p>\n<p class=\"wp-block-paragraph\">Festivalul Artizanilor va avea loc pe 12 \u0219i 13 septembrie 2026, \u00eentre orele 12:00 \u0219i 20:00, la Faber Timi\u0219oara, \u00een Hala 1 din curtea de pe splaiul Pene\u0219 Curcanu nr. 4-5. Accesul este liber.<\/p>\n<\/div>\n<footer>\n<div class=\"td-post-source-tags\">\n<ul class=\"td-tags td-post-small-box clearfix\">\n<li><span>ETICHETE<\/span><\/li>\n<li><a href=\"https:\/\/orasul-timisoara.ro\/local-tag\/artizani\/\">artizani<\/a><\/li>\n<li><a href=\"https:\/\/orasul-timisoara.ro\/local-tag\/creatie-locala\/\">crea\u021bie local\u0103<\/a><\/li>\n<li><a href=\"https:\/\/orasul-timisoara.ro\/local-tag\/evenimente-timisoara-2\/\">evenimente Timi\u0219oara<\/a><\/li>\n<li><a href=\"https:\/\/orasul-timisoara.ro\/local-tag\/faber\/\">faber<\/a><\/li>\n<li><a href=\"https:\/\/orasul-timisoara.ro\/local-tag\/festivalul-artizanilor\/\">Festivalul Artizanilor<\/a><\/li>\n<li><a href=\"https:\/\/orasul-timisoara.ro\/local-tag\/harababura\/\">Harababura<\/a><\/li>\n<li><a href=\"https:\/\/orasul-timisoara.ro\/local-tag\/mestesuguri\/\">me\u0219te\u0219uguri<\/a><\/li>\n<li><a href=\"https:\/\/orasul-timisoara.ro\/local-tag\/producatori-locali-2\/\">produc\u0103tori locali<\/a><\/li>\n<li><a href=\"https:\/\/orasul-timisoara.ro\/local-tag\/timisoara-2\/\">timi\u0219oara<\/a><\/li>\n<\/ul>\n<\/div>\n<div class=\"td-post-sharing-bottom\">\n<div class=\"td-post-sharing-classic\"><iframe title=\"bottomFacebookLike\" frameborder src=\"https:\/\/www.facebook.com\/plugins\/like.php?href=https:\/\/orasul-timisoara.ro\/local-40346\/&amp;layout=button_count&amp;show_faces=false&amp;width=105&amp;action=like&amp;colorscheme=light&amp;height=21\"><\/iframe><\/div>\n<div id=\"td_social_sharing_article_bottom\" class=\"td-post-sharing td-ps-bg td-ps-notext td-post-sharing-style1 \">\n<div class=\"td-post-sharing-visible\"><a class=\"td-social-sharing-button td-social-sharing-button-js td-social-network td-social-facebook\" href=\"https:\/\/www.facebook.com\/sharer.php?u=https%3A%2F%2Forasul-timisoara.ro%2Flocal-40346%2F\" title=\"Facebook\"><\/p>\n<div class=\"td-social-but-text\">Facebook<\/div>\n<p><\/a><a class=\"td-social-sharing-button td-social-sharing-button-js td-social-network td-social-twitter\" href=\"https:\/\/twitter.com\/intent\/tweet?text=Festivalul+Artizanilor+revine+la+Timi%C8%99oara.+Dou%C4%83+zile+dedicate+oamenilor+care+creeaz%C4%83+cu+m%C3%A2inile+lor&amp;url=https%3A%2F%2Forasul-timisoara.ro%2Flocal-40346%2F&amp;via=orasultm\" title=\"Twitter\"><\/p>\n<div class=\"td-social-but-text\">Twitter<\/div>\n<p><\/a><a class=\"td-social-sharing-button td-social-sharing-button-js td-social-network td-social-whatsapp\" href=\"https:\/\/api.whatsapp.com\/send?text=Festivalul+Artizanilor+revine+la+Timi%C8%99oara.+Dou%C4%83+zile+dedicate+oamenilor+care+creeaz%C4%83+cu+m%C3%A2inile+lor%20%0A%0A%20https:\/\/orasul-timisoara.ro\/local-40346\/\" title=\"WhatsApp\"><\/p>\n<div class=\"td-social-but-text\">WhatsApp<\/div>\n<p><\/a><a class=\"td-social-sharing-button td-social-sharing-button-js td-social-network td-social-linkedin\" href=\"https:\/\/www.linkedin.com\/shareArticle?mini=true&amp;url=https:\/\/orasul-timisoara.ro\/local-40346\/&amp;title=Festivalul+Artizanilor+revine+la+Timi%C8%99oara.+Dou%C4%83+zile+dedicate+oamenilor+care+creeaz%C4%83+cu+m%C3%A2inile+lor\" title=\"Linkedin\"><\/p>\n<div class=\"td-social-but-text\">Linkedin<\/div>\n<p><\/a><a class=\"td-social-sharing-button td-social-sharing-button-js td-social-network td-social-reddit\" href=\"https:\/\/reddit.com\/submit?url=https:\/\/orasul-timisoara.ro\/local-40346\/&amp;title=Festivalul+Artizanilor+revine+la+Timi%C8%99oara.+Dou%C4%83+zile+dedicate+oamenilor+care+creeaz%C4%83+cu+m%C3%A2inile+lor\" title=\"ReddIt\"><\/p>\n<div class=\"td-social-but-text\">ReddIt<\/div>\n<p><\/a><a class=\"td-social-sharing-button td-social-sharing-button-js td-social-network td-social-mail\" href=\"mailto:?subject=Festivalul%20Artizanilor%20revine%20la%20Timi%C8%99oara.%20Dou%C4%83%20zile%20dedicate%20oamenilor%20care%20creeaz%C4%83%20cu%20m%C3%A2inile%20lor&amp;body=https:\/\/orasul-timisoara.ro\/local-40346\/\" title=\"Email\"><\/p>\n<div class=\"td-social-but-text\">Email<\/div>\n<p><\/a><a class=\"td-social-sharing-button td-social-sharing-button-js td-social-network td-social-print\" href=\"https:\/\/orasul-timisoara.ro\/local-40346\/\" title=\"Imprimare\"><\/p>\n<div class=\"td-social-but-text\">Imprimare<\/div>\n<p><\/a><\/div>\n<\/div>\n<\/div>\n<div class=\"td-block-row td-post-next-prev\">\n<div class=\"td-block-span6 td-post-prev-post\">\n<div class=\"td-post-next-prev-content\"><span>Articolul precedent<\/span><a href=\"https:\/\/orasul-timisoara.ro\/local-40344\/\">Aquatim anun\u021b\u0103 presiune sc\u0103zut\u0103 \u00een dou\u0103 localit\u0103\u021bi din Timi\u0219, joi<\/a><\/div>\n<\/div>\n<div class=\"td-block-span6 td-post-next-post\">\n<div class=\"td-post-next-prev-content\"><span>Articolul urm\u0103tor<\/span><a href=\"https:\/\/orasul-timisoara.ro\/local-40349\/\">Asfaltarea de pe bulevardul Republicii, blocat\u0103 de lucr\u0103rile CFR. Ruben La\u021bc\u0103u: \u201eS\u0103 facem aceea\u0219i lucrare de dou\u0103 ori ar \u00eensemna s\u0103 pl\u0103tim de dou\u0103 ori\u201d<\/a><\/div>\n<\/div>\n<\/div>\n<div class=\"td-author-name vcard author\"><span class=\"fn\"><a href=\"https:\/\/orasul-timisoara.ro\/author\/timisoara\/\">redactia<\/a><\/span><\/div>\n<p><span class=\"td-page-meta\"><\/span><span class=\"td-page-meta\"><span class=\"td-page-meta\"><\/span><\/span><span class=\"td-page-meta\"><\/span><\/footer>\n<div class=\"td_block_wrap td_block_related_posts tdi_3 td_with_ajax_pagination td-pb-border-top td_block_template_8\" data-td-block-uid=\"tdi_3\">\n<h4 class=\"td-related-title td-block-title\"><a id=\"tdi_4\" class=\"td-related-left td-cur-simple-item\" data-td_filter_value data-td_block_id=\"tdi_3\" href=\"https:\/\/orasul-timisoara.ro\/local-40346\/\">ARTICOLE SIMILARE<\/a><a id=\"tdi_5\" class=\"td-related-right\" data-td_filter_value=\"td_related_more_from_author\" data-td_block_id=\"tdi_3\" href=\"https:\/\/orasul-timisoara.ro\/local-40346\/\">DE LA ACELA\u0218I AUTOR<\/a><\/h4>\n<div id=\"tdi_3\" class=\"td_block_inner\">\n<div class=\"td-related-row\">\n<div class=\"td-related-span4\">\n<div class=\"td_module_related_posts td-animation-stack td_mod_related_posts\">\n<div class=\"td-module-image\">\n<div class=\"td-module-thumb\"><a href=\"https:\/\/orasul-timisoara.ro\/local-40300\/\" rel=\"bookmark\" class=\"td-image-wrap \" title=\"Tinerii din Timi\u0219oara sunt invita\u021bi s\u0103 transforme pove\u0219tile cartierului \u00een texte\"><img loading=\"lazy\" decoding=\"async\" class=\"entry-thumb\" src=\"https:\/\/orasul-timisoara.ro\/wp-content\/uploads\/2026\/08\/podter-atelier-436x300.jpg\" alt title=\"Tinerii din Timi\u0219oara sunt invita\u021bi s\u0103 transforme pove\u0219tile cartierului \u00een texte\" width=\"218\" height=\"150\"><\/a><\/div>\n<\/div>\n<div class=\"item-details\">\n<h3 class=\"entry-title td-module-title\"><a href=\"https:\/\/orasul-timisoara.ro\/local-40300\/\" rel=\"bookmark\" title=\"Tinerii din Timi\u0219oara sunt invita\u021bi s\u0103 transforme pove\u0219tile cartierului \u00een texte\">Tinerii din Timi\u0219oara sunt invita\u021bi s\u0103 transforme pove\u0219tile cartierului \u00een texte<\/a><\/h3>\n<\/div>\n<\/div>\n<\/div>\n<div class=\"td-related-span4\">\n<div class=\"td_module_related_posts td-animation-stack td_mod_related_posts\">\n<div class=\"td-module-image\">\n<div class=\"td-module-thumb\"><a href=\"https:\/\/orasul-timisoara.ro\/local-40053\/\" rel=\"bookmark\" class=\"td-image-wrap \" title=\"Timi\u0219orenii sunt invita\u021bi la un concert caritabil pentru renovarea Spitalului de Copii\"><img loading=\"lazy\" decoding=\"async\" class=\"entry-thumb\" src=\"https:\/\/orasul-timisoara.ro\/wp-content\/uploads\/2026\/08\/the-other-you-436x300.jpg\" alt title=\"Timi\u0219orenii sunt invita\u021bi la un concert caritabil pentru renovarea Spitalului de Copii\" width=\"218\" height=\"150\"><\/a><\/div>\n<\/div>\n<div class=\"item-details\">\n<h3 class=\"entry-title td-module-title\"><a href=\"https:\/\/orasul-timisoara.ro\/local-40053\/\" rel=\"bookmark\" title=\"Timi\u0219orenii sunt invita\u021bi la un concert caritabil pentru renovarea Spitalului de Copii\">Timi\u0219orenii sunt invita\u021bi la un concert caritabil pentru renovarea Spitalului de Copii<\/a><\/h3>\n<\/div>\n<\/div>\n<\/div>\n<div class=\"td-related-span4\">\n<div class=\"td_module_related_posts td-animation-stack td_mod_related_posts\">\n<div class=\"td-module-image\">\n<div class=\"td-module-thumb\"><a href=\"https:\/\/orasul-timisoara.ro\/local-40014\/\" rel=\"bookmark\" class=\"td-image-wrap \" title=\"Diaconu Mihai, \u201eAquaman\u201d de Timi\u0219oara, prezent la Miss Rom\u00e2nia The Crown 2026\"><img loading=\"lazy\" decoding=\"async\" class=\"entry-thumb\" src=\"https:\/\/orasul-timisoara.ro\/wp-content\/uploads\/2026\/08\/diaconu-mihai-436x300.jpg\" alt title=\"Diaconu Mihai, \u201eAquaman\u201d de Timi\u0219oara, prezent la Miss Rom\u00e2nia The Crown 2026\" width=\"218\" height=\"150\"><\/a><\/div>\n<\/div>\n<div class=\"item-details\">\n<h3 class=\"entry-title td-module-title\"><a href=\"https:\/\/orasul-timisoara.ro\/local-40014\/\" rel=\"bookmark\" title=\"Diaconu Mihai, \u201eAquaman\u201d de Timi\u0219oara, prezent la Miss Rom\u00e2nia The Crown 2026\">Diaconu Mihai, \u201eAquaman\u201d de Timi\u0219oara, prezent la Miss Rom\u00e2nia The Crown 2026<\/a><\/h3>\n<\/div>\n<\/div>\n<\/div>\n<\/div>\n<\/div>\n<\/div>\n<div class=\"comments\" id=\"comments\">\n<div id=\"respond\" class=\"comment-respond\">\n<h3 id=\"reply-title\" class=\"comment-reply-title\">L\u0102SA\u021aI UN MESAJ<\/h3>\n<div class=\"comment-form-input-wrap td-form-comment\">\n<div class=\"td-warning-comment\">V\u0103 rug\u0103m s\u0103 introduce\u021bi comentariul dvs.!<\/div>\n<\/div>\n<div class=\"comment-form-input-wrap td-form-author\">\n<div class=\"td-warning-author\">Introduce\u021bi aici numele dvs.<\/div>\n<\/div>\n<div class=\"comment-form-input-wrap td-form-email\">\n<div class=\"td-warning-email-error\">A\u021bi introdus o adres\u0103 de e-mail incorect\u0103!<\/div>\n<div class=\"td-warning-email\">V\u0103 rug\u0103m s\u0103 introduce\u021bi adresa dvs. de e-mail aici<\/div>\n<\/div>\n<\/div>\n<p class=\"akismet_comment_form_privacy_notice\">Acest site folose\u0219te Akismet pentru a reduce spamul. <a href=\"https:\/\/akismet.com\/privacy\/\" target=\"_blank\" rel=\"nofollow noopener\">Afl\u0103 cum sunt procesate datele comentariilor tale<\/a>.<\/p>\n<\/div>\n<\/div>\n<\/div>\n<div class=\"td-pb-span4 td-main-sidebar\" role=\"complementary\">\n<div class=\"td-ss-main-sidebar\">\n<aside id=\"block-4\" class=\"td_block_template_8 widget block-4 widget_block widget_media_image\">\n<figure class=\"wp-block-image size-full\"><img loading=\"lazy\" decoding=\"async\" width=\"336\" height=\"280\" src=\"https:\/\/orasul-timisoara.ro\/wp-content\/uploads\/2024\/11\/ReTIM-Abonamentul-Verde-Google-Ads-336x280px.gif\" alt class=\"wp-image-29257\"><\/figure>\n<\/aside>\n<div class=\"td_block_wrap td_block_social_counter td_block_widget tdi_6 td-social-style5 td-social-boxed td-pb-border-top td_block_template_8\">\n<div class=\"td-block-title-wrap\">\n<h4 class=\"td-block-title\"><span>Urm\u0103re\u0219te-ne pe Social Media<\/span><\/h4>\n<\/div>\n<div class=\"td-social-list\">\n<div class=\"td_social_type td-pb-margin-side td_social_facebook\">\n<div class=\"td-social-box\"><span class=\"td_social_info td_social_info_counter\">344,595<\/span><span class=\"td_social_info td_social_info_name\">Fani<\/span><span class=\"td_social_button\"><a href=\"https:\/\/www.facebook.com\/247timisoara\" target=\"_blank\" rel=\"nofollow\">\u00cemi place<\/a><\/span><\/div>\n<\/div>\n<div class=\"td_social_type td-pb-margin-side td_social_instagram\">\n<div class=\"td-social-box\"><span class=\"td_social_info td_social_info_counter\">4,416<\/span><span class=\"td_social_info td_social_info_name\">Cititori<\/span><span class=\"td_social_button\"><a href=\"https:\/\/instagram.com\/orasultimisoararo\/\" target=\"_blank\" rel=\"nofollow\">Conecta\u021bi-v\u0103<\/a><\/span><\/div>\n<\/div>\n<div class=\"td_social_type td-pb-margin-side td_social_rss\">\n<div class=\"td-social-box\"><span class=\"td_social_info td_social_info_counter\">12,506<\/span><span class=\"td_social_info td_social_info_name\">Cititori<\/span><span class=\"td_social_button\"><a href=\"https:\/\/orasul-timisoara.ro\/feed\/\" target=\"_blank\" rel=\"nofollow\">Conecta\u021bi-v\u0103<\/a><\/span><\/div>\n<\/div>\n<div class=\"td_social_type td-pb-margin-side td_social_tiktok\">\n<div class=\"td-social-box\"><span class=\"td_social_info td_social_info_counter\">1,500<\/span><span class=\"td_social_info td_social_info_name\">Cititori<\/span><span class=\"td_social_button\"><a href=\"https:\/\/www.tiktok.com\/@orasultimisoara\" target=\"_blank\" rel=\"nofollow\">Conecta\u021bi-v\u0103<\/a><\/span><\/div>\n<\/div>\n<div class=\"td_social_type td-pb-margin-side td_social_twitter\">\n<div class=\"td-social-box\"><span class=\"td_social_info td_social_info_counter\">1,595<\/span><span class=\"td_social_info td_social_info_name\">Cititori<\/span><span class=\"td_social_button\"><a href=\"https:\/\/twitter.com\/orasultm\" target=\"_blank\" rel=\"nofollow\">Conecta\u021bi-v\u0103<\/a><\/span><\/div>\n<\/div>\n<div class=\"td_social_type td-pb-margin-side td_social_youtube\">\n<div class=\"td-social-box\"><span class=\"td_social_info td_social_info_counter\">3,506<\/span><span class=\"td_social_info td_social_info_name\">Abona\u021bi<\/span><span class=\"td_social_button\"><a href=\"https:\/\/www.youtube.com\/channel\/UCQNsQvs2XCSIm1Z-AHRturw?sub_confirmation=1\" target=\"_blank\" rel=\"nofollow\">Abona\u021bi-v\u0103<\/a><\/span><\/div>\n<\/div>\n<\/div>\n<\/div>\n<aside id=\"text-7\" class=\"td_block_template_8 widget text-7 widget_text\">\n<h4 class=\"td-block-title\"><span>C\u0103ut\u0103ri populare pe OTM<\/span><\/h4>\n<div class=\"textwidget\"><a href=\"https:\/\/orasul-timisoara.ro\/?s=timisoara\"><span>Timisoara<\/span><\/a><a href=\"https:\/\/orasul-timisoara.ro\/?s=calin+dobra\"><span>Calin Dobra<\/span><\/a><a href=\"https:\/\/orasul-timisoara.ro\/?s=primaria+timisoara\"><span>Primaria Timisoara<\/span><\/a><a href=\"https:\/\/orasul-timisoara.ro\/?s=dominic+fritz\"><span>Dominic Fritz<\/span><\/a><a href=\"https:\/\/orasul-timisoara.ro\/?s=nicolae+robu\"><span>Nicolae Robu<\/span><\/a><a href=\"https:\/\/orasul-timisoara.ro\/?s=consiliul+local+timisoara\">Consiliul Local Timisoara<\/a><a href=\"https:\/\/orasul-timisoara.ro\/?s=consiliul+judetean+timis\"><span>Consiliul Judetean Timis<\/span><\/a><a href=\"https:\/\/orasul-timisoara.ro\/?s=cjt\"><span>CJT<\/span><\/a><a href=\"https:\/\/orasul-timisoara.ro\/?s=Alfred+Simonis\"><span>Alfred Simonis<\/span><\/a><a href=\"https:\/\/orasul-timisoara.ro\/?s=PNL\"><span>PNL<\/span><\/a><a href=\"https:\/\/orasul-timisoara.ro\/?s=coronavirus\"><span>coronavirus<\/span><\/a><a href=\"https:\/\/orasul-timisoara.ro\/?s=teatru+timisoara\">teatru Timisoara<\/a><a href=\"https:\/\/orasul-timisoara.ro\/?s=restaurante\"><span>restaurante Timisoara<\/span><\/a><a href=\"https:\/\/orasul-timisoara.ro\/?s=diskoteka\"><span>Diskoteka<\/span><\/a><a href=\"https:\/\/orasul-timisoara.ro\/?s=iulius+town\"><span>Iulius Town<\/span><\/a><a href=\"https:\/\/orasul-timisoara.ro\/?s=iulius+mall\"><span>Iulius Mall<\/span><\/a><a href=\"https:\/\/orasul-timisoara.ro\/?s=stpt\"><span>STPT<\/span><\/a><a href=\"https:\/\/orasul-timisoara.ro\/?s=alin+nica\"><span>Alin Nica<\/span><\/a><a href=\"https:\/\/orasul-timisoara.ro\/?s=psd\"><span>PSD<\/span><\/a><a href=\"https:\/\/orasul-timisoara.ro\/?s=aeroport\"><span>Aeroportul International Timisoara<\/span><\/a><a href=\"https:\/\/orasul-timisoara.ro\/?s=babes\"><span>Spitalul Victor Babes Timisoara<\/span><\/a><a href=\"https:\/\/orasul-timisoara.ro\/?s=poli\"><span>Poli Timi\u0219oara<\/span><\/a><a href=\"https:\/\/orasul-timisoara.ro\/?s=carantina\"><span>carantina<\/span><\/a><a href=\"https:\/\/orasul-timisoara.ro\/?s=aquatim\"><span>Aquatim<\/span><\/a><a href=\"https:\/\/orasul-timisoara.ro\/local-category\/stiri-timisoara\/\"><span>Stiri Timisoara<\/span><\/a><a href=\"https:\/\/orasul-timisoara.ro\/local-category\/investitii-in-timisoara\/\"><span>Investi\u021bii in Timi\u0219oara<\/span><\/a><a href=\"https:\/\/orasul-timisoara.ro\/local-9463\/\"><span>shaorma<\/span><\/a><a href=\"https:\/\/orasul-timisoara.ro\/?s=trafic\"><span>trafic rutier<\/span><\/a><a href=\"https:\/\/orasul-timisoara.ro\/?s=politia\"><span>politia locala timisoara<\/span><\/a><a href=\"https:\/\/orasul-timisoara.ro\/?s=roxana\"><span>Roxana Iliescu<\/span><\/a><a href=\"https:\/\/orasul-timisoara.ro\/?s=colterm\"><span>Colterm<\/span><\/a><a href=\"https:\/\/orasul-timisoara.ro\/?s=latcau\"><span>Ruben La\u021bc\u0103u<\/span><\/a><a href=\"https:\/\/orasul-timisoara.ro\/?s=timis\"><span>\u0218tiri din Timi\u0219<\/span><\/a><a href=\"https:\/\/orasul-timisoara.ro\/?s=spital\"><span>Spitale din Timi\u0219oara<\/span><\/a><a href=\"https:\/\/orasul-timisoara.ro\/?s=tabara\"><span>Cosmin Tab\u0103r\u0103<\/span><\/a><\/div>\n<\/aside>\n<aside id=\"rss-2\" class=\"td_block_template_8 widget rss-2 widget_rss\">\n<h4 class=\"td-block-title\"><span><a class=\"rsswidget rss-widget-feed\" href=\"https:\/\/fashionfridays.ro\/feed\"><img decoding=\"async\" class=\"rss-widget-icon\" width=\"14\" height=\"14\" src=\"https:\/\/orasul-timisoara.ro\/wp-includes\/images\/rss.png\" alt=\"Flux RSS: Fashion Fridays\" loading=\"lazy\"><\/a><a class=\"rsswidget rss-widget-title\" href=\"https:\/\/fashionfridays.ro\/\">Fashion Fridays<\/a><\/span><\/h4>\n<ul>\n<li><a class=\"rsswidget\" href=\"https:\/\/fashionfridays.ro\/romania-devine-a-29-a-piata-vogue-o-noua-era-pentru-industria-locala-de-moda\/\">Rom\u00e2nia devine a 29-a pia\u021b\u0103 Vogue: o nou\u0103 er\u0103 pentru industria local\u0103 de mod\u0103<\/a>\n<div class=\"rssSummary\">Revista Vogue \u00ee\u0219i extinde prezen\u021ba global\u0103 \u0219i va fi lansat\u0103 oficial \u00een Rom\u00e2nia \u00een prim\u0103vara anului 2027, marc\u00e2nd intrarea pe cea de-a 29-a pia\u021b\u0103 interna\u021bional\u0103. Proiectul este realizat \u00een parteneriat cu AEMME Publishing, o companie media recent \u00eenfiin\u021bat\u0103, care va publica edi\u021bia local\u0103 sub licen\u021b\u0103. Noua edi\u021bie, Vogue Rom\u00e2nia, \u00ee\u0219i propune s\u0103 combine autoritatea global\u0103 [\u2026]<\/div>\n<\/li>\n<\/ul>\n<\/aside>\n<aside id=\"rss-4\" class=\"td_block_template_8 widget rss-4 widget_rss\">\n<h4 class=\"td-block-title\"><span><a class=\"rsswidget rss-widget-feed\" href=\"https:\/\/emasini.ro\/feed\"><img decoding=\"async\" class=\"rss-widget-icon\" width=\"14\" height=\"14\" src=\"https:\/\/orasul-timisoara.ro\/wp-includes\/images\/rss.png\" alt=\"Flux RSS: eMasini\" loading=\"lazy\"><\/a><a class=\"rsswidget rss-widget-title\" href=\"https:\/\/emasini.ro\/\">eMasini<\/a><\/span><\/h4>\n<ul>\n<li><a class=\"rsswidget\" href=\"https:\/\/emasini.ro\/adio-bordurilor-pline-de-ecrane-mercedes-benz-readuce-butoanele-in-noile-masini-produse\/\">Adio bordurilor pline de ecrane? Mercedes-Benz readuce butoanele \u00een noile ma\u0219ini produse<\/a>\n<div class=\"rssSummary\">Mercedes-Benz \u00ee\u0219i schimb\u0103 direc\u021bia \u00een ceea ce prive\u0219te designul interioarelor \u0219i va readuce comenzile fizice pentru anumite func\u021bii importante. Constructorul german nu renun\u021b\u0103 la ecranele mari \u0219i la tehnologiile digitale, dar recunoa\u0219te c\u0103 a mers prea departe prin eliminarea unor butoane \u0219i comenzi tactile. Ola K\u00e4llenius, pre\u0219edintele Consiliului de Administra\u021bie al Mercedes-Benz Group \u0219i CEO [\u2026]<\/div>\n<\/li>\n<\/ul>\n<\/aside>\n<\/div>\n<\/div>\n<\/div>\n<\/div>\n<\/article>\n<div class=\"td-post-content tagdiv-type\">\n<p class=\"wp-block-paragraph\">Festivalul Artizanilor, creat de comunitatea Harababura, ajunge \u00een aceast\u0103 toamn\u0103 la cea de-a doua edi\u021bie \u0219i \u00eei aduce din nou laolalt\u0103, la Timi\u0219oara, pe oamenii care creeaz\u0103 cu m\u00e2inile lor, p\u0103streaz\u0103 me\u0219te\u0219uguri vii \u0219i transform\u0103 ideile \u00een obiecte cu poveste.<\/p>\n<p class=\"wp-block-paragraph\">Evenimentul va avea loc pe 12 \u0219i 13 septembrie 2026, la Faber, \u00een Hala 1 din curtea de pe splaiul Pene\u0219 Curcanu nr. 4-5. Festivalul va fi deschis \u00eentre orele 12:00 \u0219i 20:00, iar accesul publicului este liber.<\/p>\n<h2 class=\"wp-block-heading\">Dou\u0103 zile dedicate crea\u021biei locale<\/h2>\n<p class=\"wp-block-paragraph\">Pentru un \u00eentreg weekend, spa\u021biul de la Faber va deveni un loc de \u00eent\u00e2lnire pentru artizani, creatori, iubitori de obiecte f\u0103cute cu grij\u0103 \u0219i oameni curio\u0219i s\u0103 descopere lucruri noi.<\/p>\n<p class=\"wp-block-paragraph\">Festivalul \u00ee\u0219i propune s\u0103 aduc\u0103 \u00een prim-plan nu doar obiectele finite, ci \u0219i oamenii, timpul \u0219i procesele din spatele acestora.<\/p>\n<p class=\"wp-block-paragraph\">Vizitatorii vor putea descoperi crea\u021bii din domenii diverse, de la ceramic\u0103, bijuterii \u0219i obiecte decorative p\u00e2n\u0103 la ilustra\u021bie, textile, produse artizanale \u0219i alte forme de crea\u021bie.<\/p>\n<h2 class=\"wp-block-heading\">\u00cent\u00e2lniri directe cu artizanii<\/h2>\n<p class=\"wp-block-paragraph\">Unul dintre punctele importante ale evenimentului este \u00eent\u00e2lnirea direct\u0103 dintre creatori \u0219i public.<\/p>\n<p class=\"wp-block-paragraph\">Festivalul ofer\u0103 micilor produc\u0103tori \u0219i creatorilor independen\u021bi posibilitatea de a-\u0219i prezenta munca, de a discuta cu vizitatorii \u0219i de a-\u0219i construi comunit\u0103\u021bi \u00een jurul activit\u0103\u021bii lor.<\/p>\n<p class=\"wp-block-paragraph\">\u00cen acela\u0219i timp, publicul poate descoperi pove\u0219tile din spatele obiectelor, poate afla mai multe despre modul \u00een care sunt realizate \u0219i poate sus\u021bine crea\u021bia local\u0103 prin cump\u0103r\u0103turi de la produc\u0103tori independen\u021bi.<\/p>\n<h2 class=\"wp-block-heading\">Ateliere, degust\u0103ri \u0219i muzic\u0103 la Faber<\/h2>\n<p class=\"wp-block-paragraph\">Festivalul Artizanilor este g\u00e2ndit ca o experien\u021b\u0103 care merge dincolo de simpla achizi\u021bie a unui obiect.<\/p>\n<p class=\"wp-block-paragraph\">Programul va fi completat de ateliere \u0219i degust\u0103ri, iar atmosfera va fi sus\u021binut\u0103 pe parcursul zilei de muzic\u0103 \u0219i DJ.<\/p>\n<p class=\"wp-block-paragraph\">Organizatorii \u00ee\u0219i propun ca vizitatorii s\u0103 aib\u0103 parte de un eveniment \u00een care cump\u0103r\u0103turile sunt doar o parte din experien\u021b\u0103. \u00cent\u00e2lnirile cu artizanii, conversa\u021biile, atelierele, muzica \u0219i timpul petrecut \u00eempreun\u0103 fac parte din aceea\u0219i experien\u021b\u0103: aceea de a descoperi \u0219i sus\u021bine crea\u021bia local\u0103.<\/p>\n<h2 class=\"wp-block-heading\">Mai sunt locuri disponibile pentru expozan\u021bi<\/h2>\n<p class=\"wp-block-paragraph\">Organizatorii au lansat \u0219i un open call pentru artizanii \u0219i creatorii care vor s\u0103 participe la cea de-a doua edi\u021bie a Festivalului Artizanilor.<\/p>\n<p class=\"wp-block-paragraph\">Pentru cei interesa\u021bi s\u0103 participe \u00een calitate de expozan\u021bi, mai sunt disponibile c\u00e2teva locuri. \u00censcrierile se fac prin formularul online pus la dispozi\u021bie de organizatori.<\/p>\n<p class=\"wp-block-paragraph\">Festivalul Artizanilor va avea loc pe 12 \u0219i 13 septembrie 2026, \u00eentre orele 12:00 \u0219i 20:00, la Faber Timi\u0219oara, \u00een Hala 1 din curtea de pe splaiul Pene\u0219 Curcanu nr. 4-5. Accesul este liber.<\/p>\n<\/div>\n<p>[analyse_source url=&#8221;https:\/\/orasul-timisoara.ro\/local-40346\/&#8221;]<\/p>\n","protected":false},"excerpt":{"rendered":"<p>[analyse_image type=&#8221;featured&#8221; src=&#8221;https:\/\/orasul-timisoara.ro\/wp-content\/uploads\/2026\/08\/Festivalul-Artizanilor-2025.jpg&#8221;] Evenimente in TimisoaraFestivalul Artizanilor revine la Timi\u0219oara. Dou\u0103 zile dedicate oamenilor care creeaz\u0103 cu&#8230; Evenimente in Timisoara \u0218tiri Locale Festivalul Artizanilor revine la Timi\u0219oara. Dou\u0103 zile dedicate oamenilor care creeaz\u0103 cu m\u00e2inile lor De c\u0103tre redactia &#8211; 19\/08\/2026 Facebook Twitter WhatsApp Linkedin ReddIt Email Imprimare Festivalul Artizanilor, creat de comunitatea Harababura, ajunge [&hellip;]<\/p>\n","protected":false},"author":1,"featured_media":0,"comment_status":"open","ping_status":"","sticky":false,"template":"","format":"standard","meta":{"footnotes":""},"categories":[89],"tags":[226,189],"class_list":["post-2103791","post","type-post","status-publish","format-standard","hentry","category-romania","tag-crawlmanager","tag-orasul-timisoara-ro"],"_links":{"self":[{"href":"https:\/\/analyse.optim.biz\/index.php?rest_route=\/wp\/v2\/posts\/2103791","targetHints":{"allow":["GET"]}}],"collection":[{"href":"https:\/\/analyse.optim.biz\/index.php?rest_route=\/wp\/v2\/posts"}],"about":[{"href":"https:\/\/analyse.optim.biz\/index.php?rest_route=\/wp\/v2\/types\/post"}],"author":[{"embeddable":true,"href":"https:\/\/analyse.optim.biz\/index.php?rest_route=\/wp\/v2\/users\/1"}],"replies":[{"embeddable":true,"href":"https:\/\/analyse.optim.biz\/index.php?rest_route=%2Fwp%2Fv2%2Fcomments&post=2103791"}],"version-history":[{"count":0,"href":"https:\/\/analyse.optim.biz\/index.php?rest_route=\/wp\/v2\/posts\/2103791\/revisions"}],"wp:attachment":[{"href":"https:\/\/analyse.optim.biz\/index.php?rest_route=%2Fwp%2Fv2%2Fmedia&parent=2103791"}],"wp:term":[{"taxonomy":"category","embeddable":true,"href":"https:\/\/analyse.optim.biz\/index.php?rest_route=%2Fwp%2Fv2%2Fcategories&post=2103791"},{"taxonomy":"post_tag","embeddable":true,"href":"https:\/\/analyse.optim.biz\/index.php?rest_route=%2Fwp%2Fv2%2Ftags&post=2103791"}],"curies":[{"name":"wp","href":"https:\/\/api.w.org\/{rel}","templated":true}]}}