{"id":2103790,"date":"2026-08-18T09:29:37","date_gmt":"2026-08-18T06:29:37","guid":{"rendered":"https:\/\/analyse.optim.biz\/?p=2103790"},"modified":"2026-08-18T09:29:37","modified_gmt":"2026-08-18T06:29:37","slug":"accident-terifiant-pe-centura-timisoarei-video","status":"publish","type":"post","link":"https:\/\/analyse.optim.biz\/?p=2103790","title":{"rendered":"Accident terifiant pe Centura Timi\u015foarei (video)"},"content":{"rendered":"<p>[analyse_image type=&#8221;featured&#8221; src=&#8221;https:\/\/renasterea.ro\/ro\/wp-content\/uploads\/2026\/08\/accident-centura-timisoarei-1.jpghttps:\/\/renasterea.ro\/ro\/wp-content\/uploads\/2026\/08\/accident-centura-timisoarei-1.jpg&#8221;]<\/p>\n<div class=\"entry-content\"><img loading=\"lazy\" decoding=\"async\" width=\"700\" height=\"394\" src=\"https:\/\/renasterea.ro\/ro\/wp-content\/uploads\/2026\/08\/accident-centura-timisoarei-1.jpg\" class=\"attachment-medium size-medium wp-post-image\" alt=\"Accident mortal pe Centura Timi\u015foarei (video)\" title=\"Accident terifiant pe Centura Timi\u015foarei (video) 1\"><\/p>\n<h4>Accident mortal pe Centura Timi\u015foarei<\/h4>\n<p>Mar\u0163i, 18 august, \u00een jurul orei 12:05, pompierii timi\u015feni au fost solicita\u021bi s\u0103 intervin\u0103 la un accident rutier produs \u00eentr-o parcare de pe Centura Timi\u0219oarei, \u00een apropiere de localitatea Mo\u0219ni\u021ba Nou\u0103.<\/p>\n<p>La fa\u021ba locului s-au deplasat de urgen\u021b\u0103 zece pompieri cu o autospecial\u0103 de stingere cu modul de descarcerare, o autospecial\u0103 de descarcerare \u0219i un echipaj SMURD tip C cu medic.<\/p>\n<p>\u00cen accident a fost implicat un autoturism, \u00een care se afla doar \u0219oferul, care a intrat \u00eentr-un autocamion parcat.<\/p>\n<p>\u00cen urma impactului, victima a r\u0103mas \u00eencarcerat\u0103. Din nefericire, aceasta prezint\u0103 leziuni incompatibile cu via\u021ba.<\/p>\n<p>Pompierii depun eforturi pentru extragerea victimei.<\/p>\n<h2><span><a href=\"https:\/\/renasterea.ro\/politistii-au-primele-informatii-despre-accidentul-mortal-de-pe-centura-timisoarei-victima-avea-57-de-ani-video\/\">UPDATE: Primele date ob\u0163inute de poli\u0163i\u015fti<\/a><\/span><\/h2>\n<iframe loading=\"lazy\" title=\"Accident Centura Timi\u0219oarei \" width=\"640\" height=\"360\" src=\"https:\/\/www.youtube.com\/embed\/oSvUvmOb9ic?feature=oembed\" frameborder allow=\"accelerometer; autoplay; clipboard-write; encrypted-media; gyroscope; picture-in-picture; web-share\" referrerpolicy=\"strict-origin-when-cross-origin\" allowfullscreen><\/iframe>\n<p><em>Sursa imagini: ISU Timi\u015f<\/em><\/p>\n<\/div>\n<p>[analyse_source url=&#8221;https:\/\/renasterea.ro\/accident-mortal-pe-centura-timisoarei\/&#8221;]<\/p>\n","protected":false},"excerpt":{"rendered":"<p>[analyse_image type=&#8221;featured&#8221; src=&#8221;https:\/\/renasterea.ro\/ro\/wp-content\/uploads\/2026\/08\/accident-centura-timisoarei-1.jpghttps:\/\/renasterea.ro\/ro\/wp-content\/uploads\/2026\/08\/accident-centura-timisoarei-1.jpg&#8221;] Accident mortal pe Centura Timi\u015foarei Mar\u0163i, 18 august, \u00een jurul orei 12:05, pompierii timi\u015feni au fost solicita\u021bi s\u0103 intervin\u0103 la un accident rutier produs \u00eentr-o parcare de pe Centura Timi\u0219oarei, \u00een apropiere de localitatea Mo\u0219ni\u021ba Nou\u0103. La fa\u021ba locului s-au deplasat de urgen\u021b\u0103 zece pompieri cu o autospecial\u0103 de stingere cu modul [&hellip;]<\/p>\n","protected":false},"author":1,"featured_media":0,"comment_status":"open","ping_status":"","sticky":false,"template":"","format":"standard","meta":{"footnotes":""},"categories":[89],"tags":[226,188],"class_list":["post-2103790","post","type-post","status-publish","format-standard","hentry","category-romania","tag-crawlmanager","tag-renasterea-ro"],"_links":{"self":[{"href":"https:\/\/analyse.optim.biz\/index.php?rest_route=\/wp\/v2\/posts\/2103790","targetHints":{"allow":["GET"]}}],"collection":[{"href":"https:\/\/analyse.optim.biz\/index.php?rest_route=\/wp\/v2\/posts"}],"about":[{"href":"https:\/\/analyse.optim.biz\/index.php?rest_route=\/wp\/v2\/types\/post"}],"author":[{"embeddable":true,"href":"https:\/\/analyse.optim.biz\/index.php?rest_route=\/wp\/v2\/users\/1"}],"replies":[{"embeddable":true,"href":"https:\/\/analyse.optim.biz\/index.php?rest_route=%2Fwp%2Fv2%2Fcomments&post=2103790"}],"version-history":[{"count":0,"href":"https:\/\/analyse.optim.biz\/index.php?rest_route=\/wp\/v2\/posts\/2103790\/revisions"}],"wp:attachment":[{"href":"https:\/\/analyse.optim.biz\/index.php?rest_route=%2Fwp%2Fv2%2Fmedia&parent=2103790"}],"wp:term":[{"taxonomy":"category","embeddable":true,"href":"https:\/\/analyse.optim.biz\/index.php?rest_route=%2Fwp%2Fv2%2Fcategories&post=2103790"},{"taxonomy":"post_tag","embeddable":true,"href":"https:\/\/analyse.optim.biz\/index.php?rest_route=%2Fwp%2Fv2%2Ftags&post=2103790"}],"curies":[{"name":"wp","href":"https:\/\/api.w.org\/{rel}","templated":true}]}}