{"id":2103789,"date":"2026-08-19T12:36:44","date_gmt":"2026-08-19T09:36:44","guid":{"rendered":"https:\/\/analyse.optim.biz\/?p=2103789"},"modified":"2026-08-19T12:36:44","modified_gmt":"2026-08-19T09:36:44","slug":"protest-civic-la-timisoara-impotriva-efectelor-noii-legi-a-integritatii","status":"publish","type":"post","link":"https:\/\/analyse.optim.biz\/?p=2103789","title":{"rendered":"Protest civic la Timi\u0219oara \u00eempotriva efectelor noii Legi a Integrit\u0103\u021bii"},"content":{"rendered":"<p>[analyse_image type=&#8221;featured&#8221; src=&#8221;https:\/\/orasul-timisoara.ro\/wp-content\/uploads\/2026\/08\/protest.jpg&#8221;]<\/p>\n<article id=\"post-40328\" class=\"td-post-template-7 post-40328 post type-post status-publish format-standard has-post-thumbnail category-evenimente-in-timisoara category-featured category-stiri-timisoara tag-alternativa-civica-timisoara tag-ccr tag-conflict-de-interese tag-constitutia-romaniei tag-curtea-constitutionala tag-democratie tag-initiativa-timisoara tag-legea-ani tag-legea-integritatii tag-piata-operei tag-protest-civic tag-protest-timisoara-2 tag-statul-de-drept tag-timisoara-2 td-container-wrap\">\n<div class=\"td-full-screen-header-image-wrap\">\n<div class=\"td-container td-post-header\">\n<div class=\"td-crumb-container\">\n<div class=\"entry-crumbs\"><span><a title=\"Vede\u021bi toate articolele \u00een Evenimente in Timisoara\" class=\"entry-crumb\" href=\"https:\/\/orasul-timisoara.ro\/local-category\/evenimente-in-timisoara\/\">Evenimente in Timisoara<\/a><\/span><span class=\"td-bred-no-url-last\">Protest civic la Timi\u0219oara \u00eempotriva efectelor noii Legi a Integrit\u0103\u021bii<\/span><\/div>\n<\/div>\n<div class=\"td-post-header-holder\">\n<div class=\"td-parallax-header\">\n<header class=\"td-post-title\">\n<ul class=\"td-category\">\n<li class=\"entry-category\"><a href=\"https:\/\/orasul-timisoara.ro\/local-category\/evenimente-in-timisoara\/\">Evenimente in Timisoara<\/a><\/li>\n<li class=\"entry-category\"><a href=\"https:\/\/orasul-timisoara.ro\/local-category\/stiri-timisoara\/\">\u0218tiri Locale<\/a><\/li>\n<\/ul>\n<h1 class=\"entry-title\">Protest civic la Timi\u0219oara \u00eempotriva efectelor noii Legi a Integrit\u0103\u021bii<\/h1>\n<div class=\"td-module-meta-info\">\n<div class=\"td-post-author-name\">\n<div class=\"td-author-by\">De c\u0103tre<\/div>\n<p><a href=\"https:\/\/orasul-timisoara.ro\/author\/timisoara\/\">redactia<\/a><\/p>\n<div class=\"td-author-line\"> &#8211; <\/div>\n<\/div>\n<p><span class=\"td-post-date\"><time class=\"entry-date updated td-module-date\" datetime=\"2026-08-19T15:36:44+03:00\">19\/08\/2026<\/time><\/span><\/div>\n<\/header>\n<\/div>\n<\/div>\n<\/div>\n<div id=\"td-full-screen-header-image\" class=\"td-image-gradient-style7\"><img decoding=\"async\" class=\"td-backstretch\" src=\"https:\/\/orasul-timisoara.ro\/wp-content\/uploads\/2026\/08\/protest.jpg\"><\/div>\n<\/div>\n<div class=\"td-container\">\n<div class=\"td-pb-row\">\n<div class=\"td-pb-span8 td-main-content\" role=\"main\">\n<div class=\"td-ss-main-content\">\n<div class=\"td-post-sharing-top\">\n<div class=\"td-post-sharing-classic\"><iframe title=\"topFacebookLike\" frameborder src=\"https:\/\/www.facebook.com\/plugins\/like.php?href=https:\/\/orasul-timisoara.ro\/local-40328\/&amp;layout=button_count&amp;show_faces=false&amp;width=105&amp;action=like&amp;colorscheme=light&amp;height=21\"><\/iframe><\/div>\n<div id=\"td_social_sharing_article_top\" class=\"td-post-sharing td-ps-bg td-ps-notext td-post-sharing-style1 \">\n<div class=\"td-post-sharing-visible\"><a class=\"td-social-sharing-button td-social-sharing-button-js td-social-network td-social-facebook\" href=\"https:\/\/www.facebook.com\/sharer.php?u=https%3A%2F%2Forasul-timisoara.ro%2Flocal-40328%2F\" title=\"Facebook\"><\/p>\n<div class=\"td-social-but-text\">Facebook<\/div>\n<p><\/a><a class=\"td-social-sharing-button td-social-sharing-button-js td-social-network td-social-twitter\" href=\"https:\/\/twitter.com\/intent\/tweet?text=Protest+civic+la+Timi%C8%99oara+%C3%AEmpotriva+efectelor+noii+Legi+a+Integrit%C4%83%C8%9Bii&amp;url=https%3A%2F%2Forasul-timisoara.ro%2Flocal-40328%2F&amp;via=orasultm\" title=\"Twitter\"><\/p>\n<div class=\"td-social-but-text\">Twitter<\/div>\n<p><\/a><a class=\"td-social-sharing-button td-social-sharing-button-js td-social-network td-social-whatsapp\" href=\"https:\/\/api.whatsapp.com\/send?text=Protest+civic+la+Timi%C8%99oara+%C3%AEmpotriva+efectelor+noii+Legi+a+Integrit%C4%83%C8%9Bii%20%0A%0A%20https:\/\/orasul-timisoara.ro\/local-40328\/\" title=\"WhatsApp\"><\/p>\n<div class=\"td-social-but-text\">WhatsApp<\/div>\n<p><\/a><a class=\"td-social-sharing-button td-social-sharing-button-js td-social-network td-social-linkedin\" href=\"https:\/\/www.linkedin.com\/shareArticle?mini=true&amp;url=https:\/\/orasul-timisoara.ro\/local-40328\/&amp;title=Protest+civic+la+Timi%C8%99oara+%C3%AEmpotriva+efectelor+noii+Legi+a+Integrit%C4%83%C8%9Bii\" title=\"Linkedin\"><\/p>\n<div class=\"td-social-but-text\">Linkedin<\/div>\n<p><\/a><a class=\"td-social-sharing-button td-social-sharing-button-js td-social-network td-social-reddit\" href=\"https:\/\/reddit.com\/submit?url=https:\/\/orasul-timisoara.ro\/local-40328\/&amp;title=Protest+civic+la+Timi%C8%99oara+%C3%AEmpotriva+efectelor+noii+Legi+a+Integrit%C4%83%C8%9Bii\" title=\"ReddIt\"><\/p>\n<div class=\"td-social-but-text\">ReddIt<\/div>\n<p><\/a><a class=\"td-social-sharing-button td-social-sharing-button-js td-social-network td-social-mail\" href=\"mailto:?subject=Protest%20civic%20la%20Timi%C8%99oara%20%C3%AEmpotriva%20efectelor%20noii%20Legi%20a%20Integrit%C4%83%C8%9Bii&amp;body=https:\/\/orasul-timisoara.ro\/local-40328\/\" title=\"Email\"><\/p>\n<div class=\"td-social-but-text\">Email<\/div>\n<p><\/a><a class=\"td-social-sharing-button td-social-sharing-button-js td-social-network td-social-print\" href=\"https:\/\/orasul-timisoara.ro\/local-40328\/\" title=\"Imprimare\"><\/p>\n<div class=\"td-social-but-text\">Imprimare<\/div>\n<p><\/a><\/div>\n<\/div>\n<\/div>\n<div class=\"td-post-content tagdiv-type\">\n<p class=\"wp-block-paragraph\">Un protest civic este organizat miercuri, 19 august 2026, \u00een Pia\u021ba Operei din Timi\u0219oara, \u00eencep\u00e2nd cu ora 19:00. Asocia\u021bia Alternativa Civic\u0103 Timi\u0219oara \u0219i Federa\u021bia Ini\u021biativa Timi\u0219oara \u00eei cheam\u0103 pe cet\u0103\u021beni la manifesta\u021bie, dup\u0103 decizia Cur\u021bii Constitu\u021bionale privind noua form\u0103 a Legii Integrit\u0103\u021bii.<\/p>\n<p class=\"wp-block-paragraph\">Organizatorii spun c\u0103 protestul este dedicat ap\u0103r\u0103rii democra\u021biei, Constitu\u021biei Rom\u00e2niei \u0219i principiilor statului de drept. \u00cen centrul demersului se afl\u0103 prevederea potrivit c\u0103reia anumitor ale\u0219i \u0219i demnitari c\u0103rora li s-a constatat definitiv, \u00eenainte de intrarea \u00een vigoare a noii legi, o stare de incompatibilitate sau conflict de interese le-ar putea \u00eenceta mandatul \u00een termen de 30 de zile.<\/p>\n<h2 class=\"wp-block-heading\">Protest \u00een Pia\u021ba Operei din Timi\u0219oara, pe 19 august<\/h2>\n<p class=\"wp-block-paragraph\">Manifesta\u021bia este programat\u0103 pentru miercuri, 19 august, de la ora 19:00, \u00een Pia\u021ba Operei din Timi\u0219oara. Ac\u021biunea este organizat\u0103 de Asocia\u021bia Alternativa Civic\u0103 Timi\u0219oara \u00eempreun\u0103 cu Federa\u021bia Ini\u021biativa Timi\u0219oara.<\/p>\n<p class=\"wp-block-paragraph\">Potrivit organizatorilor, protestul are un caracter civic \u0219i urm\u0103re\u0219te s\u0103 atrag\u0103 aten\u021bia asupra efectelor deciziei CCR \u0219i asupra modului \u00een care noua legisla\u021bie privind integritatea poate produce consecin\u021be asupra unor situa\u021bii juridice stabilite anterior.<\/p>\n<p class=\"wp-block-paragraph\">Ini\u021biatorii sus\u021bin c\u0103 nu ap\u0103r\u0103 o persoan\u0103 sau un partid, ci principiile constitu\u021bionale pe care consider\u0103 c\u0103 trebuie s\u0103 se bazeze func\u021bionarea statului.<\/p>\n<h2 class=\"wp-block-heading\">Ce prevedere a Legii Integrit\u0103\u021bii este contestat\u0103<\/h2>\n<p class=\"wp-block-paragraph\">\u00cen comunicatul transmis public, organizatorii se refer\u0103 la prevederea din proiectul de lege identificat ca PI-x nr. 530\/2026 \/ L464\/2026.<\/p>\n<p class=\"wp-block-paragraph\">Potrivit textului citat de ace\u0219tia, persoanele fa\u021b\u0103 de care, \u00eenainte de intrarea \u00een vigoare a noii legi, a fost constatat\u0103 definitiv o stare de incompatibilitate sau un conflict de interese \u0219i pentru care nu s-a \u00eemplinit termenul de trei ani al interdic\u021biei prev\u0103zute de lege \u00ee\u0219i \u00eenceteaz\u0103 de drept func\u021bia, demnitatea public\u0103 sau mandatul la 30 de zile de la intrarea \u00een vigoare a noii reglement\u0103ri.<\/p>\n<p class=\"wp-block-paragraph\">Aceast\u0103 prevedere este considerat\u0103 de organizatorii protestului problematic\u0103 din perspectiva principiului neretroactivit\u0103\u021bii legii.<\/p>\n<h2 class=\"wp-block-heading\">Organizatorii invoc\u0103 articolul 15 din Constitu\u021bie<\/h2>\n<p class=\"wp-block-paragraph\">Asocia\u021bia Alternativa Civic\u0103 Timi\u0219oara \u0219i Federa\u021bia Ini\u021biativa Timi\u0219oara \u00ee\u0219i fundamenteaz\u0103 pozi\u021bia pe articolul 15 alineatul (2) din Constitu\u021bia Rom\u00e2niei, care stabile\u0219te c\u0103 legea dispune numai pentru viitor, cu excep\u021bia legii penale sau contraven\u021bionale mai favorabile.<\/p>\n<p class=\"wp-block-paragraph\">\u00cen opinia organizatorilor, aplicarea noilor consecin\u021be juridice unor situa\u021bii stabilite definitiv \u00eenainte de intrarea \u00een vigoare a legii ar ridica o problem\u0103 de constitu\u021bionalitate privind efectele \u00een timp ale normelor juridice.<\/p>\n<p class=\"wp-block-paragraph\">\u201eNeretroactivitatea legii reprezint\u0103 una dintre garan\u021biile fundamentale ale securit\u0103\u021bii juridice, ale previzibilit\u0103\u021bii normelor \u0219i ale protec\u021biei cet\u0103\u021beanului \u00eempotriva exercit\u0103rii arbitrare a puterii\u201d, se arat\u0103 \u00een comunicatul transmis de cele dou\u0103 organiza\u021bii.<\/p>\n<h2 class=\"wp-block-heading\">Protestatarii contest\u0103 efectele asupra unor situa\u021bii juridice anterioare<\/h2>\n<p class=\"wp-block-paragraph\">Organizatorii consider\u0103 c\u0103 o lege nou\u0103 nu ar trebui s\u0103 introduc\u0103 efecte juridice defavorabile pentru situa\u021bii juridice deja stabilite \u00eenainte de intrarea sa \u00een vigoare.<\/p>\n<p class=\"wp-block-paragraph\">\u00cen argumenta\u021bia prezentat\u0103 pentru protest, ace\u0219tia folosesc no\u021biunea juridic\u0103 de \u201efacta praeterita\u201d, referindu-se la fapte \u0219i situa\u021bii juridice consumate anterior.<\/p>\n<p class=\"wp-block-paragraph\">Potrivit organiza\u021biilor civice, modificarea ulterioar\u0103 a consecin\u021belor unor astfel de situa\u021bii poate afecta securitatea juridic\u0103 \u0219i previzibilitatea legisla\u021biei.<\/p>\n<h2 class=\"wp-block-heading\">CCR a declarat constitu\u021bional\u0103 prevederea contestat\u0103<\/h2>\n<p class=\"wp-block-paragraph\">Protestul are loc dup\u0103 ce Curtea Constitu\u021bional\u0103 a declarat constitu\u021bional\u0103 prevederea contestat\u0103 de organizatori.<\/p>\n<p class=\"wp-block-paragraph\">\u00cen acest context, cele dou\u0103 organiza\u021bii civice sus\u021bin c\u0103 decizia CCR trebuie discutat\u0103 public, inclusiv din perspectiva \u00eencrederii cet\u0103\u021benilor \u00een institu\u021biile fundamentale ale statului.<\/p>\n<p class=\"wp-block-paragraph\">Organizatorii recunosc rolul Cur\u021bii Constitu\u021bionale de garant al suprema\u021biei Constitu\u021biei, dar consider\u0103 c\u0103 societatea civil\u0103 are dreptul s\u0103 reac\u021bioneze atunci c\u00e2nd apreciaz\u0103 c\u0103 o decizie a Cur\u021bii intr\u0103 \u00een contradic\u021bie cu un principiu constitu\u021bional fundamental.<\/p>\n<h2 class=\"wp-block-heading\">\u201eProtest pentru Constitu\u021bie\u201d, mesajul organizatorilor<\/h2>\n<p class=\"wp-block-paragraph\">Asocia\u021bia Alternativa Civic\u0103 Timi\u0219oara \u0219i Federa\u021bia Ini\u021biativa Timi\u0219oara insist\u0103 asupra caracterului civic al manifesta\u021biei.<\/p>\n<p class=\"wp-block-paragraph\">\u201eProtestul din 19 august 2026 este un protest pentru Constitu\u021bie. Este un protest pentru democra\u021bie\u201d, transmit organizatorii.<\/p>\n<p class=\"wp-block-paragraph\">Ace\u0219tia sus\u021bin c\u0103 ap\u0103rarea statului de drept nu trebuie confundat\u0103 cu ap\u0103rarea unei anumite persoane sau a unui partid \u0219i afirm\u0103 c\u0103 regulile trebuie s\u0103 fie acelea\u0219i pentru to\u021bi.<\/p>\n<p class=\"wp-block-paragraph\">\u00cen comunicatul transmis \u00eenaintea manifesta\u021biei, organiza\u021biile spun c\u0103 nu solicit\u0103 privilegii \u0219i nu urm\u0103resc ob\u021binerea unor avantaje pentru persoane sau forma\u021biuni politice.<\/p>\n<h2 class=\"wp-block-heading\">Organizatorii \u00eei cheam\u0103 pe timi\u0219oreni \u00een Pia\u021ba Operei<\/h2>\n<p class=\"wp-block-paragraph\">Cele dou\u0103 organiza\u021bii civice \u00eei invit\u0103 la protest pe cet\u0103\u021benii care sus\u021bin democra\u021bia, suprema\u021bia Constitu\u021biei, securitatea juridic\u0103 \u0219i principiile statului de drept.<\/p>\n<p class=\"wp-block-paragraph\">Manifesta\u021bia este programat\u0103 pentru miercuri, 19 august, de la ora 19:00, \u00een Pia\u021ba Operei din Timi\u0219oara.<\/p>\n<p class=\"wp-block-paragraph\">Demersul vine \u00eentr-un moment \u00een care modific\u0103rile Legii Integrit\u0103\u021bii \u0219i efectele lor asupra unor ale\u0219i locali \u0219i demnitari au generat o dezbatere politic\u0103 \u0219i juridic\u0103 ampl\u0103.<\/p>\n<p class=\"wp-block-paragraph\">Pentru organizatori, miza protestului dep\u0103\u0219e\u0219te cazul concret care a adus modificarea legislativ\u0103 \u00een centrul aten\u021biei. Ace\u0219tia sus\u021bin c\u0103 problema principal\u0103 este respectarea principiului potrivit c\u0103ruia regulile juridice trebuie s\u0103 produc\u0103 efecte pentru viitor \u0219i s\u0103 ofere cet\u0103\u021benilor previzibilitate \u0219i securitate juridic\u0103.<\/p>\n<p class=\"wp-block-paragraph\">\u201eAst\u0103zi nu ap\u0103r\u0103m privilegii. Ap\u0103r\u0103m principii. Nu ap\u0103r\u0103m interese de partid. Ap\u0103r\u0103m Constitu\u021bia. Nu cerem favoruri. Cerem respectarea legii fundamentale a Rom\u00e2niei\u201d, se arat\u0103 \u00een mesajul prin care organizatorii cheam\u0103 timi\u0219orenii la manifesta\u021bie.<\/p>\n<\/div>\n<footer>\n<div class=\"td-post-source-tags\">\n<ul class=\"td-tags td-post-small-box clearfix\">\n<li><span>ETICHETE<\/span><\/li>\n<li><a href=\"https:\/\/orasul-timisoara.ro\/local-tag\/alternativa-civica-timisoara\/\">Alternativa Civic\u0103 Timi\u0219oara<\/a><\/li>\n<li><a href=\"https:\/\/orasul-timisoara.ro\/local-tag\/ccr\/\">ccr<\/a><\/li>\n<li><a href=\"https:\/\/orasul-timisoara.ro\/local-tag\/conflict-de-interese\/\">conflict de interese<\/a><\/li>\n<li><a href=\"https:\/\/orasul-timisoara.ro\/local-tag\/constitutia-romaniei\/\">Constitu\u021bia Rom\u00e2niei<\/a><\/li>\n<li><a href=\"https:\/\/orasul-timisoara.ro\/local-tag\/curtea-constitutionala\/\">Curtea Constitu\u021bional\u0103<\/a><\/li>\n<li><a href=\"https:\/\/orasul-timisoara.ro\/local-tag\/democratie\/\">democra\u021bie<\/a><\/li>\n<li><a href=\"https:\/\/orasul-timisoara.ro\/local-tag\/initiativa-timisoara\/\">Ini\u021biativa Timi\u0219oara<\/a><\/li>\n<li><a href=\"https:\/\/orasul-timisoara.ro\/local-tag\/legea-ani\/\">legea ANI<\/a><\/li>\n<li><a href=\"https:\/\/orasul-timisoara.ro\/local-tag\/legea-integritatii\/\">Legea Integrit\u0103\u021bii<\/a><\/li>\n<li><a href=\"https:\/\/orasul-timisoara.ro\/local-tag\/piata-operei\/\">Pia\u021ba Operei<\/a><\/li>\n<li><a href=\"https:\/\/orasul-timisoara.ro\/local-tag\/protest-civic\/\">protest civic<\/a><\/li>\n<li><a href=\"https:\/\/orasul-timisoara.ro\/local-tag\/protest-timisoara-2\/\">protest Timi\u0219oara<\/a><\/li>\n<li><a href=\"https:\/\/orasul-timisoara.ro\/local-tag\/statul-de-drept\/\">statul de drept<\/a><\/li>\n<li><a href=\"https:\/\/orasul-timisoara.ro\/local-tag\/timisoara-2\/\">timi\u0219oara<\/a><\/li>\n<\/ul>\n<\/div>\n<div class=\"td-post-sharing-bottom\">\n<div class=\"td-post-sharing-classic\"><iframe title=\"bottomFacebookLike\" frameborder src=\"https:\/\/www.facebook.com\/plugins\/like.php?href=https:\/\/orasul-timisoara.ro\/local-40328\/&amp;layout=button_count&amp;show_faces=false&amp;width=105&amp;action=like&amp;colorscheme=light&amp;height=21\"><\/iframe><\/div>\n<div id=\"td_social_sharing_article_bottom\" class=\"td-post-sharing td-ps-bg td-ps-notext td-post-sharing-style1 \">\n<div class=\"td-post-sharing-visible\"><a class=\"td-social-sharing-button td-social-sharing-button-js td-social-network td-social-facebook\" href=\"https:\/\/www.facebook.com\/sharer.php?u=https%3A%2F%2Forasul-timisoara.ro%2Flocal-40328%2F\" title=\"Facebook\"><\/p>\n<div class=\"td-social-but-text\">Facebook<\/div>\n<p><\/a><a class=\"td-social-sharing-button td-social-sharing-button-js td-social-network td-social-twitter\" href=\"https:\/\/twitter.com\/intent\/tweet?text=Protest+civic+la+Timi%C8%99oara+%C3%AEmpotriva+efectelor+noii+Legi+a+Integrit%C4%83%C8%9Bii&amp;url=https%3A%2F%2Forasul-timisoara.ro%2Flocal-40328%2F&amp;via=orasultm\" title=\"Twitter\"><\/p>\n<div class=\"td-social-but-text\">Twitter<\/div>\n<p><\/a><a class=\"td-social-sharing-button td-social-sharing-button-js td-social-network td-social-whatsapp\" href=\"https:\/\/api.whatsapp.com\/send?text=Protest+civic+la+Timi%C8%99oara+%C3%AEmpotriva+efectelor+noii+Legi+a+Integrit%C4%83%C8%9Bii%20%0A%0A%20https:\/\/orasul-timisoara.ro\/local-40328\/\" title=\"WhatsApp\"><\/p>\n<div class=\"td-social-but-text\">WhatsApp<\/div>\n<p><\/a><a class=\"td-social-sharing-button td-social-sharing-button-js td-social-network td-social-linkedin\" href=\"https:\/\/www.linkedin.com\/shareArticle?mini=true&amp;url=https:\/\/orasul-timisoara.ro\/local-40328\/&amp;title=Protest+civic+la+Timi%C8%99oara+%C3%AEmpotriva+efectelor+noii+Legi+a+Integrit%C4%83%C8%9Bii\" title=\"Linkedin\"><\/p>\n<div class=\"td-social-but-text\">Linkedin<\/div>\n<p><\/a><a class=\"td-social-sharing-button td-social-sharing-button-js td-social-network td-social-reddit\" href=\"https:\/\/reddit.com\/submit?url=https:\/\/orasul-timisoara.ro\/local-40328\/&amp;title=Protest+civic+la+Timi%C8%99oara+%C3%AEmpotriva+efectelor+noii+Legi+a+Integrit%C4%83%C8%9Bii\" title=\"ReddIt\"><\/p>\n<div class=\"td-social-but-text\">ReddIt<\/div>\n<p><\/a><a class=\"td-social-sharing-button td-social-sharing-button-js td-social-network td-social-mail\" href=\"mailto:?subject=Protest%20civic%20la%20Timi%C8%99oara%20%C3%AEmpotriva%20efectelor%20noii%20Legi%20a%20Integrit%C4%83%C8%9Bii&amp;body=https:\/\/orasul-timisoara.ro\/local-40328\/\" title=\"Email\"><\/p>\n<div class=\"td-social-but-text\">Email<\/div>\n<p><\/a><a class=\"td-social-sharing-button td-social-sharing-button-js td-social-network td-social-print\" href=\"https:\/\/orasul-timisoara.ro\/local-40328\/\" title=\"Imprimare\"><\/p>\n<div class=\"td-social-but-text\">Imprimare<\/div>\n<p><\/a><\/div>\n<\/div>\n<\/div>\n<div class=\"td-block-row td-post-next-prev\">\n<div class=\"td-block-span6 td-post-prev-post\">\n<div class=\"td-post-next-prev-content\"><span>Articolul precedent<\/span><a href=\"https:\/\/orasul-timisoara.ro\/local-40323\/\">A \u00eenceput sezonul ambroziei. Medicii avertizeaz\u0103 asupra riscului de astm alergic la copii<\/a><\/div>\n<\/div>\n<div class=\"td-block-span6 td-post-next-post\">\n<div class=\"td-post-next-prev-content\"><span>Articolul urm\u0103tor<\/span><a href=\"https:\/\/orasul-timisoara.ro\/local-40331\/\">Unirea Rom\u00e2niei cu Moldova, analizat\u0103 de o prestigioas\u0103 institu\u021bie italian\u0103<\/a><\/div>\n<\/div>\n<\/div>\n<div class=\"td-author-name vcard author\"><span class=\"fn\"><a href=\"https:\/\/orasul-timisoara.ro\/author\/timisoara\/\">redactia<\/a><\/span><\/div>\n<p><span class=\"td-page-meta\"><\/span><span class=\"td-page-meta\"><span class=\"td-page-meta\"><\/span><\/span><span class=\"td-page-meta\"><\/span><\/footer>\n<div class=\"td_block_wrap td_block_related_posts tdi_3 td_with_ajax_pagination td-pb-border-top td_block_template_8\" data-td-block-uid=\"tdi_3\">\n<h4 class=\"td-related-title td-block-title\"><a id=\"tdi_4\" class=\"td-related-left td-cur-simple-item\" data-td_filter_value data-td_block_id=\"tdi_3\" href=\"https:\/\/orasul-timisoara.ro\/local-40328\/\">ARTICOLE SIMILARE<\/a><a id=\"tdi_5\" class=\"td-related-right\" data-td_filter_value=\"td_related_more_from_author\" data-td_block_id=\"tdi_3\" href=\"https:\/\/orasul-timisoara.ro\/local-40328\/\">DE LA ACELA\u0218I AUTOR<\/a><\/h4>\n<div id=\"tdi_3\" class=\"td_block_inner\">\n<div class=\"td-related-row\">\n<div class=\"td-related-span4\">\n<div class=\"td_module_related_posts td-animation-stack td_mod_related_posts\">\n<div class=\"td-module-image\">\n<div class=\"td-module-thumb\"><a href=\"https:\/\/orasul-timisoara.ro\/local-40308\/\" rel=\"bookmark\" class=\"td-image-wrap \" title=\"Dominic Fritz, mesaj dur dup\u0103 decizia CCR: \u201eNu voi pleca nic\u0103ieri. Timi\u0219oara r\u0103m\u00e2ne casa mea\u201d\"><img loading=\"lazy\" decoding=\"async\" class=\"entry-thumb\" src=\"https:\/\/orasul-timisoara.ro\/wp-content\/uploads\/2026\/03\/dominic-fritz-usr-01-436x300.jpg\" alt title=\"Dominic Fritz, mesaj dur dup\u0103 decizia CCR: \u201eNu voi pleca nic\u0103ieri. Timi\u0219oara r\u0103m\u00e2ne casa mea\u201d\" width=\"218\" height=\"150\"><\/a><\/div>\n<\/div>\n<div class=\"item-details\">\n<h3 class=\"entry-title td-module-title\"><a href=\"https:\/\/orasul-timisoara.ro\/local-40308\/\" rel=\"bookmark\" title=\"Dominic Fritz, mesaj dur dup\u0103 decizia CCR: \u201eNu voi pleca nic\u0103ieri. Timi\u0219oara r\u0103m\u00e2ne casa mea\u201d\">Dominic Fritz, mesaj dur dup\u0103 decizia CCR: \u201eNu voi pleca nic\u0103ieri. Timi\u0219oara r\u0103m\u00e2ne casa mea\u201d<\/a><\/h3>\n<\/div>\n<\/div>\n<\/div>\n<div class=\"td-related-span4\">\n<div class=\"td_module_related_posts td-animation-stack td_mod_related_posts\">\n<div class=\"td-module-image\">\n<div class=\"td-module-thumb\"><a href=\"https:\/\/orasul-timisoara.ro\/local-40306\/\" rel=\"bookmark\" class=\"td-image-wrap \" title=\"Paradoxul Legii Integrit\u0103\u021bii: Dominic Fritz poate pierde mandatul pentru o fapt\u0103 care nu mai e conflict de interese\"><img loading=\"lazy\" decoding=\"async\" class=\"entry-thumb\" src=\"https:\/\/orasul-timisoara.ro\/wp-content\/uploads\/2026\/08\/dominic-fritz-009-436x300.jpg\" alt title=\"Paradoxul Legii Integrit\u0103\u021bii: Dominic Fritz poate pierde mandatul pentru o fapt\u0103 care nu mai e conflict de interese\" width=\"218\" height=\"150\"><\/a><\/div>\n<\/div>\n<div class=\"item-details\">\n<h3 class=\"entry-title td-module-title\"><a href=\"https:\/\/orasul-timisoara.ro\/local-40306\/\" rel=\"bookmark\" title=\"Paradoxul Legii Integrit\u0103\u021bii: Dominic Fritz poate pierde mandatul pentru o fapt\u0103 care nu mai e conflict de interese\">Paradoxul Legii Integrit\u0103\u021bii: Dominic Fritz poate pierde mandatul pentru o fapt\u0103 care nu mai e conflict de interese<\/a><\/h3>\n<\/div>\n<\/div>\n<\/div>\n<div class=\"td-related-span4\">\n<div class=\"td_module_related_posts td-animation-stack td_mod_related_posts\">\n<div class=\"td-module-image\">\n<div class=\"td-module-thumb\"><a href=\"https:\/\/orasul-timisoara.ro\/local-40282\/\" rel=\"bookmark\" class=\"td-image-wrap \" title=\"Alin Nica avertizeaz\u0103 asupra efectelor Legii ANI pentru Timi\u0219oara\"><img loading=\"lazy\" decoding=\"async\" class=\"entry-thumb\" src=\"https:\/\/orasul-timisoara.ro\/wp-content\/uploads\/2024\/04\/nica-fritz-aeroport-436x300.jpg\" alt title=\"Alin Nica avertizeaz\u0103 asupra efectelor Legii ANI pentru Timi\u0219oara\" width=\"218\" height=\"150\"><\/a><\/div>\n<\/div>\n<div class=\"item-details\">\n<h3 class=\"entry-title td-module-title\"><a href=\"https:\/\/orasul-timisoara.ro\/local-40282\/\" rel=\"bookmark\" title=\"Alin Nica avertizeaz\u0103 asupra efectelor Legii ANI pentru Timi\u0219oara\">Alin Nica avertizeaz\u0103 asupra efectelor Legii ANI pentru Timi\u0219oara<\/a><\/h3>\n<\/div>\n<\/div>\n<\/div>\n<\/div>\n<\/div>\n<\/div>\n<div class=\"comments\" id=\"comments\">\n<div id=\"respond\" class=\"comment-respond\">\n<h3 id=\"reply-title\" class=\"comment-reply-title\">L\u0102SA\u021aI UN MESAJ<\/h3>\n<div class=\"comment-form-input-wrap td-form-comment\">\n<div class=\"td-warning-comment\">V\u0103 rug\u0103m s\u0103 introduce\u021bi comentariul dvs.!<\/div>\n<\/div>\n<div class=\"comment-form-input-wrap td-form-author\">\n<div class=\"td-warning-author\">Introduce\u021bi aici numele dvs.<\/div>\n<\/div>\n<div class=\"comment-form-input-wrap td-form-email\">\n<div class=\"td-warning-email-error\">A\u021bi introdus o adres\u0103 de e-mail incorect\u0103!<\/div>\n<div class=\"td-warning-email\">V\u0103 rug\u0103m s\u0103 introduce\u021bi adresa dvs. de e-mail aici<\/div>\n<\/div>\n<\/div>\n<p class=\"akismet_comment_form_privacy_notice\">Acest site folose\u0219te Akismet pentru a reduce spamul. <a href=\"https:\/\/akismet.com\/privacy\/\" target=\"_blank\" rel=\"nofollow noopener\">Afl\u0103 cum sunt procesate datele comentariilor tale<\/a>.<\/p>\n<\/div>\n<\/div>\n<\/div>\n<div class=\"td-pb-span4 td-main-sidebar\" role=\"complementary\">\n<div class=\"td-ss-main-sidebar\">\n<aside id=\"block-4\" class=\"td_block_template_8 widget block-4 widget_block widget_media_image\">\n<figure class=\"wp-block-image size-full\"><img loading=\"lazy\" decoding=\"async\" width=\"336\" height=\"280\" src=\"https:\/\/orasul-timisoara.ro\/wp-content\/uploads\/2024\/11\/ReTIM-Abonamentul-Verde-Google-Ads-336x280px.gif\" alt class=\"wp-image-29257\"><\/figure>\n<\/aside>\n<div class=\"td_block_wrap td_block_social_counter td_block_widget tdi_6 td-social-style5 td-social-boxed td-pb-border-top td_block_template_8\">\n<div class=\"td-block-title-wrap\">\n<h4 class=\"td-block-title\"><span>Urm\u0103re\u0219te-ne pe Social Media<\/span><\/h4>\n<\/div>\n<div class=\"td-social-list\">\n<div class=\"td_social_type td-pb-margin-side td_social_facebook\">\n<div class=\"td-social-box\"><span class=\"td_social_info td_social_info_counter\">344,595<\/span><span class=\"td_social_info td_social_info_name\">Fani<\/span><span class=\"td_social_button\"><a href=\"https:\/\/www.facebook.com\/247timisoara\" target=\"_blank\" rel=\"nofollow\">\u00cemi place<\/a><\/span><\/div>\n<\/div>\n<div class=\"td_social_type td-pb-margin-side td_social_instagram\">\n<div class=\"td-social-box\"><span class=\"td_social_info td_social_info_counter\">4,416<\/span><span class=\"td_social_info td_social_info_name\">Cititori<\/span><span class=\"td_social_button\"><a href=\"https:\/\/instagram.com\/orasultimisoararo\/\" target=\"_blank\" rel=\"nofollow\">Conecta\u021bi-v\u0103<\/a><\/span><\/div>\n<\/div>\n<div class=\"td_social_type td-pb-margin-side td_social_rss\">\n<div class=\"td-social-box\"><span class=\"td_social_info td_social_info_counter\">12,506<\/span><span class=\"td_social_info td_social_info_name\">Cititori<\/span><span class=\"td_social_button\"><a href=\"https:\/\/orasul-timisoara.ro\/feed\/\" target=\"_blank\" rel=\"nofollow\">Conecta\u021bi-v\u0103<\/a><\/span><\/div>\n<\/div>\n<div class=\"td_social_type td-pb-margin-side td_social_tiktok\">\n<div class=\"td-social-box\"><span class=\"td_social_info td_social_info_counter\">1,500<\/span><span class=\"td_social_info td_social_info_name\">Cititori<\/span><span class=\"td_social_button\"><a href=\"https:\/\/www.tiktok.com\/@orasultimisoara\" target=\"_blank\" rel=\"nofollow\">Conecta\u021bi-v\u0103<\/a><\/span><\/div>\n<\/div>\n<div class=\"td_social_type td-pb-margin-side td_social_twitter\">\n<div class=\"td-social-box\"><span class=\"td_social_info td_social_info_counter\">1,595<\/span><span class=\"td_social_info td_social_info_name\">Cititori<\/span><span class=\"td_social_button\"><a href=\"https:\/\/twitter.com\/orasultm\" target=\"_blank\" rel=\"nofollow\">Conecta\u021bi-v\u0103<\/a><\/span><\/div>\n<\/div>\n<div class=\"td_social_type td-pb-margin-side td_social_youtube\">\n<div class=\"td-social-box\"><span class=\"td_social_info td_social_info_counter\">3,506<\/span><span class=\"td_social_info td_social_info_name\">Abona\u021bi<\/span><span class=\"td_social_button\"><a href=\"https:\/\/www.youtube.com\/channel\/UCQNsQvs2XCSIm1Z-AHRturw?sub_confirmation=1\" target=\"_blank\" rel=\"nofollow\">Abona\u021bi-v\u0103<\/a><\/span><\/div>\n<\/div>\n<\/div>\n<\/div>\n<aside id=\"text-7\" class=\"td_block_template_8 widget text-7 widget_text\">\n<h4 class=\"td-block-title\"><span>C\u0103ut\u0103ri populare pe OTM<\/span><\/h4>\n<div class=\"textwidget\"><a href=\"https:\/\/orasul-timisoara.ro\/?s=timisoara\"><span>Timisoara<\/span><\/a><a href=\"https:\/\/orasul-timisoara.ro\/?s=calin+dobra\"><span>Calin Dobra<\/span><\/a><a href=\"https:\/\/orasul-timisoara.ro\/?s=primaria+timisoara\"><span>Primaria Timisoara<\/span><\/a><a href=\"https:\/\/orasul-timisoara.ro\/?s=dominic+fritz\"><span>Dominic Fritz<\/span><\/a><a href=\"https:\/\/orasul-timisoara.ro\/?s=nicolae+robu\"><span>Nicolae Robu<\/span><\/a><a href=\"https:\/\/orasul-timisoara.ro\/?s=consiliul+local+timisoara\">Consiliul Local Timisoara<\/a><a href=\"https:\/\/orasul-timisoara.ro\/?s=consiliul+judetean+timis\"><span>Consiliul Judetean Timis<\/span><\/a><a href=\"https:\/\/orasul-timisoara.ro\/?s=cjt\"><span>CJT<\/span><\/a><a href=\"https:\/\/orasul-timisoara.ro\/?s=Alfred+Simonis\"><span>Alfred Simonis<\/span><\/a><a href=\"https:\/\/orasul-timisoara.ro\/?s=PNL\"><span>PNL<\/span><\/a><a href=\"https:\/\/orasul-timisoara.ro\/?s=coronavirus\"><span>coronavirus<\/span><\/a><a href=\"https:\/\/orasul-timisoara.ro\/?s=teatru+timisoara\">teatru Timisoara<\/a><a href=\"https:\/\/orasul-timisoara.ro\/?s=restaurante\"><span>restaurante Timisoara<\/span><\/a><a href=\"https:\/\/orasul-timisoara.ro\/?s=diskoteka\"><span>Diskoteka<\/span><\/a><a href=\"https:\/\/orasul-timisoara.ro\/?s=iulius+town\"><span>Iulius Town<\/span><\/a><a href=\"https:\/\/orasul-timisoara.ro\/?s=iulius+mall\"><span>Iulius Mall<\/span><\/a><a href=\"https:\/\/orasul-timisoara.ro\/?s=stpt\"><span>STPT<\/span><\/a><a href=\"https:\/\/orasul-timisoara.ro\/?s=alin+nica\"><span>Alin Nica<\/span><\/a><a href=\"https:\/\/orasul-timisoara.ro\/?s=psd\"><span>PSD<\/span><\/a><a href=\"https:\/\/orasul-timisoara.ro\/?s=aeroport\"><span>Aeroportul International Timisoara<\/span><\/a><a href=\"https:\/\/orasul-timisoara.ro\/?s=babes\"><span>Spitalul Victor Babes Timisoara<\/span><\/a><a href=\"https:\/\/orasul-timisoara.ro\/?s=poli\"><span>Poli Timi\u0219oara<\/span><\/a><a href=\"https:\/\/orasul-timisoara.ro\/?s=carantina\"><span>carantina<\/span><\/a><a href=\"https:\/\/orasul-timisoara.ro\/?s=aquatim\"><span>Aquatim<\/span><\/a><a href=\"https:\/\/orasul-timisoara.ro\/local-category\/stiri-timisoara\/\"><span>Stiri Timisoara<\/span><\/a><a href=\"https:\/\/orasul-timisoara.ro\/local-category\/investitii-in-timisoara\/\"><span>Investi\u021bii in Timi\u0219oara<\/span><\/a><a href=\"https:\/\/orasul-timisoara.ro\/local-9463\/\"><span>shaorma<\/span><\/a><a href=\"https:\/\/orasul-timisoara.ro\/?s=trafic\"><span>trafic rutier<\/span><\/a><a href=\"https:\/\/orasul-timisoara.ro\/?s=politia\"><span>politia locala timisoara<\/span><\/a><a href=\"https:\/\/orasul-timisoara.ro\/?s=roxana\"><span>Roxana Iliescu<\/span><\/a><a href=\"https:\/\/orasul-timisoara.ro\/?s=colterm\"><span>Colterm<\/span><\/a><a href=\"https:\/\/orasul-timisoara.ro\/?s=latcau\"><span>Ruben La\u021bc\u0103u<\/span><\/a><a href=\"https:\/\/orasul-timisoara.ro\/?s=timis\"><span>\u0218tiri din Timi\u0219<\/span><\/a><a href=\"https:\/\/orasul-timisoara.ro\/?s=spital\"><span>Spitale din Timi\u0219oara<\/span><\/a><a href=\"https:\/\/orasul-timisoara.ro\/?s=tabara\"><span>Cosmin Tab\u0103r\u0103<\/span><\/a><\/div>\n<\/aside>\n<aside id=\"rss-2\" class=\"td_block_template_8 widget rss-2 widget_rss\">\n<h4 class=\"td-block-title\"><span><a class=\"rsswidget rss-widget-feed\" href=\"https:\/\/fashionfridays.ro\/feed\"><img decoding=\"async\" class=\"rss-widget-icon\" width=\"14\" height=\"14\" src=\"https:\/\/orasul-timisoara.ro\/wp-includes\/images\/rss.png\" alt=\"Flux RSS: Fashion Fridays\" loading=\"lazy\"><\/a><a class=\"rsswidget rss-widget-title\" href=\"https:\/\/fashionfridays.ro\/\">Fashion Fridays<\/a><\/span><\/h4>\n<ul>\n<li><a class=\"rsswidget\" href=\"https:\/\/fashionfridays.ro\/romania-devine-a-29-a-piata-vogue-o-noua-era-pentru-industria-locala-de-moda\/\">Rom\u00e2nia devine a 29-a pia\u021b\u0103 Vogue: o nou\u0103 er\u0103 pentru industria local\u0103 de mod\u0103<\/a>\n<div class=\"rssSummary\">Revista Vogue \u00ee\u0219i extinde prezen\u021ba global\u0103 \u0219i va fi lansat\u0103 oficial \u00een Rom\u00e2nia \u00een prim\u0103vara anului 2027, marc\u00e2nd intrarea pe cea de-a 29-a pia\u021b\u0103 interna\u021bional\u0103. Proiectul este realizat \u00een parteneriat cu AEMME Publishing, o companie media recent \u00eenfiin\u021bat\u0103, care va publica edi\u021bia local\u0103 sub licen\u021b\u0103. Noua edi\u021bie, Vogue Rom\u00e2nia, \u00ee\u0219i propune s\u0103 combine autoritatea global\u0103 [\u2026]<\/div>\n<\/li>\n<\/ul>\n<\/aside>\n<aside id=\"rss-4\" class=\"td_block_template_8 widget rss-4 widget_rss\">\n<h4 class=\"td-block-title\"><span><a class=\"rsswidget rss-widget-feed\" href=\"https:\/\/emasini.ro\/feed\"><img decoding=\"async\" class=\"rss-widget-icon\" width=\"14\" height=\"14\" src=\"https:\/\/orasul-timisoara.ro\/wp-includes\/images\/rss.png\" alt=\"Flux RSS: eMasini\" loading=\"lazy\"><\/a><a class=\"rsswidget rss-widget-title\" href=\"https:\/\/emasini.ro\/\">eMasini<\/a><\/span><\/h4>\n<ul>\n<li><a class=\"rsswidget\" href=\"https:\/\/emasini.ro\/adio-bordurilor-pline-de-ecrane-mercedes-benz-readuce-butoanele-in-noile-masini-produse\/\">Adio bordurilor pline de ecrane? Mercedes-Benz readuce butoanele \u00een noile ma\u0219ini produse<\/a>\n<div class=\"rssSummary\">Mercedes-Benz \u00ee\u0219i schimb\u0103 direc\u021bia \u00een ceea ce prive\u0219te designul interioarelor \u0219i va readuce comenzile fizice pentru anumite func\u021bii importante. Constructorul german nu renun\u021b\u0103 la ecranele mari \u0219i la tehnologiile digitale, dar recunoa\u0219te c\u0103 a mers prea departe prin eliminarea unor butoane \u0219i comenzi tactile. Ola K\u00e4llenius, pre\u0219edintele Consiliului de Administra\u021bie al Mercedes-Benz Group \u0219i CEO [\u2026]<\/div>\n<\/li>\n<\/ul>\n<\/aside>\n<\/div>\n<\/div>\n<\/div>\n<\/div>\n<\/article>\n<div class=\"td-post-content tagdiv-type\">\n<p class=\"wp-block-paragraph\">Un protest civic este organizat miercuri, 19 august 2026, \u00een Pia\u021ba Operei din Timi\u0219oara, \u00eencep\u00e2nd cu ora 19:00. Asocia\u021bia Alternativa Civic\u0103 Timi\u0219oara \u0219i Federa\u021bia Ini\u021biativa Timi\u0219oara \u00eei cheam\u0103 pe cet\u0103\u021beni la manifesta\u021bie, dup\u0103 decizia Cur\u021bii Constitu\u021bionale privind noua form\u0103 a Legii Integrit\u0103\u021bii.<\/p>\n<p class=\"wp-block-paragraph\">Organizatorii spun c\u0103 protestul este dedicat ap\u0103r\u0103rii democra\u021biei, Constitu\u021biei Rom\u00e2niei \u0219i principiilor statului de drept. \u00cen centrul demersului se afl\u0103 prevederea potrivit c\u0103reia anumitor ale\u0219i \u0219i demnitari c\u0103rora li s-a constatat definitiv, \u00eenainte de intrarea \u00een vigoare a noii legi, o stare de incompatibilitate sau conflict de interese le-ar putea \u00eenceta mandatul \u00een termen de 30 de zile.<\/p>\n<h2 class=\"wp-block-heading\">Protest \u00een Pia\u021ba Operei din Timi\u0219oara, pe 19 august<\/h2>\n<p class=\"wp-block-paragraph\">Manifesta\u021bia este programat\u0103 pentru miercuri, 19 august, de la ora 19:00, \u00een Pia\u021ba Operei din Timi\u0219oara. Ac\u021biunea este organizat\u0103 de Asocia\u021bia Alternativa Civic\u0103 Timi\u0219oara \u00eempreun\u0103 cu Federa\u021bia Ini\u021biativa Timi\u0219oara.<\/p>\n<p class=\"wp-block-paragraph\">Potrivit organizatorilor, protestul are un caracter civic \u0219i urm\u0103re\u0219te s\u0103 atrag\u0103 aten\u021bia asupra efectelor deciziei CCR \u0219i asupra modului \u00een care noua legisla\u021bie privind integritatea poate produce consecin\u021be asupra unor situa\u021bii juridice stabilite anterior.<\/p>\n<p class=\"wp-block-paragraph\">Ini\u021biatorii sus\u021bin c\u0103 nu ap\u0103r\u0103 o persoan\u0103 sau un partid, ci principiile constitu\u021bionale pe care consider\u0103 c\u0103 trebuie s\u0103 se bazeze func\u021bionarea statului.<\/p>\n<h2 class=\"wp-block-heading\">Ce prevedere a Legii Integrit\u0103\u021bii este contestat\u0103<\/h2>\n<p class=\"wp-block-paragraph\">\u00cen comunicatul transmis public, organizatorii se refer\u0103 la prevederea din proiectul de lege identificat ca PI-x nr. 530\/2026 \/ L464\/2026.<\/p>\n<p class=\"wp-block-paragraph\">Potrivit textului citat de ace\u0219tia, persoanele fa\u021b\u0103 de care, \u00eenainte de intrarea \u00een vigoare a noii legi, a fost constatat\u0103 definitiv o stare de incompatibilitate sau un conflict de interese \u0219i pentru care nu s-a \u00eemplinit termenul de trei ani al interdic\u021biei prev\u0103zute de lege \u00ee\u0219i \u00eenceteaz\u0103 de drept func\u021bia, demnitatea public\u0103 sau mandatul la 30 de zile de la intrarea \u00een vigoare a noii reglement\u0103ri.<\/p>\n<p class=\"wp-block-paragraph\">Aceast\u0103 prevedere este considerat\u0103 de organizatorii protestului problematic\u0103 din perspectiva principiului neretroactivit\u0103\u021bii legii.<\/p>\n<h2 class=\"wp-block-heading\">Organizatorii invoc\u0103 articolul 15 din Constitu\u021bie<\/h2>\n<p class=\"wp-block-paragraph\">Asocia\u021bia Alternativa Civic\u0103 Timi\u0219oara \u0219i Federa\u021bia Ini\u021biativa Timi\u0219oara \u00ee\u0219i fundamenteaz\u0103 pozi\u021bia pe articolul 15 alineatul (2) din Constitu\u021bia Rom\u00e2niei, care stabile\u0219te c\u0103 legea dispune numai pentru viitor, cu excep\u021bia legii penale sau contraven\u021bionale mai favorabile.<\/p>\n<p class=\"wp-block-paragraph\">\u00cen opinia organizatorilor, aplicarea noilor consecin\u021be juridice unor situa\u021bii stabilite definitiv \u00eenainte de intrarea \u00een vigoare a legii ar ridica o problem\u0103 de constitu\u021bionalitate privind efectele \u00een timp ale normelor juridice.<\/p>\n<p class=\"wp-block-paragraph\">\u201eNeretroactivitatea legii reprezint\u0103 una dintre garan\u021biile fundamentale ale securit\u0103\u021bii juridice, ale previzibilit\u0103\u021bii normelor \u0219i ale protec\u021biei cet\u0103\u021beanului \u00eempotriva exercit\u0103rii arbitrare a puterii\u201d, se arat\u0103 \u00een comunicatul transmis de cele dou\u0103 organiza\u021bii.<\/p>\n<h2 class=\"wp-block-heading\">Protestatarii contest\u0103 efectele asupra unor situa\u021bii juridice anterioare<\/h2>\n<p class=\"wp-block-paragraph\">Organizatorii consider\u0103 c\u0103 o lege nou\u0103 nu ar trebui s\u0103 introduc\u0103 efecte juridice defavorabile pentru situa\u021bii juridice deja stabilite \u00eenainte de intrarea sa \u00een vigoare.<\/p>\n<p class=\"wp-block-paragraph\">\u00cen argumenta\u021bia prezentat\u0103 pentru protest, ace\u0219tia folosesc no\u021biunea juridic\u0103 de \u201efacta praeterita\u201d, referindu-se la fapte \u0219i situa\u021bii juridice consumate anterior.<\/p>\n<p class=\"wp-block-paragraph\">Potrivit organiza\u021biilor civice, modificarea ulterioar\u0103 a consecin\u021belor unor astfel de situa\u021bii poate afecta securitatea juridic\u0103 \u0219i previzibilitatea legisla\u021biei.<\/p>\n<h2 class=\"wp-block-heading\">CCR a declarat constitu\u021bional\u0103 prevederea contestat\u0103<\/h2>\n<p class=\"wp-block-paragraph\">Protestul are loc dup\u0103 ce Curtea Constitu\u021bional\u0103 a declarat constitu\u021bional\u0103 prevederea contestat\u0103 de organizatori.<\/p>\n<p class=\"wp-block-paragraph\">\u00cen acest context, cele dou\u0103 organiza\u021bii civice sus\u021bin c\u0103 decizia CCR trebuie discutat\u0103 public, inclusiv din perspectiva \u00eencrederii cet\u0103\u021benilor \u00een institu\u021biile fundamentale ale statului.<\/p>\n<p class=\"wp-block-paragraph\">Organizatorii recunosc rolul Cur\u021bii Constitu\u021bionale de garant al suprema\u021biei Constitu\u021biei, dar consider\u0103 c\u0103 societatea civil\u0103 are dreptul s\u0103 reac\u021bioneze atunci c\u00e2nd apreciaz\u0103 c\u0103 o decizie a Cur\u021bii intr\u0103 \u00een contradic\u021bie cu un principiu constitu\u021bional fundamental.<\/p>\n<h2 class=\"wp-block-heading\">\u201eProtest pentru Constitu\u021bie\u201d, mesajul organizatorilor<\/h2>\n<p class=\"wp-block-paragraph\">Asocia\u021bia Alternativa Civic\u0103 Timi\u0219oara \u0219i Federa\u021bia Ini\u021biativa Timi\u0219oara insist\u0103 asupra caracterului civic al manifesta\u021biei.<\/p>\n<p class=\"wp-block-paragraph\">\u201eProtestul din 19 august 2026 este un protest pentru Constitu\u021bie. Este un protest pentru democra\u021bie\u201d, transmit organizatorii.<\/p>\n<p class=\"wp-block-paragraph\">Ace\u0219tia sus\u021bin c\u0103 ap\u0103rarea statului de drept nu trebuie confundat\u0103 cu ap\u0103rarea unei anumite persoane sau a unui partid \u0219i afirm\u0103 c\u0103 regulile trebuie s\u0103 fie acelea\u0219i pentru to\u021bi.<\/p>\n<p class=\"wp-block-paragraph\">\u00cen comunicatul transmis \u00eenaintea manifesta\u021biei, organiza\u021biile spun c\u0103 nu solicit\u0103 privilegii \u0219i nu urm\u0103resc ob\u021binerea unor avantaje pentru persoane sau forma\u021biuni politice.<\/p>\n<h2 class=\"wp-block-heading\">Organizatorii \u00eei cheam\u0103 pe timi\u0219oreni \u00een Pia\u021ba Operei<\/h2>\n<p class=\"wp-block-paragraph\">Cele dou\u0103 organiza\u021bii civice \u00eei invit\u0103 la protest pe cet\u0103\u021benii care sus\u021bin democra\u021bia, suprema\u021bia Constitu\u021biei, securitatea juridic\u0103 \u0219i principiile statului de drept.<\/p>\n<p class=\"wp-block-paragraph\">Manifesta\u021bia este programat\u0103 pentru miercuri, 19 august, de la ora 19:00, \u00een Pia\u021ba Operei din Timi\u0219oara.<\/p>\n<p class=\"wp-block-paragraph\">Demersul vine \u00eentr-un moment \u00een care modific\u0103rile Legii Integrit\u0103\u021bii \u0219i efectele lor asupra unor ale\u0219i locali \u0219i demnitari au generat o dezbatere politic\u0103 \u0219i juridic\u0103 ampl\u0103.<\/p>\n<p class=\"wp-block-paragraph\">Pentru organizatori, miza protestului dep\u0103\u0219e\u0219te cazul concret care a adus modificarea legislativ\u0103 \u00een centrul aten\u021biei. Ace\u0219tia sus\u021bin c\u0103 problema principal\u0103 este respectarea principiului potrivit c\u0103ruia regulile juridice trebuie s\u0103 produc\u0103 efecte pentru viitor \u0219i s\u0103 ofere cet\u0103\u021benilor previzibilitate \u0219i securitate juridic\u0103.<\/p>\n<p class=\"wp-block-paragraph\">\u201eAst\u0103zi nu ap\u0103r\u0103m privilegii. Ap\u0103r\u0103m principii. Nu ap\u0103r\u0103m interese de partid. Ap\u0103r\u0103m Constitu\u021bia. Nu cerem favoruri. Cerem respectarea legii fundamentale a Rom\u00e2niei\u201d, se arat\u0103 \u00een mesajul prin care organizatorii cheam\u0103 timi\u0219orenii la manifesta\u021bie.<\/p>\n<\/div>\n<p>[analyse_source url=&#8221;https:\/\/orasul-timisoara.ro\/local-40328\/&#8221;]<\/p>\n","protected":false},"excerpt":{"rendered":"<p>[analyse_image type=&#8221;featured&#8221; src=&#8221;https:\/\/orasul-timisoara.ro\/wp-content\/uploads\/2026\/08\/protest.jpg&#8221;] Evenimente in TimisoaraProtest civic la Timi\u0219oara \u00eempotriva efectelor noii Legi a Integrit\u0103\u021bii Evenimente in Timisoara \u0218tiri Locale Protest civic la Timi\u0219oara \u00eempotriva efectelor noii Legi a Integrit\u0103\u021bii De c\u0103tre redactia &#8211; 19\/08\/2026 Facebook Twitter WhatsApp Linkedin ReddIt Email Imprimare Un protest civic este organizat miercuri, 19 august 2026, \u00een Pia\u021ba Operei din [&hellip;]<\/p>\n","protected":false},"author":1,"featured_media":0,"comment_status":"open","ping_status":"","sticky":false,"template":"","format":"standard","meta":{"footnotes":""},"categories":[89],"tags":[226,189],"class_list":["post-2103789","post","type-post","status-publish","format-standard","hentry","category-romania","tag-crawlmanager","tag-orasul-timisoara-ro"],"_links":{"self":[{"href":"https:\/\/analyse.optim.biz\/index.php?rest_route=\/wp\/v2\/posts\/2103789","targetHints":{"allow":["GET"]}}],"collection":[{"href":"https:\/\/analyse.optim.biz\/index.php?rest_route=\/wp\/v2\/posts"}],"about":[{"href":"https:\/\/analyse.optim.biz\/index.php?rest_route=\/wp\/v2\/types\/post"}],"author":[{"embeddable":true,"href":"https:\/\/analyse.optim.biz\/index.php?rest_route=\/wp\/v2\/users\/1"}],"replies":[{"embeddable":true,"href":"https:\/\/analyse.optim.biz\/index.php?rest_route=%2Fwp%2Fv2%2Fcomments&post=2103789"}],"version-history":[{"count":0,"href":"https:\/\/analyse.optim.biz\/index.php?rest_route=\/wp\/v2\/posts\/2103789\/revisions"}],"wp:attachment":[{"href":"https:\/\/analyse.optim.biz\/index.php?rest_route=%2Fwp%2Fv2%2Fmedia&parent=2103789"}],"wp:term":[{"taxonomy":"category","embeddable":true,"href":"https:\/\/analyse.optim.biz\/index.php?rest_route=%2Fwp%2Fv2%2Fcategories&post=2103789"},{"taxonomy":"post_tag","embeddable":true,"href":"https:\/\/analyse.optim.biz\/index.php?rest_route=%2Fwp%2Fv2%2Ftags&post=2103789"}],"curies":[{"name":"wp","href":"https:\/\/api.w.org\/{rel}","templated":true}]}}