{"id":2103787,"date":"2026-08-18T14:09:42","date_gmt":"2026-08-18T11:09:42","guid":{"rendered":"https:\/\/analyse.optim.biz\/?p=2103787"},"modified":"2026-08-18T14:09:42","modified_gmt":"2026-08-18T11:09:42","slug":"tinerii-din-timisoara-sunt-invitati-sa-transforme-povestile-cartierului-in-texte","status":"publish","type":"post","link":"https:\/\/analyse.optim.biz\/?p=2103787","title":{"rendered":"Tinerii din Timi\u0219oara sunt invita\u021bi s\u0103 transforme pove\u0219tile cartierului \u00een texte"},"content":{"rendered":"<p>[analyse_image type=&#8221;featured&#8221; src=&#8221;https:\/\/orasul-timisoara.ro\/wp-content\/uploads\/2026\/08\/podter-atelier.jpg&#8221;]<\/p>\n<article id=\"post-40300\" class=\"td-post-template-7 post-40300 post type-post status-publish format-standard has-post-thumbnail category-evenimente-in-timisoara category-featured category-stiri-timisoara tag-activitati-culturale tag-arta-2 tag-ateliere-de-scriere-creativa tag-centrul-de-proiecte-timisoara tag-cultura-timisoara-2 tag-elena-jebeleanu tag-evenimente-timisoara-2 tag-fundatia-jecza tag-parcul-fundatiei-jecza tag-povesti-ale-cartierului tag-scriere-creativa tag-timis-2 tag-timisoara-2 tag-tineri td-container-wrap\">\n<div class=\"td-full-screen-header-image-wrap\">\n<div class=\"td-container td-post-header\">\n<div class=\"td-crumb-container\">\n<div class=\"entry-crumbs\"><span><a title=\"Vede\u021bi toate articolele \u00een Evenimente in Timisoara\" class=\"entry-crumb\" href=\"https:\/\/orasul-timisoara.ro\/local-category\/evenimente-in-timisoara\/\">Evenimente in Timisoara<\/a><\/span><span class=\"td-bred-no-url-last\">Tinerii din Timi\u0219oara sunt invita\u021bi s\u0103 transforme pove\u0219tile cartierului \u00een texte<\/span><\/div>\n<\/div>\n<div class=\"td-post-header-holder\">\n<div class=\"td-parallax-header\">\n<header class=\"td-post-title\">\n<ul class=\"td-category\">\n<li class=\"entry-category\"><a href=\"https:\/\/orasul-timisoara.ro\/local-category\/evenimente-in-timisoara\/\">Evenimente in Timisoara<\/a><\/li>\n<li class=\"entry-category\"><a href=\"https:\/\/orasul-timisoara.ro\/local-category\/stiri-timisoara\/\">\u0218tiri Locale<\/a><\/li>\n<\/ul>\n<h1 class=\"entry-title\">Tinerii din Timi\u0219oara sunt invita\u021bi s\u0103 transforme pove\u0219tile cartierului \u00een texte<\/h1>\n<div class=\"td-module-meta-info\">\n<div class=\"td-post-author-name\">\n<div class=\"td-author-by\">De c\u0103tre<\/div>\n<p><a href=\"https:\/\/orasul-timisoara.ro\/author\/timisoara\/\">redactia<\/a><\/p>\n<div class=\"td-author-line\"> &#8211; <\/div>\n<\/div>\n<p><span class=\"td-post-date\"><time class=\"entry-date updated td-module-date\" datetime=\"2026-08-18T17:09:42+03:00\">18\/08\/2026<\/time><\/span><\/div>\n<\/header>\n<\/div>\n<\/div>\n<\/div>\n<div id=\"td-full-screen-header-image\" class=\"td-image-gradient-style7\"><img decoding=\"async\" class=\"td-backstretch\" src=\"https:\/\/orasul-timisoara.ro\/wp-content\/uploads\/2026\/08\/podter-atelier.jpg\"><\/div>\n<\/div>\n<div class=\"td-container\">\n<div class=\"td-pb-row\">\n<div class=\"td-pb-span8 td-main-content\" role=\"main\">\n<div class=\"td-ss-main-content\">\n<div class=\"td-post-sharing-top\">\n<div class=\"td-post-sharing-classic\"><iframe title=\"topFacebookLike\" frameborder src=\"https:\/\/www.facebook.com\/plugins\/like.php?href=https:\/\/orasul-timisoara.ro\/local-40300\/&amp;layout=button_count&amp;show_faces=false&amp;width=105&amp;action=like&amp;colorscheme=light&amp;height=21\"><\/iframe><\/div>\n<div id=\"td_social_sharing_article_top\" class=\"td-post-sharing td-ps-bg td-ps-notext td-post-sharing-style1 \">\n<div class=\"td-post-sharing-visible\"><a class=\"td-social-sharing-button td-social-sharing-button-js td-social-network td-social-facebook\" href=\"https:\/\/www.facebook.com\/sharer.php?u=https%3A%2F%2Forasul-timisoara.ro%2Flocal-40300%2F\" title=\"Facebook\"><\/p>\n<div class=\"td-social-but-text\">Facebook<\/div>\n<p><\/a><a class=\"td-social-sharing-button td-social-sharing-button-js td-social-network td-social-twitter\" href=\"https:\/\/twitter.com\/intent\/tweet?text=Tinerii+din+Timi%C8%99oara+sunt+invita%C8%9Bi+s%C4%83+transforme+pove%C8%99tile+cartierului+%C3%AEn+texte&amp;url=https%3A%2F%2Forasul-timisoara.ro%2Flocal-40300%2F&amp;via=orasultm\" title=\"Twitter\"><\/p>\n<div class=\"td-social-but-text\">Twitter<\/div>\n<p><\/a><a class=\"td-social-sharing-button td-social-sharing-button-js td-social-network td-social-whatsapp\" href=\"https:\/\/api.whatsapp.com\/send?text=Tinerii+din+Timi%C8%99oara+sunt+invita%C8%9Bi+s%C4%83+transforme+pove%C8%99tile+cartierului+%C3%AEn+texte%20%0A%0A%20https:\/\/orasul-timisoara.ro\/local-40300\/\" title=\"WhatsApp\"><\/p>\n<div class=\"td-social-but-text\">WhatsApp<\/div>\n<p><\/a><a class=\"td-social-sharing-button td-social-sharing-button-js td-social-network td-social-linkedin\" href=\"https:\/\/www.linkedin.com\/shareArticle?mini=true&amp;url=https:\/\/orasul-timisoara.ro\/local-40300\/&amp;title=Tinerii+din+Timi%C8%99oara+sunt+invita%C8%9Bi+s%C4%83+transforme+pove%C8%99tile+cartierului+%C3%AEn+texte\" title=\"Linkedin\"><\/p>\n<div class=\"td-social-but-text\">Linkedin<\/div>\n<p><\/a><a class=\"td-social-sharing-button td-social-sharing-button-js td-social-network td-social-reddit\" href=\"https:\/\/reddit.com\/submit?url=https:\/\/orasul-timisoara.ro\/local-40300\/&amp;title=Tinerii+din+Timi%C8%99oara+sunt+invita%C8%9Bi+s%C4%83+transforme+pove%C8%99tile+cartierului+%C3%AEn+texte\" title=\"ReddIt\"><\/p>\n<div class=\"td-social-but-text\">ReddIt<\/div>\n<p><\/a><a class=\"td-social-sharing-button td-social-sharing-button-js td-social-network td-social-mail\" href=\"mailto:?subject=Tinerii%20din%20Timi%C8%99oara%20sunt%20invita%C8%9Bi%20s%C4%83%20transforme%20pove%C8%99tile%20cartierului%20%C3%AEn%20texte&amp;body=https:\/\/orasul-timisoara.ro\/local-40300\/\" title=\"Email\"><\/p>\n<div class=\"td-social-but-text\">Email<\/div>\n<p><\/a><a class=\"td-social-sharing-button td-social-sharing-button-js td-social-network td-social-print\" href=\"https:\/\/orasul-timisoara.ro\/local-40300\/\" title=\"Imprimare\"><\/p>\n<div class=\"td-social-but-text\">Imprimare<\/div>\n<p><\/a><\/div>\n<\/div>\n<\/div>\n<div class=\"td-post-content tagdiv-type\">\n<p class=\"wp-block-paragraph\">Trei ateliere de scriere creativ\u0103 dedicate tinerilor cu v\u00e2rste \u00eentre 10 \u0219i 18 ani \u00eencep miercuri, 19 august 2026, la Parcul Funda\u021biei Jecza din Timi\u0219oara. Activit\u0103\u021bile sunt organizate \u00een cadrul proiectului \u201eParcul Funda\u021biei Jecza \u2013 Scen\u0103 deschis\u0103\u201d \u0219i \u00eei invit\u0103 pe participan\u021bi s\u0103 transforme experien\u021bele din cartier, oamenii din jur \u0219i propriile \u00eent\u00e2mpl\u0103ri \u00een pove\u0219ti.<\/p>\n<p class=\"wp-block-paragraph\">Atelierele \u201ePove\u0219ti ale cartierului\u201d sunt sus\u021binute de Elena Jebeleanu \u0219i se vor desf\u0103\u0219ura \u00een trei \u00eent\u00e2lniri, programate \u00een 19 august, 16 septembrie \u0219i 21 octombrie, \u00eentre orele 11:00 \u0219i 14:00. Participarea este gratuit\u0103, \u00eens\u0103 num\u0103rul de locuri este limitat la 10-15 participan\u021bi, iar \u00eenscrierea prealabil\u0103 este necesar\u0103.<\/p>\n<h2 class=\"wp-block-heading\">Ateliere de scriere creativ\u0103 pentru tinerii din cartier<\/h2>\n<p class=\"wp-block-paragraph\">Programul este construit \u00een jurul ideii c\u0103 pove\u0219tile pot fi descoperite \u00een experien\u021bele de zi cu zi \u0219i \u00een spa\u021biul \u00een care oamenii tr\u0103iesc. Participan\u021bii vor porni de la propriile amintiri, de la cartier \u0219i de la oamenii \u0219i obiectele pe care le \u00eent\u00e2lnesc pentru a \u00eenv\u0103\u021ba cum pot transforma aceste elemente \u00een texte.<\/p>\n<p class=\"wp-block-paragraph\">Atelierele vor aborda mai multe forme de construc\u021bie a unui text, de la nara\u021biune \u0219i dialog p\u00e2n\u0103 la descriere. Participan\u021bii vor avea ocazia s\u0103 experimenteze cu personaje, situa\u021bii \u0219i lumi imaginare inspirate din realitatea imediat\u0103.<\/p>\n<h2 class=\"wp-block-heading\">\u201ePove\u0219ti ale cartierului\u201d, trei \u00eent\u00e2lniri de crea\u021bie<\/h2>\n<p class=\"wp-block-paragraph\">Prima \u00eent\u00e2lnire este programat\u0103 pentru 19 august, urm\u0103toarea va avea loc pe 16 septembrie, iar seria se va \u00eencheia pe 21 octombrie. Toate cele trei ateliere se desf\u0103\u0219oar\u0103 \u00een intervalul 11:00-14:00.<\/p>\n<p class=\"wp-block-paragraph\">Elena Jebeleanu \u00eei va ghida pe participan\u021bi prin exerci\u021bii de scriere care urm\u0103resc s\u0103 dezvolte capacitatea de a observa \u0219i de a transforma detaliile cotidiene \u00een material literar.<\/p>\n<p class=\"wp-block-paragraph\">Organizatorii spun c\u0103 vor fi explorate tipare textuale diferite, \u00een care nara\u021biunea, dialogul \u0219i descrierea se completeaz\u0103 pentru a construi lumi imaginare pornind de la experien\u021be reale.<\/p>\n<h2 class=\"wp-block-heading\">Personajele vor fi construite prin gesturi \u0219i dialog<\/h2>\n<p class=\"wp-block-paragraph\">Unul dintre obiectivele atelierelor este \u00een\u021belegerea modului \u00een care un personaj poate fi conturat f\u0103r\u0103 a fi descris \u00een mod direct. Vor fi urm\u0103rite elemente precum felul \u00een care un personaj vorbe\u0219te, gesturile sale, privirea sau reac\u021biile \u00eentr-o anumit\u0103 situa\u021bie.<\/p>\n<p class=\"wp-block-paragraph\">Potrivit organizatorilor, participan\u021bii vor descoperi cum detalii aparent simple pot contribui la individualizarea unui personaj. Un gest, o privire sau o schimbare de expresie pot transmite informa\u021bii despre interioritatea acestuia \u0219i pot deveni puncte de plecare pentru dezvoltarea unei pove\u0219ti.<\/p>\n<p class=\"wp-block-paragraph\">Exerci\u021biile vor combina astfel observa\u021bia cu imagina\u021bia \u0219i vor \u00eencuraja participan\u021bii s\u0103 transforme realitatea din jur \u00eentr-un material pentru propriile texte.<\/p>\n<h2 class=\"wp-block-heading\">Sculpturile din Parcul Jecza devin surs\u0103 de inspira\u021bie<\/h2>\n<p class=\"wp-block-paragraph\">Spa\u021biul \u00een care se desf\u0103\u0219oar\u0103 proiectul va avea, la r\u00e2ndul s\u0103u, un rol \u00een procesul creativ. Sculpturile \u0219i lucr\u0103rile de art\u0103 din jurul participan\u021bilor vor putea deveni puncte de pornire pentru construirea unor personaje \u0219i pove\u0219ti.<\/p>\n<p class=\"wp-block-paragraph\">\u00cen acest fel, atelierul nu se limiteaz\u0103 la exerci\u021bii de scriere realizate \u00eentr-un spa\u021biu conven\u021bional. Participan\u021bii vor putea observa mediul \u00eenconjur\u0103tor \u0219i vor fi \u00eencuraja\u021bi s\u0103 g\u0103seasc\u0103 \u00een elementele parcului idei pentru propriile texte.<\/p>\n<p class=\"wp-block-paragraph\">Leg\u0103tura dintre art\u0103, spa\u021biul public \u0219i scrierea creativ\u0103 este una dintre componentele proiectului \u201eParcul Funda\u021biei Jecza \u2013 Scen\u0103 deschis\u0103\u201d.<\/p>\n<h2 class=\"wp-block-heading\">Cine poate participa la ateliere<\/h2>\n<p class=\"wp-block-paragraph\">Programul este destinat tinerilor cu v\u00e2rste cuprinse \u00eentre 10 \u0219i 18 ani. Participarea este gratuit\u0103, \u00eens\u0103 num\u0103rul de locuri este limitat la 10-15 persoane.<\/p>\n<p class=\"wp-block-paragraph\">Pentru participare este necesar\u0103 \u00eenscrierea \u00een prealabil, aceasta realiz\u00e2ndu-se la adresa de e-mail a Funda\u021biei Jecza. Cei interesa\u021bi trebuie s\u0103 \u021bin\u0103 cont de faptul c\u0103 locurile sunt limitate \u0219i c\u0103 programul presupune participarea la \u00eent\u00e2lnirile stabilite \u00een calendar.<\/p>\n<p class=\"wp-block-paragraph\">Seria \u00eencepe pe 19 august \u0219i continu\u0103 \u00een 16 septembrie \u0219i 21 octombrie, fiecare \u00eent\u00e2lnire av\u00e2nd o durat\u0103 de trei ore.<\/p>\n<h2 class=\"wp-block-heading\">Parcul Funda\u021biei Jecza devine spa\u021biu pentru activit\u0103\u021bi culturale<\/h2>\n<p class=\"wp-block-paragraph\">Atelierele de scriere creativ\u0103 fac parte dintr-un program mai amplu desf\u0103\u0219urat timp de cinci luni \u00een Parcul Funda\u021biei Jecza. Proiectul urm\u0103re\u0219te s\u0103 transforme spa\u021biul dintr-o zon\u0103 prin care oamenii doar trec \u00eentr-un loc destinat \u00eent\u00e2lnirilor, activit\u0103\u021bilor culturale \u0219i interac\u021biunii dintre membrii comunit\u0103\u021bii.<\/p>\n<p class=\"wp-block-paragraph\">Programul nu se rezum\u0103 la spectacole \u0219i concerte. \u00cen cadrul proiectului sunt propuse activit\u0103\u021bi adresate mai multor categorii de v\u00e2rst\u0103, de la copii \u0219i tineri p\u00e2n\u0103 la adul\u021bi \u0219i seniori.<\/p>\n<p class=\"wp-block-paragraph\">Prin aceste activit\u0103\u021bi, organizatorii urm\u0103resc s\u0103 creeze un spa\u021biu \u00een care comunitatea s\u0103 poat\u0103 participa la experien\u021be culturale \u0219i creative \u0219i s\u0103 se \u00eent\u00e2lneasc\u0103 \u00eentr-un cadru diferit de cel al evenimentelor culturale tradi\u021bionale.<\/p>\n<h2 class=\"wp-block-heading\">Proiect finan\u021bat de Municipiul Timi\u0219oara<\/h2>\n<p class=\"wp-block-paragraph\">\u201eParcul Funda\u021biei Jecza \u2013 Scen\u0103 deschis\u0103\u201d este un proiect finan\u021bat de Municipiul Timi\u0219oara prin Centrul de Proiecte. Ini\u021biativa are ca obiectiv transformarea parcului \u00eentr-un spa\u021biu de \u201elocuit cultural\u201d, \u00een care activit\u0103\u021bile s\u0103 fie integrate \u00een via\u021ba comunit\u0103\u021bii.<\/p>\n<p class=\"wp-block-paragraph\">\u00cen acest context, seria \u201ePove\u0219ti ale cartierului\u201d aduce scrierea creativ\u0103 \u00een mijlocul unui spa\u021biu dedicat artei \u0219i interac\u021biunii comunitare. Pentru tinerii participan\u021bi, cele trei \u00eent\u00e2lniri pot deveni un exerci\u021biu de observare a locului \u00een care tr\u0103iesc \u0219i de transformare a experien\u021belor cotidiene \u00een pove\u0219ti.<\/p>\n<p class=\"wp-block-paragraph\">Prima \u00eent\u00e2lnire este programat\u0103 miercuri, 19 august 2026, iar seria va continua pe 16 septembrie \u0219i 21 octombrie. Toate activit\u0103\u021bile se desf\u0103\u0219oar\u0103 \u00eentre orele 11:00 \u0219i 14:00, cu participare gratuit\u0103 \u0219i \u00eenscriere prealabil\u0103.<\/p>\n<\/div>\n<footer>\n<div class=\"td-post-source-tags\">\n<ul class=\"td-tags td-post-small-box clearfix\">\n<li><span>ETICHETE<\/span><\/li>\n<li><a href=\"https:\/\/orasul-timisoara.ro\/local-tag\/activitati-culturale\/\">activit\u0103\u021bi culturale<\/a><\/li>\n<li><a href=\"https:\/\/orasul-timisoara.ro\/local-tag\/arta-2\/\">art\u0103<\/a><\/li>\n<li><a href=\"https:\/\/orasul-timisoara.ro\/local-tag\/ateliere-de-scriere-creativa\/\">ateliere de scriere creativ\u0103<\/a><\/li>\n<li><a href=\"https:\/\/orasul-timisoara.ro\/local-tag\/centrul-de-proiecte-timisoara\/\">Centrul de Proiecte Timi\u0219oara<\/a><\/li>\n<li><a href=\"https:\/\/orasul-timisoara.ro\/local-tag\/cultura-timisoara-2\/\">cultur\u0103 Timi\u0219oara<\/a><\/li>\n<li><a href=\"https:\/\/orasul-timisoara.ro\/local-tag\/elena-jebeleanu\/\">Elena Jebeleanu<\/a><\/li>\n<li><a href=\"https:\/\/orasul-timisoara.ro\/local-tag\/evenimente-timisoara-2\/\">evenimente Timi\u0219oara<\/a><\/li>\n<li><a href=\"https:\/\/orasul-timisoara.ro\/local-tag\/fundatia-jecza\/\">Funda\u021bia Jecza<\/a><\/li>\n<li><a href=\"https:\/\/orasul-timisoara.ro\/local-tag\/parcul-fundatiei-jecza\/\">Parcul Funda\u021biei Jecza<\/a><\/li>\n<li><a href=\"https:\/\/orasul-timisoara.ro\/local-tag\/povesti-ale-cartierului\/\">Pove\u0219ti ale cartierului<\/a><\/li>\n<li><a href=\"https:\/\/orasul-timisoara.ro\/local-tag\/scriere-creativa\/\">scriere creativ\u0103<\/a><\/li>\n<li><a href=\"https:\/\/orasul-timisoara.ro\/local-tag\/timis-2\/\">timi\u0219<\/a><\/li>\n<li><a href=\"https:\/\/orasul-timisoara.ro\/local-tag\/timisoara-2\/\">timi\u0219oara<\/a><\/li>\n<li><a href=\"https:\/\/orasul-timisoara.ro\/local-tag\/tineri\/\">tineri<\/a><\/li>\n<\/ul>\n<\/div>\n<div class=\"td-post-sharing-bottom\">\n<div class=\"td-post-sharing-classic\"><iframe title=\"bottomFacebookLike\" frameborder src=\"https:\/\/www.facebook.com\/plugins\/like.php?href=https:\/\/orasul-timisoara.ro\/local-40300\/&amp;layout=button_count&amp;show_faces=false&amp;width=105&amp;action=like&amp;colorscheme=light&amp;height=21\"><\/iframe><\/div>\n<div id=\"td_social_sharing_article_bottom\" class=\"td-post-sharing td-ps-bg td-ps-notext td-post-sharing-style1 \">\n<div class=\"td-post-sharing-visible\"><a class=\"td-social-sharing-button td-social-sharing-button-js td-social-network td-social-facebook\" href=\"https:\/\/www.facebook.com\/sharer.php?u=https%3A%2F%2Forasul-timisoara.ro%2Flocal-40300%2F\" title=\"Facebook\"><\/p>\n<div class=\"td-social-but-text\">Facebook<\/div>\n<p><\/a><a class=\"td-social-sharing-button td-social-sharing-button-js td-social-network td-social-twitter\" href=\"https:\/\/twitter.com\/intent\/tweet?text=Tinerii+din+Timi%C8%99oara+sunt+invita%C8%9Bi+s%C4%83+transforme+pove%C8%99tile+cartierului+%C3%AEn+texte&amp;url=https%3A%2F%2Forasul-timisoara.ro%2Flocal-40300%2F&amp;via=orasultm\" title=\"Twitter\"><\/p>\n<div class=\"td-social-but-text\">Twitter<\/div>\n<p><\/a><a class=\"td-social-sharing-button td-social-sharing-button-js td-social-network td-social-whatsapp\" href=\"https:\/\/api.whatsapp.com\/send?text=Tinerii+din+Timi%C8%99oara+sunt+invita%C8%9Bi+s%C4%83+transforme+pove%C8%99tile+cartierului+%C3%AEn+texte%20%0A%0A%20https:\/\/orasul-timisoara.ro\/local-40300\/\" title=\"WhatsApp\"><\/p>\n<div class=\"td-social-but-text\">WhatsApp<\/div>\n<p><\/a><a class=\"td-social-sharing-button td-social-sharing-button-js td-social-network td-social-linkedin\" href=\"https:\/\/www.linkedin.com\/shareArticle?mini=true&amp;url=https:\/\/orasul-timisoara.ro\/local-40300\/&amp;title=Tinerii+din+Timi%C8%99oara+sunt+invita%C8%9Bi+s%C4%83+transforme+pove%C8%99tile+cartierului+%C3%AEn+texte\" title=\"Linkedin\"><\/p>\n<div class=\"td-social-but-text\">Linkedin<\/div>\n<p><\/a><a class=\"td-social-sharing-button td-social-sharing-button-js td-social-network td-social-reddit\" href=\"https:\/\/reddit.com\/submit?url=https:\/\/orasul-timisoara.ro\/local-40300\/&amp;title=Tinerii+din+Timi%C8%99oara+sunt+invita%C8%9Bi+s%C4%83+transforme+pove%C8%99tile+cartierului+%C3%AEn+texte\" title=\"ReddIt\"><\/p>\n<div class=\"td-social-but-text\">ReddIt<\/div>\n<p><\/a><a class=\"td-social-sharing-button td-social-sharing-button-js td-social-network td-social-mail\" href=\"mailto:?subject=Tinerii%20din%20Timi%C8%99oara%20sunt%20invita%C8%9Bi%20s%C4%83%20transforme%20pove%C8%99tile%20cartierului%20%C3%AEn%20texte&amp;body=https:\/\/orasul-timisoara.ro\/local-40300\/\" title=\"Email\"><\/p>\n<div class=\"td-social-but-text\">Email<\/div>\n<p><\/a><a class=\"td-social-sharing-button td-social-sharing-button-js td-social-network td-social-print\" href=\"https:\/\/orasul-timisoara.ro\/local-40300\/\" title=\"Imprimare\"><\/p>\n<div class=\"td-social-but-text\">Imprimare<\/div>\n<p><\/a><\/div>\n<\/div>\n<\/div>\n<div class=\"td-block-row td-post-next-prev\">\n<div class=\"td-block-span6 td-post-prev-post\">\n<div class=\"td-post-next-prev-content\"><span>Articolul precedent<\/span><a href=\"https:\/\/orasul-timisoara.ro\/local-40296\/\">Timi\u0219oara \u0219i Ghiroda, legate printr-o nou\u0103 pist\u0103 de biciclete de aproape 3 km<\/a><\/div>\n<\/div>\n<div class=\"td-block-span6 td-post-next-post\">\n<div class=\"td-post-next-prev-content\"><span>Articolul urm\u0103tor<\/span><a href=\"https:\/\/orasul-timisoara.ro\/local-40303\/\">Avram Iancu, din Petro\u0219ani \u00een istorie: premier\u0103 rom\u00e2neasc\u0103 pe Canalul M\u00e2necii<\/a><\/div>\n<\/div>\n<\/div>\n<div class=\"td-author-name vcard author\"><span class=\"fn\"><a href=\"https:\/\/orasul-timisoara.ro\/author\/timisoara\/\">redactia<\/a><\/span><\/div>\n<p><span class=\"td-page-meta\"><\/span><span class=\"td-page-meta\"><span class=\"td-page-meta\"><\/span><\/span><span class=\"td-page-meta\"><\/span><\/footer>\n<div class=\"td_block_wrap td_block_related_posts tdi_3 td_with_ajax_pagination td-pb-border-top td_block_template_8\" data-td-block-uid=\"tdi_3\">\n<h4 class=\"td-related-title td-block-title\"><a id=\"tdi_4\" class=\"td-related-left td-cur-simple-item\" data-td_filter_value data-td_block_id=\"tdi_3\" href=\"https:\/\/orasul-timisoara.ro\/local-40300\/\">ARTICOLE SIMILARE<\/a><a id=\"tdi_5\" class=\"td-related-right\" data-td_filter_value=\"td_related_more_from_author\" data-td_block_id=\"tdi_3\" href=\"https:\/\/orasul-timisoara.ro\/local-40300\/\">DE LA ACELA\u0218I AUTOR<\/a><\/h4>\n<div id=\"tdi_3\" class=\"td_block_inner\">\n<div class=\"td-related-row\">\n<div class=\"td-related-span4\">\n<div class=\"td_module_related_posts td-animation-stack td_mod_related_posts\">\n<div class=\"td-module-image\">\n<div class=\"td-module-thumb\"><a href=\"https:\/\/orasul-timisoara.ro\/local-40170\/\" rel=\"bookmark\" class=\"td-image-wrap \" title=\"Timi\u0219orenii aleg Sculptura Anului 2026. Patru lucr\u0103ri sunt \u00een final\u0103\"><img loading=\"lazy\" decoding=\"async\" class=\"entry-thumb\" src=\"https:\/\/orasul-timisoara.ro\/wp-content\/uploads\/2026\/08\/768420754_18462547264118913_2551155172803193815_n-436x300.jpg\" alt title=\"Timi\u0219orenii aleg Sculptura Anului 2026. Patru lucr\u0103ri sunt \u00een final\u0103\" width=\"218\" height=\"150\"><\/a><\/div>\n<\/div>\n<div class=\"item-details\">\n<h3 class=\"entry-title td-module-title\"><a href=\"https:\/\/orasul-timisoara.ro\/local-40170\/\" rel=\"bookmark\" title=\"Timi\u0219orenii aleg Sculptura Anului 2026. Patru lucr\u0103ri sunt \u00een final\u0103\">Timi\u0219orenii aleg Sculptura Anului 2026. Patru lucr\u0103ri sunt \u00een final\u0103<\/a><\/h3>\n<\/div>\n<\/div>\n<\/div>\n<div class=\"td-related-span4\">\n<div class=\"td_module_related_posts td-animation-stack td_mod_related_posts\">\n<div class=\"td-module-image\">\n<div class=\"td-module-thumb\"><a href=\"https:\/\/orasul-timisoara.ro\/local-40056\/\" rel=\"bookmark\" class=\"td-image-wrap \" title=\"Ziua Timi\u0219oarei a ajuns \u0219i \u00een Penitenciar. Atelier de caricatur\u0103 \u0219i expozi\u021bie la ferma din Kuncz (foto)\"><img loading=\"lazy\" decoding=\"async\" class=\"entry-thumb\" src=\"https:\/\/orasul-timisoara.ro\/wp-content\/uploads\/2026\/08\/ziuw-tm-penitenciar-2026-6-436x300.jpg\" alt title=\"Ziua Timi\u0219oarei a ajuns \u0219i \u00een Penitenciar. Atelier de caricatur\u0103 \u0219i expozi\u021bie la ferma din Kuncz (foto)\" width=\"218\" height=\"150\"><\/a><\/div>\n<\/div>\n<div class=\"item-details\">\n<h3 class=\"entry-title td-module-title\"><a href=\"https:\/\/orasul-timisoara.ro\/local-40056\/\" rel=\"bookmark\" title=\"Ziua Timi\u0219oarei a ajuns \u0219i \u00een Penitenciar. Atelier de caricatur\u0103 \u0219i expozi\u021bie la ferma din Kuncz (foto)\">Ziua Timi\u0219oarei a ajuns \u0219i \u00een Penitenciar. Atelier de caricatur\u0103 \u0219i expozi\u021bie la ferma din Kuncz (foto)<\/a><\/h3>\n<\/div>\n<\/div>\n<\/div>\n<div class=\"td-related-span4\">\n<div class=\"td_module_related_posts td-animation-stack td_mod_related_posts\">\n<div class=\"td-module-image\">\n<div class=\"td-module-thumb\"><a href=\"https:\/\/orasul-timisoara.ro\/local-39975\/\" rel=\"bookmark\" class=\"td-image-wrap \" title=\"Dominic Fritz, de Ziua Timi\u0219oarei: \u201eNu a\u0219 vrea s\u0103 locuiesc niciunde altundeva \u00een lume\u201d\"><img loading=\"lazy\" decoding=\"async\" class=\"entry-thumb\" src=\"https:\/\/orasul-timisoara.ro\/wp-content\/uploads\/2026\/08\/dominic-fritz-piata-victoriei-436x300.jpg\" alt title=\"Dominic Fritz, de Ziua Timi\u0219oarei: \u201eNu a\u0219 vrea s\u0103 locuiesc niciunde altundeva \u00een lume\u201d\" width=\"218\" height=\"150\"><\/a><\/div>\n<\/div>\n<div class=\"item-details\">\n<h3 class=\"entry-title td-module-title\"><a href=\"https:\/\/orasul-timisoara.ro\/local-39975\/\" rel=\"bookmark\" title=\"Dominic Fritz, de Ziua Timi\u0219oarei: \u201eNu a\u0219 vrea s\u0103 locuiesc niciunde altundeva \u00een lume\u201d\">Dominic Fritz, de Ziua Timi\u0219oarei: \u201eNu a\u0219 vrea s\u0103 locuiesc niciunde altundeva \u00een lume\u201d<\/a><\/h3>\n<\/div>\n<\/div>\n<\/div>\n<\/div>\n<\/div>\n<\/div>\n<div class=\"comments\" id=\"comments\">\n<div id=\"respond\" class=\"comment-respond\">\n<h3 id=\"reply-title\" class=\"comment-reply-title\">L\u0102SA\u021aI UN MESAJ<\/h3>\n<div class=\"comment-form-input-wrap td-form-comment\">\n<div class=\"td-warning-comment\">V\u0103 rug\u0103m s\u0103 introduce\u021bi comentariul dvs.!<\/div>\n<\/div>\n<div class=\"comment-form-input-wrap td-form-author\">\n<div class=\"td-warning-author\">Introduce\u021bi aici numele dvs.<\/div>\n<\/div>\n<div class=\"comment-form-input-wrap td-form-email\">\n<div class=\"td-warning-email-error\">A\u021bi introdus o adres\u0103 de e-mail incorect\u0103!<\/div>\n<div class=\"td-warning-email\">V\u0103 rug\u0103m s\u0103 introduce\u021bi adresa dvs. de e-mail aici<\/div>\n<\/div>\n<\/div>\n<p class=\"akismet_comment_form_privacy_notice\">Acest site folose\u0219te Akismet pentru a reduce spamul. <a href=\"https:\/\/akismet.com\/privacy\/\" target=\"_blank\" rel=\"nofollow noopener\">Afl\u0103 cum sunt procesate datele comentariilor tale<\/a>.<\/p>\n<\/div>\n<\/div>\n<\/div>\n<div class=\"td-pb-span4 td-main-sidebar\" role=\"complementary\">\n<div class=\"td-ss-main-sidebar\">\n<aside id=\"block-4\" class=\"td_block_template_8 widget block-4 widget_block widget_media_image\">\n<figure class=\"wp-block-image size-full\"><img loading=\"lazy\" decoding=\"async\" width=\"336\" height=\"280\" src=\"https:\/\/orasul-timisoara.ro\/wp-content\/uploads\/2024\/11\/ReTIM-Abonamentul-Verde-Google-Ads-336x280px.gif\" alt class=\"wp-image-29257\"><\/figure>\n<\/aside>\n<div class=\"td_block_wrap td_block_social_counter td_block_widget tdi_6 td-social-style5 td-social-boxed td-pb-border-top td_block_template_8\">\n<div class=\"td-block-title-wrap\">\n<h4 class=\"td-block-title\"><span>Urm\u0103re\u0219te-ne pe Social Media<\/span><\/h4>\n<\/div>\n<div class=\"td-social-list\">\n<div class=\"td_social_type td-pb-margin-side td_social_facebook\">\n<div class=\"td-social-box\"><span class=\"td_social_info td_social_info_counter\">344,595<\/span><span class=\"td_social_info td_social_info_name\">Fani<\/span><span class=\"td_social_button\"><a href=\"https:\/\/www.facebook.com\/247timisoara\" target=\"_blank\" rel=\"nofollow\">\u00cemi place<\/a><\/span><\/div>\n<\/div>\n<div class=\"td_social_type td-pb-margin-side td_social_instagram\">\n<div class=\"td-social-box\"><span class=\"td_social_info td_social_info_counter\">4,416<\/span><span class=\"td_social_info td_social_info_name\">Cititori<\/span><span class=\"td_social_button\"><a href=\"https:\/\/instagram.com\/orasultimisoararo\/\" target=\"_blank\" rel=\"nofollow\">Conecta\u021bi-v\u0103<\/a><\/span><\/div>\n<\/div>\n<div class=\"td_social_type td-pb-margin-side td_social_rss\">\n<div class=\"td-social-box\"><span class=\"td_social_info td_social_info_counter\">12,506<\/span><span class=\"td_social_info td_social_info_name\">Cititori<\/span><span class=\"td_social_button\"><a href=\"https:\/\/orasul-timisoara.ro\/feed\/\" target=\"_blank\" rel=\"nofollow\">Conecta\u021bi-v\u0103<\/a><\/span><\/div>\n<\/div>\n<div class=\"td_social_type td-pb-margin-side td_social_tiktok\">\n<div class=\"td-social-box\"><span class=\"td_social_info td_social_info_counter\">1,500<\/span><span class=\"td_social_info td_social_info_name\">Cititori<\/span><span class=\"td_social_button\"><a href=\"https:\/\/www.tiktok.com\/@orasultimisoara\" target=\"_blank\" rel=\"nofollow\">Conecta\u021bi-v\u0103<\/a><\/span><\/div>\n<\/div>\n<div class=\"td_social_type td-pb-margin-side td_social_twitter\">\n<div class=\"td-social-box\"><span class=\"td_social_info td_social_info_counter\">1,595<\/span><span class=\"td_social_info td_social_info_name\">Cititori<\/span><span class=\"td_social_button\"><a href=\"https:\/\/twitter.com\/orasultm\" target=\"_blank\" rel=\"nofollow\">Conecta\u021bi-v\u0103<\/a><\/span><\/div>\n<\/div>\n<div class=\"td_social_type td-pb-margin-side td_social_youtube\">\n<div class=\"td-social-box\"><span class=\"td_social_info td_social_info_counter\">3,506<\/span><span class=\"td_social_info td_social_info_name\">Abona\u021bi<\/span><span class=\"td_social_button\"><a href=\"https:\/\/www.youtube.com\/channel\/UCQNsQvs2XCSIm1Z-AHRturw?sub_confirmation=1\" target=\"_blank\" rel=\"nofollow\">Abona\u021bi-v\u0103<\/a><\/span><\/div>\n<\/div>\n<\/div>\n<\/div>\n<aside id=\"text-7\" class=\"td_block_template_8 widget text-7 widget_text\">\n<h4 class=\"td-block-title\"><span>C\u0103ut\u0103ri populare pe OTM<\/span><\/h4>\n<div class=\"textwidget\"><a href=\"https:\/\/orasul-timisoara.ro\/?s=timisoara\"><span>Timisoara<\/span><\/a><a href=\"https:\/\/orasul-timisoara.ro\/?s=calin+dobra\"><span>Calin Dobra<\/span><\/a><a href=\"https:\/\/orasul-timisoara.ro\/?s=primaria+timisoara\"><span>Primaria Timisoara<\/span><\/a><a href=\"https:\/\/orasul-timisoara.ro\/?s=dominic+fritz\"><span>Dominic Fritz<\/span><\/a><a href=\"https:\/\/orasul-timisoara.ro\/?s=nicolae+robu\"><span>Nicolae Robu<\/span><\/a><a href=\"https:\/\/orasul-timisoara.ro\/?s=consiliul+local+timisoara\">Consiliul Local Timisoara<\/a><a href=\"https:\/\/orasul-timisoara.ro\/?s=consiliul+judetean+timis\"><span>Consiliul Judetean Timis<\/span><\/a><a href=\"https:\/\/orasul-timisoara.ro\/?s=cjt\"><span>CJT<\/span><\/a><a href=\"https:\/\/orasul-timisoara.ro\/?s=Alfred+Simonis\"><span>Alfred Simonis<\/span><\/a><a href=\"https:\/\/orasul-timisoara.ro\/?s=PNL\"><span>PNL<\/span><\/a><a href=\"https:\/\/orasul-timisoara.ro\/?s=coronavirus\"><span>coronavirus<\/span><\/a><a href=\"https:\/\/orasul-timisoara.ro\/?s=teatru+timisoara\">teatru Timisoara<\/a><a href=\"https:\/\/orasul-timisoara.ro\/?s=restaurante\"><span>restaurante Timisoara<\/span><\/a><a href=\"https:\/\/orasul-timisoara.ro\/?s=diskoteka\"><span>Diskoteka<\/span><\/a><a href=\"https:\/\/orasul-timisoara.ro\/?s=iulius+town\"><span>Iulius Town<\/span><\/a><a href=\"https:\/\/orasul-timisoara.ro\/?s=iulius+mall\"><span>Iulius Mall<\/span><\/a><a href=\"https:\/\/orasul-timisoara.ro\/?s=stpt\"><span>STPT<\/span><\/a><a href=\"https:\/\/orasul-timisoara.ro\/?s=alin+nica\"><span>Alin Nica<\/span><\/a><a href=\"https:\/\/orasul-timisoara.ro\/?s=psd\"><span>PSD<\/span><\/a><a href=\"https:\/\/orasul-timisoara.ro\/?s=aeroport\"><span>Aeroportul International Timisoara<\/span><\/a><a href=\"https:\/\/orasul-timisoara.ro\/?s=babes\"><span>Spitalul Victor Babes Timisoara<\/span><\/a><a href=\"https:\/\/orasul-timisoara.ro\/?s=poli\"><span>Poli Timi\u0219oara<\/span><\/a><a href=\"https:\/\/orasul-timisoara.ro\/?s=carantina\"><span>carantina<\/span><\/a><a href=\"https:\/\/orasul-timisoara.ro\/?s=aquatim\"><span>Aquatim<\/span><\/a><a href=\"https:\/\/orasul-timisoara.ro\/local-category\/stiri-timisoara\/\"><span>Stiri Timisoara<\/span><\/a><a href=\"https:\/\/orasul-timisoara.ro\/local-category\/investitii-in-timisoara\/\"><span>Investi\u021bii in Timi\u0219oara<\/span><\/a><a href=\"https:\/\/orasul-timisoara.ro\/local-9463\/\"><span>shaorma<\/span><\/a><a href=\"https:\/\/orasul-timisoara.ro\/?s=trafic\"><span>trafic rutier<\/span><\/a><a href=\"https:\/\/orasul-timisoara.ro\/?s=politia\"><span>politia locala timisoara<\/span><\/a><a href=\"https:\/\/orasul-timisoara.ro\/?s=roxana\"><span>Roxana Iliescu<\/span><\/a><a href=\"https:\/\/orasul-timisoara.ro\/?s=colterm\"><span>Colterm<\/span><\/a><a href=\"https:\/\/orasul-timisoara.ro\/?s=latcau\"><span>Ruben La\u021bc\u0103u<\/span><\/a><a href=\"https:\/\/orasul-timisoara.ro\/?s=timis\"><span>\u0218tiri din Timi\u0219<\/span><\/a><a href=\"https:\/\/orasul-timisoara.ro\/?s=spital\"><span>Spitale din Timi\u0219oara<\/span><\/a><a href=\"https:\/\/orasul-timisoara.ro\/?s=tabara\"><span>Cosmin Tab\u0103r\u0103<\/span><\/a><\/div>\n<\/aside>\n<aside id=\"rss-2\" class=\"td_block_template_8 widget rss-2 widget_rss\">\n<h4 class=\"td-block-title\"><span><a class=\"rsswidget rss-widget-feed\" href=\"https:\/\/fashionfridays.ro\/feed\"><img decoding=\"async\" class=\"rss-widget-icon\" width=\"14\" height=\"14\" src=\"https:\/\/orasul-timisoara.ro\/wp-includes\/images\/rss.png\" alt=\"Flux RSS: Fashion Fridays\" loading=\"lazy\"><\/a><a class=\"rsswidget rss-widget-title\" href=\"https:\/\/fashionfridays.ro\/\">Fashion Fridays<\/a><\/span><\/h4>\n<ul>\n<li><a class=\"rsswidget\" href=\"https:\/\/fashionfridays.ro\/romania-devine-a-29-a-piata-vogue-o-noua-era-pentru-industria-locala-de-moda\/\">Rom\u00e2nia devine a 29-a pia\u021b\u0103 Vogue: o nou\u0103 er\u0103 pentru industria local\u0103 de mod\u0103<\/a>\n<div class=\"rssSummary\">Revista Vogue \u00ee\u0219i extinde prezen\u021ba global\u0103 \u0219i va fi lansat\u0103 oficial \u00een Rom\u00e2nia \u00een prim\u0103vara anului 2027, marc\u00e2nd intrarea pe cea de-a 29-a pia\u021b\u0103 interna\u021bional\u0103. Proiectul este realizat \u00een parteneriat cu AEMME Publishing, o companie media recent \u00eenfiin\u021bat\u0103, care va publica edi\u021bia local\u0103 sub licen\u021b\u0103. Noua edi\u021bie, Vogue Rom\u00e2nia, \u00ee\u0219i propune s\u0103 combine autoritatea global\u0103 [\u2026]<\/div>\n<\/li>\n<\/ul>\n<\/aside>\n<aside id=\"rss-4\" class=\"td_block_template_8 widget rss-4 widget_rss\">\n<h4 class=\"td-block-title\"><span><a class=\"rsswidget rss-widget-feed\" href=\"https:\/\/emasini.ro\/feed\"><img decoding=\"async\" class=\"rss-widget-icon\" width=\"14\" height=\"14\" src=\"https:\/\/orasul-timisoara.ro\/wp-includes\/images\/rss.png\" alt=\"Flux RSS: eMasini\" loading=\"lazy\"><\/a><a class=\"rsswidget rss-widget-title\" href=\"https:\/\/emasini.ro\/\">eMasini<\/a><\/span><\/h4>\n<ul>\n<li><a class=\"rsswidget\" href=\"https:\/\/emasini.ro\/adio-bordurilor-pline-de-ecrane-mercedes-benz-readuce-butoanele-in-noile-masini-produse\/\">Adio bordurilor pline de ecrane? Mercedes-Benz readuce butoanele \u00een noile ma\u0219ini produse<\/a>\n<div class=\"rssSummary\">Mercedes-Benz \u00ee\u0219i schimb\u0103 direc\u021bia \u00een ceea ce prive\u0219te designul interioarelor \u0219i va readuce comenzile fizice pentru anumite func\u021bii importante. Constructorul german nu renun\u021b\u0103 la ecranele mari \u0219i la tehnologiile digitale, dar recunoa\u0219te c\u0103 a mers prea departe prin eliminarea unor butoane \u0219i comenzi tactile. Ola K\u00e4llenius, pre\u0219edintele Consiliului de Administra\u021bie al Mercedes-Benz Group \u0219i CEO [\u2026]<\/div>\n<\/li>\n<\/ul>\n<\/aside>\n<\/div>\n<\/div>\n<\/div>\n<\/div>\n<\/article>\n<div class=\"td-post-content tagdiv-type\">\n<p class=\"wp-block-paragraph\">Trei ateliere de scriere creativ\u0103 dedicate tinerilor cu v\u00e2rste \u00eentre 10 \u0219i 18 ani \u00eencep miercuri, 19 august 2026, la Parcul Funda\u021biei Jecza din Timi\u0219oara. Activit\u0103\u021bile sunt organizate \u00een cadrul proiectului \u201eParcul Funda\u021biei Jecza \u2013 Scen\u0103 deschis\u0103\u201d \u0219i \u00eei invit\u0103 pe participan\u021bi s\u0103 transforme experien\u021bele din cartier, oamenii din jur \u0219i propriile \u00eent\u00e2mpl\u0103ri \u00een pove\u0219ti.<\/p>\n<p class=\"wp-block-paragraph\">Atelierele \u201ePove\u0219ti ale cartierului\u201d sunt sus\u021binute de Elena Jebeleanu \u0219i se vor desf\u0103\u0219ura \u00een trei \u00eent\u00e2lniri, programate \u00een 19 august, 16 septembrie \u0219i 21 octombrie, \u00eentre orele 11:00 \u0219i 14:00. Participarea este gratuit\u0103, \u00eens\u0103 num\u0103rul de locuri este limitat la 10-15 participan\u021bi, iar \u00eenscrierea prealabil\u0103 este necesar\u0103.<\/p>\n<h2 class=\"wp-block-heading\">Ateliere de scriere creativ\u0103 pentru tinerii din cartier<\/h2>\n<p class=\"wp-block-paragraph\">Programul este construit \u00een jurul ideii c\u0103 pove\u0219tile pot fi descoperite \u00een experien\u021bele de zi cu zi \u0219i \u00een spa\u021biul \u00een care oamenii tr\u0103iesc. Participan\u021bii vor porni de la propriile amintiri, de la cartier \u0219i de la oamenii \u0219i obiectele pe care le \u00eent\u00e2lnesc pentru a \u00eenv\u0103\u021ba cum pot transforma aceste elemente \u00een texte.<\/p>\n<p class=\"wp-block-paragraph\">Atelierele vor aborda mai multe forme de construc\u021bie a unui text, de la nara\u021biune \u0219i dialog p\u00e2n\u0103 la descriere. Participan\u021bii vor avea ocazia s\u0103 experimenteze cu personaje, situa\u021bii \u0219i lumi imaginare inspirate din realitatea imediat\u0103.<\/p>\n<h2 class=\"wp-block-heading\">\u201ePove\u0219ti ale cartierului\u201d, trei \u00eent\u00e2lniri de crea\u021bie<\/h2>\n<p class=\"wp-block-paragraph\">Prima \u00eent\u00e2lnire este programat\u0103 pentru 19 august, urm\u0103toarea va avea loc pe 16 septembrie, iar seria se va \u00eencheia pe 21 octombrie. Toate cele trei ateliere se desf\u0103\u0219oar\u0103 \u00een intervalul 11:00-14:00.<\/p>\n<p class=\"wp-block-paragraph\">Elena Jebeleanu \u00eei va ghida pe participan\u021bi prin exerci\u021bii de scriere care urm\u0103resc s\u0103 dezvolte capacitatea de a observa \u0219i de a transforma detaliile cotidiene \u00een material literar.<\/p>\n<p class=\"wp-block-paragraph\">Organizatorii spun c\u0103 vor fi explorate tipare textuale diferite, \u00een care nara\u021biunea, dialogul \u0219i descrierea se completeaz\u0103 pentru a construi lumi imaginare pornind de la experien\u021be reale.<\/p>\n<h2 class=\"wp-block-heading\">Personajele vor fi construite prin gesturi \u0219i dialog<\/h2>\n<p class=\"wp-block-paragraph\">Unul dintre obiectivele atelierelor este \u00een\u021belegerea modului \u00een care un personaj poate fi conturat f\u0103r\u0103 a fi descris \u00een mod direct. Vor fi urm\u0103rite elemente precum felul \u00een care un personaj vorbe\u0219te, gesturile sale, privirea sau reac\u021biile \u00eentr-o anumit\u0103 situa\u021bie.<\/p>\n<p class=\"wp-block-paragraph\">Potrivit organizatorilor, participan\u021bii vor descoperi cum detalii aparent simple pot contribui la individualizarea unui personaj. Un gest, o privire sau o schimbare de expresie pot transmite informa\u021bii despre interioritatea acestuia \u0219i pot deveni puncte de plecare pentru dezvoltarea unei pove\u0219ti.<\/p>\n<p class=\"wp-block-paragraph\">Exerci\u021biile vor combina astfel observa\u021bia cu imagina\u021bia \u0219i vor \u00eencuraja participan\u021bii s\u0103 transforme realitatea din jur \u00eentr-un material pentru propriile texte.<\/p>\n<h2 class=\"wp-block-heading\">Sculpturile din Parcul Jecza devin surs\u0103 de inspira\u021bie<\/h2>\n<p class=\"wp-block-paragraph\">Spa\u021biul \u00een care se desf\u0103\u0219oar\u0103 proiectul va avea, la r\u00e2ndul s\u0103u, un rol \u00een procesul creativ. Sculpturile \u0219i lucr\u0103rile de art\u0103 din jurul participan\u021bilor vor putea deveni puncte de pornire pentru construirea unor personaje \u0219i pove\u0219ti.<\/p>\n<p class=\"wp-block-paragraph\">\u00cen acest fel, atelierul nu se limiteaz\u0103 la exerci\u021bii de scriere realizate \u00eentr-un spa\u021biu conven\u021bional. Participan\u021bii vor putea observa mediul \u00eenconjur\u0103tor \u0219i vor fi \u00eencuraja\u021bi s\u0103 g\u0103seasc\u0103 \u00een elementele parcului idei pentru propriile texte.<\/p>\n<p class=\"wp-block-paragraph\">Leg\u0103tura dintre art\u0103, spa\u021biul public \u0219i scrierea creativ\u0103 este una dintre componentele proiectului \u201eParcul Funda\u021biei Jecza \u2013 Scen\u0103 deschis\u0103\u201d.<\/p>\n<h2 class=\"wp-block-heading\">Cine poate participa la ateliere<\/h2>\n<p class=\"wp-block-paragraph\">Programul este destinat tinerilor cu v\u00e2rste cuprinse \u00eentre 10 \u0219i 18 ani. Participarea este gratuit\u0103, \u00eens\u0103 num\u0103rul de locuri este limitat la 10-15 persoane.<\/p>\n<p class=\"wp-block-paragraph\">Pentru participare este necesar\u0103 \u00eenscrierea \u00een prealabil, aceasta realiz\u00e2ndu-se la adresa de e-mail a Funda\u021biei Jecza. Cei interesa\u021bi trebuie s\u0103 \u021bin\u0103 cont de faptul c\u0103 locurile sunt limitate \u0219i c\u0103 programul presupune participarea la \u00eent\u00e2lnirile stabilite \u00een calendar.<\/p>\n<p class=\"wp-block-paragraph\">Seria \u00eencepe pe 19 august \u0219i continu\u0103 \u00een 16 septembrie \u0219i 21 octombrie, fiecare \u00eent\u00e2lnire av\u00e2nd o durat\u0103 de trei ore.<\/p>\n<h2 class=\"wp-block-heading\">Parcul Funda\u021biei Jecza devine spa\u021biu pentru activit\u0103\u021bi culturale<\/h2>\n<p class=\"wp-block-paragraph\">Atelierele de scriere creativ\u0103 fac parte dintr-un program mai amplu desf\u0103\u0219urat timp de cinci luni \u00een Parcul Funda\u021biei Jecza. Proiectul urm\u0103re\u0219te s\u0103 transforme spa\u021biul dintr-o zon\u0103 prin care oamenii doar trec \u00eentr-un loc destinat \u00eent\u00e2lnirilor, activit\u0103\u021bilor culturale \u0219i interac\u021biunii dintre membrii comunit\u0103\u021bii.<\/p>\n<p class=\"wp-block-paragraph\">Programul nu se rezum\u0103 la spectacole \u0219i concerte. \u00cen cadrul proiectului sunt propuse activit\u0103\u021bi adresate mai multor categorii de v\u00e2rst\u0103, de la copii \u0219i tineri p\u00e2n\u0103 la adul\u021bi \u0219i seniori.<\/p>\n<p class=\"wp-block-paragraph\">Prin aceste activit\u0103\u021bi, organizatorii urm\u0103resc s\u0103 creeze un spa\u021biu \u00een care comunitatea s\u0103 poat\u0103 participa la experien\u021be culturale \u0219i creative \u0219i s\u0103 se \u00eent\u00e2lneasc\u0103 \u00eentr-un cadru diferit de cel al evenimentelor culturale tradi\u021bionale.<\/p>\n<h2 class=\"wp-block-heading\">Proiect finan\u021bat de Municipiul Timi\u0219oara<\/h2>\n<p class=\"wp-block-paragraph\">\u201eParcul Funda\u021biei Jecza \u2013 Scen\u0103 deschis\u0103\u201d este un proiect finan\u021bat de Municipiul Timi\u0219oara prin Centrul de Proiecte. Ini\u021biativa are ca obiectiv transformarea parcului \u00eentr-un spa\u021biu de \u201elocuit cultural\u201d, \u00een care activit\u0103\u021bile s\u0103 fie integrate \u00een via\u021ba comunit\u0103\u021bii.<\/p>\n<p class=\"wp-block-paragraph\">\u00cen acest context, seria \u201ePove\u0219ti ale cartierului\u201d aduce scrierea creativ\u0103 \u00een mijlocul unui spa\u021biu dedicat artei \u0219i interac\u021biunii comunitare. Pentru tinerii participan\u021bi, cele trei \u00eent\u00e2lniri pot deveni un exerci\u021biu de observare a locului \u00een care tr\u0103iesc \u0219i de transformare a experien\u021belor cotidiene \u00een pove\u0219ti.<\/p>\n<p class=\"wp-block-paragraph\">Prima \u00eent\u00e2lnire este programat\u0103 miercuri, 19 august 2026, iar seria va continua pe 16 septembrie \u0219i 21 octombrie. Toate activit\u0103\u021bile se desf\u0103\u0219oar\u0103 \u00eentre orele 11:00 \u0219i 14:00, cu participare gratuit\u0103 \u0219i \u00eenscriere prealabil\u0103.<\/p>\n<\/div>\n<p>[analyse_source url=&#8221;https:\/\/orasul-timisoara.ro\/local-40300\/&#8221;]<\/p>\n","protected":false},"excerpt":{"rendered":"<p>[analyse_image type=&#8221;featured&#8221; src=&#8221;https:\/\/orasul-timisoara.ro\/wp-content\/uploads\/2026\/08\/podter-atelier.jpg&#8221;] Evenimente in TimisoaraTinerii din Timi\u0219oara sunt invita\u021bi s\u0103 transforme pove\u0219tile cartierului \u00een texte Evenimente in Timisoara \u0218tiri Locale Tinerii din Timi\u0219oara sunt invita\u021bi s\u0103 transforme pove\u0219tile cartierului \u00een texte De c\u0103tre redactia &#8211; 18\/08\/2026 Facebook Twitter WhatsApp Linkedin ReddIt Email Imprimare Trei ateliere de scriere creativ\u0103 dedicate tinerilor cu v\u00e2rste \u00eentre 10 [&hellip;]<\/p>\n","protected":false},"author":1,"featured_media":0,"comment_status":"open","ping_status":"","sticky":false,"template":"","format":"standard","meta":{"footnotes":""},"categories":[89],"tags":[226,189],"class_list":["post-2103787","post","type-post","status-publish","format-standard","hentry","category-romania","tag-crawlmanager","tag-orasul-timisoara-ro"],"_links":{"self":[{"href":"https:\/\/analyse.optim.biz\/index.php?rest_route=\/wp\/v2\/posts\/2103787","targetHints":{"allow":["GET"]}}],"collection":[{"href":"https:\/\/analyse.optim.biz\/index.php?rest_route=\/wp\/v2\/posts"}],"about":[{"href":"https:\/\/analyse.optim.biz\/index.php?rest_route=\/wp\/v2\/types\/post"}],"author":[{"embeddable":true,"href":"https:\/\/analyse.optim.biz\/index.php?rest_route=\/wp\/v2\/users\/1"}],"replies":[{"embeddable":true,"href":"https:\/\/analyse.optim.biz\/index.php?rest_route=%2Fwp%2Fv2%2Fcomments&post=2103787"}],"version-history":[{"count":0,"href":"https:\/\/analyse.optim.biz\/index.php?rest_route=\/wp\/v2\/posts\/2103787\/revisions"}],"wp:attachment":[{"href":"https:\/\/analyse.optim.biz\/index.php?rest_route=%2Fwp%2Fv2%2Fmedia&parent=2103787"}],"wp:term":[{"taxonomy":"category","embeddable":true,"href":"https:\/\/analyse.optim.biz\/index.php?rest_route=%2Fwp%2Fv2%2Fcategories&post=2103787"},{"taxonomy":"post_tag","embeddable":true,"href":"https:\/\/analyse.optim.biz\/index.php?rest_route=%2Fwp%2Fv2%2Ftags&post=2103787"}],"curies":[{"name":"wp","href":"https:\/\/api.w.org\/{rel}","templated":true}]}}