{"id":2103786,"date":"2026-08-18T07:05:32","date_gmt":"2026-08-18T04:05:32","guid":{"rendered":"https:\/\/analyse.optim.biz\/?p=2103786"},"modified":"2026-08-18T07:05:32","modified_gmt":"2026-08-18T04:05:32","slug":"perchezitii-la-hoti-din-locuinte-in-timisoara-si-judet-un-politist-implicat-captura-impresionanta","status":"publish","type":"post","link":"https:\/\/analyse.optim.biz\/?p=2103786","title":{"rendered":"Perchezi\u0163ii la ho\u0163i din locuin\u0163e, \u00een Timi\u015foara \u015fi jude\u0163, un poli\u0163ist implicat. Captur\u0103 impresionant\u0103"},"content":{"rendered":"<p>[analyse_image type=&#8221;featured&#8221; src=&#8221;https:\/\/renasterea.ro\/ro\/wp-content\/uploads\/2026\/08\/perchezitii.jpghttps:\/\/renasterea.ro\/ro\/wp-content\/uploads\/2026\/08\/perchezitii.jpg&#8221;]<\/p>\n<div class=\"entry-content\"><img loading=\"lazy\" decoding=\"async\" width=\"800\" height=\"308\" src=\"https:\/\/renasterea.ro\/ro\/wp-content\/uploads\/2026\/08\/perchezitii.jpg\" class=\"attachment-medium size-medium wp-post-image\" alt=\"Perchezi\u0163ii la ho\u0163i din locuin\u0163e, \u00een Timi\u015foara \u015fi jude\u0163, un poli\u0163ist implicat. Captur\u0103 impresionant\u0103 (foto-video\" title=\"Perchezi\u0163ii la ho\u0163i din locuin\u0163e, \u00een Timi\u015foara \u015fi jude\u0163, un poli\u0163ist implicat. Captur\u0103 impresionant\u0103 (foto-video) 1\"><\/p>\n<h4>Perchezi\u0163ii la ho\u0163i din locuin\u0163e, \u00een Timi\u015foara \u015fi jude\u0163, un poli\u0163ist implicat. Captur\u0103 impresionant\u0103<\/h4>\n<p>Mar\u0163i, 18 august, poli\u021bi\u0219tii din cadrul Poli\u021biei Municipiului Timi\u0219oara \u2013 Biroul de Investiga\u021bii Criminale, sub coordonarea procurorului din cadrul Parchetului de pe l\u00e2ng\u0103 Judec\u0103toria Timi\u0219oara, au pus \u00een executare 16 mandate de perchezi\u021bie domiciliar\u0103, \u00een jude\u021bul Timi\u0219, \u00eentr-un dosar penal \u00een care sunt efectuate cercet\u0103ri cu privire la activitatea unei grup\u0103ri infrac\u021bionale b\u0103nuite de comiterea mai multor infrac\u021biuni de furt calificat din locuin\u021be.<\/p>\n<p>Din cercet\u0103rile efectuate p\u00e2n\u0103 \u00een prezent au rezultat indicii cu privire la utilizarea unor moduri de operare complexe, adaptate pentru p\u0103trunderea \u0219i sustragerea de bunuri din locuin\u021be.<\/p>\n<p>De asemenea, unul dintre mandatele de perchezi\u021bie domiciliar\u0103 vizeaz\u0103 casa unui agent de poli\u021bie din cadrul Poli\u021biei Municipiului Timi\u0219oara.<\/p>\n<p>\u201eConducerea Inspectoratului de Poli\u021bie Jude\u021bean Timi\u0219 se delimiteaz\u0103 ferm de orice comportament care contravine legii \u0219i principiilor de integritate care guverneaz\u0103 activitatea poli\u021bieneasc\u0103. \u00cen situa\u021bia \u00een care sunt constatate fapte de natur\u0103 penal\u0103 s\u0103v\u00e2r\u0219ite de persoane care au calitatea de poli\u021bist, acestea sunt tratate cu fermitate, iar cercet\u0103rile se desf\u0103\u0219oar\u0103 potrivit competen\u021belor legale\u201d, a transmis IPJ Timi\u015f.<\/p>\n<p>Activit\u0103\u021bile se desf\u0103\u0219oar\u0103 sub coordonarea procurorului de caz din cadrul Parchetului de pe l\u00e2ng\u0103 Judec\u0103toria Timi\u0219oara.<\/p>\n<iframe loading=\"lazy\" title=\"Perchezi\u021bii la ho\u021bi din locuin\u021be\" width=\"540\" height=\"960\" src=\"https:\/\/www.youtube.com\/embed\/4df18I7POV4?feature=oembed\" frameborder allow=\"accelerometer; autoplay; clipboard-write; encrypted-media; gyroscope; picture-in-picture; web-share\" referrerpolicy=\"strict-origin-when-cross-origin\" allowfullscreen><\/iframe>\n<h2>CITE\u015eTE \u015eI: <span><a href=\"https:\/\/renasterea.ro\/in-timisoara-cosmopolita-statiile-mijloacelor-de-transport-in-comun-sunt-umilitoare\/\">\u00cen Timi\u0219oara cosmopolit\u0103, sta\u021biile mijloacelor de transport \u00een comun sunt umilitoare. Ce spun locuitorii ora\u015fului<\/a><\/span><\/h2>\n<\/div>\n<p>[analyse_source url=&#8221;https:\/\/renasterea.ro\/perchezitii-la-hoti-din-locuinte-in-timisoara-si-judet-un-politist-implicat-captura-impresionanta-foto-video\/&#8221;]<\/p>\n","protected":false},"excerpt":{"rendered":"<p>[analyse_image type=&#8221;featured&#8221; src=&#8221;https:\/\/renasterea.ro\/ro\/wp-content\/uploads\/2026\/08\/perchezitii.jpghttps:\/\/renasterea.ro\/ro\/wp-content\/uploads\/2026\/08\/perchezitii.jpg&#8221;] Perchezi\u0163ii la ho\u0163i din locuin\u0163e, \u00een Timi\u015foara \u015fi jude\u0163, un poli\u0163ist implicat. Captur\u0103 impresionant\u0103 Mar\u0163i, 18 august, poli\u021bi\u0219tii din cadrul Poli\u021biei Municipiului Timi\u0219oara \u2013 Biroul de Investiga\u021bii Criminale, sub coordonarea procurorului din cadrul Parchetului de pe l\u00e2ng\u0103 Judec\u0103toria Timi\u0219oara, au pus \u00een executare 16 mandate de perchezi\u021bie domiciliar\u0103, \u00een jude\u021bul Timi\u0219, \u00eentr-un [&hellip;]<\/p>\n","protected":false},"author":1,"featured_media":0,"comment_status":"open","ping_status":"","sticky":false,"template":"","format":"standard","meta":{"footnotes":""},"categories":[89],"tags":[226,188],"class_list":["post-2103786","post","type-post","status-publish","format-standard","hentry","category-romania","tag-crawlmanager","tag-renasterea-ro"],"_links":{"self":[{"href":"https:\/\/analyse.optim.biz\/index.php?rest_route=\/wp\/v2\/posts\/2103786","targetHints":{"allow":["GET"]}}],"collection":[{"href":"https:\/\/analyse.optim.biz\/index.php?rest_route=\/wp\/v2\/posts"}],"about":[{"href":"https:\/\/analyse.optim.biz\/index.php?rest_route=\/wp\/v2\/types\/post"}],"author":[{"embeddable":true,"href":"https:\/\/analyse.optim.biz\/index.php?rest_route=\/wp\/v2\/users\/1"}],"replies":[{"embeddable":true,"href":"https:\/\/analyse.optim.biz\/index.php?rest_route=%2Fwp%2Fv2%2Fcomments&post=2103786"}],"version-history":[{"count":0,"href":"https:\/\/analyse.optim.biz\/index.php?rest_route=\/wp\/v2\/posts\/2103786\/revisions"}],"wp:attachment":[{"href":"https:\/\/analyse.optim.biz\/index.php?rest_route=%2Fwp%2Fv2%2Fmedia&parent=2103786"}],"wp:term":[{"taxonomy":"category","embeddable":true,"href":"https:\/\/analyse.optim.biz\/index.php?rest_route=%2Fwp%2Fv2%2Fcategories&post=2103786"},{"taxonomy":"post_tag","embeddable":true,"href":"https:\/\/analyse.optim.biz\/index.php?rest_route=%2Fwp%2Fv2%2Ftags&post=2103786"}],"curies":[{"name":"wp","href":"https:\/\/api.w.org\/{rel}","templated":true}]}}