{"id":2103785,"date":"2026-08-19T13:00:10","date_gmt":"2026-08-19T10:00:10","guid":{"rendered":"https:\/\/analyse.optim.biz\/?p=2103785"},"modified":"2026-08-19T13:00:10","modified_gmt":"2026-08-19T10:00:10","slug":"scm-politehnica-timisoara-incepe-sezonul-in-forta-duel-cu-dinamo-in-supercupa-romaniei","status":"publish","type":"post","link":"https:\/\/analyse.optim.biz\/?p=2103785","title":{"rendered":"SCM Politehnica Timi\u0219oara \u00eencepe sezonul \u00een for\u021b\u0103: duel cu Dinamo \u00een Supercupa Rom\u00e2niei"},"content":{"rendered":"<p>[analyse_image type=&#8221;featured&#8221; src=&#8221;https:\/\/orasul-timisoara.ro\/wp-content\/uploads\/2025\/09\/handbal-scm-politehnica-timisoara.jpg&#8221;]<\/p>\n<article id=\"post-40336\" class=\"td-post-template-7 post-40336 post type-post status-publish format-standard has-post-thumbnail category-featured category-sport-local category-stiri-timisoara tag-dinamo-bucuresti-2 tag-european-cup tag-handbal-masculin tag-handbal-timisoara-2 tag-liga-nationala-de-handbal tag-scm-poli tag-scm-politehnica-timisoara-2 tag-sport-timisoara-2 tag-supercupa-romaniei td-container-wrap\">\n<div class=\"td-full-screen-header-image-wrap\">\n<div class=\"td-container td-post-header\">\n<div class=\"td-crumb-container\">\n<div class=\"entry-crumbs\"><span><a title=\"Vede\u021bi toate articolele \u00een Sport Local\" class=\"entry-crumb\" href=\"https:\/\/orasul-timisoara.ro\/local-category\/sport-local\/\">Sport Local<\/a><\/span><span class=\"td-bred-no-url-last\">SCM Politehnica Timi\u0219oara \u00eencepe sezonul \u00een for\u021b\u0103: duel cu Dinamo \u00een Supercupa&#8230;<\/span><\/div>\n<\/div>\n<div class=\"td-post-header-holder\">\n<div class=\"td-parallax-header\">\n<header class=\"td-post-title\">\n<ul class=\"td-category\">\n<li class=\"entry-category\"><a href=\"https:\/\/orasul-timisoara.ro\/local-category\/sport-local\/\">Sport Local<\/a><\/li>\n<li class=\"entry-category\"><a href=\"https:\/\/orasul-timisoara.ro\/local-category\/stiri-timisoara\/\">\u0218tiri Locale<\/a><\/li>\n<\/ul>\n<h1 class=\"entry-title\">SCM Politehnica Timi\u0219oara \u00eencepe sezonul \u00een for\u021b\u0103: duel cu Dinamo \u00een Supercupa Rom\u00e2niei<\/h1>\n<div class=\"td-module-meta-info\">\n<div class=\"td-post-author-name\">\n<div class=\"td-author-by\">De c\u0103tre<\/div>\n<p><a href=\"https:\/\/orasul-timisoara.ro\/author\/timisoara\/\">redactia<\/a><\/p>\n<div class=\"td-author-line\"> &#8211; <\/div>\n<\/div>\n<p><span class=\"td-post-date\"><time class=\"entry-date updated td-module-date\" datetime=\"2026-08-19T16:00:10+03:00\">19\/08\/2026<\/time><\/span><\/div>\n<\/header>\n<\/div>\n<\/div>\n<\/div>\n<div id=\"td-full-screen-header-image\" class=\"td-image-gradient-style7\"><img decoding=\"async\" class=\"td-backstretch\" src=\"https:\/\/orasul-timisoara.ro\/wp-content\/uploads\/2025\/09\/handbal-scm-politehnica-timisoara.jpg\"><\/div>\n<\/div>\n<div class=\"td-container\">\n<div class=\"td-pb-row\">\n<div class=\"td-pb-span8 td-main-content\" role=\"main\">\n<div class=\"td-ss-main-content\">\n<div class=\"td-post-sharing-top\">\n<div class=\"td-post-sharing-classic\"><iframe title=\"topFacebookLike\" frameborder src=\"https:\/\/www.facebook.com\/plugins\/like.php?href=https:\/\/orasul-timisoara.ro\/local-40336\/&amp;layout=button_count&amp;show_faces=false&amp;width=105&amp;action=like&amp;colorscheme=light&amp;height=21\"><\/iframe><\/div>\n<div id=\"td_social_sharing_article_top\" class=\"td-post-sharing td-ps-bg td-ps-notext td-post-sharing-style1 \">\n<div class=\"td-post-sharing-visible\"><a class=\"td-social-sharing-button td-social-sharing-button-js td-social-network td-social-facebook\" href=\"https:\/\/www.facebook.com\/sharer.php?u=https%3A%2F%2Forasul-timisoara.ro%2Flocal-40336%2F\" title=\"Facebook\"><\/p>\n<div class=\"td-social-but-text\">Facebook<\/div>\n<p><\/a><a class=\"td-social-sharing-button td-social-sharing-button-js td-social-network td-social-twitter\" href=\"https:\/\/twitter.com\/intent\/tweet?text=SCM+Politehnica+Timi%C8%99oara+%C3%AEncepe+sezonul+%C3%AEn+for%C8%9B%C4%83%3A+duel+cu+Dinamo+%C3%AEn+Supercupa+Rom%C3%A2niei&amp;url=https%3A%2F%2Forasul-timisoara.ro%2Flocal-40336%2F&amp;via=orasultm\" title=\"Twitter\"><\/p>\n<div class=\"td-social-but-text\">Twitter<\/div>\n<p><\/a><a class=\"td-social-sharing-button td-social-sharing-button-js td-social-network td-social-whatsapp\" href=\"https:\/\/api.whatsapp.com\/send?text=SCM+Politehnica+Timi%C8%99oara+%C3%AEncepe+sezonul+%C3%AEn+for%C8%9B%C4%83%3A+duel+cu+Dinamo+%C3%AEn+Supercupa+Rom%C3%A2niei%20%0A%0A%20https:\/\/orasul-timisoara.ro\/local-40336\/\" title=\"WhatsApp\"><\/p>\n<div class=\"td-social-but-text\">WhatsApp<\/div>\n<p><\/a><a class=\"td-social-sharing-button td-social-sharing-button-js td-social-network td-social-linkedin\" href=\"https:\/\/www.linkedin.com\/shareArticle?mini=true&amp;url=https:\/\/orasul-timisoara.ro\/local-40336\/&amp;title=SCM+Politehnica+Timi%C8%99oara+%C3%AEncepe+sezonul+%C3%AEn+for%C8%9B%C4%83%3A+duel+cu+Dinamo+%C3%AEn+Supercupa+Rom%C3%A2niei\" title=\"Linkedin\"><\/p>\n<div class=\"td-social-but-text\">Linkedin<\/div>\n<p><\/a><a class=\"td-social-sharing-button td-social-sharing-button-js td-social-network td-social-reddit\" href=\"https:\/\/reddit.com\/submit?url=https:\/\/orasul-timisoara.ro\/local-40336\/&amp;title=SCM+Politehnica+Timi%C8%99oara+%C3%AEncepe+sezonul+%C3%AEn+for%C8%9B%C4%83%3A+duel+cu+Dinamo+%C3%AEn+Supercupa+Rom%C3%A2niei\" title=\"ReddIt\"><\/p>\n<div class=\"td-social-but-text\">ReddIt<\/div>\n<p><\/a><a class=\"td-social-sharing-button td-social-sharing-button-js td-social-network td-social-mail\" href=\"mailto:?subject=SCM%20Politehnica%20Timi%C8%99oara%20%C3%AEncepe%20sezonul%20%C3%AEn%20for%C8%9B%C4%83:%20duel%20cu%20Dinamo%20%C3%AEn%20Supercupa%20Rom%C3%A2niei&amp;body=https:\/\/orasul-timisoara.ro\/local-40336\/\" title=\"Email\"><\/p>\n<div class=\"td-social-but-text\">Email<\/div>\n<p><\/a><a class=\"td-social-sharing-button td-social-sharing-button-js td-social-network td-social-print\" href=\"https:\/\/orasul-timisoara.ro\/local-40336\/\" title=\"Imprimare\"><\/p>\n<div class=\"td-social-but-text\">Imprimare<\/div>\n<p><\/a><\/div>\n<\/div>\n<\/div>\n<div class=\"td-post-content tagdiv-type\">\n<p class=\"wp-block-paragraph\">SCM Politehnica Timi\u0219oara \u00eencepe sezonul 2026\/2027 mai devreme dec\u00e2t \u00een anii preceden\u021bi, iar primul test oficial este unul de calibru. Alb-viole\u021bii vor \u00eent\u00e2lni Dinamo Bucure\u0219ti \u00een semifinalele Supercupei Rom\u00e2niei, competi\u021bie care va avea loc la Bistri\u021ba \u00een perioada 21-22 august.<\/p>\n<p class=\"wp-block-paragraph\">Pentru forma\u021bia timi\u0219orean\u0103, noul sezon vine cu un program mult mai aglomerat, dup\u0103 rezultatele bune ob\u021binute \u00een stagiunea precedent\u0103. Pe l\u00e2ng\u0103 Liga Na\u021bional\u0103 \u0219i Cupa Rom\u00e2niei, SCM Politehnica Timi\u0219oara va evolua \u00een Supercupa Rom\u00e2niei \u0219i \u00een competi\u021bia european\u0103 European Cup.<\/p>\n<h2 class=\"wp-block-heading\">Primul examen oficial: Dinamo Bucure\u0219ti<\/h2>\n<p class=\"wp-block-paragraph\">SCM Politehnica Timi\u0219oara va juca \u00een prima semifinal\u0103 a Supercupei Rom\u00e2niei, vineri, 21 august, de la ora 17:30, \u00eempotriva campioanei Dinamo Bucure\u0219ti. Turneul este g\u0103zduit de Bistri\u021ba, iar \u00een cealalt\u0103 semifinal\u0103 se vor \u00eent\u00e2lni CSM Bucure\u0219ti \u0219i HC Buz\u0103u. :contentReference[oaicite:1]{index=1}<\/p>\n<p class=\"wp-block-paragraph\">\u00cen cazul unei victorii, alb-viole\u021bii vor reveni pe teren s\u00e2mb\u0103t\u0103, 22 august, pentru finala competi\u021biei. Dac\u0103 vor pierde semifinala, echipa timi\u0219orean\u0103 va disputa partida pentru locurile 3-4.<\/p>\n<p class=\"wp-block-paragraph\">Pentru SCM Poli este doar a doua participare din istorie \u00een Supercupa Rom\u00e2niei. Prima a avut loc \u00een 2019, c\u00e2nd trofeul s-a decis \u00eentr-o singur\u0103 partid\u0103, disputat\u0103 la Bra\u0219ov. Atunci, Timi\u0219oara a fost \u00eenvins\u0103 de Dinamo cu 26-24.<\/p>\n<h2 class=\"wp-block-heading\">Trei victorii \u00een meciurile de preg\u0103tire<\/h2>\n<p class=\"wp-block-paragraph\">Forma\u021bia timi\u0219orean\u0103 vine dup\u0103 un presezon \u00een care a disputat patru partide de verificare. Bilan\u021bul este unul pozitiv, cu trei victorii \u0219i o singur\u0103 \u00eenfr\u00e2ngere.<\/p>\n<p class=\"wp-block-paragraph\">\u00cen cantonamentul din Ungaria, SCM Politehnica Timi\u0219oara a \u00eenvins-o pe Tatabanya cu 35-32, dar a pierdut \u00een fa\u021ba forma\u021biei Budai Farkasok, scor 31-34.<\/p>\n<p class=\"wp-block-paragraph\">La Cupa Poli, turneu desf\u0103\u0219urat la Timi\u0219oara, alb-viole\u021bii au ob\u021binut dou\u0103 victorii: 31-29 cu RK Jugovic Kac din Serbia \u0219i 39-32 cu CSM Bucure\u0219ti. Cupa Poli a ajuns \u00een acest an la edi\u021bia cu num\u0103rul 49 \u0219i a reprezentat ultima verificare \u00eenaintea debutului oficial. :contentReference[oaicite:2]{index=2}<\/p>\n<h2 class=\"wp-block-heading\">Cristian Fenici: \u201eEchipa este preg\u0103tit\u0103\u201d<\/h2>\n<p class=\"wp-block-paragraph\">C\u0103pitanul SCM Politehnica Timi\u0219oara, Cristian Fenici, consider\u0103 c\u0103 echipa este preg\u0103tit\u0103 pentru primul meci oficial al sezonului \u0219i sper\u0103 ca forma\u021bia timi\u0219orean\u0103 s\u0103 poat\u0103 produce surpriza \u00een fa\u021ba lui Dinamo.<\/p>\n<p class=\"wp-block-paragraph\">\u201eAm jucat patru meciuri de verificare foarte bune \u0219i consider c\u0103 echipa este preg\u0103tit\u0103. Avem o unitate de grup foarte bun\u0103 \u0219i sper ca la ora meciului cu Dinamo s\u0103 juc\u0103m un handbal bun \u0219i \u2013 de ce nu? \u2013 s\u0103 facem o surpriz\u0103\u201d, a declarat Cristian Fenici.<\/p>\n<h2 class=\"wp-block-heading\">Un sezon cu obiective \u0219i mai mari pentru Poli<\/h2>\n<p class=\"wp-block-paragraph\">Calificarea \u00een mai multe competi\u021bii este o consecin\u021b\u0103 a parcursului bun avut de SCM Politehnica Timi\u0219oara \u00een sezonul precedent. Forma\u021bia alb-violet\u0103 va avea acum de gestionat un calendar mai \u00eenc\u0103rcat, cu meciuri interne \u0219i europene.<\/p>\n<p class=\"wp-block-paragraph\">Pe l\u00e2ng\u0103 participarea \u00een Liga Na\u021bional\u0103 \u0219i Cupa Rom\u00e2niei, SCM Poli va reprezenta Timi\u0219oara \u0219i \u00een European Cup, ceea ce \u00eenseamn\u0103 c\u0103 echipa va avea parte de mai multe meciuri oficiale \u0219i de confrunt\u0103ri interna\u021bionale.<\/p>\n<p class=\"wp-block-paragraph\">Debutul \u00eempotriva lui Dinamo este, astfel, un prim test important pentru echipa preg\u0103tit\u0103 s\u0103 intre \u00eentr-un sezon \u00een care num\u0103rul competi\u021biilor s-a dublat.<\/p>\n<p class=\"wp-block-paragraph\">Pentru suporterii timi\u0219oreni, Supercupa reprezint\u0103 \u0219i o oportunitate de a vedea \u00eenc\u0103 din primele zile ale noului sezon c\u00e2t de bine este preg\u0103tit\u0103 echipa pentru obiectivele care urmeaz\u0103.<\/p>\n<p class=\"wp-block-paragraph\">SCM Politehnica Timi\u0219oara porne\u0219te la drum cu un adversar dificil, dar \u0219i cu \u00eencrederea c\u00e2\u0219tigat\u0103 \u00een urma celor trei victorii din presezon. Iar duelul cu Dinamo poate fi primul moment important al unei stagiuni \u00een care alb-viole\u021bii vor avea mai multe competi\u021bii de disputat \u0219i, implicit, mai multe \u0219anse de a confirma progresul din sezonul trecut.<\/p>\n<\/div>\n<footer>\n<div class=\"td-post-source-tags\">\n<ul class=\"td-tags td-post-small-box clearfix\">\n<li><span>ETICHETE<\/span><\/li>\n<li><a href=\"https:\/\/orasul-timisoara.ro\/local-tag\/dinamo-bucuresti-2\/\">Dinamo Bucure\u0219ti<\/a><\/li>\n<li><a href=\"https:\/\/orasul-timisoara.ro\/local-tag\/european-cup\/\">European Cup<\/a><\/li>\n<li><a href=\"https:\/\/orasul-timisoara.ro\/local-tag\/handbal-masculin\/\">handbal masculin<\/a><\/li>\n<li><a href=\"https:\/\/orasul-timisoara.ro\/local-tag\/handbal-timisoara-2\/\">handbal Timi\u0219oara<\/a><\/li>\n<li><a href=\"https:\/\/orasul-timisoara.ro\/local-tag\/liga-nationala-de-handbal\/\">Liga Na\u021bional\u0103 de handbal<\/a><\/li>\n<li><a href=\"https:\/\/orasul-timisoara.ro\/local-tag\/scm-poli\/\">SCM Poli<\/a><\/li>\n<li><a href=\"https:\/\/orasul-timisoara.ro\/local-tag\/scm-politehnica-timisoara-2\/\">SCM Politehnica Timi\u0219oara<\/a><\/li>\n<li><a href=\"https:\/\/orasul-timisoara.ro\/local-tag\/sport-timisoara-2\/\">sport Timi\u0219oara<\/a><\/li>\n<li><a href=\"https:\/\/orasul-timisoara.ro\/local-tag\/supercupa-romaniei\/\">Supercupa Rom\u00e2niei<\/a><\/li>\n<\/ul>\n<\/div>\n<div class=\"td-post-sharing-bottom\">\n<div class=\"td-post-sharing-classic\"><iframe title=\"bottomFacebookLike\" frameborder src=\"https:\/\/www.facebook.com\/plugins\/like.php?href=https:\/\/orasul-timisoara.ro\/local-40336\/&amp;layout=button_count&amp;show_faces=false&amp;width=105&amp;action=like&amp;colorscheme=light&amp;height=21\"><\/iframe><\/div>\n<div id=\"td_social_sharing_article_bottom\" class=\"td-post-sharing td-ps-bg td-ps-notext td-post-sharing-style1 \">\n<div class=\"td-post-sharing-visible\"><a class=\"td-social-sharing-button td-social-sharing-button-js td-social-network td-social-facebook\" href=\"https:\/\/www.facebook.com\/sharer.php?u=https%3A%2F%2Forasul-timisoara.ro%2Flocal-40336%2F\" title=\"Facebook\"><\/p>\n<div class=\"td-social-but-text\">Facebook<\/div>\n<p><\/a><a class=\"td-social-sharing-button td-social-sharing-button-js td-social-network td-social-twitter\" href=\"https:\/\/twitter.com\/intent\/tweet?text=SCM+Politehnica+Timi%C8%99oara+%C3%AEncepe+sezonul+%C3%AEn+for%C8%9B%C4%83%3A+duel+cu+Dinamo+%C3%AEn+Supercupa+Rom%C3%A2niei&amp;url=https%3A%2F%2Forasul-timisoara.ro%2Flocal-40336%2F&amp;via=orasultm\" title=\"Twitter\"><\/p>\n<div class=\"td-social-but-text\">Twitter<\/div>\n<p><\/a><a class=\"td-social-sharing-button td-social-sharing-button-js td-social-network td-social-whatsapp\" href=\"https:\/\/api.whatsapp.com\/send?text=SCM+Politehnica+Timi%C8%99oara+%C3%AEncepe+sezonul+%C3%AEn+for%C8%9B%C4%83%3A+duel+cu+Dinamo+%C3%AEn+Supercupa+Rom%C3%A2niei%20%0A%0A%20https:\/\/orasul-timisoara.ro\/local-40336\/\" title=\"WhatsApp\"><\/p>\n<div class=\"td-social-but-text\">WhatsApp<\/div>\n<p><\/a><a class=\"td-social-sharing-button td-social-sharing-button-js td-social-network td-social-linkedin\" href=\"https:\/\/www.linkedin.com\/shareArticle?mini=true&amp;url=https:\/\/orasul-timisoara.ro\/local-40336\/&amp;title=SCM+Politehnica+Timi%C8%99oara+%C3%AEncepe+sezonul+%C3%AEn+for%C8%9B%C4%83%3A+duel+cu+Dinamo+%C3%AEn+Supercupa+Rom%C3%A2niei\" title=\"Linkedin\"><\/p>\n<div class=\"td-social-but-text\">Linkedin<\/div>\n<p><\/a><a class=\"td-social-sharing-button td-social-sharing-button-js td-social-network td-social-reddit\" href=\"https:\/\/reddit.com\/submit?url=https:\/\/orasul-timisoara.ro\/local-40336\/&amp;title=SCM+Politehnica+Timi%C8%99oara+%C3%AEncepe+sezonul+%C3%AEn+for%C8%9B%C4%83%3A+duel+cu+Dinamo+%C3%AEn+Supercupa+Rom%C3%A2niei\" title=\"ReddIt\"><\/p>\n<div class=\"td-social-but-text\">ReddIt<\/div>\n<p><\/a><a class=\"td-social-sharing-button td-social-sharing-button-js td-social-network td-social-mail\" href=\"mailto:?subject=SCM%20Politehnica%20Timi%C8%99oara%20%C3%AEncepe%20sezonul%20%C3%AEn%20for%C8%9B%C4%83:%20duel%20cu%20Dinamo%20%C3%AEn%20Supercupa%20Rom%C3%A2niei&amp;body=https:\/\/orasul-timisoara.ro\/local-40336\/\" title=\"Email\"><\/p>\n<div class=\"td-social-but-text\">Email<\/div>\n<p><\/a><a class=\"td-social-sharing-button td-social-sharing-button-js td-social-network td-social-print\" href=\"https:\/\/orasul-timisoara.ro\/local-40336\/\" title=\"Imprimare\"><\/p>\n<div class=\"td-social-but-text\">Imprimare<\/div>\n<p><\/a><\/div>\n<\/div>\n<\/div>\n<div class=\"td-block-row td-post-next-prev\">\n<div class=\"td-block-span6 td-post-prev-post\">\n<div class=\"td-post-next-prev-content\"><span>Articolul precedent<\/span><a href=\"https:\/\/orasul-timisoara.ro\/local-40331\/\">Unirea Rom\u00e2niei cu Moldova, analizat\u0103 de o prestigioas\u0103 institu\u021bie italian\u0103<\/a><\/div>\n<\/div>\n<div class=\"td-block-span6 td-post-next-post\">\n<div class=\"td-post-next-prev-content\"><span>Articolul urm\u0103tor<\/span><a href=\"https:\/\/orasul-timisoara.ro\/local-40338\/\">Aquatim opre\u0219te apa \u00een Blajova, vineri. Lucr\u0103ri de mentenan\u021b\u0103 la Gospod\u0103ria de Ap\u0103<\/a><\/div>\n<\/div>\n<\/div>\n<div class=\"td-author-name vcard author\"><span class=\"fn\"><a href=\"https:\/\/orasul-timisoara.ro\/author\/timisoara\/\">redactia<\/a><\/span><\/div>\n<p><span class=\"td-page-meta\"><\/span><span class=\"td-page-meta\"><span class=\"td-page-meta\"><\/span><\/span><span class=\"td-page-meta\"><\/span><\/footer>\n<div class=\"td_block_wrap td_block_related_posts tdi_3 td_with_ajax_pagination td-pb-border-top td_block_template_8\" data-td-block-uid=\"tdi_3\">\n<h4 class=\"td-related-title td-block-title\"><a id=\"tdi_4\" class=\"td-related-left td-cur-simple-item\" data-td_filter_value data-td_block_id=\"tdi_3\" href=\"https:\/\/orasul-timisoara.ro\/local-40336\/\">ARTICOLE SIMILARE<\/a><a id=\"tdi_5\" class=\"td-related-right\" data-td_filter_value=\"td_related_more_from_author\" data-td_block_id=\"tdi_3\" href=\"https:\/\/orasul-timisoara.ro\/local-40336\/\">DE LA ACELA\u0218I AUTOR<\/a><\/h4>\n<div id=\"tdi_3\" class=\"td_block_inner\">\n<div class=\"td-related-row\">\n<div class=\"td-related-span4\">\n<div class=\"td_module_related_posts td-animation-stack td_mod_related_posts\">\n<div class=\"td-module-image\">\n<div class=\"td-module-thumb\"><a href=\"https:\/\/orasul-timisoara.ro\/local-38082\/\" rel=\"bookmark\" class=\"td-image-wrap \" title=\"Timi\u0219oara devine capitala handbalului rom\u00e2nesc: Politehnica, Steaua, Minaur \u0219i Dinamo lupt\u0103 pentru trofeu la Sala Olimpia\"><img loading=\"lazy\" decoding=\"async\" class=\"entry-thumb\" src=\"https:\/\/orasul-timisoara.ro\/wp-content\/uploads\/2024\/01\/handbal-timisoara-01-436x300.jpg\" alt title=\"Timi\u0219oara devine capitala handbalului rom\u00e2nesc: Politehnica, Steaua, Minaur \u0219i Dinamo lupt\u0103 pentru trofeu la Sala Olimpia\" width=\"218\" height=\"150\"><\/a><\/div>\n<\/div>\n<div class=\"item-details\">\n<h3 class=\"entry-title td-module-title\"><a href=\"https:\/\/orasul-timisoara.ro\/local-38082\/\" rel=\"bookmark\" title=\"Timi\u0219oara devine capitala handbalului rom\u00e2nesc: Politehnica, Steaua, Minaur \u0219i Dinamo lupt\u0103 pentru trofeu la Sala Olimpia\">Timi\u0219oara devine capitala handbalului rom\u00e2nesc: Politehnica, Steaua, Minaur \u0219i Dinamo lupt\u0103 pentru trofeu la Sala Olimpia<\/a><\/h3>\n<\/div>\n<\/div>\n<\/div>\n<div class=\"td-related-span4\">\n<div class=\"td_module_related_posts td-animation-stack td_mod_related_posts\">\n<div class=\"td-module-image\">\n<div class=\"td-module-thumb\"><a href=\"https:\/\/orasul-timisoara.ro\/local-37196\/\" rel=\"bookmark\" class=\"td-image-wrap \" title=\"SCM Politehnica Timi\u0219oara \u2013 CSU Suceava, duel pentru cupele europene \u00een Liga Na\u021bional\u0103 de handbal\"><img loading=\"lazy\" decoding=\"async\" class=\"entry-thumb\" src=\"https:\/\/orasul-timisoara.ro\/wp-content\/uploads\/2025\/09\/handbal-scm-politehnica-timisoara-436x300.jpg\" alt title=\"SCM Politehnica Timi\u0219oara \u2013 CSU Suceava, duel pentru cupele europene \u00een Liga Na\u021bional\u0103 de handbal\" width=\"218\" height=\"150\"><\/a><\/div>\n<\/div>\n<div class=\"item-details\">\n<h3 class=\"entry-title td-module-title\"><a href=\"https:\/\/orasul-timisoara.ro\/local-37196\/\" rel=\"bookmark\" title=\"SCM Politehnica Timi\u0219oara \u2013 CSU Suceava, duel pentru cupele europene \u00een Liga Na\u021bional\u0103 de handbal\">SCM Politehnica Timi\u0219oara \u2013 CSU Suceava, duel pentru cupele europene \u00een Liga Na\u021bional\u0103 de handbal<\/a><\/h3>\n<\/div>\n<\/div>\n<\/div>\n<div class=\"td-related-span4\">\n<div class=\"td_module_related_posts td-animation-stack td_mod_related_posts\">\n<div class=\"td-module-image\">\n<div class=\"td-module-thumb\"><a href=\"https:\/\/orasul-timisoara.ro\/local-36842\/\" rel=\"bookmark\" class=\"td-image-wrap \" title=\"Politehnica Timi\u0219oara joac\u0103 acas\u0103 sferturile Cupei Rom\u00e2niei, cu intrare liber\u0103\"><img loading=\"lazy\" decoding=\"async\" class=\"entry-thumb\" src=\"https:\/\/orasul-timisoara.ro\/wp-content\/uploads\/2025\/09\/handbal-scm-politehnica-timisoara-436x300.jpg\" alt title=\"Politehnica Timi\u0219oara joac\u0103 acas\u0103 sferturile Cupei Rom\u00e2niei, cu intrare liber\u0103\" width=\"218\" height=\"150\"><\/a><\/div>\n<\/div>\n<div class=\"item-details\">\n<h3 class=\"entry-title td-module-title\"><a href=\"https:\/\/orasul-timisoara.ro\/local-36842\/\" rel=\"bookmark\" title=\"Politehnica Timi\u0219oara joac\u0103 acas\u0103 sferturile Cupei Rom\u00e2niei, cu intrare liber\u0103\">Politehnica Timi\u0219oara joac\u0103 acas\u0103 sferturile Cupei Rom\u00e2niei, cu intrare liber\u0103<\/a><\/h3>\n<\/div>\n<\/div>\n<\/div>\n<\/div>\n<\/div>\n<\/div>\n<div class=\"comments\" id=\"comments\">\n<div id=\"respond\" class=\"comment-respond\">\n<h3 id=\"reply-title\" class=\"comment-reply-title\">L\u0102SA\u021aI UN MESAJ<\/h3>\n<div class=\"comment-form-input-wrap td-form-comment\">\n<div class=\"td-warning-comment\">V\u0103 rug\u0103m s\u0103 introduce\u021bi comentariul dvs.!<\/div>\n<\/div>\n<div class=\"comment-form-input-wrap td-form-author\">\n<div class=\"td-warning-author\">Introduce\u021bi aici numele dvs.<\/div>\n<\/div>\n<div class=\"comment-form-input-wrap td-form-email\">\n<div class=\"td-warning-email-error\">A\u021bi introdus o adres\u0103 de e-mail incorect\u0103!<\/div>\n<div class=\"td-warning-email\">V\u0103 rug\u0103m s\u0103 introduce\u021bi adresa dvs. de e-mail aici<\/div>\n<\/div>\n<\/div>\n<p class=\"akismet_comment_form_privacy_notice\">Acest site folose\u0219te Akismet pentru a reduce spamul. <a href=\"https:\/\/akismet.com\/privacy\/\" target=\"_blank\" rel=\"nofollow noopener\">Afl\u0103 cum sunt procesate datele comentariilor tale<\/a>.<\/p>\n<\/div>\n<\/div>\n<\/div>\n<div class=\"td-pb-span4 td-main-sidebar\" role=\"complementary\">\n<div class=\"td-ss-main-sidebar\">\n<aside id=\"block-4\" class=\"td_block_template_8 widget block-4 widget_block widget_media_image\">\n<figure class=\"wp-block-image size-full\"><img loading=\"lazy\" decoding=\"async\" width=\"336\" height=\"280\" src=\"https:\/\/orasul-timisoara.ro\/wp-content\/uploads\/2024\/11\/ReTIM-Abonamentul-Verde-Google-Ads-336x280px.gif\" alt class=\"wp-image-29257\"><\/figure>\n<\/aside>\n<div class=\"td_block_wrap td_block_social_counter td_block_widget tdi_6 td-social-style5 td-social-boxed td-pb-border-top td_block_template_8\">\n<div class=\"td-block-title-wrap\">\n<h4 class=\"td-block-title\"><span>Urm\u0103re\u0219te-ne pe Social Media<\/span><\/h4>\n<\/div>\n<div class=\"td-social-list\">\n<div class=\"td_social_type td-pb-margin-side td_social_facebook\">\n<div class=\"td-social-box\"><span class=\"td_social_info td_social_info_counter\">344,595<\/span><span class=\"td_social_info td_social_info_name\">Fani<\/span><span class=\"td_social_button\"><a href=\"https:\/\/www.facebook.com\/247timisoara\" target=\"_blank\" rel=\"nofollow\">\u00cemi place<\/a><\/span><\/div>\n<\/div>\n<div class=\"td_social_type td-pb-margin-side td_social_instagram\">\n<div class=\"td-social-box\"><span class=\"td_social_info td_social_info_counter\">4,416<\/span><span class=\"td_social_info td_social_info_name\">Cititori<\/span><span class=\"td_social_button\"><a href=\"https:\/\/instagram.com\/orasultimisoararo\/\" target=\"_blank\" rel=\"nofollow\">Conecta\u021bi-v\u0103<\/a><\/span><\/div>\n<\/div>\n<div class=\"td_social_type td-pb-margin-side td_social_rss\">\n<div class=\"td-social-box\"><span class=\"td_social_info td_social_info_counter\">12,506<\/span><span class=\"td_social_info td_social_info_name\">Cititori<\/span><span class=\"td_social_button\"><a href=\"https:\/\/orasul-timisoara.ro\/feed\/\" target=\"_blank\" rel=\"nofollow\">Conecta\u021bi-v\u0103<\/a><\/span><\/div>\n<\/div>\n<div class=\"td_social_type td-pb-margin-side td_social_tiktok\">\n<div class=\"td-social-box\"><span class=\"td_social_info td_social_info_counter\">1,500<\/span><span class=\"td_social_info td_social_info_name\">Cititori<\/span><span class=\"td_social_button\"><a href=\"https:\/\/www.tiktok.com\/@orasultimisoara\" target=\"_blank\" rel=\"nofollow\">Conecta\u021bi-v\u0103<\/a><\/span><\/div>\n<\/div>\n<div class=\"td_social_type td-pb-margin-side td_social_twitter\">\n<div class=\"td-social-box\"><span class=\"td_social_info td_social_info_counter\">1,595<\/span><span class=\"td_social_info td_social_info_name\">Cititori<\/span><span class=\"td_social_button\"><a href=\"https:\/\/twitter.com\/orasultm\" target=\"_blank\" rel=\"nofollow\">Conecta\u021bi-v\u0103<\/a><\/span><\/div>\n<\/div>\n<div class=\"td_social_type td-pb-margin-side td_social_youtube\">\n<div class=\"td-social-box\"><span class=\"td_social_info td_social_info_counter\">3,506<\/span><span class=\"td_social_info td_social_info_name\">Abona\u021bi<\/span><span class=\"td_social_button\"><a href=\"https:\/\/www.youtube.com\/channel\/UCQNsQvs2XCSIm1Z-AHRturw?sub_confirmation=1\" target=\"_blank\" rel=\"nofollow\">Abona\u021bi-v\u0103<\/a><\/span><\/div>\n<\/div>\n<\/div>\n<\/div>\n<aside id=\"text-7\" class=\"td_block_template_8 widget text-7 widget_text\">\n<h4 class=\"td-block-title\"><span>C\u0103ut\u0103ri populare pe OTM<\/span><\/h4>\n<div class=\"textwidget\"><a href=\"https:\/\/orasul-timisoara.ro\/?s=timisoara\"><span>Timisoara<\/span><\/a><a href=\"https:\/\/orasul-timisoara.ro\/?s=calin+dobra\"><span>Calin Dobra<\/span><\/a><a href=\"https:\/\/orasul-timisoara.ro\/?s=primaria+timisoara\"><span>Primaria Timisoara<\/span><\/a><a href=\"https:\/\/orasul-timisoara.ro\/?s=dominic+fritz\"><span>Dominic Fritz<\/span><\/a><a href=\"https:\/\/orasul-timisoara.ro\/?s=nicolae+robu\"><span>Nicolae Robu<\/span><\/a><a href=\"https:\/\/orasul-timisoara.ro\/?s=consiliul+local+timisoara\">Consiliul Local Timisoara<\/a><a href=\"https:\/\/orasul-timisoara.ro\/?s=consiliul+judetean+timis\"><span>Consiliul Judetean Timis<\/span><\/a><a href=\"https:\/\/orasul-timisoara.ro\/?s=cjt\"><span>CJT<\/span><\/a><a href=\"https:\/\/orasul-timisoara.ro\/?s=Alfred+Simonis\"><span>Alfred Simonis<\/span><\/a><a href=\"https:\/\/orasul-timisoara.ro\/?s=PNL\"><span>PNL<\/span><\/a><a href=\"https:\/\/orasul-timisoara.ro\/?s=coronavirus\"><span>coronavirus<\/span><\/a><a href=\"https:\/\/orasul-timisoara.ro\/?s=teatru+timisoara\">teatru Timisoara<\/a><a href=\"https:\/\/orasul-timisoara.ro\/?s=restaurante\"><span>restaurante Timisoara<\/span><\/a><a href=\"https:\/\/orasul-timisoara.ro\/?s=diskoteka\"><span>Diskoteka<\/span><\/a><a href=\"https:\/\/orasul-timisoara.ro\/?s=iulius+town\"><span>Iulius Town<\/span><\/a><a href=\"https:\/\/orasul-timisoara.ro\/?s=iulius+mall\"><span>Iulius Mall<\/span><\/a><a href=\"https:\/\/orasul-timisoara.ro\/?s=stpt\"><span>STPT<\/span><\/a><a href=\"https:\/\/orasul-timisoara.ro\/?s=alin+nica\"><span>Alin Nica<\/span><\/a><a href=\"https:\/\/orasul-timisoara.ro\/?s=psd\"><span>PSD<\/span><\/a><a href=\"https:\/\/orasul-timisoara.ro\/?s=aeroport\"><span>Aeroportul International Timisoara<\/span><\/a><a href=\"https:\/\/orasul-timisoara.ro\/?s=babes\"><span>Spitalul Victor Babes Timisoara<\/span><\/a><a href=\"https:\/\/orasul-timisoara.ro\/?s=poli\"><span>Poli Timi\u0219oara<\/span><\/a><a href=\"https:\/\/orasul-timisoara.ro\/?s=carantina\"><span>carantina<\/span><\/a><a href=\"https:\/\/orasul-timisoara.ro\/?s=aquatim\"><span>Aquatim<\/span><\/a><a href=\"https:\/\/orasul-timisoara.ro\/local-category\/stiri-timisoara\/\"><span>Stiri Timisoara<\/span><\/a><a href=\"https:\/\/orasul-timisoara.ro\/local-category\/investitii-in-timisoara\/\"><span>Investi\u021bii in Timi\u0219oara<\/span><\/a><a href=\"https:\/\/orasul-timisoara.ro\/local-9463\/\"><span>shaorma<\/span><\/a><a href=\"https:\/\/orasul-timisoara.ro\/?s=trafic\"><span>trafic rutier<\/span><\/a><a href=\"https:\/\/orasul-timisoara.ro\/?s=politia\"><span>politia locala timisoara<\/span><\/a><a href=\"https:\/\/orasul-timisoara.ro\/?s=roxana\"><span>Roxana Iliescu<\/span><\/a><a href=\"https:\/\/orasul-timisoara.ro\/?s=colterm\"><span>Colterm<\/span><\/a><a href=\"https:\/\/orasul-timisoara.ro\/?s=latcau\"><span>Ruben La\u021bc\u0103u<\/span><\/a><a href=\"https:\/\/orasul-timisoara.ro\/?s=timis\"><span>\u0218tiri din Timi\u0219<\/span><\/a><a href=\"https:\/\/orasul-timisoara.ro\/?s=spital\"><span>Spitale din Timi\u0219oara<\/span><\/a><a href=\"https:\/\/orasul-timisoara.ro\/?s=tabara\"><span>Cosmin Tab\u0103r\u0103<\/span><\/a><\/div>\n<\/aside>\n<aside id=\"rss-2\" class=\"td_block_template_8 widget rss-2 widget_rss\">\n<h4 class=\"td-block-title\"><span><a class=\"rsswidget rss-widget-feed\" href=\"https:\/\/fashionfridays.ro\/feed\"><img decoding=\"async\" class=\"rss-widget-icon\" width=\"14\" height=\"14\" src=\"https:\/\/orasul-timisoara.ro\/wp-includes\/images\/rss.png\" alt=\"Flux RSS: Fashion Fridays\" loading=\"lazy\"><\/a><a class=\"rsswidget rss-widget-title\" href=\"https:\/\/fashionfridays.ro\/\">Fashion Fridays<\/a><\/span><\/h4>\n<ul>\n<li><a class=\"rsswidget\" href=\"https:\/\/fashionfridays.ro\/romania-devine-a-29-a-piata-vogue-o-noua-era-pentru-industria-locala-de-moda\/\">Rom\u00e2nia devine a 29-a pia\u021b\u0103 Vogue: o nou\u0103 er\u0103 pentru industria local\u0103 de mod\u0103<\/a>\n<div class=\"rssSummary\">Revista Vogue \u00ee\u0219i extinde prezen\u021ba global\u0103 \u0219i va fi lansat\u0103 oficial \u00een Rom\u00e2nia \u00een prim\u0103vara anului 2027, marc\u00e2nd intrarea pe cea de-a 29-a pia\u021b\u0103 interna\u021bional\u0103. Proiectul este realizat \u00een parteneriat cu AEMME Publishing, o companie media recent \u00eenfiin\u021bat\u0103, care va publica edi\u021bia local\u0103 sub licen\u021b\u0103. Noua edi\u021bie, Vogue Rom\u00e2nia, \u00ee\u0219i propune s\u0103 combine autoritatea global\u0103 [\u2026]<\/div>\n<\/li>\n<\/ul>\n<\/aside>\n<aside id=\"rss-4\" class=\"td_block_template_8 widget rss-4 widget_rss\">\n<h4 class=\"td-block-title\"><span><a class=\"rsswidget rss-widget-feed\" href=\"https:\/\/emasini.ro\/feed\"><img decoding=\"async\" class=\"rss-widget-icon\" width=\"14\" height=\"14\" src=\"https:\/\/orasul-timisoara.ro\/wp-includes\/images\/rss.png\" alt=\"Flux RSS: eMasini\" loading=\"lazy\"><\/a><a class=\"rsswidget rss-widget-title\" href=\"https:\/\/emasini.ro\/\">eMasini<\/a><\/span><\/h4>\n<ul>\n<li><a class=\"rsswidget\" href=\"https:\/\/emasini.ro\/adio-bordurilor-pline-de-ecrane-mercedes-benz-readuce-butoanele-in-noile-masini-produse\/\">Adio bordurilor pline de ecrane? Mercedes-Benz readuce butoanele \u00een noile ma\u0219ini produse<\/a>\n<div class=\"rssSummary\">Mercedes-Benz \u00ee\u0219i schimb\u0103 direc\u021bia \u00een ceea ce prive\u0219te designul interioarelor \u0219i va readuce comenzile fizice pentru anumite func\u021bii importante. Constructorul german nu renun\u021b\u0103 la ecranele mari \u0219i la tehnologiile digitale, dar recunoa\u0219te c\u0103 a mers prea departe prin eliminarea unor butoane \u0219i comenzi tactile. Ola K\u00e4llenius, pre\u0219edintele Consiliului de Administra\u021bie al Mercedes-Benz Group \u0219i CEO [\u2026]<\/div>\n<\/li>\n<\/ul>\n<\/aside>\n<\/div>\n<\/div>\n<\/div>\n<\/div>\n<\/article>\n<div class=\"td-post-content tagdiv-type\">\n<p class=\"wp-block-paragraph\">SCM Politehnica Timi\u0219oara \u00eencepe sezonul 2026\/2027 mai devreme dec\u00e2t \u00een anii preceden\u021bi, iar primul test oficial este unul de calibru. Alb-viole\u021bii vor \u00eent\u00e2lni Dinamo Bucure\u0219ti \u00een semifinalele Supercupei Rom\u00e2niei, competi\u021bie care va avea loc la Bistri\u021ba \u00een perioada 21-22 august.<\/p>\n<p class=\"wp-block-paragraph\">Pentru forma\u021bia timi\u0219orean\u0103, noul sezon vine cu un program mult mai aglomerat, dup\u0103 rezultatele bune ob\u021binute \u00een stagiunea precedent\u0103. Pe l\u00e2ng\u0103 Liga Na\u021bional\u0103 \u0219i Cupa Rom\u00e2niei, SCM Politehnica Timi\u0219oara va evolua \u00een Supercupa Rom\u00e2niei \u0219i \u00een competi\u021bia european\u0103 European Cup.<\/p>\n<h2 class=\"wp-block-heading\">Primul examen oficial: Dinamo Bucure\u0219ti<\/h2>\n<p class=\"wp-block-paragraph\">SCM Politehnica Timi\u0219oara va juca \u00een prima semifinal\u0103 a Supercupei Rom\u00e2niei, vineri, 21 august, de la ora 17:30, \u00eempotriva campioanei Dinamo Bucure\u0219ti. Turneul este g\u0103zduit de Bistri\u021ba, iar \u00een cealalt\u0103 semifinal\u0103 se vor \u00eent\u00e2lni CSM Bucure\u0219ti \u0219i HC Buz\u0103u. :contentReference[oaicite:1]{index=1}<\/p>\n<p class=\"wp-block-paragraph\">\u00cen cazul unei victorii, alb-viole\u021bii vor reveni pe teren s\u00e2mb\u0103t\u0103, 22 august, pentru finala competi\u021biei. Dac\u0103 vor pierde semifinala, echipa timi\u0219orean\u0103 va disputa partida pentru locurile 3-4.<\/p>\n<p class=\"wp-block-paragraph\">Pentru SCM Poli este doar a doua participare din istorie \u00een Supercupa Rom\u00e2niei. Prima a avut loc \u00een 2019, c\u00e2nd trofeul s-a decis \u00eentr-o singur\u0103 partid\u0103, disputat\u0103 la Bra\u0219ov. Atunci, Timi\u0219oara a fost \u00eenvins\u0103 de Dinamo cu 26-24.<\/p>\n<h2 class=\"wp-block-heading\">Trei victorii \u00een meciurile de preg\u0103tire<\/h2>\n<p class=\"wp-block-paragraph\">Forma\u021bia timi\u0219orean\u0103 vine dup\u0103 un presezon \u00een care a disputat patru partide de verificare. Bilan\u021bul este unul pozitiv, cu trei victorii \u0219i o singur\u0103 \u00eenfr\u00e2ngere.<\/p>\n<p class=\"wp-block-paragraph\">\u00cen cantonamentul din Ungaria, SCM Politehnica Timi\u0219oara a \u00eenvins-o pe Tatabanya cu 35-32, dar a pierdut \u00een fa\u021ba forma\u021biei Budai Farkasok, scor 31-34.<\/p>\n<p class=\"wp-block-paragraph\">La Cupa Poli, turneu desf\u0103\u0219urat la Timi\u0219oara, alb-viole\u021bii au ob\u021binut dou\u0103 victorii: 31-29 cu RK Jugovic Kac din Serbia \u0219i 39-32 cu CSM Bucure\u0219ti. Cupa Poli a ajuns \u00een acest an la edi\u021bia cu num\u0103rul 49 \u0219i a reprezentat ultima verificare \u00eenaintea debutului oficial. :contentReference[oaicite:2]{index=2}<\/p>\n<h2 class=\"wp-block-heading\">Cristian Fenici: \u201eEchipa este preg\u0103tit\u0103\u201d<\/h2>\n<p class=\"wp-block-paragraph\">C\u0103pitanul SCM Politehnica Timi\u0219oara, Cristian Fenici, consider\u0103 c\u0103 echipa este preg\u0103tit\u0103 pentru primul meci oficial al sezonului \u0219i sper\u0103 ca forma\u021bia timi\u0219orean\u0103 s\u0103 poat\u0103 produce surpriza \u00een fa\u021ba lui Dinamo.<\/p>\n<p class=\"wp-block-paragraph\">\u201eAm jucat patru meciuri de verificare foarte bune \u0219i consider c\u0103 echipa este preg\u0103tit\u0103. Avem o unitate de grup foarte bun\u0103 \u0219i sper ca la ora meciului cu Dinamo s\u0103 juc\u0103m un handbal bun \u0219i \u2013 de ce nu? \u2013 s\u0103 facem o surpriz\u0103\u201d, a declarat Cristian Fenici.<\/p>\n<h2 class=\"wp-block-heading\">Un sezon cu obiective \u0219i mai mari pentru Poli<\/h2>\n<p class=\"wp-block-paragraph\">Calificarea \u00een mai multe competi\u021bii este o consecin\u021b\u0103 a parcursului bun avut de SCM Politehnica Timi\u0219oara \u00een sezonul precedent. Forma\u021bia alb-violet\u0103 va avea acum de gestionat un calendar mai \u00eenc\u0103rcat, cu meciuri interne \u0219i europene.<\/p>\n<p class=\"wp-block-paragraph\">Pe l\u00e2ng\u0103 participarea \u00een Liga Na\u021bional\u0103 \u0219i Cupa Rom\u00e2niei, SCM Poli va reprezenta Timi\u0219oara \u0219i \u00een European Cup, ceea ce \u00eenseamn\u0103 c\u0103 echipa va avea parte de mai multe meciuri oficiale \u0219i de confrunt\u0103ri interna\u021bionale.<\/p>\n<p class=\"wp-block-paragraph\">Debutul \u00eempotriva lui Dinamo este, astfel, un prim test important pentru echipa preg\u0103tit\u0103 s\u0103 intre \u00eentr-un sezon \u00een care num\u0103rul competi\u021biilor s-a dublat.<\/p>\n<p class=\"wp-block-paragraph\">Pentru suporterii timi\u0219oreni, Supercupa reprezint\u0103 \u0219i o oportunitate de a vedea \u00eenc\u0103 din primele zile ale noului sezon c\u00e2t de bine este preg\u0103tit\u0103 echipa pentru obiectivele care urmeaz\u0103.<\/p>\n<p class=\"wp-block-paragraph\">SCM Politehnica Timi\u0219oara porne\u0219te la drum cu un adversar dificil, dar \u0219i cu \u00eencrederea c\u00e2\u0219tigat\u0103 \u00een urma celor trei victorii din presezon. Iar duelul cu Dinamo poate fi primul moment important al unei stagiuni \u00een care alb-viole\u021bii vor avea mai multe competi\u021bii de disputat \u0219i, implicit, mai multe \u0219anse de a confirma progresul din sezonul trecut.<\/p>\n<\/div>\n<p>[analyse_source url=&#8221;https:\/\/orasul-timisoara.ro\/local-40336\/&#8221;]<\/p>\n","protected":false},"excerpt":{"rendered":"<p>[analyse_image type=&#8221;featured&#8221; src=&#8221;https:\/\/orasul-timisoara.ro\/wp-content\/uploads\/2025\/09\/handbal-scm-politehnica-timisoara.jpg&#8221;] Sport LocalSCM Politehnica Timi\u0219oara \u00eencepe sezonul \u00een for\u021b\u0103: duel cu Dinamo \u00een Supercupa&#8230; Sport Local \u0218tiri Locale SCM Politehnica Timi\u0219oara \u00eencepe sezonul \u00een for\u021b\u0103: duel cu Dinamo \u00een Supercupa Rom\u00e2niei De c\u0103tre redactia &#8211; 19\/08\/2026 Facebook Twitter WhatsApp Linkedin ReddIt Email Imprimare SCM Politehnica Timi\u0219oara \u00eencepe sezonul 2026\/2027 mai devreme dec\u00e2t \u00een [&hellip;]<\/p>\n","protected":false},"author":1,"featured_media":0,"comment_status":"open","ping_status":"","sticky":false,"template":"","format":"standard","meta":{"footnotes":""},"categories":[89],"tags":[226,189],"class_list":["post-2103785","post","type-post","status-publish","format-standard","hentry","category-romania","tag-crawlmanager","tag-orasul-timisoara-ro"],"_links":{"self":[{"href":"https:\/\/analyse.optim.biz\/index.php?rest_route=\/wp\/v2\/posts\/2103785","targetHints":{"allow":["GET"]}}],"collection":[{"href":"https:\/\/analyse.optim.biz\/index.php?rest_route=\/wp\/v2\/posts"}],"about":[{"href":"https:\/\/analyse.optim.biz\/index.php?rest_route=\/wp\/v2\/types\/post"}],"author":[{"embeddable":true,"href":"https:\/\/analyse.optim.biz\/index.php?rest_route=\/wp\/v2\/users\/1"}],"replies":[{"embeddable":true,"href":"https:\/\/analyse.optim.biz\/index.php?rest_route=%2Fwp%2Fv2%2Fcomments&post=2103785"}],"version-history":[{"count":0,"href":"https:\/\/analyse.optim.biz\/index.php?rest_route=\/wp\/v2\/posts\/2103785\/revisions"}],"wp:attachment":[{"href":"https:\/\/analyse.optim.biz\/index.php?rest_route=%2Fwp%2Fv2%2Fmedia&parent=2103785"}],"wp:term":[{"taxonomy":"category","embeddable":true,"href":"https:\/\/analyse.optim.biz\/index.php?rest_route=%2Fwp%2Fv2%2Fcategories&post=2103785"},{"taxonomy":"post_tag","embeddable":true,"href":"https:\/\/analyse.optim.biz\/index.php?rest_route=%2Fwp%2Fv2%2Ftags&post=2103785"}],"curies":[{"name":"wp","href":"https:\/\/api.w.org\/{rel}","templated":true}]}}