{"id":2103781,"date":"2026-08-20T10:26:24","date_gmt":"2026-08-20T07:26:24","guid":{"rendered":"https:\/\/analyse.optim.biz\/?p=2103781"},"modified":"2026-08-20T10:26:24","modified_gmt":"2026-08-20T07:26:24","slug":"bad-boy-alexa-si-vanzari-transparente-la-preturi-obraznice","status":"publish","type":"post","link":"https:\/\/analyse.optim.biz\/?p=2103781","title":{"rendered":"\u201cBad Boy\u201d Alexa \u0219i v\u00e2nzari transparente la pre\u021buri obraznice"},"content":{"rendered":"<p>[analyse_image type=&#8221;featured&#8221; src=&#8221;https:\/\/ziardesuceava.ro\/wp-content\/uploads\/2026\/08\/Liviu-Alexa-expozitie-cluj-napoca-1024&#215;677.jpg&#8221;]<\/p>\n<div class=\"post-content clearfix\">\n<div class=\"blog-post-thumb\"><img loading=\"lazy\" decoding=\"async\" width=\"1140\" height=\"694\" src=\"https:\/\/ziardesuceava.ro\/wp-content\/uploads\/2026\/08\/Liviu-Alexa-expozitie-cluj-napoca-1140x694.jpg\" class=\"attachment-inhype-blog-thumb size-inhype-blog-thumb wp-post-image\" alt><\/div>\n<div class=\"entry-content\">\n<p>Unul dintre arti\u0219tii emergen\u021bi cel mai bine v\u00e2ndu\u021bi din Rom\u00e2nia caut\u0103 locul perfect pentru seria spectaculoas\u0103 de picturi dedicat\u0103 regretatei voci a trupei The Cranberries.<\/p>\n<p>Liviu Alexa a \u00eemplinit de cur\u00e2nd 47 de ani. Dur jurnalist de investiga\u021bie, \u0219i-a consolidat reputa\u021bia de \u201ebad boy\u201d \u00een acest an, c\u00e2nd, f\u0103r\u0103 niciun avertisment pentru lumea lini\u0219tit\u0103 a artei rom\u00e2ne\u0219ti, a vernisat nu una, ci dou\u0103 expozi\u021bii personale aproape simultan, fiecare cu o tematic\u0103 diferit\u0103. Ambele au impresionat nu doar publicul, ci \u0219i colec\u021bionarii. Conform declara\u021biilor organizatorilor, Muzeul de Arta din Cluj, respectiv galeria Kulterra din Bucure\u0219ti, 80% din lucr\u0103rile expuse au fost v\u00e2ndute pe durata expozi\u021biilor.<\/p>\n<p>Felul \u00een care picteaz\u0103 Alexa este neobi\u0219nuit \u0219i provocator, \u00eens\u0103 \u0219i mai provocator este modul \u00een care artistul a ales s\u0103 se devoaleze publicului. Spune povestea fiec\u0103rei lucr\u0103ri pe re\u021bele de socializare, \u00ee\u0219i implic\u0103 urm\u0103ritorii direct \u00een procesul de crea\u021bie, le arat\u0103 pas cu pas cum g\u00e2nde\u0219te fiecare tablou \u0219i public\u0103 \u00eencas\u0103rile pentru fiecare lucrare v\u00e2ndut\u0103, \u00eenso\u021bite de dovada bancar\u0103.<\/p>\n<p>\u201e\u00cen zona asta oamenii mint foarte mult. Eu vreau s\u0103 fie clar c\u0103 nu mint, c\u0103 \u00eencasez \u00eentr-adev\u0103r 15.000 de euro pentru un tablou, o sum\u0103 incredibil\u0103 pentru un artist emergent\u201d, spune el.<\/p>\n<p>Pe durata acestui an, Liviu Alexa a \u00eemparta\u0219it public \u00eencas\u0103rile provenite din v\u00e2nzarea tablourilor sale, \u00een valoare de 250.000 de euro, ceea ce \u00eel transform\u0103, probabil, \u00een cel mai bine v\u00e2ndut artist emergent din Rom\u00e2nia. Cu aceea\u0219i \u00eendr\u0103zneal\u0103 care i-a marcat \u00eentreaga carier\u0103 ca scriitor sau jurnalist, artistul Alexa \u00ee\u0219i dore\u0219te mai mult: vrea s\u0103 cucereasc\u0103 lumea, dar nu \u00een orice fel.<\/p>\n<div id=\"attachment_61756\" class=\"wp-caption alignnone\"><img loading=\"lazy\" decoding=\"async\" class=\"size-full wp-image-61756\" src=\"https:\/\/curatorial.ro\/wp-content\/uploads\/2026\/02\/Liviu-Alexa-expozitie-cluj-napoca.jpg\" alt=\"liviu alexa, expozitie cluj napoca\" width=\"1300\" height=\"859\" aria-describedby=\"caption-attachment-61756\"><\/p>\n<p id=\"caption-attachment-61756\" class=\"wp-caption-text\">Liviu Alexa, \u00een expozitia de la Muzeul de Art\u0103 Cluj-Napoca<\/p>\n<\/div>\n<p><strong>Ai \u00eenchis a doua expozi\u021bie personal\u0103 \u0219i ai terminat a treia serie de lucr\u0103ri, dedicat\u0103 regretatei Dolores O\u2019Riordan, vocea trupei irlandeze The Cranberries, cum \u00ee\u021bi petreci pauza de recuperare?<\/strong><\/p>\n<p><strong>Liviu Alexa:\u00a0<\/strong>Uite, eu m-am n\u0103scut \u00een comunism, \u00een Balcani, \u00eentr-o \u021bar\u0103 \u00een care omul crescut \u00een subsolul s\u0103r\u0103ciei nu prea are timp s\u0103 se relaxeze dac\u0103 vrea s\u0103 supravie\u021buiasc\u0103. \u00cen plus, nu mai am 20 de ani, a\u0219a c\u0103 nu-mi permit s\u0103-mi spun, ca artist, c\u0103 am toat\u0103 via\u021ba \u00eenainte \u0219i c\u0103 pot s-o iau mai \u00eencet.<\/p>\n<p>C\u00e2nd m\u0103 uit la idolul meu, Anselm Kiefer, pictorul german pe care tocmai l-am admirat la Palazzo Reale din Milano, \u00een extraordinara expozi\u021bie \u201eLe Alchimiste\u201d, m\u0103 g\u00e2ndesc c\u0103, dac\u0103 el lucreaz\u0103 \u00een ritmul acesta la 81 de ani, eu chiar nu am niciun motiv s\u0103 o las mai moale.<\/p>\n<p><strong>Visezi s\u0103 devii celebru precum Kiefer sau bogat precum Dal\u00ed?<\/strong><\/p>\n<p><strong>Liviu Alexa:<\/strong>\u00a0Sincer, ce artist autentic nu \u0219i-ar dori asta? Ce copil care joac\u0103 tenis nu viseaz\u0103 s\u0103 fie ca Novak Djokovic? S\u0103 reu\u0219e\u0219ti ca artist ast\u0103zi este foarte diferit fa\u021b\u0103 de acum 60 sau 150 de ani.<\/p>\n<p>Pe de o parte, lumea artei r\u0103m\u00e2ne ermetic\u0103 \u0219i, \u00een mare m\u0103sur\u0103, snoab\u0103. Pe de alt\u0103 parte, aceast\u0103 carapace este fisurat\u0103 tot mai puternic de arti\u0219ti extrem de talenta\u021bi care, de exemplu, nu mai au nevoie de galerii pentru a fi reprezenta\u021bi \u0219i c\u00e2\u0219tig\u0103 mai mul\u021bi bani promov\u00e2ndu-se singuri prin intermediul re\u021belelor sociale ce au devenit o uria\u0219\u0103 lup\u0103 prin care publicul prive\u0219te arta lor.<\/p>\n<p>Eu nu am o galerie care s\u0103 m\u0103 reprezinte. \u00cenc\u0103 nu am. Poate nu voi avea vreodat\u0103, de\u0219i nu exclud aceast\u0103 posibilitate. Dar dac\u0103 decid s\u0103 ofer unei galerii un comision de 50% din v\u00e2nz\u0103rile mele, vreau s\u0103 \u0219tiu c\u0103 nu voi fi tratat ca \u00eenc\u0103 un supliment alimentar pus pe raft, asemenea celor zece m\u0103rci de prezervative expuse \u00een aceea\u0219i farmacie.<\/p>\n<p><strong>Unii ar putea spune c\u0103 e\u0219ti prea obraznic\u2026<\/strong><\/p>\n<p><strong>Liviu Alexa:\u00a0<\/strong>Nu sunt obraznic. Sunt incredibil de pasionat de ceea ce fac. Iar meseria mea de jurnalist de investiga\u021bie, pe care o practic de 28 de ani, m\u0103 face s\u0103 privesc \u0219i pia\u021ba de art\u0103 cu cinism \u0219i obiectivitate. Este o pia\u021b\u0103 care s-a umplut de rutin\u0103, de comoditate, de supraevalu\u0103ri \u0219i de prejudec\u0103\u021bi.<\/p>\n<p>Ast\u0103zi, dac\u0103 nu e\u0219ti artist LGBT, african sau ucrainean, ai cu aproximativ 80% mai pu\u021bine \u0219anse, ca artist emergent, s\u0103 fii promovat de marile galerii \u0219i de presa de specialitate. Iar asta m\u0103 face s\u0103 m\u0103 \u00eentreb ce \u0219anse am eu, un artist heterosexual, credincios \u0219i, pe deasupra, purt\u00e2nd eticheta balcanic\u0103. De altfel, nu mi-a\u0219 renega niciodat\u0103 originile balcanice. Le ador. Dar dac\u0103 arti\u0219ti rom\u00e2ni extraordinari precum Adrian Ghenie sau Victor Man au reu\u0219it \u201eafar\u0103\u201d, trag speran\u021be. Dac\u0103 m\u0103 smiorc\u0103i, nu voi rezolva nimic. Ghenie nu s-a smiorc\u0103it \u0219i azi e pe buzele \u00eentregii lumi. Man nu s-a smiorc\u0103it \u0219i azi are un etaj \u00eentreg \u00een ditamai cl\u0103direa din Paris a funda\u021biei Pinault. \u015ei v\u00e2nd p\u00e2nze \u00eencep\u00e2nd de la un milion de euro \u00een sus. 90% din masa artistic\u0103 rom\u00e2neasc\u0103 respir\u0103 invidie din aia rea, o halen\u0103 de frustrare, \u00een loc s\u0103 fim m\u00e2ndri de Ghenie \u015fi Man nu numai c\u0103 au ajuns\u00a0<em>blue chips<\/em>, ci ca sunt rom\u00e2ni \u00een stratosfera artei cu \u201cA\u201d mare.<\/p>\n<p><strong>Ai ales s\u0103 faci un lucru inedit pentru imaginea clasic\u0103 a artistului. Pe Substack \u0219i, \u00een general, pe conturile tale de pe re\u021belele de socializare ar\u0103\u021bi s\u0103pt\u0103m\u00e2n\u0103 de s\u0103pt\u0103m\u00e2n\u0103 tablourile la care lucrezi \u0219i \u00ee\u021bi expui cu detalii succesul\u2026<\/strong><\/p>\n<p><strong>Liviu Alexa:<\/strong>\u00a0\u2026\u0219i e\u0219ecurile. Am ar\u0103tat chiar \u0219i cum, \u00eentr-o sear\u0103, am f\u0103cut buc\u0103\u021bi cu cu\u021bitul un tablou care nu func\u021biona \u0219i care m\u0103 enerva. Cred c\u0103 epoca artistului intangibil, retras, melancolic, convins c\u0103 imaginea lui trebuie construit\u0103 dup\u0103 principiul \u201eless is more\u201d s-a \u00eencheiat \u00een mare parte.<\/p>\n<p>Vreau ca oamenii care m\u0103 urm\u0103resc s\u0103 \u0219tie ce citesc, ce m\u0103 entuziasmeaz\u0103, ce m\u0103 irit\u0103, s\u0103 \u0219tie c\u0103 am un copil extraordinar, o so\u021bie frumoas\u0103 \u0219i inteligent\u0103 sau c\u0103 sufletul meu este plin de triste\u021be pentru c\u0103 patrupedul meu salvat de pe strad\u0103, Alo, are acum cancer \u0219i nu mai are mult de tr\u0103it.<\/p>\n<div id=\"attachment_67868\" class=\"wp-caption alignnone\"><img loading=\"lazy\" decoding=\"async\" class=\"size-full wp-image-67868\" src=\"https:\/\/curatorial.ro\/wp-content\/uploads\/2026\/08\/And-the-daffodils-look-lovely-today-The-Dolores-Portrait-Liviu-Alexa.png\" alt=\"and the daffodils look lovely today (the dolores portrait), liviu alexa\" width=\"1300\" height=\"919\" aria-describedby=\"caption-attachment-67868\"><\/p>\n<p id=\"caption-attachment-67868\" class=\"wp-caption-text\">And the Daffodils Look Lovely Today (The Dolores Portrait), de Liviu Alexa<\/p>\n<\/div>\n<p><strong>Ai m\u0103rturisit c\u0103 vrei s\u0103 ie\u0219i dincolo de grani\u021bele \u021b\u0103rii cu cea de-a treia serie, intitulat\u0103 \u201eThe Daffodil Lament\u201d, dedicat\u0103 lui Dolores O\u2019Riordan \u0219i vie\u021bii ei zbuciumate. 21 de lucr\u0103ri anun\u021bate sunt terminate, nu ai o galerie care s\u0103 te reprezinte, nu pari foarte interesat s\u0103 g\u0103se\u0219ti una, cum se poate \u00eent\u00e2mpla expansiunea c\u0103tre alte pie\u021be?<\/strong><\/p>\n<p><strong>Liviu Alexa:\u00a0<\/strong>\u0218tii ce este amuzant? De\u0219i seria nu era terminat\u0103 \u0219i nu sunt reprezentat de vreo galerie, \u0219ase dintre cele 21 de tablouri sunt deja v\u00e2ndute \u0219i achitate integral. Este incredibil ce mi se \u00eent\u00e2mpl\u0103.<\/p>\n<p>Da, sper s\u0103 fiu remarcat de un nume important din Europa sau din Statele Unite. Dar nu vreau s\u0103 m\u0103 bag \u00een seam\u0103. Cred c\u0103 aceast\u0103 serie este un omagiu artistic excep\u021bional adus unei voci unice, unei compozitoare geniale care a remodelat sufletul a zeci de milioane de oameni, inclusiv pe al meu.<\/p>\n<p>Dolores nu mai este printre noi, dar o ascult de treizeci de ani, s\u0103pt\u0103m\u00e2n\u0103 de s\u0103pt\u0103m\u00e2n\u0103, iar muzica ei am transmis-o \u0219i b\u0103iatului meu de zece ani, \u0218tefan. Asta mi se pare cu adev\u0103rat important atunci c\u00e2nd e\u0219ti un mare artist: mo\u0219tenirea pe care o la\u0219i. Iar Dolores \u0219i The Cranberries au l\u0103sat lumii ceva uria\u0219.<\/p>\n<p>Tablourile mele sunt triste, seduc\u0103toare \u0219i obsesive, exact cum erau c\u00e2ntecele ei, \u0219i reflect\u0103 fragilitatea extraordinar\u0103 a unei artiste excep\u021bionale. \u00cen aceste lucr\u0103ri vorbesc despre depresie, \u00eendoial\u0103, sinucidere, dezam\u0103gire, izolare, teama de a iubi, furie \u0219i speran\u021b\u0103 \u2014 toate teme care au traversat via\u021ba \u0219i crea\u021bia lui Dolores. S\u0103 v\u0103 uita\u021bi pe site-ul meu de artist \u2013\u00a0<a href=\"http:\/\/www.alexa.space\/\" target=\"_blank\" rel=\"noopener\">alexa.space<\/a>\u00a0\u2013 zic c\u0103 o s\u0103 v\u0103 plac\u0103.<\/p>\n<div id=\"attachment_67866\" class=\"wp-caption alignnone\"><img decoding=\"async\" loading=\"lazy\" class=\"size-full wp-image-67866\" src=\"https:\/\/curatorial.ro\/wp-content\/uploads\/2026\/08\/Zombie-Liviu-Alexa.png\" alt=\"zombie, liviu alexa\" width=\"1300\" height=\"923\" aria-describedby=\"caption-attachment-67866\"><\/p>\n<p id=\"caption-attachment-67866\" class=\"wp-caption-text\">Zombie, de Liviu Alexa<\/p>\n<\/div>\n<p><strong>Ai \u00eencercat s\u0103 iei leg\u0103tura cu cineva din restul trupei?<\/strong><\/p>\n<p><strong>Liviu Alexa:\u00a0<\/strong>Sigur, i-am contactat pe membrii r\u0103ma\u0219i. Le-am cerut un fel de binecuv\u00e2ntare artistic\u0103. Nu mi-au r\u0103spuns. E p\u0103cat, pentru c\u0103 Dolores nu mai este, iar trupa, \u00een forma ei de odinioar\u0103, nu mai exist\u0103. Credeam c\u0103 orice gest sincer de omagiere a memoriei ei merit\u0103 m\u0103car analizat.<\/p>\n<p>Poate au crezut c\u0103 sunt doar un oportunist care \u00eencearc\u0103 s\u0103 profite de numele ei. Nu sunt. Am versurile The Cranberries tatuate pe corp. Pe bune. O respir pe Dolores. Mi-a\u0219 fi dorit s\u0103-mi priveasc\u0103 tablourile. Ar fi \u00een\u021beles c\u00e2t de serios sunt.<\/p>\n<p>Cu ei sau f\u0103r\u0103 ei, voi expune la un moment dat aceast\u0103 serie \u0219i voi face tot ce pot pentru ca Dolores s\u0103 fie m\u00e2ndr\u0103 de mine, de acolo de sus.<\/p>\n<p><strong>Care este cel mai mare vis al t\u0103u pentru aceast\u0103 a treia expozi\u021bie? Unde \u021bi-ai dori s\u0103 o prezin\u021bi: la Roma, la Paris, poate la Berlin?<\/strong><\/p>\n<p><strong>Liviu Alexa:<\/strong>\u00a0O s\u0103 r\u00e2zi, dar nu m\u0103 intereseaz\u0103 s\u0103 expun pur \u0219i simplu \u00een capitala X sau Y a lumii artei. \u0218i aici cred c\u0103 sunt pu\u021bin atipic.<\/p>\n<p>De exemplu, seria cu Dolores a\u015f vrea s\u0103 o expun \u00een spectaculosul complex al Funda\u021biei Prada din Milano, dar nu oriunde, ci exclusiv \u00een spa\u021biul numit Cisterna, un loc pe care \u00eel poate \u00een\u021belege cu adev\u0103rat doar cine l-a vizitat.<\/p>\n<p>Sau, de exemplu, visez s\u0103 ajung la White Cube la Londra, chiar dac\u0103 \u0219tiu c\u0103, \u00een momentul de fa\u021b\u0103, pare dincolo de posibilit\u0103\u021bile mele. Sunt un artist venit din fundul Europei de Est, ce s\u0103 caut eu acolo, nu?!<\/p>\n<p>Dar, la fel cum Salvatore Ferragamo, un b\u0103iat s\u0103rac de 16 ani care lucra ucenic \u00eentr-o fabric\u0103 de pantofi, visa zi de zi s\u0103 cucereasc\u0103 lumea \u0219i a ajuns s\u0103 \u00eencal\u021be picioarele unor femei legendare precum Greta Garbo \u0219i Sophia Loren, \u0219i eu, un pu\u0219ti de 47 de ani, am tot dreptul s\u0103 visez.<\/p>\n<p>sursa:<a href=\"https:\/\/curatorial.ro\/arta\/bad-boy-alexa-si-vanzari-transparente-la-preturi-obraznice\/\"> curatorial.ro<\/a><\/p>\n<\/div>\n<div class=\"inhype-social-share-fixed sidebar-position-right\">\n<div class=\"post-social-wrapper\">\n<div class=\"post-social-title\"><span class=\"post-social-title-text\">Share<\/span><\/div>\n<\/div>\n<\/div>\n<\/div>\n<p>[analyse_source url=&#8221;https:\/\/ziardesuceava.ro\/bad-boy-alexa-si-vanzari-transparente-la-preturi-obraznice\/&#8221;]<\/p>\n","protected":false},"excerpt":{"rendered":"<p>[analyse_image type=&#8221;featured&#8221; src=&#8221;https:\/\/ziardesuceava.ro\/wp-content\/uploads\/2026\/08\/Liviu-Alexa-expozitie-cluj-napoca-1024&#215;677.jpg&#8221;] Unul dintre arti\u0219tii emergen\u021bi cel mai bine v\u00e2ndu\u021bi din Rom\u00e2nia caut\u0103 locul perfect pentru seria spectaculoas\u0103 de picturi dedicat\u0103 regretatei voci a trupei The Cranberries. Liviu Alexa a \u00eemplinit de cur\u00e2nd 47 de ani. Dur jurnalist de investiga\u021bie, \u0219i-a consolidat reputa\u021bia de \u201ebad boy\u201d \u00een acest an, c\u00e2nd, f\u0103r\u0103 niciun avertisment pentru [&hellip;]<\/p>\n","protected":false},"author":1,"featured_media":0,"comment_status":"open","ping_status":"","sticky":false,"template":"","format":"standard","meta":{"footnotes":""},"categories":[89],"tags":[226,171],"class_list":["post-2103781","post","type-post","status-publish","format-standard","hentry","category-romania","tag-crawlmanager","tag-ziardesuceava-ro"],"_links":{"self":[{"href":"https:\/\/analyse.optim.biz\/index.php?rest_route=\/wp\/v2\/posts\/2103781","targetHints":{"allow":["GET"]}}],"collection":[{"href":"https:\/\/analyse.optim.biz\/index.php?rest_route=\/wp\/v2\/posts"}],"about":[{"href":"https:\/\/analyse.optim.biz\/index.php?rest_route=\/wp\/v2\/types\/post"}],"author":[{"embeddable":true,"href":"https:\/\/analyse.optim.biz\/index.php?rest_route=\/wp\/v2\/users\/1"}],"replies":[{"embeddable":true,"href":"https:\/\/analyse.optim.biz\/index.php?rest_route=%2Fwp%2Fv2%2Fcomments&post=2103781"}],"version-history":[{"count":0,"href":"https:\/\/analyse.optim.biz\/index.php?rest_route=\/wp\/v2\/posts\/2103781\/revisions"}],"wp:attachment":[{"href":"https:\/\/analyse.optim.biz\/index.php?rest_route=%2Fwp%2Fv2%2Fmedia&parent=2103781"}],"wp:term":[{"taxonomy":"category","embeddable":true,"href":"https:\/\/analyse.optim.biz\/index.php?rest_route=%2Fwp%2Fv2%2Fcategories&post=2103781"},{"taxonomy":"post_tag","embeddable":true,"href":"https:\/\/analyse.optim.biz\/index.php?rest_route=%2Fwp%2Fv2%2Ftags&post=2103781"}],"curies":[{"name":"wp","href":"https:\/\/api.w.org\/{rel}","templated":true}]}}