{"id":2103779,"date":"2026-08-20T06:25:48","date_gmt":"2026-08-20T03:25:48","guid":{"rendered":"https:\/\/analyse.optim.biz\/?p=2103779"},"modified":"2026-08-20T06:25:48","modified_gmt":"2026-08-20T03:25:48","slug":"o-noua-drona-a-intrat-in-spatiul-aerian-romanesc-si-a-cazut-intr-o-zona-nelocuita-din-judetul-tulcea","status":"publish","type":"post","link":"https:\/\/analyse.optim.biz\/?p=2103779","title":{"rendered":"O nou\u0103 dron\u0103 a intrat \u00een spa\u0163iul aerian rom\u00e2nesc \u015fi a c\u0103zut \u00eentr-o zon\u0103 nelocuit\u0103 din jude\u0163ul Tulcea"},"content":{"rendered":"<p>[analyse_image type=&#8221;featured&#8221; src=&#8221;https:\/\/ziardesuceava.ro\/wp-content\/uploads\/2025\/11\/drona-ucraineana-up.jpg&#8221;]<\/p>\n<div class=\"post-content clearfix\">\n<div class=\"blog-post-thumb\"><img loading=\"lazy\" decoding=\"async\" width=\"820\" height=\"460\" src=\"https:\/\/ziardesuceava.ro\/wp-content\/uploads\/2025\/11\/drona-ucraineana-up.jpg\" class=\"attachment-inhype-blog-thumb size-inhype-blog-thumb wp-post-image\" alt><\/div>\n<div class=\"entry-content\">\n<p>O dron\u0103 a intrat \u00een spa\u0163iul aerian rom\u00e2nesc, la aproximativ 13 kilometri est de municipiul Gala\u0163i, iar la ora 03.24 a c\u0103zut la aproximativ 4 kilometri nord-est de localitatea Grindu, jude\u0163ul Tulcea, \u00eentr-o zon\u0103 nepopulat\u0103. La impact s-a produs un incendiu care s-a stins de la sine. Nu au fost raportate victime, dar echipele Ministerului Ap\u0103r\u0103rii se deplaseaz\u0103 la locul producerii impactului.<br \/>\n\u201c\u00cen noaptea de miercuri spre joi, 20 august, sistemul de supraveghere radar al MApN a detectat, la ora 02.23, un grup de \u0163inte aeriene \u00een proximitatea frontierei cu Ucraina. Dou\u0103 aeronave F-18 ale For\u0163elor Aeriene \u015fi Spa\u0163iale Spaniole au fost ridicate de la sol pentru monitorizarea situa\u0163iei. De asemenea, un elicopter IAR-330 SOCAT al For\u0163elor Aeriene Rom\u00e2ne a decolat pentru o misiune de cercetare aerian\u0103\u201d, anun\u0163\u0103, joi diminea\u0163\u0103, Ministerul Ap\u0103r\u0103rii.<\/p>\n<p>Centrul Na\u0163ional Militar de Comand\u0103 (nucleu) a notificat Inspectoratul General pentru Situa\u0163ii de Urgen\u0163\u0103 cu privire la instituirea m\u0103surilor de alertare a popula\u0163iei din zona vizat\u0103. Un mesaj RO-Alert a fost transmis la ora 03.20.<\/p>\n<p>\u201cLa ora 03.21, o dron\u0103 a p\u0103truns \u00een spa\u0163iul aerian na\u0163ional, la aproximativ 13 kilometri est de municipiul Gala\u0163i. La ora 03.24, echipajul elicopterului IAR-330 SOCAT a raportat c\u0103 \u0163inta a c\u0103zut la aproximativ 4 kilometri nord-est de localitatea Grindu, jude\u0163ul Tulcea, \u00eentr-o zon\u0103 nepopulat\u0103. Impactul cu solul al vehiculului aerian a fost urmat de un incendiu care s-a stins de la sine. Nu au fost raportate victime sau pagube materiale\u201d, precizeaz\u0103 ministerul.<\/p>\n<p>O echip\u0103de militari se deplaseaz\u0103 spre locul impactului pentru securizarea zonei.<\/p>\n<p>Alerta aerian\u0103a \u00eencetat la ora 03.52.<\/p>\n<\/div>\n<div class=\"inhype-social-share-fixed sidebar-position-right\">\n<div class=\"post-social-wrapper\">\n<div class=\"post-social-title\"><span class=\"post-social-title-text\">Share<\/span><\/div>\n<\/div>\n<\/div>\n<\/div>\n<p>[analyse_source url=&#8221;https:\/\/ziardesuceava.ro\/o-noua-drona-a-intrat-in-spatiul-aerian-romanesc-si-a-cazut-intr-o-zona-nelocuita-din-judetul-tulcea\/&#8221;]<\/p>\n","protected":false},"excerpt":{"rendered":"<p>[analyse_image type=&#8221;featured&#8221; src=&#8221;https:\/\/ziardesuceava.ro\/wp-content\/uploads\/2025\/11\/drona-ucraineana-up.jpg&#8221;] O dron\u0103 a intrat \u00een spa\u0163iul aerian rom\u00e2nesc, la aproximativ 13 kilometri est de municipiul Gala\u0163i, iar la ora 03.24 a c\u0103zut la aproximativ 4 kilometri nord-est de localitatea Grindu, jude\u0163ul Tulcea, \u00eentr-o zon\u0103 nepopulat\u0103. La impact s-a produs un incendiu care s-a stins de la sine. Nu au fost raportate victime, [&hellip;]<\/p>\n","protected":false},"author":1,"featured_media":0,"comment_status":"open","ping_status":"","sticky":false,"template":"","format":"standard","meta":{"footnotes":""},"categories":[89],"tags":[226,171],"class_list":["post-2103779","post","type-post","status-publish","format-standard","hentry","category-romania","tag-crawlmanager","tag-ziardesuceava-ro"],"_links":{"self":[{"href":"https:\/\/analyse.optim.biz\/index.php?rest_route=\/wp\/v2\/posts\/2103779","targetHints":{"allow":["GET"]}}],"collection":[{"href":"https:\/\/analyse.optim.biz\/index.php?rest_route=\/wp\/v2\/posts"}],"about":[{"href":"https:\/\/analyse.optim.biz\/index.php?rest_route=\/wp\/v2\/types\/post"}],"author":[{"embeddable":true,"href":"https:\/\/analyse.optim.biz\/index.php?rest_route=\/wp\/v2\/users\/1"}],"replies":[{"embeddable":true,"href":"https:\/\/analyse.optim.biz\/index.php?rest_route=%2Fwp%2Fv2%2Fcomments&post=2103779"}],"version-history":[{"count":0,"href":"https:\/\/analyse.optim.biz\/index.php?rest_route=\/wp\/v2\/posts\/2103779\/revisions"}],"wp:attachment":[{"href":"https:\/\/analyse.optim.biz\/index.php?rest_route=%2Fwp%2Fv2%2Fmedia&parent=2103779"}],"wp:term":[{"taxonomy":"category","embeddable":true,"href":"https:\/\/analyse.optim.biz\/index.php?rest_route=%2Fwp%2Fv2%2Fcategories&post=2103779"},{"taxonomy":"post_tag","embeddable":true,"href":"https:\/\/analyse.optim.biz\/index.php?rest_route=%2Fwp%2Fv2%2Ftags&post=2103779"}],"curies":[{"name":"wp","href":"https:\/\/api.w.org\/{rel}","templated":true}]}}