{"id":2103778,"date":"2026-08-20T08:10:03","date_gmt":"2026-08-20T05:10:03","guid":{"rendered":"https:\/\/analyse.optim.biz\/?p=2103778"},"modified":"2026-08-20T08:10:03","modified_gmt":"2026-08-20T05:10:03","slug":"valul-de-caldura-se-extinde-si-se-intensifica-in-cea-mai-mare-parte-a-tarii-codul-portocaliu-de-canicula-extins-vineri","status":"publish","type":"post","link":"https:\/\/analyse.optim.biz\/?p=2103778","title":{"rendered":"Valul de c\u0103ldur\u0103 se extinde \u015fi se intensific\u0103, \u00een cea mai mare parte a \u0163\u0103rii. Codul portocaliu de canicul\u0103, extins vineri"},"content":{"rendered":"<p>[analyse_image type=&#8221;featured&#8221; src=&#8221;https:\/\/ziardesuceava.ro\/wp-content\/uploads\/2026\/07\/canicula-4.jpg&#8221;]<\/p>\n<div class=\"post-content clearfix\">\n<div class=\"blog-post-thumb\"><img loading=\"lazy\" decoding=\"async\" width=\"559\" height=\"373\" src=\"https:\/\/ziardesuceava.ro\/wp-content\/uploads\/2026\/07\/canicula-4.jpg\" class=\"attachment-inhype-blog-thumb size-inhype-blog-thumb wp-post-image\" alt><\/div>\n<div class=\"entry-content\">\n<p class=\"first-paragraph\">Meteorologii au actualizat informarea emis\u0103, ar\u0103t\u00e2nd c\u0103 valul de c\u0103ldur\u0103 se va extinde \u015fi se va intensifica, \u00een cea mai mare parte a \u0163\u0103rii, fiind a\u015fteptate temperaturi de p\u00e2n\u0103 la 40 de grade. Joi, aproape toat\u0103 \u0163ara este sub coduri galben \u015fi portocaliu de canicul\u0103, iar vineri Codul portocaliu se va extinde \u00een Banat, Cri\u015fana, Maramure\u015f, Transilvania, Oltenia, jum\u0103tatea de nord a Moldovei \u015fi \u00een sud-vestul Munteniei. \u015ei \u00een Capital\u0103 vremea devine canicular\u0103, maximele urm\u00e2nd s\u0103 ating\u0103 37 de grade.<\/p>\n<p>Administra\u0163ia Na\u0163ional\u0103 de Meteorologie (ANM) a actualizat informarea valabil\u0103 de joi, de la ora 10.00, p\u00e2n\u0103 luni, la aceea\u015fi or\u0103.<\/p>\n<p>\u201d\u00cen intervalul men\u0163ionat, un val de c\u0103ldur\u0103 se va extinde \u015fi se va intensifica \u00een cea mai mare parte a \u0163\u0103rii. Vor fi temperaturi maxime deosebit de ridicate, ce se vor situa \u00eentre 33 \u015fi 40 de grade, cu cele mai ridicate valori \u00een vest \u015fi \u00een sud-vest. Va fi canicul\u0103 \u015fi disconfort termic accentuat, iar indicele temperatur\u0103-umezeal\u0103 (ITU) va atinge \u015fi va dep\u0103\u015fi pe arii extinse pragul critic de 80 de unit\u0103\u0163i. Local, nop\u0163ile vor deveni tropicale, cu temperaturi minime \u00een general de 20\u202623 de grade, cele mai mari valori urm\u00e2nd s\u0103 se \u00eenregistreze \u00een Dealurile de Vest (24\u202626 de grade)\u201d, a ar\u0103tat ANM.<\/p>\n<p>Meteorologii au emis o avertizare Cod galben de temperaturi deosebit de ridicate, canicul\u0103, disconfort termic, noapte tropical\u0103 valabil\u0103 de joi, de la ora 10.00, p\u00e2n\u0103 vineri, la aceea\u015fi or\u0103, \u00een aproape toat\u0103 \u0163ara.<\/p>\n<figure><img decoding=\"async\" src=\"https:\/\/i0.1616.ro\/media\/2\/2701\/33586\/22646364\/2\/coduri-galben-si-portocaliu-20-aug-26.jpg?width=540\" alt><\/figure>\n<p>Joi, \u00een Moldova, Maramure\u015f, cea mai mare parte a Transilvaniei \u015fi Munteniei \u015fi \u00een nordul Olteniei temperaturile maxime vor fi deosebit de ridicate \u015fi se vor situa \u00een general \u00eentre 34 \u015fi 37 de grade, pe arii extinse va fi canicul\u0103, disconfort termic, iar indicele temperatur\u0103-umezeal\u0103 (ITU) va atinge \u015fi va dep\u0103\u015fi u\u015for pragul critic de 80 de unit\u0103\u0163i. Local temperaturile minime nu vor cobor\u00ee sub 20 de grade \u015fi vor caracteriza o noapte tropical\u0103.<\/p>\n<p>\u00cen acela\u015fi interval, este Cod portocaliu \u2013 temperaturi deosebit de ridicate, canicul\u0103, disconfort termic accentuat, noapte tropical\u0103, \u00een jude\u0163ele Satu Mare, Bihor, Arad, Timi\u015f, Alba, Hunedoara, Cara\u015f-Severin, Mehedin\u0163i, Dolj, Olt, Teleorman.<\/p>\n<p>\u201d\u00cen Banat, Cri\u015fana, vestul \u015fi sudul Olteniei, sud-vestul Munteniei \u015fi al Transilvaniei vor fi temperaturi maxime deosebit de ridicate ce se vor situa \u00eentre 35 \u015fi 39 de grade, cu cele mai ridicate valori \u00een extremitatea de vest \u015fi sud-vest. Va fi canicul\u0103, disconfort termic accentuat, iar indicele temperatur\u0103-umezeal\u0103 (ITU) va dep\u0103\u015fi pragul critic de 80 de unit\u0103\u0163i. Local noaptea va fi tropical\u0103, cu minime de 20\u202626 de grade\u201d, a ar\u0103tat ANM.<\/p>\n<p>O alt\u0103 avertizare Cod galben viz\u00e2nd temperaturi deosebit de ridicate, canicul\u0103, disconfort termic, noapte tropical\u0103 va fi \u00een vigoare de vineri, de la ora 10.00, p\u00e2n\u0103 s\u00e2mb\u0103t\u0103, la aceea\u015fi or\u0103, \u00een jude\u0163ele Bac\u0103u, Vaslui, Vrancea, Gala\u0163i, Br\u0103ila, Buz\u0103u, Prahova, D\u00e2mbovi\u0163a, Arge\u015f, Ilfov, C\u0103l\u0103ra\u015fi, Ialomi\u0163a \u015fi municipiul Bucure\u015fti.<\/p>\n<figure><img decoding=\"async\" src=\"https:\/\/i0.1616.ro\/media\/2\/2701\/33586\/22646364\/3\/coduri-galben-si-portocaliu-20-aug-26-2.jpg?width=540\" alt><\/figure>\n<p>Vineri, \u00een jum\u0103tatea de sud a Moldovei \u015fi \u00een nordul, centrul \u015fi estul Munteniei temperaturile maxime vor fi deosebit de ridicate \u015fi se vor situa \u00een general \u00eentre 34 \u015fi 37 de grade, va fi canicul\u0103, disconfort termic, iar indicele temperatur\u0103-umezeal\u0103 (ITU) va atinge \u015fi va dep\u0103\u015fi u\u015for pragul critic de 80 de unit\u0103\u0163i. Izolat noaptea va fi tropical\u0103, cu minime \u00een jurul a 20 de grade.<\/p>\n<p>\u00cen acela\u015fi interval, va fi Cod portocaliu \u2013 temperaturi deosebit de ridicate, canicul\u0103, disconfort termic accentuat, noapte tropical\u0103, \u00een aproape tot restul \u0163\u0103rii.<\/p>\n<p>\u201d\u00cen Banat, Cri\u015fana, Maramure\u015f, Transilvania, Oltenia, jum\u0103tatea de nord a Moldovei \u015fi \u00een sud-vestul Munteniei vor fi temperaturi maxime deosebit de ridicate ce se vor situa \u00eentre 35 \u015fi 40 de grade, cu cele mai ridicate valori \u00een Banat, sudul Cri\u015fanei \u015fi al Olteniei. Va fi canicul\u0103, disconfort termic accentuat, iar indicele temperatur\u0103-umezeal\u0103 (ITU) va dep\u0103\u015fi pragul critic de 80 de unit\u0103\u0163i. Local noaptea va fi tropical\u0103, cu minime de 20\u202625 de grade\u201d, a transmis ANM.<\/p>\n<p>\u00cen zona municipiului Bucure\u015fti, joi, vremea va deveni canicular\u0103, cu disconfort termic \u00een cre\u015ftere \u015fi indice temperatur\u0103-umezeal\u0103 (ITU) ce va dep\u0103\u015fi u\u015for pragul critic de 80 de unit\u0103\u0163i. Cerul va fi mai mult senin, iar v\u00e2ntul va sufla \u00een general slab. Temperatura maxim\u0103 va fi de 36\u202637 de grade, iar cea minim\u0103 de 17\u202619 grade.<\/p>\n<p>Vineri, va fi canicul\u0103 \u015fi disconfort termic ridicat, iar indicele temperatur\u0103-umezeal\u0103 (ITU) va dep\u0103\u015fi pragul critic de 80 de unit\u0103\u0163i. Cerul va fi senin, cu \u00eennor\u0103ri \u00een a doua parte a nop\u0163ii, iar v\u00e2ntul va sufla slab. Temperatura maxim\u0103 se va situa \u00een jurul valorii de 37 de grade, iar cea minim\u0103 va fi de 16\u202618 grade.<\/p>\n<p>S\u00e2mb\u0103t\u0103, vremea va fi \u00een continuare canicular\u0103, cu disconfort termic ridicat, iar indicele temperatur\u0103-umezeal\u0103 (ITU) va atinge pragul critic de 80 de unit\u0103\u0163i. Cerul va fi variabil, iar v\u00e2ntul va sufla slab. Temperatura maxim\u0103 va fi de 35\u202636 de grade \u015fi cea minim\u0103 de 18\u202620 de grade.<\/p>\n<p>Duminic\u0103, valul de c\u0103ldur\u0103 va persista, va fi canicul\u0103 \u015fi disconfort termic ridicat. Cerul va fi variabil, cu \u00eennor\u0103ri dup\u0103-amiaza, iar v\u00e2ntul va sufla slab \u015fi moderat. Temperatura maxim\u0103 va fi de 34\u202635 de grade, iar cea minim\u0103 de 18\u202619 grade.<\/p>\n<\/div>\n<div class=\"inhype-social-share-fixed sidebar-position-right\">\n<div class=\"post-social-wrapper\">\n<div class=\"post-social-title\"><span class=\"post-social-title-text\">Share<\/span><\/div>\n<\/div>\n<\/div>\n<\/div>\n<p>[analyse_source url=&#8221;https:\/\/ziardesuceava.ro\/valul-de-caldura-se-extinde-si-se-intensifica-in-cea-mai-mare-parte-a-tarii-codul-portocaliu-de-canicula-extins-vineri\/&#8221;]<\/p>\n","protected":false},"excerpt":{"rendered":"<p>[analyse_image type=&#8221;featured&#8221; src=&#8221;https:\/\/ziardesuceava.ro\/wp-content\/uploads\/2026\/07\/canicula-4.jpg&#8221;] Meteorologii au actualizat informarea emis\u0103, ar\u0103t\u00e2nd c\u0103 valul de c\u0103ldur\u0103 se va extinde \u015fi se va intensifica, \u00een cea mai mare parte a \u0163\u0103rii, fiind a\u015fteptate temperaturi de p\u00e2n\u0103 la 40 de grade. Joi, aproape toat\u0103 \u0163ara este sub coduri galben \u015fi portocaliu de canicul\u0103, iar vineri Codul portocaliu se va extinde [&hellip;]<\/p>\n","protected":false},"author":1,"featured_media":0,"comment_status":"open","ping_status":"","sticky":false,"template":"","format":"standard","meta":{"footnotes":""},"categories":[89],"tags":[226,171],"class_list":["post-2103778","post","type-post","status-publish","format-standard","hentry","category-romania","tag-crawlmanager","tag-ziardesuceava-ro"],"_links":{"self":[{"href":"https:\/\/analyse.optim.biz\/index.php?rest_route=\/wp\/v2\/posts\/2103778","targetHints":{"allow":["GET"]}}],"collection":[{"href":"https:\/\/analyse.optim.biz\/index.php?rest_route=\/wp\/v2\/posts"}],"about":[{"href":"https:\/\/analyse.optim.biz\/index.php?rest_route=\/wp\/v2\/types\/post"}],"author":[{"embeddable":true,"href":"https:\/\/analyse.optim.biz\/index.php?rest_route=\/wp\/v2\/users\/1"}],"replies":[{"embeddable":true,"href":"https:\/\/analyse.optim.biz\/index.php?rest_route=%2Fwp%2Fv2%2Fcomments&post=2103778"}],"version-history":[{"count":0,"href":"https:\/\/analyse.optim.biz\/index.php?rest_route=\/wp\/v2\/posts\/2103778\/revisions"}],"wp:attachment":[{"href":"https:\/\/analyse.optim.biz\/index.php?rest_route=%2Fwp%2Fv2%2Fmedia&parent=2103778"}],"wp:term":[{"taxonomy":"category","embeddable":true,"href":"https:\/\/analyse.optim.biz\/index.php?rest_route=%2Fwp%2Fv2%2Fcategories&post=2103778"},{"taxonomy":"post_tag","embeddable":true,"href":"https:\/\/analyse.optim.biz\/index.php?rest_route=%2Fwp%2Fv2%2Ftags&post=2103778"}],"curies":[{"name":"wp","href":"https:\/\/api.w.org\/{rel}","templated":true}]}}