{"id":2103613,"date":"2026-08-18T19:06:52","date_gmt":"2026-08-18T16:06:52","guid":{"rendered":"https:\/\/analyse.optim.biz\/?p=2103613"},"modified":"2026-08-18T19:06:52","modified_gmt":"2026-08-18T16:06:52","slug":"atacurile-de-pe-facebook-ajung-in-instanta-primarul-din-copaceni-pregateste-procesul-in-urma-acuzatiilor-la-adresa-sa-si-a-primariei","status":"publish","type":"post","link":"https:\/\/analyse.optim.biz\/?p=2103613","title":{"rendered":"Atacurile de pe Facebook ajung \u00een instan\u021b\u0103. Primarul din Cop\u0103ceni preg\u0103te\u0219te procesul \u00een urma acuza\u021biilor la adresa sa \u0219i a Prim\u0103riei"},"content":{"rendered":"<p>[analyse_image type=&#8221;featured&#8221; src=&#8221;https:\/\/www.impactreal.ro\/wp-content\/uploads\/2026\/08\/copaceni-3.jpg&#8221;]<\/p>\n<div class=\"single-news-content\">\n<div class=\"news-image\"><img loading=\"lazy\" decoding=\"async\" width=\"2040\" height=\"1530\" src=\"https:\/\/www.impactreal.ro\/wp-content\/uploads\/2026\/08\/copaceni-3.jpg\" class=\"img-responsive wp-post-image\" alt=\"Atacurile de pe Facebook ajung \u00een instan\u021b\u0103. Primarul din Cop\u0103ceni preg\u0103te\u0219te procesul \u00een urma acuza\u021biilor la adresa sa \u0219i a Prim\u0103riei\"><\/div>\n<div class=\"news-detail clearfix\">\n<div class=\"entry-meta\"><span class=\"posted-date\"><a href=\"https:\/\/www.impactreal.ro\/2026\/08\/18\/atacurile-de-pe-facebook-ajung-in-instanta-primarul-din-copaceni-pregateste-procesul-in-urma-acuzatiilor-la-adresa-sa-si-a-primariei\/\" rel=\"bookmark\"><time class=\"entry-date published\" datetime=\"2026-08-18T22:06:52+03:00\">18 august 2026<\/time><time class=\"updated\" datetime=\"2026-08-18T22:10:52+03:00\">18 august 2026<\/time><\/a><\/span><span class=\"author vcard\"><a href=\"https:\/\/www.impactreal.ro\/author\/claudia-schiopu\/\">Claudia Schiopu<\/a><\/span><span class=\"cat-links\"><a href=\"https:\/\/www.impactreal.ro\/category\/administratie\/\" rel=\"category tag\">Administra\u0163ie<\/a><a href=\"https:\/\/www.impactreal.ro\/category\/copaceni\/\" rel=\"category tag\">Copaceni<\/a><\/span><\/div>\n<div class=\"news-content editor-content-entry\">\n<p><em>Paginile de socializare au devenit locul \u00een care sunt lansate acuza\u021bii despre persoane \u0219i institu\u021bii, uneori f\u0103r\u0103 documente care s\u0103 le sus\u021bin\u0103. Faptul c\u0103 o afirma\u021bie este publicat\u0103 pe Facebook nu \u00eel scute\u0219te pe autor de r\u0103spundere. Critica este fireasc\u0103, \u00eens\u0103 informa\u021biile prezentate public trebuie s\u0103 poat\u0103 fi probate, mai ales c\u00e2nd afecteaz\u0103 reputa\u021bia unui om sau credibilitatea unei institu\u021bii<\/em>.<\/p>\n<p>La Cop\u0103ceni, tensiunile politice din Consiliul Local au ajuns \u0219i pe Facebook. Pe o pagin\u0103 public\u0103 sunt postate constant acuza\u021bii f\u0103r\u0103 dovezi \u0219i mesaje care \u00eei afecteaz\u0103 imaginea primarului PSD Tironel T\u00e2mpl\u0103rescu, dar \u0219i pe cea a Prim\u0103riei. Primarul a discutat cu un avocat \u0219i a decis s\u0103 se adreseze instan\u021bei.<\/p>\n<p><strong><u>Acuza\u021biile f\u0103r\u0103 dovezi pot atrage r\u0103spunderea legal\u0103<\/u><\/strong><\/p>\n<p>A\u0219adar, la Cop\u0103ceni, pe o pagin\u0103 de Facebook sunt publicate mesaje care \u00eel atac\u0103 pe primarul Tironel T\u00e2mpl\u0103rescu \u0219i Prim\u0103ria. Acolo a ap\u0103rut \u0219i o dispozi\u021bie despre care primarul spune c\u0103 are o semn\u0103tur\u0103 falsificat\u0103. Documentul va fi verificat de institu\u021biile abilitate, care vor stabili cine l-a \u00eentocmit \u0219i cine r\u0103spunde pentru publicarea lui.<\/p>\n<p>Tironel T\u00e2mpl\u0103rescu spune \u00a0c\u0103 a salvat imaginile post\u0103rilor \u0219i c\u0103 toate materialele vor fi puse la dispozi\u021bia avocatului, \u0219i asta pentru c\u0103 atacurile \u00eei afecteaz\u0103 reputa\u021bia de primar \u0219i aduc prejudicii institu\u021biei pe care o conduce.<\/p>\n<p><em><u>Reamintim c\u0103, la Cop\u0103ceni, Consiliul Local este format din 11 ale\u0219i. PSD are \u0219apte consilieri, PNL are doi, iar AUR are doi. Primarul beneficiaz\u0103 astfel de majoritate pentru proiectele propuse de administra\u021bia local\u0103<\/u><\/em><\/p>\n<p><strong><u>Politic\u0103 prin atacuri<\/u><\/strong><\/p>\n<p>Primarul Tironel T\u00e2mpl\u0103rescu spune despre consilierii PNL \u0219i AUR c\u0103 se ab\u021bin atunci c\u00e2nd proiectele sunt puse la vot, f\u0103r\u0103 s\u0103 explice de ce. Ace\u0219tia nu au votat nici bugetul local. \u00cen \u0219edin\u021be spun foarte pu\u021bin, dar pe Facebook lanseaz\u0103 acuza\u021bii la adresa primarului \u0219i a Prim\u0103riei.<\/p>\n<p>T\u00e2mpl\u0103rescu consider\u0103 c\u0103 ale\u0219ii PNL \u0219i AUR \u00eencearc\u0103 s\u0103 c\u00e2\u0219tige voturi prin atacuri pe Facebook. \u00cen opinia lui, cine face acuza\u021bii trebuie s\u0103 vin\u0103 cu dovezi, nu doar cu post\u0103ri.<\/p>\n<p><strong>\u201eInstan\u021ba va decide\u201d<\/strong><\/p>\n<p><strong><em>\u201dSunt doi consilieriAUR \u0219i PNL. La fiecare \u0219edin\u021b\u0103 \u0219i la fiecare proiect propus se ab\u021bin f\u0103r\u0103 s\u0103 prezinte argumente. Nu au votat nici bugetul local. \u00cen \u0219edin\u021be nu spun aproape nimic, \u00eens\u0103 pe Facebook sunt publicate tot felul de acuza\u021bii la adresa mea \u0219i a institu\u021biei.<\/em><\/strong><\/p>\n<p><strong><em>Pe pagina respectiv\u0103 au ap\u0103rut informa\u021bii false, care \u00eemi afecteaz\u0103 reputa\u021bia de primar \u0219i imaginea Prim\u0103riei Cop\u0103ceni. A fost publicat\u0103 inclusiv o dispozi\u021bie despre care sus\u021bin c\u0103 are semn\u0103tura falsificat\u0103. Am salvat post\u0103rile, am toate dovezile \u0219i am discutat cu avocatul. Urmeaz\u0103 demersurile legale, dup\u0103 care instan\u021ba va analiza probele \u0219i va decide.<\/em><\/strong><\/p>\n<p><strong><em>Nu pot accepta denigr\u0103rile \u0219i atacurile neadev\u0103rate f\u0103r\u0103 s\u0103 reac\u021bionez. Consider c\u0103 este o campanie politic\u0103 mascat\u0103 \u0219i c\u0103 ace\u0219ti domni se preg\u0103tesc deja pentru alegeri. Oricine poate dori s\u0103 candideze, \u00eens\u0103 lupta electoral\u0103 nu se poart\u0103 prin orice metod\u0103. Voi cere instan\u021bei s\u0103 fac\u0103 dreptate, astfel \u00eenc\u00e2t cet\u0103\u021benii s\u0103 afle faptele reale\u201d,<\/em><\/strong> a declarat primarul comunei Cop\u0103ceni, Tironel T\u00e2mpl\u0103rescu.<\/p>\n<p><strong><u>ATEN\u021aIE!<\/u><\/strong>\u00a0 \u00a0 \u00a0 \u00a0 \u00a0Re\u021belele de socializare nu sunt spa\u021bii f\u0103r\u0103 reguli. Un num\u0103r mare de distribuiri nu transform\u0103 o informa\u021bie fals\u0103 \u00een adev\u0103r, iar tonul agresiv nu \u021bine loc de prob\u0103. Atunci c\u00e2nd reputa\u021bia unei persoane sau imaginea unei institu\u021bii sunt afectate, autorul poate fi chemat s\u0103 explice \u00een instan\u021b\u0103 ce a publicat \u0219i pe ce dovezi s-a bazat.<\/p>\n<p>\u00cen cazul de la Cop\u0103ceni, instan\u021ba va decide dac\u0103 limitele libert\u0103\u021bii de exprimare au fost dep\u0103\u0219ite. P\u00e2n\u0103 atunci, acuza\u021biile primarului \u0219i afirma\u021biile publicate pe pagina respectiv\u0103 r\u0103m\u00e2n pozi\u021bii aflate \u00een conflict. <strong><em>Un lucru este \u00eens\u0103 clar: cine public\u0103 acuza\u021bii grave trebuie s\u0103 fie preg\u0103tit s\u0103 le dovedeasc\u0103.<\/em><\/strong><\/p>\n<p>\u00a0<\/p>\n<p>\u00a0<\/p>\n<p>\u00a0<\/p>\n<p>\u00a0<\/p>\n<p><strong>\u00a0<\/strong><\/p>\n<\/div>\n<\/div>\n<\/div>\n<div class=\"news-content editor-content-entry\">\n<p><em>Paginile de socializare au devenit locul \u00een care sunt lansate acuza\u021bii despre persoane \u0219i institu\u021bii, uneori f\u0103r\u0103 documente care s\u0103 le sus\u021bin\u0103. Faptul c\u0103 o afirma\u021bie este publicat\u0103 pe Facebook nu \u00eel scute\u0219te pe autor de r\u0103spundere. Critica este fireasc\u0103, \u00eens\u0103 informa\u021biile prezentate public trebuie s\u0103 poat\u0103 fi probate, mai ales c\u00e2nd afecteaz\u0103 reputa\u021bia unui om sau credibilitatea unei institu\u021bii<\/em>.<\/p>\n<p>La Cop\u0103ceni, tensiunile politice din Consiliul Local au ajuns \u0219i pe Facebook. Pe o pagin\u0103 public\u0103 sunt postate constant acuza\u021bii f\u0103r\u0103 dovezi \u0219i mesaje care \u00eei afecteaz\u0103 imaginea primarului PSD Tironel T\u00e2mpl\u0103rescu, dar \u0219i pe cea a Prim\u0103riei. Primarul a discutat cu un avocat \u0219i a decis s\u0103 se adreseze instan\u021bei.<\/p>\n<p><strong><u>Acuza\u021biile f\u0103r\u0103 dovezi pot atrage r\u0103spunderea legal\u0103<\/u><\/strong><\/p>\n<p>A\u0219adar, la Cop\u0103ceni, pe o pagin\u0103 de Facebook sunt publicate mesaje care \u00eel atac\u0103 pe primarul Tironel T\u00e2mpl\u0103rescu \u0219i Prim\u0103ria. Acolo a ap\u0103rut \u0219i o dispozi\u021bie despre care primarul spune c\u0103 are o semn\u0103tur\u0103 falsificat\u0103. Documentul va fi verificat de institu\u021biile abilitate, care vor stabili cine l-a \u00eentocmit \u0219i cine r\u0103spunde pentru publicarea lui.<\/p>\n<p>Tironel T\u00e2mpl\u0103rescu spune \u00a0c\u0103 a salvat imaginile post\u0103rilor \u0219i c\u0103 toate materialele vor fi puse la dispozi\u021bia avocatului, \u0219i asta pentru c\u0103 atacurile \u00eei afecteaz\u0103 reputa\u021bia de primar \u0219i aduc prejudicii institu\u021biei pe care o conduce.<\/p>\n<p><em><u>Reamintim c\u0103, la Cop\u0103ceni, Consiliul Local este format din 11 ale\u0219i. PSD are \u0219apte consilieri, PNL are doi, iar AUR are doi. Primarul beneficiaz\u0103 astfel de majoritate pentru proiectele propuse de administra\u021bia local\u0103<\/u><\/em><\/p>\n<p><strong><u>Politic\u0103 prin atacuri<\/u><\/strong><\/p>\n<p>Primarul Tironel T\u00e2mpl\u0103rescu spune despre consilierii PNL \u0219i AUR c\u0103 se ab\u021bin atunci c\u00e2nd proiectele sunt puse la vot, f\u0103r\u0103 s\u0103 explice de ce. Ace\u0219tia nu au votat nici bugetul local. \u00cen \u0219edin\u021be spun foarte pu\u021bin, dar pe Facebook lanseaz\u0103 acuza\u021bii la adresa primarului \u0219i a Prim\u0103riei.<\/p>\n<p>T\u00e2mpl\u0103rescu consider\u0103 c\u0103 ale\u0219ii PNL \u0219i AUR \u00eencearc\u0103 s\u0103 c\u00e2\u0219tige voturi prin atacuri pe Facebook. \u00cen opinia lui, cine face acuza\u021bii trebuie s\u0103 vin\u0103 cu dovezi, nu doar cu post\u0103ri.<\/p>\n<p><strong>\u201eInstan\u021ba va decide\u201d<\/strong><\/p>\n<p><strong><em>\u201dSunt doi consilieriAUR \u0219i PNL. La fiecare \u0219edin\u021b\u0103 \u0219i la fiecare proiect propus se ab\u021bin f\u0103r\u0103 s\u0103 prezinte argumente. Nu au votat nici bugetul local. \u00cen \u0219edin\u021be nu spun aproape nimic, \u00eens\u0103 pe Facebook sunt publicate tot felul de acuza\u021bii la adresa mea \u0219i a institu\u021biei.<\/em><\/strong><\/p>\n<p><strong><em>Pe pagina respectiv\u0103 au ap\u0103rut informa\u021bii false, care \u00eemi afecteaz\u0103 reputa\u021bia de primar \u0219i imaginea Prim\u0103riei Cop\u0103ceni. A fost publicat\u0103 inclusiv o dispozi\u021bie despre care sus\u021bin c\u0103 are semn\u0103tura falsificat\u0103. Am salvat post\u0103rile, am toate dovezile \u0219i am discutat cu avocatul. Urmeaz\u0103 demersurile legale, dup\u0103 care instan\u021ba va analiza probele \u0219i va decide.<\/em><\/strong><\/p>\n<p><strong><em>Nu pot accepta denigr\u0103rile \u0219i atacurile neadev\u0103rate f\u0103r\u0103 s\u0103 reac\u021bionez. Consider c\u0103 este o campanie politic\u0103 mascat\u0103 \u0219i c\u0103 ace\u0219ti domni se preg\u0103tesc deja pentru alegeri. Oricine poate dori s\u0103 candideze, \u00eens\u0103 lupta electoral\u0103 nu se poart\u0103 prin orice metod\u0103. Voi cere instan\u021bei s\u0103 fac\u0103 dreptate, astfel \u00eenc\u00e2t cet\u0103\u021benii s\u0103 afle faptele reale\u201d,<\/em><\/strong> a declarat primarul comunei Cop\u0103ceni, Tironel T\u00e2mpl\u0103rescu.<\/p>\n<p><strong><u>ATEN\u021aIE!<\/u><\/strong>\u00a0 \u00a0 \u00a0 \u00a0 \u00a0Re\u021belele de socializare nu sunt spa\u021bii f\u0103r\u0103 reguli. Un num\u0103r mare de distribuiri nu transform\u0103 o informa\u021bie fals\u0103 \u00een adev\u0103r, iar tonul agresiv nu \u021bine loc de prob\u0103. Atunci c\u00e2nd reputa\u021bia unei persoane sau imaginea unei institu\u021bii sunt afectate, autorul poate fi chemat s\u0103 explice \u00een instan\u021b\u0103 ce a publicat \u0219i pe ce dovezi s-a bazat.<\/p>\n<p>\u00cen cazul de la Cop\u0103ceni, instan\u021ba va decide dac\u0103 limitele libert\u0103\u021bii de exprimare au fost dep\u0103\u0219ite. P\u00e2n\u0103 atunci, acuza\u021biile primarului \u0219i afirma\u021biile publicate pe pagina respectiv\u0103 r\u0103m\u00e2n pozi\u021bii aflate \u00een conflict. <strong><em>Un lucru este \u00eens\u0103 clar: cine public\u0103 acuza\u021bii grave trebuie s\u0103 fie preg\u0103tit s\u0103 le dovedeasc\u0103.<\/em><\/strong><\/p>\n<p>\u00a0<\/p>\n<p>\u00a0<\/p>\n<p>\u00a0<\/p>\n<p>\u00a0<\/p>\n<p><strong>\u00a0<\/strong><\/p>\n<\/div>\n<div class=\"news-content editor-content-entry\">\n<p><em>Paginile de socializare au devenit locul \u00een care sunt lansate acuza\u021bii despre persoane \u0219i institu\u021bii, uneori f\u0103r\u0103 documente care s\u0103 le sus\u021bin\u0103. Faptul c\u0103 o afirma\u021bie este publicat\u0103 pe Facebook nu \u00eel scute\u0219te pe autor de r\u0103spundere. Critica este fireasc\u0103, \u00eens\u0103 informa\u021biile prezentate public trebuie s\u0103 poat\u0103 fi probate, mai ales c\u00e2nd afecteaz\u0103 reputa\u021bia unui om sau credibilitatea unei institu\u021bii<\/em>.<\/p>\n<p>La Cop\u0103ceni, tensiunile politice din Consiliul Local au ajuns \u0219i pe Facebook. Pe o pagin\u0103 public\u0103 sunt postate constant acuza\u021bii f\u0103r\u0103 dovezi \u0219i mesaje care \u00eei afecteaz\u0103 imaginea primarului PSD Tironel T\u00e2mpl\u0103rescu, dar \u0219i pe cea a Prim\u0103riei. Primarul a discutat cu un avocat \u0219i a decis s\u0103 se adreseze instan\u021bei.<\/p>\n<p><strong><u>Acuza\u021biile f\u0103r\u0103 dovezi pot atrage r\u0103spunderea legal\u0103<\/u><\/strong><\/p>\n<p>A\u0219adar, la Cop\u0103ceni, pe o pagin\u0103 de Facebook sunt publicate mesaje care \u00eel atac\u0103 pe primarul Tironel T\u00e2mpl\u0103rescu \u0219i Prim\u0103ria. Acolo a ap\u0103rut \u0219i o dispozi\u021bie despre care primarul spune c\u0103 are o semn\u0103tur\u0103 falsificat\u0103. Documentul va fi verificat de institu\u021biile abilitate, care vor stabili cine l-a \u00eentocmit \u0219i cine r\u0103spunde pentru publicarea lui.<\/p>\n<p>Tironel T\u00e2mpl\u0103rescu spune \u00a0c\u0103 a salvat imaginile post\u0103rilor \u0219i c\u0103 toate materialele vor fi puse la dispozi\u021bia avocatului, \u0219i asta pentru c\u0103 atacurile \u00eei afecteaz\u0103 reputa\u021bia de primar \u0219i aduc prejudicii institu\u021biei pe care o conduce.<\/p>\n<p><em><u>Reamintim c\u0103, la Cop\u0103ceni, Consiliul Local este format din 11 ale\u0219i. PSD are \u0219apte consilieri, PNL are doi, iar AUR are doi. Primarul beneficiaz\u0103 astfel de majoritate pentru proiectele propuse de administra\u021bia local\u0103<\/u><\/em><\/p>\n<p><strong><u>Politic\u0103 prin atacuri<\/u><\/strong><\/p>\n<p>Primarul Tironel T\u00e2mpl\u0103rescu spune despre consilierii PNL \u0219i AUR c\u0103 se ab\u021bin atunci c\u00e2nd proiectele sunt puse la vot, f\u0103r\u0103 s\u0103 explice de ce. Ace\u0219tia nu au votat nici bugetul local. \u00cen \u0219edin\u021be spun foarte pu\u021bin, dar pe Facebook lanseaz\u0103 acuza\u021bii la adresa primarului \u0219i a Prim\u0103riei.<\/p>\n<p>T\u00e2mpl\u0103rescu consider\u0103 c\u0103 ale\u0219ii PNL \u0219i AUR \u00eencearc\u0103 s\u0103 c\u00e2\u0219tige voturi prin atacuri pe Facebook. \u00cen opinia lui, cine face acuza\u021bii trebuie s\u0103 vin\u0103 cu dovezi, nu doar cu post\u0103ri.<\/p>\n<p><strong>\u201eInstan\u021ba va decide\u201d<\/strong><\/p>\n<p><strong><em>\u201dSunt doi consilieriAUR \u0219i PNL. La fiecare \u0219edin\u021b\u0103 \u0219i la fiecare proiect propus se ab\u021bin f\u0103r\u0103 s\u0103 prezinte argumente. Nu au votat nici bugetul local. \u00cen \u0219edin\u021be nu spun aproape nimic, \u00eens\u0103 pe Facebook sunt publicate tot felul de acuza\u021bii la adresa mea \u0219i a institu\u021biei.<\/em><\/strong><\/p>\n<p><strong><em>Pe pagina respectiv\u0103 au ap\u0103rut informa\u021bii false, care \u00eemi afecteaz\u0103 reputa\u021bia de primar \u0219i imaginea Prim\u0103riei Cop\u0103ceni. A fost publicat\u0103 inclusiv o dispozi\u021bie despre care sus\u021bin c\u0103 are semn\u0103tura falsificat\u0103. Am salvat post\u0103rile, am toate dovezile \u0219i am discutat cu avocatul. Urmeaz\u0103 demersurile legale, dup\u0103 care instan\u021ba va analiza probele \u0219i va decide.<\/em><\/strong><\/p>\n<p><strong><em>Nu pot accepta denigr\u0103rile \u0219i atacurile neadev\u0103rate f\u0103r\u0103 s\u0103 reac\u021bionez. Consider c\u0103 este o campanie politic\u0103 mascat\u0103 \u0219i c\u0103 ace\u0219ti domni se preg\u0103tesc deja pentru alegeri. Oricine poate dori s\u0103 candideze, \u00eens\u0103 lupta electoral\u0103 nu se poart\u0103 prin orice metod\u0103. Voi cere instan\u021bei s\u0103 fac\u0103 dreptate, astfel \u00eenc\u00e2t cet\u0103\u021benii s\u0103 afle faptele reale\u201d,<\/em><\/strong> a declarat primarul comunei Cop\u0103ceni, Tironel T\u00e2mpl\u0103rescu.<\/p>\n<p><strong><u>ATEN\u021aIE!<\/u><\/strong>\u00a0 \u00a0 \u00a0 \u00a0 \u00a0Re\u021belele de socializare nu sunt spa\u021bii f\u0103r\u0103 reguli. Un num\u0103r mare de distribuiri nu transform\u0103 o informa\u021bie fals\u0103 \u00een adev\u0103r, iar tonul agresiv nu \u021bine loc de prob\u0103. Atunci c\u00e2nd reputa\u021bia unei persoane sau imaginea unei institu\u021bii sunt afectate, autorul poate fi chemat s\u0103 explice \u00een instan\u021b\u0103 ce a publicat \u0219i pe ce dovezi s-a bazat.<\/p>\n<p>\u00cen cazul de la Cop\u0103ceni, instan\u021ba va decide dac\u0103 limitele libert\u0103\u021bii de exprimare au fost dep\u0103\u0219ite. P\u00e2n\u0103 atunci, acuza\u021biile primarului \u0219i afirma\u021biile publicate pe pagina respectiv\u0103 r\u0103m\u00e2n pozi\u021bii aflate \u00een conflict. <strong><em>Un lucru este \u00eens\u0103 clar: cine public\u0103 acuza\u021bii grave trebuie s\u0103 fie preg\u0103tit s\u0103 le dovedeasc\u0103.<\/em><\/strong><\/p>\n<p>\u00a0<\/p>\n<p>\u00a0<\/p>\n<p>\u00a0<\/p>\n<p>\u00a0<\/p>\n<p><strong>\u00a0<\/strong><\/p>\n<\/div>\n<p>[analyse_source url=&#8221;https:\/\/www.impactreal.ro\/2026\/08\/18\/atacurile-de-pe-facebook-ajung-in-instanta-primarul-din-copaceni-pregateste-procesul-in-urma-acuzatiilor-la-adresa-sa-si-a-primariei\/&#8221;]<\/p>\n","protected":false},"excerpt":{"rendered":"<p>[analyse_image type=&#8221;featured&#8221; src=&#8221;https:\/\/www.impactreal.ro\/wp-content\/uploads\/2026\/08\/copaceni-3.jpg&#8221;] 18 august 202618 august 2026Claudia SchiopuAdministra\u0163ieCopaceni Paginile de socializare au devenit locul \u00een care sunt lansate acuza\u021bii despre persoane \u0219i institu\u021bii, uneori f\u0103r\u0103 documente care s\u0103 le sus\u021bin\u0103. Faptul c\u0103 o afirma\u021bie este publicat\u0103 pe Facebook nu \u00eel scute\u0219te pe autor de r\u0103spundere. Critica este fireasc\u0103, \u00eens\u0103 informa\u021biile prezentate public trebuie s\u0103 [&hellip;]<\/p>\n","protected":false},"author":1,"featured_media":0,"comment_status":"open","ping_status":"","sticky":false,"template":"","format":"standard","meta":{"footnotes":""},"categories":[89],"tags":[226,212],"class_list":["post-2103613","post","type-post","status-publish","format-standard","hentry","category-romania","tag-crawlmanager","tag-impactreal-ro"],"_links":{"self":[{"href":"https:\/\/analyse.optim.biz\/index.php?rest_route=\/wp\/v2\/posts\/2103613","targetHints":{"allow":["GET"]}}],"collection":[{"href":"https:\/\/analyse.optim.biz\/index.php?rest_route=\/wp\/v2\/posts"}],"about":[{"href":"https:\/\/analyse.optim.biz\/index.php?rest_route=\/wp\/v2\/types\/post"}],"author":[{"embeddable":true,"href":"https:\/\/analyse.optim.biz\/index.php?rest_route=\/wp\/v2\/users\/1"}],"replies":[{"embeddable":true,"href":"https:\/\/analyse.optim.biz\/index.php?rest_route=%2Fwp%2Fv2%2Fcomments&post=2103613"}],"version-history":[{"count":0,"href":"https:\/\/analyse.optim.biz\/index.php?rest_route=\/wp\/v2\/posts\/2103613\/revisions"}],"wp:attachment":[{"href":"https:\/\/analyse.optim.biz\/index.php?rest_route=%2Fwp%2Fv2%2Fmedia&parent=2103613"}],"wp:term":[{"taxonomy":"category","embeddable":true,"href":"https:\/\/analyse.optim.biz\/index.php?rest_route=%2Fwp%2Fv2%2Fcategories&post=2103613"},{"taxonomy":"post_tag","embeddable":true,"href":"https:\/\/analyse.optim.biz\/index.php?rest_route=%2Fwp%2Fv2%2Ftags&post=2103613"}],"curies":[{"name":"wp","href":"https:\/\/api.w.org\/{rel}","templated":true}]}}