{"id":210357,"date":"2014-03-04T18:31:38","date_gmt":"2014-03-04T15:31:38","guid":{"rendered":"https:\/\/analyse.optim.biz\/?p=210357"},"modified":"2014-03-04T18:31:38","modified_gmt":"2014-03-04T15:31:38","slug":"guvernul-ponta-iii-a-fost-aprobat-de-parlament-viata-politica-amenintata-de-un-nou-blocaj","status":"publish","type":"post","link":"https:\/\/analyse.optim.biz\/?p=210357","title":{"rendered":"Guvernul Ponta III a fost aprobat de Parlament. Via\u021ba politic\u0103, amenin\u021bat\u0103 de un nou blocaj"},"content":{"rendered":"<div class=\"entry data-app-meta data-app-meta-article\" data-embed-base-url-canonical=\"https:\/\/www.digi24.ro\/embed\/stiri\/actualitate\/politica\/guvernul-ponta-iii-a-fost-aprobat-de-parlament-viata-politica-amenintata-de-un-nou-blocaj-209480\">\n<p data-index=\"1\"><img decoding=\"async\" src=\"https:\/\/analyse.optim.biz\/wp-content\/uploads\/2024\/09\/agfzad03odjintq0y2i1m2rmmwzmogq5zgy4mju4zdrkntyxna-thumb_.jpg\" data-skip-htmlfix=\"1\" title=\"agfzad03odjintq0y2i1m2rmmwzmogq5zgy4mju4zdrkntyxna-thumb_\">\u201eEste o majoritate foarte clar\u0103. V\u0103 spun sincer, nu m\u0103 a\u0219teptam la o asemenea majoritate\u201d, a comentat premierul Victor Ponta.<\/p>\n<p data-index=\"2\">Totu\u0219i, noul guvern s-ar putea s\u0103 nu fie \u00eenvestit, pentru c\u0103 pre\u0219edintele Traian B\u0103sescu a spus mar\u021bi c\u0103 nu semneaz\u0103 de decretele de numire a noilor mini\u0219tri dac\u0103 noul guvern nu vine cu un nou program de guvernare \u00een Parlament.<\/p>\n<p data-index=\"3\">Victor Ponta a declarat c\u0103 \u00eel va suna pe pre\u0219edinte \u0219i-i va propune o solu\u021bie &#8211; un proiect votat \u00een prima \u0219edin\u021b\u0103 de guvern pentru care apoi s\u0103-\u0219i asume r\u0103spunderea \u00een parlament, confrunt\u00e2ndu-se inclusiv cu o mo\u021biune de cenzur\u0103. El a precizat c\u0103 a vorbit de mai multe ori pe parcursul zilei de mar\u021bi cu \u0219eful statului.<\/p>\n<p data-index=\"4\">\u201eV\u0103 rog s\u0103 nu m\u0103 \u00eentreba\u021bi ce se \u00eent\u00e2mpl\u0103 dac\u0103 pre\u0219edintele \u00eencalc\u0103 Constitu\u021bia\u201d, a declarat Victor Ponta, \u00eentrebat de jurnali\u0219ti despre un eventual refuz al pre\u0219edintelui de a semna decretele de numire.<\/p>\n<h5>Context<\/h5>\n<p data-index=\"5\">Pre\u015fedintele\u00a0<strong><a href=\"https:\/\/www.digi24.ro\/Stiri\/Digi24\/Actualitate\/Politica\/Traian+Basescu+face+declaratii+la+ora+14+15\" target=\"\" data-skip-linkfix=\"1\" rel=\"noopener\">Traian B\u0103sescu<\/a>\u00a0<\/strong>a cerut un nou program de guvernare \u015fi a f\u0103cut referire la scrisoarea pe care i-a transmis-o ast\u0103zi, premierului, \u00een acest sens. \u201dDac\u0103 nu se trece prin asumare programul, voi fi obligat s\u0103 a\u015ftept p\u00e2n\u0103 c\u00e2nd CC se va pronun\u0163a pe un eventual atac&#8221;, a spus Traian B\u0103sescu.<\/p>\n<p data-index=\"6\">Grupurile parlamentare ale PDL au decis s\u0103 atace la Curtea Constitu\u021bional\u0103 hot\u0103r\u00e2rea Parlamentului pentru noul Guvern, dac\u0103 nu va exista asumarea r\u0103spunderii pentru noul program de guvernare, a declarat, mar\u0163i, pre\u015fedintele PDL,<strong><a href=\"https:\/\/www.digi24.ro\/Stiri\/Digi24\/Actualitate\/Politica\/Vlaga+Blaga+PDL+ataca+la+CC+noul+Guvern+daca+nu+va+fi+asumat+un+\" target=\"\" data-skip-linkfix=\"1\" rel=\"noopener\">\u00a0Vasile Blaga.<\/a><\/strong><\/p>\n<p data-index=\"7\">Premierul Victor Ponta a declarat c\u0103 sper\u0103 ca pre\u015fedintele B\u0103sescu s\u0103 accepte noul Guvern, preciz\u00e2nd c\u0103 se afl\u0103 \u00een Parlament \u00een baza articolului 85 din Constitu\u0163ie privind strict schimbarea compozi\u0163iei politice a Guvernului.<\/p>\n<p data-index=\"8\"><strong><br \/><\/strong><\/p>\n<\/div>\n<p> Source URL: https:\/\/www.digi24.ro\/stiri\/actualitate\/politica\/guvernul-ponta-iii-a-fost-aprobat-de-parlament-viata-politica-amenintata-de-un-nou-blocaj-209480<\/p>\n","protected":false},"excerpt":{"rendered":"<p>\u201eEste o majoritate foarte clar\u0103. V\u0103 spun sincer, nu m\u0103 a\u0219teptam la o asemenea majoritate\u201d, a comentat premierul Victor Ponta. Totu\u0219i, noul guvern s-ar putea s\u0103 nu fie \u00eenvestit, pentru c\u0103 pre\u0219edintele Traian B\u0103sescu a spus mar\u021bi c\u0103 nu semneaz\u0103 de decretele de numire a noilor mini\u0219tri dac\u0103 noul guvern nu vine cu un nou [&hellip;]<\/p>\n","protected":false},"author":1,"featured_media":210358,"comment_status":"open","ping_status":"","sticky":false,"template":"","format":"standard","meta":{"footnotes":""},"categories":[2],"tags":[11],"class_list":["post-210357","post","type-post","status-publish","format-standard","has-post-thumbnail","hentry","category-politics","tag-digi24"],"_links":{"self":[{"href":"https:\/\/analyse.optim.biz\/index.php?rest_route=\/wp\/v2\/posts\/210357","targetHints":{"allow":["GET"]}}],"collection":[{"href":"https:\/\/analyse.optim.biz\/index.php?rest_route=\/wp\/v2\/posts"}],"about":[{"href":"https:\/\/analyse.optim.biz\/index.php?rest_route=\/wp\/v2\/types\/post"}],"author":[{"embeddable":true,"href":"https:\/\/analyse.optim.biz\/index.php?rest_route=\/wp\/v2\/users\/1"}],"replies":[{"embeddable":true,"href":"https:\/\/analyse.optim.biz\/index.php?rest_route=%2Fwp%2Fv2%2Fcomments&post=210357"}],"version-history":[{"count":0,"href":"https:\/\/analyse.optim.biz\/index.php?rest_route=\/wp\/v2\/posts\/210357\/revisions"}],"wp:featuredmedia":[{"embeddable":true,"href":"https:\/\/analyse.optim.biz\/index.php?rest_route=\/wp\/v2\/media\/210358"}],"wp:attachment":[{"href":"https:\/\/analyse.optim.biz\/index.php?rest_route=%2Fwp%2Fv2%2Fmedia&parent=210357"}],"wp:term":[{"taxonomy":"category","embeddable":true,"href":"https:\/\/analyse.optim.biz\/index.php?rest_route=%2Fwp%2Fv2%2Fcategories&post=210357"},{"taxonomy":"post_tag","embeddable":true,"href":"https:\/\/analyse.optim.biz\/index.php?rest_route=%2Fwp%2Fv2%2Ftags&post=210357"}],"curies":[{"name":"wp","href":"https:\/\/api.w.org\/{rel}","templated":true}]}}