{"id":2103489,"date":"2026-08-15T06:41:37","date_gmt":"2026-08-15T03:41:37","guid":{"rendered":"https:\/\/analyse.optim.biz\/?p=2103489"},"modified":"2026-08-15T06:41:37","modified_gmt":"2026-08-15T03:41:37","slug":"la-multi-ani-de-sfanta-marie-din-partea-primariei-margaritesti","status":"publish","type":"post","link":"https:\/\/analyse.optim.biz\/?p=2103489","title":{"rendered":"La mul\u021bi ani de Sf\u00e2nta Marie din partea Prim\u0103riei Margaritesti"},"content":{"rendered":"<p>[analyse_image type=&#8221;featured&#8221; src=&#8221;https:\/\/blitz24.ro\/wp-content\/uploads\/2016\/09\/sfanta_maria.jpg&#8221;]<\/p>\n<div class=\"cm-entry-summary\">\n<p><strong>Sf\u00e2nta Maria se s\u0103rb\u0103tore\u0219te de dou\u0103 ori pe an, o dat\u0103 pe 15 august, c\u00e2nd este Adormirea Maicii Domnului, \u0219i a doua oar\u0103 pe 8 septembrie, c\u00e2nd se celebreaz\u0103 Na\u0219terea Maicii Domnului.<\/strong><\/p>\n<p>Ambele s\u0103rb\u0103tori sunt unele foarte importante pentru cre\u0219tinii ortodoc\u0219i \u0219i au o semnifica\u021bie aparte.<\/p>\n<p>Cu acest prilej, primarul comunei Margaritesti, \u00eempreun\u0103 cu aparatul de specialitate din cadrul unit\u0103\u021bii administrativ-teritoriale transmite sincere bucurii, fericire, \u00eempliniri pe toate planurile \u0219i mult\u0103 s\u0103n\u0103tate. La mul\u021bi ani tuturor celor care ast\u0103zi serbeaz\u0103 numele Sfintei M\u0103rii.<\/p>\n<\/div>\n<p>[analyse_source url=&#8221;https:\/\/blitz24.ro\/stiri-judetene\/actualitate-stiri-judetene\/la-multi-ani-de-sfanta-marie-din-partea-primariei-margaritesti\/&#8221;]<\/p>\n","protected":false},"excerpt":{"rendered":"<p>[analyse_image type=&#8221;featured&#8221; src=&#8221;https:\/\/blitz24.ro\/wp-content\/uploads\/2016\/09\/sfanta_maria.jpg&#8221;] Sf\u00e2nta Maria se s\u0103rb\u0103tore\u0219te de dou\u0103 ori pe an, o dat\u0103 pe 15 august, c\u00e2nd este Adormirea Maicii Domnului, \u0219i a doua oar\u0103 pe 8 septembrie, c\u00e2nd se celebreaz\u0103 Na\u0219terea Maicii Domnului. Ambele s\u0103rb\u0103tori sunt unele foarte importante pentru cre\u0219tinii ortodoc\u0219i \u0219i au o semnifica\u021bie aparte. Cu acest prilej, primarul comunei Margaritesti, [&hellip;]<\/p>\n","protected":false},"author":1,"featured_media":0,"comment_status":"open","ping_status":"","sticky":false,"template":"","format":"standard","meta":{"footnotes":""},"categories":[2],"tags":[42,226],"class_list":["post-2103489","post","type-post","status-publish","format-standard","hentry","category-politics","tag-blitz24-ro","tag-crawlmanager"],"_links":{"self":[{"href":"https:\/\/analyse.optim.biz\/index.php?rest_route=\/wp\/v2\/posts\/2103489","targetHints":{"allow":["GET"]}}],"collection":[{"href":"https:\/\/analyse.optim.biz\/index.php?rest_route=\/wp\/v2\/posts"}],"about":[{"href":"https:\/\/analyse.optim.biz\/index.php?rest_route=\/wp\/v2\/types\/post"}],"author":[{"embeddable":true,"href":"https:\/\/analyse.optim.biz\/index.php?rest_route=\/wp\/v2\/users\/1"}],"replies":[{"embeddable":true,"href":"https:\/\/analyse.optim.biz\/index.php?rest_route=%2Fwp%2Fv2%2Fcomments&post=2103489"}],"version-history":[{"count":0,"href":"https:\/\/analyse.optim.biz\/index.php?rest_route=\/wp\/v2\/posts\/2103489\/revisions"}],"wp:attachment":[{"href":"https:\/\/analyse.optim.biz\/index.php?rest_route=%2Fwp%2Fv2%2Fmedia&parent=2103489"}],"wp:term":[{"taxonomy":"category","embeddable":true,"href":"https:\/\/analyse.optim.biz\/index.php?rest_route=%2Fwp%2Fv2%2Fcategories&post=2103489"},{"taxonomy":"post_tag","embeddable":true,"href":"https:\/\/analyse.optim.biz\/index.php?rest_route=%2Fwp%2Fv2%2Ftags&post=2103489"}],"curies":[{"name":"wp","href":"https:\/\/api.w.org\/{rel}","templated":true}]}}