{"id":2103465,"date":"2026-08-20T13:35:00","date_gmt":"2026-08-20T10:35:00","guid":{"rendered":"https:\/\/analyse.optim.biz\/?p=2103465"},"modified":"2026-08-20T13:35:00","modified_gmt":"2026-08-20T10:35:00","slug":"programul-de-furnizare-a-apei-instituit-in-localitatile-de-pe-valea-slanicului-vineri-21-08-2026-de-la-ora-0800-duminica-23-08-2026-la-ora-2000","status":"publish","type":"post","link":"https:\/\/analyse.optim.biz\/?p=2103465","title":{"rendered":"Programul de furnizare a apei instituit \u00een localit\u0103\u021bile de pe Valea Sl\u0103nicului vineri (21.08.2026) de la ora 08:00 \u2013 duminic\u0103, (23.08.2026) la ora 20:00"},"content":{"rendered":"<p>[analyse_image type=&#8221;featured&#8221; src=&#8221;https:\/\/www.campusbuzau.ro\/wp-content\/uploads\/2026\/08\/info-Comania-de-apa-program-apa-pe-Valea-Slanicului.jpghttps:\/\/www.campusbuzau.ro\/wp-content\/uploads\/2026\/08\/info-Comania-de-apa-program-apa-pe-Valea-Slanicului.jpg&#8221;]<\/p>\n<div class=\"entry-content\">\n<p>Programul de furnizare a apei instituit \u00een localit\u0103\u021bi de pe Valea Sl\u0103nicului \u00een data de 17.08.2026 a ajuns \u00een a doua etap\u0103.<\/p>\n<p>Astfel, de vineri, 21.08.2026, de la ora 08.00, p\u00e2n\u0103 duminic\u0103, 23.08.2026, la ora 20.00, se va furniza ap\u0103 \u00een localit\u0103\u021bile\u00a0:<\/p>\n<ul class=\"wp-block-list\">\n<li>Podul Muncii (par\u021bial), Dogari, Gura Dimienii, arondate Rezervorului Jieni<\/li>\n<li>M\u0103rg\u0103ri\u021bi, Beceni, Valea P\u0103rului, C\u0103rpini\u0219tea, Izvoru Dulce \u0219i Fulga, arondate Rezervorului Arb\u0103na\u0219i.<\/li>\n<\/ul>\n<p>Compania de Ap\u0103 Buz\u0103u face apel la to\u021bi abona\u021bii de pe Valea Sl\u0103nicului s\u0103 ia \u00een serios recomand\u0103rile pentru consum responsabil al apei \u00een aceast\u0103 perioad\u0103 de secet\u0103.<\/p>\n<p>T\u00een\u00e2nd cont de situa\u021biile alarmante ap\u0103rute \u00een localit\u0103\u021bi de pe Valea Sl\u0103nicului, situa\u021bii \u00een care efectul recomand\u0103rilor noastre a fost consumul \u0219i mai mare de ap\u0103 \u0219i stocarea unor cantit\u0103\u021bi care nu justific\u0103 nevoile imediate ale unei gospod\u0103rii, atragem aten\u021bia utilizatorilor c\u0103, prin nerespectarea apelurilor Companiei de Ap\u0103, criza se va extinde.<\/p>\n<p>De asemenea, \u00een localit\u0103\u021bile de pe Valea Sl\u0103nicului \u00een care a fost instituit program de furnizare, ar trebui s\u0103 primeze solidaritatea, astfel \u00eenc\u00e2t apa s\u0103 ajung\u0103 \u00een toate gospod\u0103riile.<\/p>\n<p>\u00cen timpul perioadelor secetoase \u0219i mai ales, \u00een timpul programului de furnizare\u00a0:<\/p>\n<ul class=\"wp-block-list\">\n<li>Nu folosim apa pentru udarea gr\u0103dinilor, peluzelor \u0219i spa\u021biilor verzi\n<ul>\n<li>Nu folosim apa pentru umplerea piscinelor \u0219i a bazinelor<\/li>\n<\/ul>\n<ul>\n<li>Nu sp\u0103l\u0103m autovehiculele, cur\u021bile \u0219i aleile cu ap\u0103 din re\u021beaua public\u0103<\/li>\n<\/ul>\n<ul>\n<li>Verific\u0103m instala\u021biile interioare pentru a identifica rapid pierderile \u0219i pentru a le remedia<\/li>\n<\/ul>\n<ul>\n<li>Nu stoc\u0103m cantit\u0103\u021bi mari de ap\u0103, bloc\u00e2nd astfel furnizarea pentru ceilal\u021bi utilizatori<\/li>\n<\/ul>\n<ul class=\"wp-block-list\">\n<li>Folosim apa doar pentru consum \u0219i pentru activit\u0103\u021bile menajere esen\u021biale<\/li>\n<\/ul>\n<\/li>\n<\/ul>\n<p>Compania de Ap\u0103 Buz\u0103u anun\u021b\u0103 c\u0103 nu va mai institui program de furnizare\u00a0 de luni, 24.08.2026, doar dac\u0103 recomand\u0103rile pentru consum responsabil vor fi respectate de c\u0103tre to\u021bi utilizatorii de pe Valea Sl\u0103nicului \u0219i consumul de ap\u0103 se va reduce.<\/p>\n<\/div>\n<p>[analyse_source url=&#8221;https:\/\/www.campusbuzau.ro\/programul-de-furnizare-a-apei-instituit-in-localitatile-de-pe-valea-slanicului-vineri-21-08-2026-de-la-ora-0800-duminica-23-08-2026-la-ora-2000\/&#8221;]<\/p>\n","protected":false},"excerpt":{"rendered":"<p>[analyse_image type=&#8221;featured&#8221; src=&#8221;https:\/\/www.campusbuzau.ro\/wp-content\/uploads\/2026\/08\/info-Comania-de-apa-program-apa-pe-Valea-Slanicului.jpghttps:\/\/www.campusbuzau.ro\/wp-content\/uploads\/2026\/08\/info-Comania-de-apa-program-apa-pe-Valea-Slanicului.jpg&#8221;] Programul de furnizare a apei instituit \u00een localit\u0103\u021bi de pe Valea Sl\u0103nicului \u00een data de 17.08.2026 a ajuns \u00een a doua etap\u0103. Astfel, de vineri, 21.08.2026, de la ora 08.00, p\u00e2n\u0103 duminic\u0103, 23.08.2026, la ora 20.00, se va furniza ap\u0103 \u00een localit\u0103\u021bile\u00a0: Podul Muncii (par\u021bial), Dogari, Gura Dimienii, arondate Rezervorului Jieni M\u0103rg\u0103ri\u021bi, [&hellip;]<\/p>\n","protected":false},"author":1,"featured_media":0,"comment_status":"open","ping_status":"","sticky":false,"template":"","format":"standard","meta":{"footnotes":""},"categories":[2],"tags":[118,226],"class_list":["post-2103465","post","type-post","status-publish","format-standard","hentry","category-politics","tag-campusbuzau-ro","tag-crawlmanager"],"_links":{"self":[{"href":"https:\/\/analyse.optim.biz\/index.php?rest_route=\/wp\/v2\/posts\/2103465","targetHints":{"allow":["GET"]}}],"collection":[{"href":"https:\/\/analyse.optim.biz\/index.php?rest_route=\/wp\/v2\/posts"}],"about":[{"href":"https:\/\/analyse.optim.biz\/index.php?rest_route=\/wp\/v2\/types\/post"}],"author":[{"embeddable":true,"href":"https:\/\/analyse.optim.biz\/index.php?rest_route=\/wp\/v2\/users\/1"}],"replies":[{"embeddable":true,"href":"https:\/\/analyse.optim.biz\/index.php?rest_route=%2Fwp%2Fv2%2Fcomments&post=2103465"}],"version-history":[{"count":0,"href":"https:\/\/analyse.optim.biz\/index.php?rest_route=\/wp\/v2\/posts\/2103465\/revisions"}],"wp:attachment":[{"href":"https:\/\/analyse.optim.biz\/index.php?rest_route=%2Fwp%2Fv2%2Fmedia&parent=2103465"}],"wp:term":[{"taxonomy":"category","embeddable":true,"href":"https:\/\/analyse.optim.biz\/index.php?rest_route=%2Fwp%2Fv2%2Fcategories&post=2103465"},{"taxonomy":"post_tag","embeddable":true,"href":"https:\/\/analyse.optim.biz\/index.php?rest_route=%2Fwp%2Fv2%2Ftags&post=2103465"}],"curies":[{"name":"wp","href":"https:\/\/api.w.org\/{rel}","templated":true}]}}