{"id":2103461,"date":"2026-08-20T16:45:00","date_gmt":"2026-08-20T13:45:00","guid":{"rendered":"https:\/\/analyse.optim.biz\/?p=2103461"},"modified":"2026-08-20T16:45:00","modified_gmt":"2026-08-20T13:45:00","slug":"110-ani-de-traditie-militara-la-buzau-divizia-2-infanterie-ceremonie-impresionanta-pe-calea-eroilor","status":"publish","type":"post","link":"https:\/\/analyse.optim.biz\/?p=2103461","title":{"rendered":"110 ani de tradi\u021bie militar\u0103 la Buz\u0103u. Divizia 2 Infanterie, ceremonie impresionant\u0103 pe Calea Eroilor"},"content":{"rendered":"<p>[analyse_image type=&#8221;featured&#8221; src=&#8221;https:\/\/www.campusbuzau.ro\/wp-content\/uploads\/2026\/08\/ceremonie-armata-2.jpghttps:\/\/www.campusbuzau.ro\/wp-content\/uploads\/2026\/08\/ceremonie-armata-2.jpg&#8221;]<\/p>\n<div class=\"entry-content\">\n<p><strong><em><mark class=\"has-inline-color has-maincolor-color\">Calea Eroilor din Buz\u0103u a g\u0103zduit ast\u0103zi o ceremonie militar\u0103 dedicat\u0103 \u00eemplinirii a 110 ani de la \u00eenfiin\u021barea Armatei a II-a, a c\u0103rei activitate a fost continuat\u0103 de Divizia 2 Infanterie \u201eGetica\u201d. Conducerea Armatei Rom\u00e2ne a fost reprezentat\u0103 la cel mai \u00eenalt nivel. La Buz\u0103u au venit ministrul interimar al Ap\u0103r\u0103rii, Radu Miru\u021b\u0103, precum \u0219i \u0219eful Statului Major al Ap\u0103r\u0103rii, generalul Gheorghi\u021b\u0103 Vlad.<\/mark><\/em><\/strong><\/p>\n<p>De asemenea, la ceremonie au participat zeci de oficialit\u0103\u021bi, numero\u0219i militari, activi sau \u00een rezerv\u0103, precum \u0219i c\u00e2teva sute de buzoieni. <\/p>\n<figure class=\"wp-block-image size-full is-resized\"><img loading=\"lazy\" decoding=\"async\" width=\"900\" height=\"506\" src=\"https:\/\/www.campusbuzau.ro\/wp-content\/uploads\/2026\/08\/ceremonie-armata-1.jpg\" alt class=\"wp-image-156568\"><\/figure>\n<p>Prezent la Buz\u0103u, ministrul interimar al Ap\u0103r\u0103rii, Radu Miru\u021b\u0103, i-a felicitat pe militarii structurilor care fac parte din Divizia 2 Infanterie. Acesta a vorbit apoi despre procesul de modernizare a Armatei Rom\u00e2ne. <\/p>\n<figure class=\"wp-block-image size-full is-resized\"><img loading=\"lazy\" decoding=\"async\" width=\"900\" height=\"506\" src=\"https:\/\/www.campusbuzau.ro\/wp-content\/uploads\/2026\/08\/ceremonie-armata-5.jpg\" alt class=\"wp-image-156565\"><\/figure>\n<p>Fost comandant al Diviziei 2 Infanterie \u201eGetica\u201d, generalul Gheorghi\u021b\u0103 Vlad a vorbit cu emo\u021bie despre perioada petrecut\u0103 la Buz\u0103u. <\/p>\n<figure class=\"wp-block-image size-full is-resized\"><img loading=\"lazy\" decoding=\"async\" width=\"860\" height=\"479\" src=\"https:\/\/www.campusbuzau.ro\/wp-content\/uploads\/2026\/08\/ceremonie-armata-6.jpg\" alt class=\"wp-image-156566\"><\/figure>\n<p>S-a adresat militarilor \u0219i buzoienilor prezen\u021bi pe Calea Eroilor \u0219i primarul municipiului Buz\u0103u, Constantin Toma.<\/p>\n<p>Evenimentul a continuat cu acordarea de distinc\u021bii aniversare unor ofi\u021beri \u0219i subofi\u021beri. A fost intonat apoi imnul Diviziei 2 Infanterie. <\/p>\n<figure class=\"wp-block-image size-full is-resized\"><img decoding=\"async\" loading=\"lazy\" width=\"900\" height=\"506\" src=\"https:\/\/www.campusbuzau.ro\/wp-content\/uploads\/2026\/08\/ceremonie-armata-3.jpg\" alt class=\"wp-image-156567\"><\/figure>\n<p>Manifestarea de pe Calea Eroilor s-a \u00eencheiat cu defilarea deta\u0219amentelor de onoare ale tuturor unit\u0103\u021bilor din cadrul Diviziei 2 Infanterie \u201eGetica\u201d, al\u0103turi de Muzica Militar\u0103 a Garnizoanei Buz\u0103u. <\/p>\n<figure class=\"wp-block-image size-full is-resized\"><img decoding=\"async\" loading=\"lazy\" width=\"900\" height=\"506\" src=\"https:\/\/www.campusbuzau.ro\/wp-content\/uploads\/2026\/08\/ceremonie-armata-4.jpg\" alt class=\"wp-image-156564\"><\/figure>\n<p>La finalul ceremoniei, conducerea Armatei Rom\u00e2ne l-a felicitat pe cel mai v\u00e2rstnic veteran de r\u0103zboi din jude\u021bul Buz\u0103u. Nea Gic\u0103 Baciu din M\u00e2nz\u0103le\u0219ti a \u00eemplinit, \u00een data de 4 mai, 104 ani. <\/p>\n<figure class=\"wp-block-image size-full is-resized\"><img decoding=\"async\" loading=\"lazy\" width=\"870\" height=\"484\" src=\"https:\/\/www.campusbuzau.ro\/wp-content\/uploads\/2026\/08\/gica-baciu-si-gheorghita.jpg\" alt class=\"wp-image-156577\"><\/figure>\n<p>Divizia 2 Infanterie \u201eGetica\u201d este continuatoarea tradi\u021biilor istorice \u0219i de lupt\u0103 ale Armatei a 2-a, \u00eenfiin\u021bat\u0103 la data de 18 august 1916, cu pu\u021bin timp \u00eenainte de intrarea Rom\u00e2niei \u00een Primul R\u0103zboi Mondial. La comanda noii structuri a fost numit generalul de divizie Alexandru Averescu, care avea s\u0103 se acopere de glorie \u00een luptele de la M\u0103r\u0103\u015fti.<\/p>\n<figure class=\"wp-block-embed is-type-video is-provider-youtube wp-block-embed-youtube wp-embed-aspect-16-9 wp-has-aspect-ratio\">\n<div class=\"wp-block-embed__wrapper\">\n<iframe loading=\"lazy\" title=\"CEREMONIE PE CALEA EROILOR. DIVIZIA 2 INFANTERIE A MARCAT 110 ANI DE LA \u00ceNFIIN\u0162ARE\" width=\"500\" height=\"281\" src=\"https:\/\/www.youtube.com\/embed\/svpIB3OiDGk?feature=oembed\" frameborder allow=\"accelerometer; autoplay; clipboard-write; encrypted-media; gyroscope; picture-in-picture; web-share\" referrerpolicy=\"strict-origin-when-cross-origin\" allowfullscreen><\/iframe>\n<\/div>\n<\/figure>\n<\/div>\n<p>[analyse_source url=&#8221;https:\/\/www.campusbuzau.ro\/110-ani-de-traditie-militara-la-buzau-divizia-2-infanterie-ceremonie-impresionanta-pe-calea-eroilor\/&#8221;]<\/p>\n","protected":false},"excerpt":{"rendered":"<p>[analyse_image type=&#8221;featured&#8221; src=&#8221;https:\/\/www.campusbuzau.ro\/wp-content\/uploads\/2026\/08\/ceremonie-armata-2.jpghttps:\/\/www.campusbuzau.ro\/wp-content\/uploads\/2026\/08\/ceremonie-armata-2.jpg&#8221;] Calea Eroilor din Buz\u0103u a g\u0103zduit ast\u0103zi o ceremonie militar\u0103 dedicat\u0103 \u00eemplinirii a 110 ani de la \u00eenfiin\u021barea Armatei a II-a, a c\u0103rei activitate a fost continuat\u0103 de Divizia 2 Infanterie \u201eGetica\u201d. Conducerea Armatei Rom\u00e2ne a fost reprezentat\u0103 la cel mai \u00eenalt nivel. La Buz\u0103u au venit ministrul interimar al Ap\u0103r\u0103rii, Radu [&hellip;]<\/p>\n","protected":false},"author":1,"featured_media":0,"comment_status":"open","ping_status":"","sticky":false,"template":"","format":"standard","meta":{"footnotes":""},"categories":[2],"tags":[118,226],"class_list":["post-2103461","post","type-post","status-publish","format-standard","hentry","category-politics","tag-campusbuzau-ro","tag-crawlmanager"],"_links":{"self":[{"href":"https:\/\/analyse.optim.biz\/index.php?rest_route=\/wp\/v2\/posts\/2103461","targetHints":{"allow":["GET"]}}],"collection":[{"href":"https:\/\/analyse.optim.biz\/index.php?rest_route=\/wp\/v2\/posts"}],"about":[{"href":"https:\/\/analyse.optim.biz\/index.php?rest_route=\/wp\/v2\/types\/post"}],"author":[{"embeddable":true,"href":"https:\/\/analyse.optim.biz\/index.php?rest_route=\/wp\/v2\/users\/1"}],"replies":[{"embeddable":true,"href":"https:\/\/analyse.optim.biz\/index.php?rest_route=%2Fwp%2Fv2%2Fcomments&post=2103461"}],"version-history":[{"count":0,"href":"https:\/\/analyse.optim.biz\/index.php?rest_route=\/wp\/v2\/posts\/2103461\/revisions"}],"wp:attachment":[{"href":"https:\/\/analyse.optim.biz\/index.php?rest_route=%2Fwp%2Fv2%2Fmedia&parent=2103461"}],"wp:term":[{"taxonomy":"category","embeddable":true,"href":"https:\/\/analyse.optim.biz\/index.php?rest_route=%2Fwp%2Fv2%2Fcategories&post=2103461"},{"taxonomy":"post_tag","embeddable":true,"href":"https:\/\/analyse.optim.biz\/index.php?rest_route=%2Fwp%2Fv2%2Ftags&post=2103461"}],"curies":[{"name":"wp","href":"https:\/\/api.w.org\/{rel}","templated":true}]}}