{"id":2103456,"date":"2026-08-17T06:29:39","date_gmt":"2026-08-17T03:29:39","guid":{"rendered":"https:\/\/analyse.optim.biz\/?p=2103456"},"modified":"2026-08-17T06:29:39","modified_gmt":"2026-08-17T03:29:39","slug":"adrian-mocanu-alaturi-de-comunitatea-din-cozieni-la-targul-traditional-de-sfanta-maria-stiri-din-surse","status":"publish","type":"post","link":"https:\/\/analyse.optim.biz\/?p=2103456","title":{"rendered":"Adrian Mocanu, al\u0103turi de comunitatea din Cozieni, la \u201eT\u00e2rgul Tradi\u021bional de Sf\u00e2nta Maria\u201d &#8211; Stiri Din Surse"},"content":{"rendered":"<p>[analyse_image type=&#8221;featured&#8221; src=&#8221;https:\/\/stiridinsursebuzau.ro\/wp-content\/uploads\/2026\/08\/774595472_2839707673083273_6211108193329349048_n-1024&#215;768.jpg&#8221;]<\/p>\n<article class=\"page-content-single small single\">\n<div id=\"stiri-1144170872\" class=\"stiri-inainte-de-continut-14 stiri-entity-placement\"><a href=\"https:\/\/www.shoppingcitybuzau.ro\/\" aria-label=\"NEPI_Buzau_Card Colac_1274x158\"><img decoding=\"async\" loading=\"lazy\" src=\"https:\/\/stiridinsursebuzau.ro\/wp-content\/uploads\/2026\/08\/NEPI_Buzau_Card-Colac_1274x158.jpg\" alt width=\"1274\" height=\"158\"><\/a><\/div>\n<div id=\"stiri-3344248725\" class=\"stiri-inainte-de-continut-3 stiri-entity-placement\"><a href=\"https:\/\/buzau.21k.ro\/\" aria-label=\"900\u00d7200\"><img decoding=\"async\" loading=\"lazy\" src=\"https:\/\/stiridinsursebuzau.ro\/wp-content\/uploads\/2026\/07\/900x200.gif\" alt width=\"900\" height=\"200\"><\/a><\/div>\n<p class=\"wp-block-paragraph\"><strong>Deputatul PNL de Buz\u0103u Adrian Mocanu a participat la \u201eT\u00e2rgul Tradi\u021bional de Sf\u00e2nta Maria\u201d, eveniment organizat \u00een comuna Cozieni \u0219i dedicat tradi\u021biilor locale. Parlamentarul a transmis, dup\u0103 participarea la manifestare, un mesaj \u00een care a pus accent pe importan\u021ba unor astfel de evenimente pentru comunit\u0103\u021bile locale.<\/strong><\/p>\n<p class=\"wp-block-paragraph\">La s\u0103rb\u0103toarea comunei au fost prezen\u021bi, al\u0103turi de Adrian Mocanu, primarul comunei Cozieni, Robert \u0218omoiag, primarul comunei Cisl\u0103u, Cristi Mu\u0219at, prefectul jude\u021bului Buz\u0103u, Leonard Dimian, precum \u0219i Viorel Dobre \u0219i Cosmin Laz\u0103r.<\/p>\n<p class=\"wp-block-paragraph\">\u201eAst\u0103zi am fost la Ziua Comunei Cozieni \u2013 \u00abT\u00e2rgul Tradi\u021bional de Sf\u00e2nta Maria\u00bb, o s\u0103rb\u0103toare care adun\u0103 an de an oamenii locului \u00een jurul tradi\u021biilor, muzicii \u0219i bunei dispozi\u021bii\u201d, a transmis deputatul liberal.<\/p>\n<p class=\"wp-block-paragraph\">Adrian Mocanu a subliniat c\u0103, dincolo de programul artistic \u0219i atmosfera de s\u0103rb\u0103toare, evenimentul reprezint\u0103 un prilej de \u00eent\u00e2lnire pentru locuitorii comunei \u0219i de p\u0103strare a tradi\u021biilor locale.<\/p>\n<p class=\"wp-block-paragraph\">\u201eDincolo de muzic\u0103 \u0219i de s\u0103rb\u0103toare, astfel de momente sunt despre comunitate. Despre oameni care se cunosc, se salut\u0103, se bucur\u0103 \u00eempreun\u0103 \u0219i p\u0103streaz\u0103 vii tradi\u021biile locului\u201d, a precizat parlamentarul.<\/p>\n<p class=\"wp-block-paragraph\">Deputatul PNL l-a felicitat pe primarul Robert \u0218omoiag \u0219i pe cei implica\u021bi \u00een organizarea evenimentului \u0219i le-a mul\u021bumit locuitorilor din Cozieni pentru modul \u00een care a fost primit.<\/p>\n<p class=\"wp-block-paragraph\">\u201eFelicit\u0103ri, Robert, pentru aceast\u0103 zi \u0219i tuturor celor care s-au implicat \u00een organizare! \u0218i, mai ales, mul\u021bumesc oamenilor din Cozieni pentru primirea cald\u0103! M-am sim\u021bit bine al\u0103turi de voi. La mul\u021bi ani, Cozieni!\u201d, a mai transmis Adrian Mocanu.<\/p>\n<p class=\"wp-block-paragraph\">\u201eT\u00e2rgul Tradi\u021bional de Sf\u00e2nta Maria\u201d este unul dintre evenimentele prin care comunitatea din Cozieni \u00ee\u0219i celebreaz\u0103 tradi\u021biile \u0219i ofer\u0103 localnicilor un prilej de \u00eent\u00e2lnire \u0219i petrecere.<\/p>\n<div class=\"post-views content-post post-48487 entry-meta load-static\" data-pvc-type=\"post\" data-pvc-id=\"48487\"><span class=\"post-views-label\">Vizualiz\u0103ri \u0219tire:<\/span><span class=\"post-views-count\">326<\/span><\/div>\n<div id=\"stiri-763366136\" class=\"stiri-dupa-continut-2 stiri-entity-placement\"><a href=\"https:\/\/rapidservicebuzau.ro\/\" aria-label=\"RAPID SUPER SERVICE\"><img loading=\"lazy\" decoding=\"async\" src=\"https:\/\/stiridinsursebuzau.ro\/wp-content\/uploads\/2026\/02\/ChatGPT-Image-10-feb.-2026-22_24_01.png\" alt width=\"1536\" height=\"1024\"><\/a><\/div>\n<div id=\"stiri-1535777325\" class=\"stiri-dupa-continut_2 stiri-entity-placement\"><a href=\"https:\/\/www.facebook.com\/profile.php?id=61564932526740\" aria-label=\"Glamour Pizza &quot;la patrat&quot;\"><img decoding=\"async\" loading=\"lazy\" src=\"https:\/\/stiridinsursebuzau.ro\/wp-content\/uploads\/2026\/02\/ChatGPT-Image-10-feb.-2026-21_57_13.png\" alt=\"Glamour Pizza &quot;la patrat&quot;\" width=\"1536\" height=\"1024\"><\/a><\/div>\n<div id=\"stiri-4149733518\" class=\"stiri-dupa-continut_3 stiri-entity-placement\"><a href=\"https:\/\/www.facebook.com\/profile.php?id=61573613380169&amp;locale=ro_RO\" aria-label=\"ChatGPT Image 10 feb. 2026, 22_10_50\"><img decoding=\"async\" loading=\"lazy\" src=\"https:\/\/stiridinsursebuzau.ro\/wp-content\/uploads\/2026\/02\/ChatGPT-Image-10-feb.-2026-22_10_50.png\" alt width=\"1536\" height=\"1024\"><\/a><\/div>\n<div id=\"stiri-675637458\" class=\"stiri-dupa-continut_4 stiri-entity-placement\"><a href=\"https:\/\/www.facebook.com\/profile.php?id=100077377992379\" aria-label=\"1536 cu 1024 pixeli\"><img decoding=\"async\" loading=\"lazy\" src=\"https:\/\/stiridinsursebuzau.ro\/wp-content\/uploads\/2026\/02\/ChatGPT-Image-20-feb.-2026-14_05_15.png\" alt=\"1536 cu 1024 pixeli\" width=\"1536\" height=\"1024\"><\/a><\/div>\n<div id=\"stiri-1492325685\" class=\"stiri-dupa-continut_5 stiri-entity-placement\"><img decoding=\"async\" loading=\"lazy\" src=\"https:\/\/stiridinsursebuzau.ro\/wp-content\/uploads\/2026\/02\/ChatGPT-Image-10-feb.-2026-23_00_56.png\" alt=\"piese tractoare\" width=\"1536\" height=\"1024\"><\/div>\n<nav class=\"navigation post-navigation\" aria-label=\"Articole\">\n<h2 class=\"screen-reader-text\">Navigare \u00een articole<\/h2>\n<div class=\"nav-links\">\n<div class=\"nav-previous\"><a href=\"https:\/\/stiridinsursebuzau.ro\/retea-de-canalizare-finalizata-in-pogoanele-si-padina-cu-peste-72-de-milioane-de-lei-din-pnrr-ramane-de-vazut-cand-va-fi-pusa-efectiv-in-functiune\/\" rel=\"prev\">Re\u021bea de canalizare finalizat\u0103 \u00een Pogoanele \u0219i Padina, cu peste 72 de milioane de lei din PNRR. R\u0103m\u00e2ne de v\u0103zut c\u00e2nd va fi pus\u0103 efectiv \u00een func\u021biune <\/a><\/div>\n<div class=\"nav-next\"><a href=\"https:\/\/stiridinsursebuzau.ro\/prefectul-pnl-leonard-dimian-declaratii-elogioase-despre-marcel-ciolacu-este-supracalificat-pentru-functia-pe-care-o-are\/\" rel=\"next\"> Prefectul PNL Leonard Dimian, declara\u021bii elogioase despre Marcel Ciolacu: \u201eEste supracalificat pentru func\u021bia pe care o are\u201d<\/a><\/div>\n<\/div>\n<\/nav>\n<\/article>\n<article class=\"page-content-single small single\">\n<div id=\"stiri-1144170872\" class=\"stiri-inainte-de-continut-14 stiri-entity-placement\"><a href=\"https:\/\/www.shoppingcitybuzau.ro\/\" aria-label=\"NEPI_Buzau_Card Colac_1274x158\"><img decoding=\"async\" loading=\"lazy\" src=\"https:\/\/stiridinsursebuzau.ro\/wp-content\/uploads\/2026\/08\/NEPI_Buzau_Card-Colac_1274x158.jpg\" alt width=\"1274\" height=\"158\"><\/a><\/div>\n<div id=\"stiri-3344248725\" class=\"stiri-inainte-de-continut-3 stiri-entity-placement\"><a href=\"https:\/\/buzau.21k.ro\/\" aria-label=\"900\u00d7200\"><img decoding=\"async\" loading=\"lazy\" src=\"https:\/\/stiridinsursebuzau.ro\/wp-content\/uploads\/2026\/07\/900x200.gif\" alt width=\"900\" height=\"200\"><\/a><\/div>\n<p class=\"wp-block-paragraph\"><strong>Deputatul PNL de Buz\u0103u Adrian Mocanu a participat la \u201eT\u00e2rgul Tradi\u021bional de Sf\u00e2nta Maria\u201d, eveniment organizat \u00een comuna Cozieni \u0219i dedicat tradi\u021biilor locale. Parlamentarul a transmis, dup\u0103 participarea la manifestare, un mesaj \u00een care a pus accent pe importan\u021ba unor astfel de evenimente pentru comunit\u0103\u021bile locale.<\/strong><\/p>\n<p class=\"wp-block-paragraph\">La s\u0103rb\u0103toarea comunei au fost prezen\u021bi, al\u0103turi de Adrian Mocanu, primarul comunei Cozieni, Robert \u0218omoiag, primarul comunei Cisl\u0103u, Cristi Mu\u0219at, prefectul jude\u021bului Buz\u0103u, Leonard Dimian, precum \u0219i Viorel Dobre \u0219i Cosmin Laz\u0103r.<\/p>\n<p class=\"wp-block-paragraph\">\u201eAst\u0103zi am fost la Ziua Comunei Cozieni \u2013 \u00abT\u00e2rgul Tradi\u021bional de Sf\u00e2nta Maria\u00bb, o s\u0103rb\u0103toare care adun\u0103 an de an oamenii locului \u00een jurul tradi\u021biilor, muzicii \u0219i bunei dispozi\u021bii\u201d, a transmis deputatul liberal.<\/p>\n<p class=\"wp-block-paragraph\">Adrian Mocanu a subliniat c\u0103, dincolo de programul artistic \u0219i atmosfera de s\u0103rb\u0103toare, evenimentul reprezint\u0103 un prilej de \u00eent\u00e2lnire pentru locuitorii comunei \u0219i de p\u0103strare a tradi\u021biilor locale.<\/p>\n<p class=\"wp-block-paragraph\">\u201eDincolo de muzic\u0103 \u0219i de s\u0103rb\u0103toare, astfel de momente sunt despre comunitate. Despre oameni care se cunosc, se salut\u0103, se bucur\u0103 \u00eempreun\u0103 \u0219i p\u0103streaz\u0103 vii tradi\u021biile locului\u201d, a precizat parlamentarul.<\/p>\n<p class=\"wp-block-paragraph\">Deputatul PNL l-a felicitat pe primarul Robert \u0218omoiag \u0219i pe cei implica\u021bi \u00een organizarea evenimentului \u0219i le-a mul\u021bumit locuitorilor din Cozieni pentru modul \u00een care a fost primit.<\/p>\n<p class=\"wp-block-paragraph\">\u201eFelicit\u0103ri, Robert, pentru aceast\u0103 zi \u0219i tuturor celor care s-au implicat \u00een organizare! \u0218i, mai ales, mul\u021bumesc oamenilor din Cozieni pentru primirea cald\u0103! M-am sim\u021bit bine al\u0103turi de voi. La mul\u021bi ani, Cozieni!\u201d, a mai transmis Adrian Mocanu.<\/p>\n<p class=\"wp-block-paragraph\">\u201eT\u00e2rgul Tradi\u021bional de Sf\u00e2nta Maria\u201d este unul dintre evenimentele prin care comunitatea din Cozieni \u00ee\u0219i celebreaz\u0103 tradi\u021biile \u0219i ofer\u0103 localnicilor un prilej de \u00eent\u00e2lnire \u0219i petrecere.<\/p>\n<div class=\"post-views content-post post-48487 entry-meta load-static\" data-pvc-type=\"post\" data-pvc-id=\"48487\"><span class=\"post-views-label\">Vizualiz\u0103ri \u0219tire:<\/span><span class=\"post-views-count\">326<\/span><\/div>\n<div id=\"stiri-763366136\" class=\"stiri-dupa-continut-2 stiri-entity-placement\"><a href=\"https:\/\/rapidservicebuzau.ro\/\" aria-label=\"RAPID SUPER SERVICE\"><img loading=\"lazy\" decoding=\"async\" src=\"https:\/\/stiridinsursebuzau.ro\/wp-content\/uploads\/2026\/02\/ChatGPT-Image-10-feb.-2026-22_24_01.png\" alt width=\"1536\" height=\"1024\"><\/a><\/div>\n<div id=\"stiri-1535777325\" class=\"stiri-dupa-continut_2 stiri-entity-placement\"><a href=\"https:\/\/www.facebook.com\/profile.php?id=61564932526740\" aria-label=\"Glamour Pizza &quot;la patrat&quot;\"><img decoding=\"async\" loading=\"lazy\" src=\"https:\/\/stiridinsursebuzau.ro\/wp-content\/uploads\/2026\/02\/ChatGPT-Image-10-feb.-2026-21_57_13.png\" alt=\"Glamour Pizza &quot;la patrat&quot;\" width=\"1536\" height=\"1024\"><\/a><\/div>\n<div id=\"stiri-4149733518\" class=\"stiri-dupa-continut_3 stiri-entity-placement\"><a href=\"https:\/\/www.facebook.com\/profile.php?id=61573613380169&amp;locale=ro_RO\" aria-label=\"ChatGPT Image 10 feb. 2026, 22_10_50\"><img decoding=\"async\" loading=\"lazy\" src=\"https:\/\/stiridinsursebuzau.ro\/wp-content\/uploads\/2026\/02\/ChatGPT-Image-10-feb.-2026-22_10_50.png\" alt width=\"1536\" height=\"1024\"><\/a><\/div>\n<div id=\"stiri-675637458\" class=\"stiri-dupa-continut_4 stiri-entity-placement\"><a href=\"https:\/\/www.facebook.com\/profile.php?id=100077377992379\" aria-label=\"1536 cu 1024 pixeli\"><img decoding=\"async\" loading=\"lazy\" src=\"https:\/\/stiridinsursebuzau.ro\/wp-content\/uploads\/2026\/02\/ChatGPT-Image-20-feb.-2026-14_05_15.png\" alt=\"1536 cu 1024 pixeli\" width=\"1536\" height=\"1024\"><\/a><\/div>\n<div id=\"stiri-1492325685\" class=\"stiri-dupa-continut_5 stiri-entity-placement\"><img decoding=\"async\" loading=\"lazy\" src=\"https:\/\/stiridinsursebuzau.ro\/wp-content\/uploads\/2026\/02\/ChatGPT-Image-10-feb.-2026-23_00_56.png\" alt=\"piese tractoare\" width=\"1536\" height=\"1024\"><\/div>\n<nav class=\"navigation post-navigation\" aria-label=\"Articole\">\n<h2 class=\"screen-reader-text\">Navigare \u00een articole<\/h2>\n<div class=\"nav-links\">\n<div class=\"nav-previous\"><a href=\"https:\/\/stiridinsursebuzau.ro\/retea-de-canalizare-finalizata-in-pogoanele-si-padina-cu-peste-72-de-milioane-de-lei-din-pnrr-ramane-de-vazut-cand-va-fi-pusa-efectiv-in-functiune\/\" rel=\"prev\">Re\u021bea de canalizare finalizat\u0103 \u00een Pogoanele \u0219i Padina, cu peste 72 de milioane de lei din PNRR. R\u0103m\u00e2ne de v\u0103zut c\u00e2nd va fi pus\u0103 efectiv \u00een func\u021biune <\/a><\/div>\n<div class=\"nav-next\"><a href=\"https:\/\/stiridinsursebuzau.ro\/prefectul-pnl-leonard-dimian-declaratii-elogioase-despre-marcel-ciolacu-este-supracalificat-pentru-functia-pe-care-o-are\/\" rel=\"next\"> Prefectul PNL Leonard Dimian, declara\u021bii elogioase despre Marcel Ciolacu: \u201eEste supracalificat pentru func\u021bia pe care o are\u201d<\/a><\/div>\n<\/div>\n<\/nav>\n<\/article>\n<p>[analyse_source url=&#8221;https:\/\/stiridinsursebuzau.ro\/adrian-mocanu-alaturi-de-comunitatea-din-cozieni-la-targul-traditional-de-sfanta-maria\/&#8221;]<\/p>\n","protected":false},"excerpt":{"rendered":"<p>[analyse_image type=&#8221;featured&#8221; src=&#8221;https:\/\/stiridinsursebuzau.ro\/wp-content\/uploads\/2026\/08\/774595472_2839707673083273_6211108193329349048_n-1024&#215;768.jpg&#8221;] Deputatul PNL de Buz\u0103u Adrian Mocanu a participat la \u201eT\u00e2rgul Tradi\u021bional de Sf\u00e2nta Maria\u201d, eveniment organizat \u00een comuna Cozieni \u0219i dedicat tradi\u021biilor locale. Parlamentarul a transmis, dup\u0103 participarea la manifestare, un mesaj \u00een care a pus accent pe importan\u021ba unor astfel de evenimente pentru comunit\u0103\u021bile locale. La s\u0103rb\u0103toarea comunei au fost prezen\u021bi, [&hellip;]<\/p>\n","protected":false},"author":1,"featured_media":0,"comment_status":"open","ping_status":"","sticky":false,"template":"","format":"standard","meta":{"footnotes":""},"categories":[2],"tags":[226,60],"class_list":["post-2103456","post","type-post","status-publish","format-standard","hentry","category-politics","tag-crawlmanager","tag-stiridinsursebuzau-ro"],"_links":{"self":[{"href":"https:\/\/analyse.optim.biz\/index.php?rest_route=\/wp\/v2\/posts\/2103456","targetHints":{"allow":["GET"]}}],"collection":[{"href":"https:\/\/analyse.optim.biz\/index.php?rest_route=\/wp\/v2\/posts"}],"about":[{"href":"https:\/\/analyse.optim.biz\/index.php?rest_route=\/wp\/v2\/types\/post"}],"author":[{"embeddable":true,"href":"https:\/\/analyse.optim.biz\/index.php?rest_route=\/wp\/v2\/users\/1"}],"replies":[{"embeddable":true,"href":"https:\/\/analyse.optim.biz\/index.php?rest_route=%2Fwp%2Fv2%2Fcomments&post=2103456"}],"version-history":[{"count":0,"href":"https:\/\/analyse.optim.biz\/index.php?rest_route=\/wp\/v2\/posts\/2103456\/revisions"}],"wp:attachment":[{"href":"https:\/\/analyse.optim.biz\/index.php?rest_route=%2Fwp%2Fv2%2Fmedia&parent=2103456"}],"wp:term":[{"taxonomy":"category","embeddable":true,"href":"https:\/\/analyse.optim.biz\/index.php?rest_route=%2Fwp%2Fv2%2Fcategories&post=2103456"},{"taxonomy":"post_tag","embeddable":true,"href":"https:\/\/analyse.optim.biz\/index.php?rest_route=%2Fwp%2Fv2%2Ftags&post=2103456"}],"curies":[{"name":"wp","href":"https:\/\/api.w.org\/{rel}","templated":true}]}}