{"id":2103452,"date":"2026-08-19T00:03:14","date_gmt":"2026-08-18T21:03:14","guid":{"rendered":"https:\/\/analyse.optim.biz\/?p=2103452"},"modified":"2026-08-19T00:03:14","modified_gmt":"2026-08-18T21:03:14","slug":"la-7-ani-de-la-cazul-romancei-sechestrate-in-spania-florinel-ion-rupe-tacerea-si-povesteste-noaptea-in-care-spune-ca-a-trecut-peste-sefi-pentru-a-salva-o-femeie-stiri-din-surse-buzau","status":"publish","type":"post","link":"https:\/\/analyse.optim.biz\/?p=2103452","title":{"rendered":"La 7 ani de la cazul rom\u00e2ncei sechestrate \u00een Spania. Florinel Ion rupe t\u0103cerea \u0219i poveste\u0219te noaptea \u00een care spune c\u0103 a trecut peste \u0219efi pentru a salva o femeie &#8211; Stiri Din Surse Buz\u0103u"},"content":{"rendered":"<p>[analyse_image type=&#8221;featured&#8221; src=&#8221;https:\/\/stiridinsursebuzau.ro\/wp-content\/uploads\/2026\/08\/FLORINEL-ION.png&#8221;]<\/p>\n<article class=\"page-content-single small single\">\n<div id=\"stiri-2417443786\" class=\"stiri-inainte-de-continut-14 stiri-entity-placement\"><a href=\"https:\/\/www.shoppingcitybuzau.ro\/\" aria-label=\"NEPI_Buzau_Card Colac_1274x158\"><img decoding=\"async\" loading=\"lazy\" src=\"https:\/\/stiridinsursebuzau.ro\/wp-content\/uploads\/2026\/08\/NEPI_Buzau_Card-Colac_1274x158.jpg\" alt width=\"1274\" height=\"158\"><\/a><\/div>\n<div id=\"stiri-4084478831\" class=\"stiri-inainte-de-continut-3 stiri-entity-placement\"><a href=\"https:\/\/buzau.21k.ro\/\" aria-label=\"900\u00d7200\"><img decoding=\"async\" loading=\"lazy\" src=\"https:\/\/stiridinsursebuzau.ro\/wp-content\/uploads\/2026\/07\/900x200.gif\" alt width=\"900\" height=\"200\"><\/a><\/div>\n<p class=\"wp-block-paragraph\"><strong>\u201eStai \u00een banca ta, pentru c\u0103 nu cred c\u0103 vrei s\u0103 ai probleme\u201d. Este unul dintre lucrurile pe care Florinel Ion sus\u021bine c\u0103 le-a auzit \u00een noaptea de 16 august 2019, dup\u0103 ce la Dispeceratul Poli\u021biei Municipiului Buz\u0103u a ajuns informa\u021bia c\u0103 o rom\u00e2nc\u0103 era sechestrat\u0103 \u00een Spania. La \u0219apte ani de la evenimente, fostul poli\u021bist buzoian reconstruie\u0219te, \u00eentr-un podcast \u0218tiri din surse Buz\u0103u, orele \u00een care un mesaj disperat transmis din Madrid a pus \u00een mi\u0219care un lan\u021b de oameni \u0219i institu\u021bii care avea s\u0103 se \u00eencheie cu interven\u021bia poli\u021bi\u0219tilor spanioli.<\/strong><\/p>\n<p class=\"wp-block-paragraph\">Povestea s-a petrecut \u00eentr-un moment extrem de sensibil pentru Rom\u00e2nia. Era august 2019, la numai c\u00e2teva s\u0103pt\u0103m\u00e2ni dup\u0103 tragedia de la Caracal, iar \u00eentreaga \u021bar\u0103 discuta despre modul \u00een care autorit\u0103\u021bile reac\u021bionaser\u0103 la apelurile Alexandrei M\u0103ce\u0219anu.<\/p>\n<p class=\"wp-block-paragraph\">\u00cen acest context, \u00een noaptea de 16 august, la Buz\u0103u ap\u0103rea o situa\u021bie care, cel pu\u021bin prin primele informa\u021bii primite de poli\u021bi\u0219ti, avea elemente tulbur\u0103tor de asem\u0103n\u0103toare: o rom\u00e2nc\u0103 aflat\u0103 la mii de kilometri distan\u021b\u0103 cerea s\u0103 fie salvat\u0103.<\/p>\n<p class=\"wp-block-paragraph\">Omul care a preluat informa\u021bia era Florinel Ion, pe atunci poli\u021bist cu aproape trei decenii de experien\u021b\u0103.<\/p>\n<p class=\"wp-block-paragraph\">Ast\u0103zi, la \u0219apte ani distan\u021b\u0103, acesta vorbe\u0219te despre cazul pe care \u00eel consider\u0103 unul dintre cele mai importante momente ale carierei sale, dar \u0219i despre ceea ce sus\u021bine c\u0103 s-a \u00eent\u00e2mplat \u00een interiorul Poli\u021biei \u00eenainte \u0219i dup\u0103 salvarea femeii.<\/p>\n<figure class=\"wp-block-embed is-type-video is-provider-youtube wp-block-embed-youtube wp-embed-aspect-16-9 wp-has-aspect-ratio\">\n<div class=\"wp-block-embed__wrapper\">\n<iframe loading=\"lazy\" title=\"PODCAST | FLORINEL ION, LA 7 ANI DE LA CAZUL CARE A \u0218OCAT ROM\u00c2NIA: \u201eMi s-a spus s\u0103 nu m\u0103 agit\u201d\" width=\"640\" height=\"360\" src=\"https:\/\/www.youtube.com\/embed\/1vbVbqrqRLc?feature=oembed\" frameborder allow=\"accelerometer; autoplay; clipboard-write; encrypted-media; gyroscope; picture-in-picture; web-share\" referrerpolicy=\"strict-origin-when-cross-origin\" allowfullscreen><\/iframe>\n<\/div>\n<\/figure>\n<h2 class=\"wp-block-heading\">\u201eEu vreau s\u0103 m\u0103 fac poli\u021bist\u201d<\/h2>\n<figure class=\"wp-block-image size-large\"><img decoding=\"async\" loading=\"lazy\" width=\"1024\" height=\"819\" src=\"https:\/\/stiridinsursebuzau.ro\/wp-content\/uploads\/2026\/08\/ChatGPT-Image-19-aug.-2026-01_56_07-1024x819.png\" alt class=\"wp-image-48446\"><\/figure>\n<p class=\"wp-block-paragraph\">Pentru a \u00een\u021belege de ce spune c\u0103 a refuzat s\u0103 renun\u021be \u00een acea noapte, Florinel Ion se \u00eentoarce cu povestea p\u00e2n\u0103 \u00een copil\u0103rie.<\/p>\n<p class=\"wp-block-paragraph\">Spune c\u0103 dorin\u021ba de a \u00eembr\u0103ca uniforma a ap\u0103rut \u00eenc\u0103 din clasa a III-a.<\/p>\n<p class=\"wp-block-paragraph\"><em>\u201e\u00cenv\u0103\u021b\u0103toarea mea, doamna L\u0103z\u0103reanu Tecla, ne-a \u00eentrebat pe to\u021bi copiii din clas\u0103, de la Pogoanele: \u00abCe vre\u021bi s\u0103 v\u0103 face\u021bi?\u00bb. Fiecare a zis: eu vreau s\u0103 m\u0103 fac \u0219ofer, eu vreau s\u0103 m\u0103 fac doctor. \u00abTu, Florinel, ce vrei s\u0103 te faci?\u00bb. Eu vreau s\u0103 m\u0103 fac poli\u021bist.\u201d<\/em><\/p>\n<p class=\"wp-block-paragraph\">Era anul 1979, \u00ee\u0219i aminte\u0219te acesta, iar colegii ar fi r\u00e2s de r\u0103spunsul s\u0103u, pentru c\u0103 institu\u021bia se numea atunci Mili\u021bie, nu Poli\u021bie.<\/p>\n<p class=\"wp-block-paragraph\"><em>\u201eTo\u021bi colegii au \u00eenceput s\u0103 r\u00e2d\u0103 de mine. Pentru c\u0103 nu se zicea poli\u021bist pe vremea aia. Se zicea mili\u021bian.\u201d<\/em><\/p>\n<p class=\"wp-block-paragraph\">Ani mai t\u00e2rziu \u0219i-a \u00eendeplinit dorin\u021ba. La 23 de ani a intrat \u00een \u0219coal\u0103, iar la 24 de ani a fost repartizat la postul de poli\u021bie din Scutelnici.<\/p>\n<p class=\"wp-block-paragraph\">Au urmat aproape trei decenii \u00een sistem.<\/p>\n<p class=\"wp-block-paragraph\">Privind \u00een urm\u0103, Florinel Ion face \u00eens\u0103 o afirma\u021bie extrem de dur\u0103 despre cariera sa:<\/p>\n<p class=\"wp-block-paragraph\"><strong><em>\u201ePentru mine, greutatea muncii de poli\u021bie nu a fost cu ho\u021bul. Greutatea muncii de poli\u021bie pentru mine a fost cu \u0219efii din Poli\u021bie.\u201d<\/em><\/strong><\/p>\n<p class=\"wp-block-paragraph\">Este cheia prin care fostul poli\u021bist \u00ee\u0219i interpreteaz\u0103 \u0219i ast\u0103zi ceea ce avea s\u0103 se \u00eent\u00e2mple \u00een august 2019.<\/p>\n<h2 class=\"wp-block-heading\">16 august 2019. Un telefon venit din Germania<\/h2>\n<figure class=\"wp-block-image size-large\"><img decoding=\"async\" loading=\"lazy\" width=\"1024\" height=\"683\" src=\"https:\/\/stiridinsursebuzau.ro\/wp-content\/uploads\/2026\/08\/ChatGPT-Image-19-aug.-2026-02_02_13-1-1024x683.png\" alt class=\"wp-image-48478\"><\/figure>\n<p class=\"wp-block-paragraph\">\u00cen 2019, Florinel Ion lucra la Dispeceratul Poli\u021biei Municipiului Buz\u0103u.<\/p>\n<p class=\"wp-block-paragraph\">Era noapte.<\/p>\n<p class=\"wp-block-paragraph\">Potrivit relat\u0103rii sale, \u00een jurul orei 03:35 prime\u0219te informa\u021bia care avea s\u0103 declan\u0219eze totul.<\/p>\n<p class=\"wp-block-paragraph\">La cel\u0103lalt cap\u0103t al firului era un rom\u00e2n aflat \u00een Germania.<\/p>\n<p class=\"wp-block-paragraph\">B\u0103rbatul \u00eei explica o poveste greu de verificat la prima vedere: cu aproximativ doi ani \u00eenainte cunoscuse o rom\u00e2nc\u0103 \u00eentr-un restaurant din Londra, unde lucraser\u0103 \u00eempreun\u0103. \u00cen acea noapte, femeia \u00eei trimisese un mesaj disperat.<\/p>\n<p class=\"wp-block-paragraph\"><strong><em>\u201eSalveaz\u0103-m\u0103, c\u0103 sunt sechestrat\u0103 \u00een Madrid.\u201d<\/em><\/strong><\/p>\n<p class=\"wp-block-paragraph\">Florinel Ion \u00ee\u0219i aminte\u0219te:<\/p>\n<p class=\"wp-block-paragraph\"><em>\u201ePrimind un telefon de la un b\u0103rbat pe care nu-l cuno\u0219team, din Germania, s\u0103-mi spun\u0103: \u00abDomnule, sunt din Germania. \u00cen urm\u0103 cu doi ani am cunoscut o fat\u0103 \u00eentr-un restaurant \u00een Londra, unde am lucrat \u00eempreun\u0103. Fata, dup\u0103 doi ani de zile, \u00eemi d\u0103 un mesaj la ora asta, trei \u0219i un sfert diminea\u021ba, s\u0103-mi spun\u0103 printr-un mesaj: \u00abSalveaz\u0103-m\u0103, c\u0103 sunt sechestrat\u0103 \u00een Madrid\u00bb. M\u0103 pute\u021bi ajuta?\u00bb\u201d<\/em><\/p>\n<p class=\"wp-block-paragraph\">Apelul nu ajunsese direct prin sistemul 112. B\u0103rbatul din Germania sunase mai \u00eent\u00e2i un cunoscut din Buz\u0103u, angajat \u00een Poli\u021bie, care i-ar fi indicat un num\u0103r fix al Poli\u021biei Municipiului Buz\u0103u.<\/p>\n<p class=\"wp-block-paragraph\">A\u0219a a ajuns informa\u021bia la Florinel Ion.<\/p>\n<p class=\"wp-block-paragraph\">Pentru un dispecer, povestea era cu totul diferit\u0103 de interven\u021biile obi\u0219nuite.<\/p>\n<p class=\"wp-block-paragraph\"><em>\u201eSpe\u021ba asta, a\u0219a relatat\u0103 de acel b\u0103rbat, pentru mine, ca poli\u021bist, \u0219i cred eu c\u0103 la nivel de \u021bar\u0103, pentru poli\u021bi\u0219tii din \u021bara asta, este o spe\u021b\u0103 grea. Foarte grea.\u201d<\/em><\/p>\n<p class=\"wp-block-paragraph\">Problema era evident\u0103: sesizarea venea din Germania, victima era \u00een Spania, iar poli\u021bistul care primea informa\u021bia se afla la Buz\u0103u.<\/p>\n<h2 class=\"wp-block-heading\">Umbra cazului Caracal<\/h2>\n<figure class=\"wp-block-image size-large\"><img decoding=\"async\" loading=\"lazy\" width=\"1024\" height=\"683\" src=\"https:\/\/stiridinsursebuzau.ro\/wp-content\/uploads\/2026\/08\/ChatGPT-Image-19-aug.-2026-02_04_13-1024x683.png\" alt class=\"wp-image-48448\"><\/figure>\n<p class=\"wp-block-paragraph\">Cu numai c\u00e2teva s\u0103pt\u0103m\u00e2ni \u00eenainte, Rom\u00e2nia fusese zguduit\u0103 de cazul Caracal.<\/p>\n<p class=\"wp-block-paragraph\">Florinel Ion spune c\u0103 tocmai aceast\u0103 apropiere temporal\u0103 l-a f\u0103cut s\u0103 perceap\u0103 \u0219i mai dramatic reac\u021biile pe care sus\u021bine c\u0103 le-a primit de la superiori.<\/p>\n<p class=\"wp-block-paragraph\"><em>\u201eStupefac\u021bia a fost c\u0103 ei \u00eemi vorbeau la fel ca cei de la Caracal. La Caracal \u0219tie toat\u0103 lumea cum s-a vorbit.\u201d<\/em><\/p>\n<p class=\"wp-block-paragraph\">\u0218i continu\u0103:<\/p>\n<p class=\"wp-block-paragraph\"><strong><em>\u201ePe orice canal deschideai: Caracal. Dar la trei s\u0103pt\u0103m\u00e2ni, spe\u021b\u0103 izbitor de asem\u0103n\u0103toare cu Caracal. Ba\u0219ca la o scar\u0103 mai \u00eenalt\u0103, la c\u00e2teva mii de kilometri.\u201d<\/em><\/strong><\/p>\n<p class=\"wp-block-paragraph\">Conform propriei relat\u0103ri, avea obliga\u021bia s\u0103 \u00ee\u0219i informeze superiorii, pentru ca ace\u0219tia s\u0103 ia deciziile necesare.<\/p>\n<p class=\"wp-block-paragraph\"><em>\u201ePrimul pas pe care trebuia s\u0103-l fac era s\u0103-i informez pe ei, s\u0103 ia ei decizii, nu eu, ca dispecer.\u201d<\/em><\/p>\n<p class=\"wp-block-paragraph\">Numai c\u0103 exact aici, sus\u021bine el, lucrurile s-au blocat.<\/p>\n<h2 class=\"wp-block-heading\">\u201eStai \u00een banca ta, pentru c\u0103 nu cred c\u0103 vrei s\u0103 ai probleme\u201d<\/h2>\n<figure class=\"wp-block-image size-large\"><img decoding=\"async\" loading=\"lazy\" width=\"1024\" height=\"683\" src=\"https:\/\/stiridinsursebuzau.ro\/wp-content\/uploads\/2026\/08\/ChatGPT-Image-19-aug.-2026-02_11_40-1024x683.png\" alt class=\"wp-image-48449\"><\/figure>\n<p class=\"wp-block-paragraph\">Florinel Ion afirm\u0103 c\u0103 reac\u021biile superiorilor s\u0103i l-au \u0219ocat.<\/p>\n<p class=\"wp-block-paragraph\">\u00cen podcast, reproduce una dintre discu\u021biile pe care spune c\u0103 le-a avut:<\/p>\n<p class=\"wp-block-paragraph\"><strong><em>\u201eB\u0103i, las-o \u00eencolo. M\u0103 suni pentru o persoan\u0103 r\u0103u famat\u0103 s\u0103 \u00eencerc\u0103m s\u0103 o ajut\u0103m? Ce po\u021bi tu s\u0103 o aju\u021bi? Tu din Buz\u0103u, ea \u00een Madrid. E\u0219ti s\u0103n\u0103tos la cap?\u201d<\/em><\/strong><\/p>\n<p class=\"wp-block-paragraph\">R\u0103spunsul s\u0103u ar fi fost simplu:<\/p>\n<p class=\"wp-block-paragraph\"><strong><em>\u201eSunt.\u201d<\/em><\/strong><\/p>\n<p class=\"wp-block-paragraph\">Apoi, spune el, ar fi venit avertismentul:<\/p>\n<p class=\"wp-block-paragraph\"><strong><em>\u201eStai \u00een banca ta, pentru c\u0103 nu cred c\u0103 vrei s\u0103 ai probleme.\u201d<\/em><\/strong><\/p>\n<p class=\"wp-block-paragraph\">Florinel Ion sus\u021bine c\u0103 un alt superior i-ar fi transmis un mesaj asem\u0103n\u0103tor.<\/p>\n<p class=\"wp-block-paragraph\"><em>\u201eDac\u0103 nu stai \u00een banca ta \u0219i treci peste noi, m\u00e2ine zbori de acolo.\u201d<\/em><\/p>\n<p class=\"wp-block-paragraph\">\u00cen acel moment, spune fostul poli\u021bist, i-a adresat superiorului o \u00eentrebare:<\/p>\n<p class=\"wp-block-paragraph\"><strong><em>\u201eDac\u0103 era fata ta sechestrat\u0103 \u00een Spania \u0219i nu era un nebun ca mine aici care s\u0103 ia atitudine, mai g\u00e2ndeai a\u0219a?\u201d<\/em><\/strong><\/p>\n<p class=\"wp-block-paragraph\">Decizia lui era deja luat\u0103:<\/p>\n<p class=\"wp-block-paragraph\"><strong><em>\u201eOricum te exprimi, voi trece peste tine.\u201d<\/em><\/strong><\/p>\n<h2 class=\"wp-block-heading\"><em>\u201ePentru o curv* s\u0103-l suni pe comandant?\u201d<\/em><\/h2>\n<figure class=\"wp-block-image size-large\"><img decoding=\"async\" loading=\"lazy\" width=\"1024\" height=\"683\" src=\"https:\/\/stiridinsursebuzau.ro\/wp-content\/uploads\/2026\/08\/ChatGPT-Image-19-aug.-2026-03_02_11-1024x683.png\" alt class=\"wp-image-48479\"><\/figure>\n<p class=\"wp-block-paragraph\">Una dintre cele mai grave afirma\u021bii f\u0103cute \u00een podcast prive\u0219te o alt\u0103 conversa\u021bie din acea noapte.<\/p>\n<p class=\"wp-block-paragraph\">Florinel Ion sus\u021bine c\u0103, atunci c\u00e2nd a \u00eencercat s\u0103 determine escaladarea situa\u021biei, i s-ar fi spus:<\/p>\n<p class=\"wp-block-paragraph\"><strong><em>\u201ePentru o femeie de moravuri u\u0219oare, tu vrei s\u0103-l suni pe comandant s\u0103-l informezi de treaba asta?\u201d<\/em><\/strong><\/p>\n<p class=\"wp-block-paragraph\"><em>\u201eM-a oripilat r\u0103spunsul\u201d<\/em>, spune fostul poli\u021bist.<\/p>\n<p class=\"wp-block-paragraph\">Aceste afirma\u021bii reprezint\u0103 versiunea lui Florinel Ion asupra conversa\u021biilor din acea noapte \u0219i trebuie tratate ca atare. El \u00eensu\u0219i spune c\u0103, atunci c\u00e2nd cazul a fost investigat ulterior de pres\u0103, persoanele vizate nu ar fi confirmat versiunea sa.<\/p>\n<h2 class=\"wp-block-heading\">\u201eComandante, eu voi trece peste tine\u201d<\/h2>\n<figure class=\"wp-block-image size-large\"><img decoding=\"async\" loading=\"lazy\" width=\"1024\" height=\"683\" src=\"https:\/\/stiridinsursebuzau.ro\/wp-content\/uploads\/2026\/08\/ChatGPT-Image-19-aug.-2026-02_14_58-1024x683.png\" alt class=\"wp-image-48450\"><\/figure>\n<p class=\"wp-block-paragraph\">Florinel Ion spune c\u0103 \u00een acel moment a hot\u0103r\u00e2t s\u0103 nu mai a\u0219tepte.<\/p>\n<p class=\"wp-block-paragraph\"><em>\u201eComandante, fii atent ce spun. Dac\u0103 nu iei m\u0103surile care se impun, trec peste tine.\u201d<\/em><\/p>\n<p class=\"wp-block-paragraph\">Interesant este c\u0103 recunoa\u0219te c\u0103, atunci c\u00e2nd a rostit acele cuvinte, nici m\u0103car el nu \u0219tia exact unde urma s\u0103 ajung\u0103:<\/p>\n<p class=\"wp-block-paragraph\"><strong><em>\u201eLa momentul c\u00e2nd am discutat cu primul \u0219i i-am zis c\u0103 trec peste el, nici eu nu \u0219tiam la ce puteam s\u0103 ajung.\u201d<\/em><\/strong><\/p>\n<p class=\"wp-block-paragraph\">A \u00eenceput s\u0103 caute o structur\u0103 capabil\u0103 s\u0103 transforme informa\u021bia primit\u0103 \u00eentr-o interven\u021bie real\u0103.<\/p>\n<p class=\"wp-block-paragraph\">Primul g\u00e2nd: Crima Organizat\u0103.<\/p>\n<h2 class=\"wp-block-heading\">Apelul c\u0103tre Crima Organizat\u0103<\/h2>\n<p class=\"wp-block-paragraph\">Florinel Ion spune c\u0103 a luat leg\u0103tura cu \u0219eful structurii de combatere a criminalit\u0103\u021bii organizate de la Buz\u0103u.<\/p>\n<p class=\"wp-block-paragraph\">R\u0103spunsul primit i-a ar\u0103tat \u00eens\u0103 o problem\u0103 juridic\u0103 evident\u0103: poli\u021bi\u0219tii rom\u00e2ni nu puteau pur \u0219i simplu s\u0103 desf\u0103\u0219oare o opera\u021biune \u00een Spania.<\/p>\n<p class=\"wp-block-paragraph\"><em>\u201eDomnul Ion, cu drag\u0103 inim\u0103, dar \u0219ti\u021bi care e treaba? N-avem cadrul legal s\u0103 ac\u021bion\u0103m peste grani\u021b\u0103. \u00cen nicio \u021bar\u0103\u201d<\/em>, reproduce el r\u0103spunsul primit.<\/p>\n<p class=\"wp-block-paragraph\">Pentru c\u00e2teva clipe, spune c\u0103 s-a sim\u021bit descurajat.<\/p>\n<p class=\"wp-block-paragraph\">Apoi interlocutorul s\u0103u l-ar fi \u00eentrebat:<\/p>\n<p class=\"wp-block-paragraph\"><strong><em>\u201eCe vre\u021bi s\u0103 fac eu pentru dumneavoastr\u0103?\u201d<\/em><\/strong><\/p>\n<p class=\"wp-block-paragraph\">Florinel Ion i-a cerut s\u0103 trimit\u0103 la dispecerat un poli\u021bist foarte bine preg\u0103tit \u00een astfel de cazuri \u0219i care s\u0103 se priceap\u0103 inclusiv la partea tehnic\u0103.<\/p>\n<p class=\"wp-block-paragraph\"><em>\u201eTrimite\u021bi-l pe cel mai preg\u0103tit om al dumneavoastr\u0103 pe genul \u0103sta de fapte, sechestrare de persoane, \u0219i s\u0103 fie bun \u0219i pe IT, pe telefon.\u201d<\/em><\/p>\n<p class=\"wp-block-paragraph\">R\u0103spunsul primit:<\/p>\n<p class=\"wp-block-paragraph\"><em>\u201eEu \u00eei consider pe to\u021bi preg\u0103ti\u021bi. Numi\u021bi dumneavoastr\u0103 pe unul.\u201d<\/em><\/p>\n<p class=\"wp-block-paragraph\">Florinel Ion spune c\u0103 a indicat un nume: Dan P\u00e2ndaru.<\/p>\n<p class=\"wp-block-paragraph\"><em>\u201eMi-a venit \u0103sta, pe ceas, \u00een zece minute.\u201d<\/em><\/p>\n<h2 class=\"wp-block-heading\">Un om din Germania, un poli\u021bist din Buz\u0103u \u0219i \u00eenceputul leg\u0103turii cu Spania<\/h2>\n<figure class=\"wp-block-image size-large\"><img decoding=\"async\" loading=\"lazy\" width=\"1024\" height=\"683\" src=\"https:\/\/stiridinsursebuzau.ro\/wp-content\/uploads\/2026\/08\/ChatGPT-Image-19-aug.-2026-02_17_58-1024x683.png\" alt class=\"wp-image-48451\"><\/figure>\n<p class=\"wp-block-paragraph\">Dup\u0103 sosirea lui P\u00e2ndaru, lucrurile au \u00eenceput s\u0103 se mi\u0219te.<\/p>\n<p class=\"wp-block-paragraph\">Florinel Ion i-a cerut b\u0103rbatului din Germania s\u0103 revin\u0103 cu un apel pe un telefon care permitea o comunicare mai u\u0219oar\u0103.<\/p>\n<p class=\"wp-block-paragraph\">P\u00e2ndaru ar fi discutat apoi direct cu acesta.<\/p>\n<p class=\"wp-block-paragraph\"><em>\u201eS-a dus P\u00e2ndaru sus, la el \u00een birou, \u0219i a discutat cu acest b\u0103rbat din Germania. N-am fost l\u00e2ng\u0103 el, nu \u0219tiu ce \u0219i cum.\u201d<\/em><\/p>\n<p class=\"wp-block-paragraph\">Florinel Ion subliniaz\u0103 c\u0103 nici dup\u0103 \u0219apte ani nu l-a \u00eentrebat \u00een detaliu pe colegul s\u0103u ce discu\u021bii a purtat.<\/p>\n<p class=\"wp-block-paragraph\"><em>\u201eNici dup\u0103 \u0219apte ani, ast\u0103zi, c\u00e2nd stau de vorb\u0103 de asta, nu l-am \u00eentrebat: \u00abCe ai discutat, P\u00e2ndaru, cu el? Ce ai f\u0103cut? Cum ai \u00eentrebat?\u00bb. Nu l-am \u00eentrebat nimic.\u201d<\/em><\/p>\n<h2 class=\"wp-block-heading\">Ora 05:15. Raportul care urma s\u0103 plece spre Madrid<\/h2>\n<figure class=\"wp-block-image size-large\"><img decoding=\"async\" loading=\"lazy\" width=\"1024\" height=\"683\" src=\"https:\/\/stiridinsursebuzau.ro\/wp-content\/uploads\/2026\/08\/ChatGPT-Image-19-aug.-2026-02_18_48-1024x683.png\" alt class=\"wp-image-48452\"><\/figure>\n<p class=\"wp-block-paragraph\">\u00cen jurul orei 05:15, spune Florinel Ion, prime\u0219te un nou telefon.<\/p>\n<p class=\"wp-block-paragraph\">P\u00e2ndaru \u00eei cere s\u0103 redacteze \u00een scris tot ceea ce fusese sesizat de persoana din Germania.<\/p>\n<p class=\"wp-block-paragraph\"><em>\u201eV\u0103 rog eu frumos, face\u021bi un raport cu tot ceea ce v-a sesizat persoana din Germania.\u201d<\/em><\/p>\n<p class=\"wp-block-paragraph\">Florinel Ion spune c\u0103 a \u00een\u021beles imediat importan\u021ba documentului.<\/p>\n<p class=\"wp-block-paragraph\"><em>\u201eM-am prins. \u00cel fac imediat.\u201d<\/em><\/p>\n<p class=\"wp-block-paragraph\">Raportul a fost scris de m\u00e2n\u0103.<\/p>\n<p class=\"wp-block-paragraph\">Ulterior, potrivit relat\u0103rii sale, P\u00e2ndaru ar fi fotografiat documentul cu telefonul \u0219i ar fi folosit o aplica\u021bie pentru traducerea sa \u00een limba spaniol\u0103.<\/p>\n<p class=\"wp-block-paragraph\"><em>\u201eA venit cu telefonul lui personal, cu o aplica\u021bie, a filmat foile mele de raport scrise pe coal\u0103 de h\u00e2rtie \u0219i le-a tradus \u00een spaniol\u0103.\u201d<\/em><\/p>\n<p class=\"wp-block-paragraph\">Apoi documentul ar fi fost transmis unui ofi\u021ber din Madrid.<\/p>\n<p class=\"wp-block-paragraph\">Florinel Ion face aici una dintre cele mai importante afirma\u021bii ale \u00eentregului podcast:<\/p>\n<p class=\"wp-block-paragraph\"><strong><em>\u201eRaportul f\u0103cut de mine a constituit actul de sesizare al Poli\u021biei din Madrid \u0219i al Parchetului din Madrid, \u00een baza c\u0103ruia s-a luat mandat de perchezi\u021bie.\u201d<\/em><\/strong><\/p>\n<p class=\"wp-block-paragraph\">Aceast\u0103 afirma\u021bie apar\u021bine fostului poli\u021bist \u0219i nu rezult\u0103 din transcript c\u0103 documentul judiciar spaniol a fost verificat independent pentru realizarea actualului material.<\/p>\n<h2 class=\"wp-block-heading\">U\u0219a apartamentului este spart\u0103<\/h2>\n<figure class=\"wp-block-image size-large\"><img decoding=\"async\" loading=\"lazy\" width=\"1024\" height=\"683\" src=\"https:\/\/stiridinsursebuzau.ro\/wp-content\/uploads\/2026\/08\/ChatGPT-Image-19-aug.-2026-02_21_28-1024x683.png\" alt class=\"wp-image-48454\"><\/figure>\n<p class=\"wp-block-paragraph\">Din acest punct, povestea se mut\u0103 la Madrid.<\/p>\n<p class=\"wp-block-paragraph\">Poli\u021bi\u0219tii spanioli ar fi identificat zona \u00een care se afla femeia \u0219i ar fi ob\u021binut mandat pentru interven\u021bie.<\/p>\n<p class=\"wp-block-paragraph\"><em>\u201e\u00cen baza mandatului de perchezi\u021bie s-a spart, dup\u0103 cum se vede \u00een filmare, u\u0219a apartamentului cu pricina.\u201d<\/em><\/p>\n<p class=\"wp-block-paragraph\">Florinel Ion sus\u021bine c\u0103 victima nu putea vorbi \u0219i c\u0103 mesajele sale au fost esen\u021biale pentru localizare.<\/p>\n<p class=\"wp-block-paragraph\">El vorbe\u0219te despre o procedur\u0103 de localizare pe care o nume\u0219te \u201egeocodare\u201d \u0219i afirm\u0103 c\u0103 aceasta ar fi permis restr\u00e2ngerea zonei la aproximativ 100-150 de metri.<\/p>\n<p class=\"wp-block-paragraph\">\u00cen zona respectiv\u0103, spune el, autorit\u0103\u021bile spaniole ar fi identificat persoane pe care deja le aveau \u00een aten\u021bie.<\/p>\n<p class=\"wp-block-paragraph\"><em>\u201eLe-a dat \u00een ecua\u021bie c\u0103 \u00een zona respectiv\u0103 locuiesc ni\u0219te persoane pe care ei le urm\u0103reau de mult. \u0218tiau de o band\u0103 de marocani care ac\u021biona pe raza Madridului.\u201d<\/em><\/p>\n<p class=\"wp-block-paragraph\">Din nou, aceste informa\u021bii sunt relatate de Florinel Ion \u00een podcast \u0219i trebuie atribuite acestuia.<\/p>\n<h2 class=\"wp-block-heading\">\u201eRom\u00e2nca noastr\u0103 era legat\u0103 pe pat\u201d<\/h2>\n<figure class=\"wp-block-image size-large\"><img decoding=\"async\" loading=\"lazy\" width=\"1024\" height=\"567\" src=\"https:\/\/stiridinsursebuzau.ro\/wp-content\/uploads\/2026\/08\/fotojet-1024x567.jpg\" alt class=\"wp-image-48453\"><\/figure>\n<p class=\"wp-block-paragraph\">Momentul interven\u021biei este descris de fostul poli\u021bist \u00een termeni extrem de duri.<\/p>\n<p class=\"wp-block-paragraph\">El spune c\u0103 a v\u0103zut ulterior imagini realizate \u00een timpul opera\u021biunii din Spania.<\/p>\n<p class=\"wp-block-paragraph\"><strong><em>\u201eRom\u00e2nca noastr\u0103 era legat\u0103 pe pat.\u201d<\/em><\/strong><\/p>\n<p class=\"wp-block-paragraph\">Potrivit relat\u0103rii sale, femeia avea m\u00e2inile imobilizate \u0219i gura acoperit\u0103 cu band\u0103 adeziv\u0103 \u0219i prezenta r\u0103ni.<\/p>\n<p class=\"wp-block-paragraph\"><em>\u201eCu band\u0103 la m\u00e2ini, cum vedem \u00een filme, cu band\u0103 izolatoare la gur\u0103, t\u0103iat\u0103 pe s\u00e2n, pe abdomen, pe zona inghinal\u0103\u2026\u201d<\/em><\/p>\n<p class=\"wp-block-paragraph\">\u00cen imaginile despre care vorbe\u0219te spune c\u0103 ap\u0103reau \u0219i alte elemente:<\/p>\n<p class=\"wp-block-paragraph\"><strong><em>\u201eSe v\u0103d acolo droguri, bani, pistoale, cu\u021bite pe mas\u0103.\u201d<\/em><\/strong><\/p>\n<p class=\"wp-block-paragraph\">Mai mult, Florinel Ion afirm\u0103 c\u0103 nu doar rom\u00e2nca ar fi fost g\u0103sit\u0103 \u00een apartament.<\/p>\n<p class=\"wp-block-paragraph\">\u00cen \u00eenregistr\u0103rile pe care spune c\u0103 le-a v\u0103zut, ar fi existat \u0219i alte persoane \u021binute captive.<\/p>\n<p class=\"wp-block-paragraph\"><em>\u201ePe filmare se vedeau c\u0103 erau mai mul\u021bi acolo, lega\u021bi de paturi.\u201d<\/em><\/p>\n<h2 class=\"wp-block-heading\"><em>\u201eRom\u00e2nca a fost salvat\u0103 al\u0103turi de celelalte persoane\u201d<\/em><\/h2>\n<figure class=\"wp-block-image size-large\"><img decoding=\"async\" loading=\"lazy\" width=\"1024\" height=\"683\" src=\"https:\/\/stiridinsursebuzau.ro\/wp-content\/uploads\/2026\/08\/ChatGPT-Image-19-aug.-2026-02_23_40-1024x683.png\" alt class=\"wp-image-48455\"><\/figure>\n<p class=\"wp-block-paragraph\">\u00cen aceea\u0219i zi, Florinel Ion spune c\u0103 a primit confirmarea pe telefon.<\/p>\n<p class=\"wp-block-paragraph\">Era ora 16:00.<\/p>\n<p class=\"wp-block-paragraph\">Mesajul ar fi venit de la comisarul P\u00e2ndaru.<\/p>\n<p class=\"wp-block-paragraph\"><strong><em>\u201eDatorit\u0103 \u0219i implic\u0103rii dumneavoastr\u0103, rom\u00e2nca a fost salvat\u0103 al\u0103turi de celelalte persoane. V\u0103 mul\u021bumim.\u201d<\/em><\/strong><\/p>\n<p class=\"wp-block-paragraph\">Florinel Ion spune c\u0103 p\u0103streaz\u0103 \u0219i ast\u0103zi acel mesaj.<\/p>\n<p class=\"wp-block-paragraph\"><em>\u201e\u00cel am aici.\u201d<\/em><\/p>\n<p class=\"wp-block-paragraph\">Era finalul fericit al opera\u021biunii propriu-zise.<\/p>\n<p class=\"wp-block-paragraph\">Dar, potrivit fostului poli\u021bist, pentru el \u00eencepea un alt conflict.<\/p>\n<h2 class=\"wp-block-heading\"><em>\u201e\u00cen diminea\u021ba zilei de 17 am fost anun\u021bat c\u0103 se va face o cercetare \u00eempotriva mea\u201d<\/em><\/h2>\n<figure class=\"wp-block-image size-large\"><img decoding=\"async\" loading=\"lazy\" width=\"1024\" height=\"683\" src=\"https:\/\/stiridinsursebuzau.ro\/wp-content\/uploads\/2026\/08\/ChatGPT-Image-19-aug.-2026-02_25_34-1-1024x683.png\" alt class=\"wp-image-48458\"><\/figure>\n<p class=\"wp-block-paragraph\">Florinel Ion sus\u021bine c\u0103, dup\u0103 predarea serviciului, a aflat c\u0103 urma s\u0103 fie cercetat pentru c\u0103 trecuse peste dispozi\u021biile superiorilor.<\/p>\n<p class=\"wp-block-paragraph\"><strong><em>\u201e\u00cen diminea\u021ba zilei de 17, dup\u0103 ce am f\u0103cut predarea serviciului, am fost anun\u021bat c\u0103 se va face o cercetare \u00eempotriva mea pentru nerespectarea dispozi\u021biilor \u0219efilor, pentru c\u0103 eu am trecut peste ei.\u201d<\/em><\/strong><\/p>\n<p class=\"wp-block-paragraph\">A refuzat s\u0103 dea declara\u021bii f\u0103r\u0103 asisten\u021b\u0103 juridic\u0103.<\/p>\n<p class=\"wp-block-paragraph\"><em>\u201eAm refuzat s\u0103 fiu cercetat, motiv\u00e2nd c\u0103 vreau avocatul.\u201d<\/em><\/p>\n<p class=\"wp-block-paragraph\">C\u00e2nd i s-ar fi spus c\u0103 poate pur \u0219i simplu s\u0103 relateze ce s-a \u00eent\u00e2mplat, r\u0103spunsul s\u0103u ar fi fost:<\/p>\n<p class=\"wp-block-paragraph\"><strong><em>\u201eNu. Vreau s\u0103 am avoca\u021bi.\u201d<\/em><\/strong><\/p>\n<p class=\"wp-block-paragraph\">A solicitat reprezentarea avoca\u021bilor sindicatului din care f\u0103cea parte \u0219i spune c\u0103 ace\u0219tia \u00eei comunicaser\u0103 c\u0103 puteau veni la Buz\u0103u peste aproximativ trei s\u0103pt\u0103m\u00e2ni.<\/p>\n<h2 class=\"wp-block-heading\">\u00centre timp, cazul ajungea la televiziunile din Spania<\/h2>\n<figure class=\"wp-block-image size-large\"><img decoding=\"async\" loading=\"lazy\" width=\"1024\" height=\"683\" src=\"https:\/\/stiridinsursebuzau.ro\/wp-content\/uploads\/2026\/08\/ChatGPT-Image-19-aug.-2026-02_27_34-1024x683.png\" alt class=\"wp-image-48457\"><\/figure>\n<p class=\"wp-block-paragraph\">\u00cen Rom\u00e2nia, Florinel Ion se preg\u0103tea pentru ceea ce considera a fi o confruntare intern\u0103.<\/p>\n<p class=\"wp-block-paragraph\">\u00cen Spania \u00eens\u0103, povestea devenise subiect de pres\u0103.<\/p>\n<p class=\"wp-block-paragraph\">O coleg\u0103 ar fi descoperit \u00eent\u00e2mpl\u0103tor o emisiune a unei televiziuni spaniole \u00een care era prezentat\u0103 interven\u021bia.<\/p>\n<p class=\"wp-block-paragraph\">Florinel Ion descrie imaginile:<\/p>\n<p class=\"wp-block-paragraph\"><strong><em>\u201eG\u0103sise droguri, bani, pistoale, muni\u021bie\u2026\u201d<\/em><\/strong><\/p>\n<p class=\"wp-block-paragraph\">\u0218i:<\/p>\n<p class=\"wp-block-paragraph\"><strong><em>\u201e\u00cei ar\u0103ta pe \u0103\u0219tia cum erau du\u0219i la dub\u0103.\u201d<\/em><\/strong><\/p>\n<p class=\"wp-block-paragraph\">Pentru fostul poli\u021bist, apari\u021bia informa\u021biilor \u00een presa spaniol\u0103 schimba radical datele problemei.<\/p>\n<p class=\"wp-block-paragraph\">Cazul nu mai putea fi ignorat.<\/p>\n<h2 class=\"wp-block-heading\"><em>\u201eEi \u0219i-au luat-o. Au zis c\u0103 ei au f\u0103cut-o\u201d<\/em><\/h2>\n<figure class=\"wp-block-image size-large\"><img decoding=\"async\" loading=\"lazy\" width=\"1024\" height=\"683\" src=\"https:\/\/stiridinsursebuzau.ro\/wp-content\/uploads\/2026\/08\/ChatGPT-Image-19-aug.-2026-02_29_26-1024x683.png\" alt class=\"wp-image-48459\"><\/figure>\n<p class=\"wp-block-paragraph\">Florinel Ion sus\u021bine c\u0103, odat\u0103 ce succesul interven\u021biei a devenit cunoscut, atitudinea din jurul cazului s-ar fi schimbat.<\/p>\n<p class=\"wp-block-paragraph\"><em>\u201eInspectorul \u0219ef a aflat de treaba asta.\u201d<\/em><\/p>\n<p class=\"wp-block-paragraph\">\u00cen opinia sa, dup\u0103 ce informa\u021bia a \u00eenceput s\u0103 circule oficial \u00eentre Spania \u0219i Rom\u00e2nia, conducerea nu mai putea evita subiectul.<\/p>\n<p class=\"wp-block-paragraph\">Apoi formuleaz\u0103 una dintre acuza\u021biile centrale ale podcastului:<\/p>\n<p class=\"wp-block-paragraph\"><strong><em>\u201eEi \u0219i-au luat-o. Au zis c\u0103 ei au f\u0103cut-o.\u201d<\/em><\/strong><\/p>\n<p class=\"wp-block-paragraph\">Florinel Ion sus\u021bine, cu alte cuvinte, c\u0103 persoane care ini\u021bial nu ar fi vrut s\u0103 se implice ar fi ajuns ulterior s\u0103 \u00ee\u0219i asume succesul opera\u021biunii.<\/p>\n<h2 class=\"wp-block-heading\"><em>Colegii \u00eel sf\u0103tuiau: \u201eD\u0103-le o bil\u0103 alb\u0103\u201d<\/em><\/h2>\n<figure class=\"wp-block-image size-large\"><img decoding=\"async\" loading=\"lazy\" width=\"1024\" height=\"683\" src=\"https:\/\/stiridinsursebuzau.ro\/wp-content\/uploads\/2026\/08\/ChatGPT-Image-19-aug.-2026-02_31_42-1-1024x683.png\" alt class=\"wp-image-48461\"><\/figure>\n<p class=\"wp-block-paragraph\">\u00centre timp, colegii s\u0103i \u00eei d\u0103deau sfaturi.<\/p>\n<p class=\"wp-block-paragraph\">Florinel Ion era aproape de pensionare.<\/p>\n<p class=\"wp-block-paragraph\">Potrivit acestuia, mai mul\u021bi poli\u021bi\u0219ti \u00eei spuneau s\u0103 evite un conflict frontal cu conducerea.<\/p>\n<p class=\"wp-block-paragraph\">\u201eFii atent c\u0103 \u0103\u0219tia o s\u0103-\u021bi cear\u0103 s\u0103 dai lucrurile\u2026 D\u0103-le, m\u0103, o bil\u0103 alb\u0103, pentru c\u0103 te apropii de pensie \u0219i pot s\u0103-\u021bi dea un salariu guvernamental, pot s\u0103 te fac\u0103 poli\u021bistul anului, o diplom\u0103 de merit.\u201d<\/p>\n<p class=\"wp-block-paragraph\">Numai c\u0103 el spune c\u0103 nu putea accepta ideea.<\/p>\n<p class=\"wp-block-paragraph\"><strong><em>\u201eCum s\u0103 le dau a\u0219a ceva la \u0103\u0219tia, c\u00e2nd ei au zis c\u0103 m\u0103 mut\u0103, c\u0103 m\u0103 zboar\u0103 de acolo?\u201d<\/em><\/strong><\/p>\n<h2 class=\"wp-block-heading\">\u00ce\u0219i preg\u0103te\u0219te propria plas\u0103 de siguran\u021b\u0103: un jurnalist<\/h2>\n<figure class=\"wp-block-image size-large\"><img decoding=\"async\" loading=\"lazy\" width=\"1024\" height=\"683\" src=\"https:\/\/stiridinsursebuzau.ro\/wp-content\/uploads\/2026\/08\/ChatGPT-Image-19-aug.-2026-02_38_23-1024x683.png\" alt class=\"wp-image-48463\"><\/figure>\n<p class=\"wp-block-paragraph\">Florinel Ion spune c\u0103 anticipa faptul c\u0103 va fi chemat s\u0103 vorbeasc\u0103 public despre caz.<\/p>\n<p class=\"wp-block-paragraph\">A\u0219a c\u0103, \u00eenainte de \u00eent\u00e2lnirea cu conducerea Poli\u021biei, a contactat un jurnalist \u00een care avea \u00eencredere.<\/p>\n<p class=\"wp-block-paragraph\">\u00cent\u00e2lnirea ar fi avut loc \u00een parcarea unui supermarket.<\/p>\n<p class=\"wp-block-paragraph\"><em>\u201eVino maximum \u00een zece minute \u00een parcare la Lidl.\u201d<\/em><\/p>\n<p class=\"wp-block-paragraph\">Nu i-a dat documente \u0219i nu i-a preg\u0103tit un interviu formal. I-a povestit ce se \u00eent\u00e2mplase \u0219i i-a cerut s\u0103 re\u021bin\u0103.<\/p>\n<p class=\"wp-block-paragraph\">Apoi i-ar fi spus:<\/p>\n<p class=\"wp-block-paragraph\"><strong><em>\u201eC\u00e2nd \u00ee\u021bi voi da semnal, \u00eei dai drumul materialului a\u0219a cum l-ai \u00een\u021beles tu de la mine.\u201d<\/em><\/strong><\/p>\n<p class=\"wp-block-paragraph\">Jurnalistul l-ar fi \u00eentrebat:<\/p>\n<p class=\"wp-block-paragraph\"><em>\u201eDom\u2019le, nu \u021bi-e fric\u0103 s\u0103 faci asta? \u00ce\u021bi dai seama ce faci?\u201d<\/em><\/p>\n<p class=\"wp-block-paragraph\">Florinel Ion:<\/p>\n<p class=\"wp-block-paragraph\"><strong><em>\u201eDa, \u00eemi dau seama ce fac.\u201d<\/em><\/strong><\/p>\n<h2 class=\"wp-block-heading\"><em>\u201eNu vrei s\u0103 dai o bil\u0103 alb\u0103 Poli\u021biei?\u201d<\/em><\/h2>\n<figure class=\"wp-block-image size-large\"><img decoding=\"async\" loading=\"lazy\" width=\"1024\" height=\"683\" src=\"https:\/\/stiridinsursebuzau.ro\/wp-content\/uploads\/2026\/08\/ChatGPT-Image-19-aug.-2026-02_38_23-1-1024x683.png\" alt class=\"wp-image-48464\"><\/figure>\n<p class=\"wp-block-paragraph\">Ajuns la Poli\u021bia Municipiului Buz\u0103u, Florinel Ion spune c\u0103 a fost \u00eentrebat din nou cum se petrecuser\u0103 lucrurile.<\/p>\n<p class=\"wp-block-paragraph\">\u0218i-a prezentat versiunea.<\/p>\n<p class=\"wp-block-paragraph\">La un moment dat, sus\u021bine acesta, discu\u021bia ar fi ajuns la imaginea institu\u021biei.<\/p>\n<p class=\"wp-block-paragraph\"><strong><em>\u201eDomnule, nu vrei s\u0103 dai o bil\u0103 alb\u0103 Poli\u021biei?\u201d<\/em><\/strong><\/p>\n<p class=\"wp-block-paragraph\">R\u0103spunsul ini\u021bial:<\/p>\n<p class=\"wp-block-paragraph\"><strong><em>\u201eNu.\u201d<\/em><\/strong><\/p>\n<p class=\"wp-block-paragraph\">Apoi, conform relat\u0103rii sale, ar fi venit o amenin\u021bare:<\/p>\n<p class=\"wp-block-paragraph\"><strong><em>\u201eDac\u0103 nu vrei s\u0103 o dai, m\u00e2ine pleci din Poli\u021bie.\u201d<\/em><\/strong><\/p>\n<p class=\"wp-block-paragraph\">Florinel Ion spune c\u0103 \u00een acel moment \u0219i-a pierdut cump\u0103tul.<\/p>\n<p class=\"wp-block-paragraph\"><em>\u201eAtunci m-am sup\u0103rat \u0219i am v\u0103zut un negru \u00een fa\u021ba ochilor.\u201d<\/em><\/p>\n<p class=\"wp-block-paragraph\">Un coleg ar fi intervenit pentru a calma situa\u021bia.<\/p>\n<h2 class=\"wp-block-heading\"><em>\u201eHai s\u0103 dau o bil\u0103 alb\u0103 Poli\u021biei\u201d<\/em><\/h2>\n<figure class=\"wp-block-image size-large\"><img decoding=\"async\" loading=\"lazy\" width=\"1024\" height=\"683\" src=\"https:\/\/stiridinsursebuzau.ro\/wp-content\/uploads\/2026\/08\/ChatGPT-Image-19-aug.-2026-02_42_23-1024x683.png\" alt class=\"wp-image-48465\"><\/figure>\n<p class=\"wp-block-paragraph\">\u00cen cele din urm\u0103, Florinel Ion accept\u0103.<\/p>\n<p class=\"wp-block-paragraph\"><em>\u201eBun, zic, hai s\u0103 dau o bil\u0103 alb\u0103 Poli\u021biei.\u201d<\/em><\/p>\n<p class=\"wp-block-paragraph\">Spune c\u0103 superiorul i-ar fi r\u0103spuns:<\/p>\n<p class=\"wp-block-paragraph\"><strong><em>\u201eDac\u0103 \u00eemi da\u021bi o bil\u0103 alb\u0103 Poli\u021biei, mergem la o bere.\u201d<\/em><\/strong><\/p>\n<p class=\"wp-block-paragraph\">Replica fostului poli\u021bist:<\/p>\n<p class=\"wp-block-paragraph\"><strong><em>\u201eCe, dom\u2019le, ne-am \u00eemprietenit a\u0219a de mult? P\u00e2n\u0103 acum m\u0103 d\u0103dea\u021bi afar\u0103 \u0219i acum mergem la o bere? M\u0103 cump\u0103ra\u021bi cu o bere?\u201d<\/em><\/strong><\/p>\n<p class=\"wp-block-paragraph\">\u00cen fa\u021ba jurnali\u0219tilor, \u00eembr\u0103cat \u00een uniform\u0103, Florinel Ion a prezentat atunci o versiune favorabil\u0103 institu\u021biei.<\/p>\n<p class=\"wp-block-paragraph\"><em>\u201eAm spus cum mi-am informat \u0219efii \u0219i \u0219efii a\u0219a profesional s-au comportat \u00eenc\u00e2t rom\u00e2nca a fost salvat\u0103.\u201d<\/em><\/p>\n<p class=\"wp-block-paragraph\">Dar imediat dup\u0103 interviu, spune el, a scos telefonul \u0219i i-a transmis jurnalistului contactat anterior semnalul convenit.<\/p>\n<p class=\"wp-block-paragraph\">Materialul cu versiunea sa asupra evenimentelor urma s\u0103 apar\u0103.<\/p>\n<h2 class=\"wp-block-heading\"><em>\u201eCinci ani de zile n-am trecut pe acolo\u201d<\/em><\/h2>\n<figure class=\"wp-block-image size-large\"><img decoding=\"async\" loading=\"lazy\" width=\"1024\" height=\"683\" src=\"https:\/\/stiridinsursebuzau.ro\/wp-content\/uploads\/2026\/08\/ChatGPT-Image-19-aug.-2026-02_43_47-1-1024x683.png\" alt class=\"wp-image-48467\"><\/figure>\n<p class=\"wp-block-paragraph\">Florinel Ion spune c\u0103 episodul a l\u0103sat urme mult dup\u0103 pensionare.<\/p>\n<p class=\"wp-block-paragraph\">Despre sediul Poli\u021biei Municipiului Buz\u0103u afirm\u0103:<\/p>\n<p class=\"wp-block-paragraph\"><strong><em>\u201eCinci ani de zile n-am trecut pe acolo.\u201d<\/em><\/strong><\/p>\n<p class=\"wp-block-paragraph\">Motivul?<\/p>\n<p class=\"wp-block-paragraph\"><em>\u201eAveam a\u0219a o repulsie c\u00e2nd \u00eei vedeam pe cei care mi-au fost \u0219efi acolo.\u201d<\/em><\/p>\n<h2 class=\"wp-block-heading\">Dou\u0103 cercet\u0103ri \u0219i un an pe care \u00eel descrie drept unul al \u201erepresaliilor\u201d<\/h2>\n<figure class=\"wp-block-image size-large\"><img decoding=\"async\" loading=\"lazy\" width=\"1024\" height=\"683\" src=\"https:\/\/stiridinsursebuzau.ro\/wp-content\/uploads\/2026\/08\/ChatGPT-Image-19-aug.-2026-02_45_15-1024x683.png\" alt class=\"wp-image-48468\"><\/figure>\n<p class=\"wp-block-paragraph\">Fostul poli\u021bist sus\u021bine c\u0103 episodul nu s-a terminat odat\u0103 cu salvarea femeii.<\/p>\n<p class=\"wp-block-paragraph\">Spune c\u0103 au urmat cercet\u0103ri \u0219i tensiuni care s-au \u00eentins pe aproximativ un an.<\/p>\n<p class=\"wp-block-paragraph\"><strong><em>\u201eMi s-au f\u0103cut dou\u0103 dosare de cercetare pentru faptul c\u0103 am salvat o rom\u00e2nc\u0103 al\u0103turi de alte persoane, de alte na\u021bionalit\u0103\u021bi, sechestrate tot acolo.\u201d<\/em><\/strong><\/p>\n<p class=\"wp-block-paragraph\">Aceasta este interpretarea lui asupra motivului real al cercet\u0103rilor.<\/p>\n<p class=\"wp-block-paragraph\"><em>\u201eAveam pensia \u00een buzunar, puteam s\u0103 plec, v\u0103z\u00e2nd c\u0103 represaliile sunt asupra mea \u00een mod v\u0103dit.\u201d<\/em><\/p>\n<p class=\"wp-block-paragraph\">\u00centrebat dac\u0103 a perceput ceea ce se \u00eent\u00e2mpla ca pe o r\u0103zbunare personal\u0103, r\u0103spunde:<\/p>\n<p class=\"wp-block-paragraph\"><strong><em>\u201eDa, am gustat-o \u0219i a\u0219a.\u201d<\/em><\/strong><\/p>\n<p class=\"wp-block-paragraph\">Potrivit declara\u021biilor sale, cele dou\u0103 cercet\u0103ri nu s-au concretizat \u00een sanc\u021biuni care s\u0103 confirme acuza\u021biile formulate \u00eempotriva lui.<\/p>\n<p class=\"wp-block-paragraph\">\u00centrebat ce s-a \u00eent\u00e2mplat cu dosarele, r\u0103spunde:<\/p>\n<p class=\"wp-block-paragraph\"><strong><em>\u201eAu fost lovite de nulitate, n-aveau esen\u021b\u0103.\u201d<\/em><\/strong><\/p>\n<p class=\"wp-block-paragraph\">Ulterior a ie\u0219it la pensie.<\/p>\n<h2 class=\"wp-block-heading\">De la Buz\u0103u la Bucure\u0219ti. Lupta pentru propria versiune<\/h2>\n<figure class=\"wp-block-image size-large\"><img decoding=\"async\" loading=\"lazy\" width=\"1024\" height=\"683\" src=\"https:\/\/stiridinsursebuzau.ro\/wp-content\/uploads\/2026\/08\/ChatGPT-Image-19-aug.-2026-02_46_57-1024x683.png\" alt class=\"wp-image-48469\"><\/figure>\n<p class=\"wp-block-paragraph\">Povestea relatat\u0103 \u00een podcast merge mult mai departe.<\/p>\n<p class=\"wp-block-paragraph\">Florinel Ion spune c\u0103 a \u00eencercat s\u0103 sesizeze structurile centrale ale Poli\u021biei \u0219i c\u0103 a dat numeroase telefoane c\u0103tre Inspectoratul General al Poli\u021biei Rom\u00e2ne.<\/p>\n<p class=\"wp-block-paragraph\"><em>\u201eSunam la IGP, din serviciu, de pe Plevnei, zeci de telefoane pe zi, pe firul scurt. Zeci de telefoane.\u201d<\/em><\/p>\n<p class=\"wp-block-paragraph\">La un moment dat, spune c\u0103 a decis s\u0103 mearg\u0103 personal la Bucure\u0219ti pentru a depune documente.<\/p>\n<p class=\"wp-block-paragraph\">Descrie inclusiv tensiunea psihologic\u0103 \u00een care se afla atunci \u0219i spune c\u0103 luase cu el uniforma \u0219i se g\u00e2ndise la un gest simbolic extrem: dac\u0103 nu ar fi fost primit, inten\u021biona s\u0103 incendieze uniforma \u00een fa\u021ba institu\u021biei.<\/p>\n<p class=\"wp-block-paragraph\">\u00cen cele din urm\u0103, a ajuns la registratura IGP \u0219i \u0219i-a depus documentele.<\/p>\n<h2 class=\"wp-block-heading\">Presa na\u021bional\u0103 intr\u0103 pe fir<\/h2>\n<p class=\"wp-block-paragraph\">Florinel Ion spune c\u0103, dup\u0103 ce la nivel local nu a g\u0103sit suficient\u0103 deschidere pentru relatarea sa, a \u00eencercat s\u0103 ajung\u0103 la presa din Bucure\u0219ti.<\/p>\n<p class=\"wp-block-paragraph\"><em>\u201eLa Buz\u0103u nimeni n-a vrut s\u0103 m\u0103 cheme \u00eentr-un studio a\u0219a ca dumneata.\u201d<\/em><\/p>\n<p class=\"wp-block-paragraph\">Potrivit acestuia:<\/p>\n<p class=\"wp-block-paragraph\"><strong><em>\u201eI-am sunat pe to\u021bi\u2026 \u00abNu ne b\u0103g\u0103m, nu ne b\u0103g\u0103m\u00bb.\u201d<\/em><\/strong><\/p>\n<p class=\"wp-block-paragraph\">A\u0219a spune c\u0103 a ajuns, \u00een cele din urm\u0103, la echipa coordonat\u0103 de jurnalistul C\u0103t\u0103lin Tolontan.<\/p>\n<p class=\"wp-block-paragraph\"><em>\u201eAm fost nevoit s\u0103 caut la Bucure\u0219ti \u0219i am ajuns la C\u0103t\u0103lin Tolontan, dar nu u\u0219or.\u201d<\/em><\/p>\n<p class=\"wp-block-paragraph\">Cazul avea s\u0103 fie documentat ulterior \u0219i de Libertatea, inclusiv prin discu\u021bii cu persoanele vizate de acuza\u021biile lui Florinel Ion.<\/p>\n<h2 class=\"wp-block-heading\">Dup\u0103 \u0219apte ani, \u00ee\u0219i asum\u0103 public numele celor pe care \u00eei acuz\u0103<\/h2>\n<figure class=\"wp-block-image size-large\"><img decoding=\"async\" loading=\"lazy\" width=\"1024\" height=\"683\" src=\"https:\/\/stiridinsursebuzau.ro\/wp-content\/uploads\/2026\/08\/ChatGPT-Image-19-aug.-2026-02_47_58-1024x683.png\" alt class=\"wp-image-48470\"><\/figure>\n<p class=\"wp-block-paragraph\">\u00cen podcastul \u0218tiri din surse Buz\u0103u, fostul poli\u021bist merge mai departe \u0219i nominalizeaz\u0103 persoane din conducerea de atunci despre care sus\u021bine c\u0103 au fost informate.<\/p>\n<p class=\"wp-block-paragraph\">Declara\u021biile sunt grave \u0219i reprezint\u0103 pozi\u021bia exclusiv\u0103 a lui Florinel Ion, motiv pentru care ele necesit\u0103 drept la replic\u0103 din partea persoanelor vizate.<\/p>\n<p class=\"wp-block-paragraph\">El afirm\u0103:<\/p>\n<p class=\"wp-block-paragraph\"><strong><em>\u201eAr fi un semn de la\u0219itate s\u0103 nu v\u0103 spun care sunt numele celor care au ac\u021bionat deplorabil de ur\u00e2t \u00een rela\u021bia cu Spania atunci.\u201d<\/em><\/strong><\/p>\n<p class=\"wp-block-paragraph\">\u00cen continuare, fostul poli\u021bist enumer\u0103 persoane despre care spune c\u0103 ocupau func\u021bii de conducere \u00een Poli\u021bia Municipiului Buz\u0103u \u0219i la nivelul IPJ.<\/p>\n<p class=\"wp-block-paragraph\">Aceste acuza\u021bii trebuie privite \u00een contextul faptului c\u0103 unele dintre persoanele vizate au contestat anterior versiunea prezentat\u0103 de Florinel Ion.<\/p>\n<h2 class=\"wp-block-heading\"><em>\u201eAm fost profesionist, mi-am f\u0103cut treaba\u201d<\/em><\/h2>\n<figure class=\"wp-block-image size-large\"><img decoding=\"async\" loading=\"lazy\" width=\"1024\" height=\"683\" src=\"https:\/\/stiridinsursebuzau.ro\/wp-content\/uploads\/2026\/08\/ChatGPT-Image-19-aug.-2026-02_52_26-1-1024x683.png\" alt class=\"wp-image-48473\"><\/figure>\n<p class=\"wp-block-paragraph\">La \u0219apte ani distan\u021b\u0103, \u00eentrebarea fireasc\u0103 este dac\u0103 Florinel Ion consider\u0103 c\u0103 a primit vreo recompens\u0103 pentru ceea ce a f\u0103cut.<\/p>\n<p class=\"wp-block-paragraph\">R\u0103spunsul lui nu vorbe\u0219te despre bani, grade, diplome sau func\u021bii.<\/p>\n<p class=\"wp-block-paragraph\"><strong><em>\u201eMul\u021bumirea, dac\u0103 e s\u0103 o tr\u0103iesc, este urm\u0103toarea: b\u0103, am fost profesionist, mi-am f\u0103cut treaba \u0219i am salvat-o at\u00e2t pe rom\u00e2nc\u0103, c\u00e2t \u0219i pe ceilal\u021bi. Asta e singura mul\u021bumire.\u201d<\/em><\/strong><\/p>\n<p class=\"wp-block-paragraph\">Spune c\u0103 al\u021bi oameni ar fi primit recunoa\u0219tere sau recompense, \u00een timp ce el nu ar fi primit nimic.<\/p>\n<p class=\"wp-block-paragraph\">\u00ce\u0219i aminte\u0219te c\u0103 cineva l-ar fi \u00eentrebat:<\/p>\n<p class=\"wp-block-paragraph\"><em>\u201eTu ai primit ceva?\u201d<\/em><\/p>\n<p class=\"wp-block-paragraph\">R\u0103spunsul s\u0103u:<\/p>\n<p class=\"wp-block-paragraph\"><strong><em>\u201eDa.\u201d<\/em><\/strong><\/p>\n<p class=\"wp-block-paragraph\"><em>\u201eCe ai primit?\u201d<\/em><\/p>\n<p class=\"wp-block-paragraph\"><strong><em>\u201eCea\u021b\u0103.\u201d<\/em><\/strong><\/p>\n<h2 class=\"wp-block-heading\">Un episod care i-a schimbat rela\u021bia cu institu\u021bia<\/h2>\n<figure class=\"wp-block-image size-large\"><img decoding=\"async\" loading=\"lazy\" width=\"1024\" height=\"683\" src=\"https:\/\/stiridinsursebuzau.ro\/wp-content\/uploads\/2026\/08\/ChatGPT-Image-19-aug.-2026-02_54_09-1024x683.png\" alt class=\"wp-image-48472\"><\/figure>\n<p class=\"wp-block-paragraph\">Poate cea mai grea concluzie a interviului nu prive\u0219te \u00eens\u0103 noaptea de 16 august 2019.<\/p>\n<p class=\"wp-block-paragraph\">Prive\u0219te \u00eencrederea.<\/p>\n<p class=\"wp-block-paragraph\">Dup\u0103 aproape 30 de ani petrecu\u021bi \u00een Poli\u021bie, Florinel Ion spune:<\/p>\n<p class=\"wp-block-paragraph\"><strong><em>\u201eNu cred c\u0103 voi apuca acele timpuri \u00een care s\u0103 zic a\u0219a: dac\u0103 ai o problem\u0103 care este de natura Poli\u021biei, ai \u00eencredere c\u0103 Poli\u021bia \u021bi-o rezolv\u0103. Nu pot s\u0103 declar asta.\u201d<\/em><\/strong><\/p>\n<p class=\"wp-block-paragraph\">Repet\u0103:<\/p>\n<p class=\"wp-block-paragraph\"><strong><em>\u201eNu pot s\u0103 declar asta.\u201d<\/em><\/strong><\/p>\n<p class=\"wp-block-paragraph\">Pentru el, cazul din Spania a reprezentat punctul culminant al unei rela\u021bii complicate cu sistemul.<\/p>\n<p class=\"wp-block-paragraph\"><strong><em>\u201eAsta cu Spania este bomboana dup\u0103 coliv\u0103 \u00een cariera mea.\u201d<\/em><\/strong><\/p>\n<h2 class=\"wp-block-heading\">Cine este Florinel Ion ast\u0103zi<\/h2>\n<figure class=\"wp-block-image size-large\"><img decoding=\"async\" loading=\"lazy\" width=\"768\" height=\"1024\" src=\"https:\/\/stiridinsursebuzau.ro\/wp-content\/uploads\/2026\/08\/WhatsApp-Image-2026-08-19-at-02.56.11-768x1024.jpeg\" alt class=\"wp-image-48474\"><\/figure>\n<p class=\"wp-block-paragraph\">Via\u021ba lui Florinel Ion nu s-a oprit odat\u0103 cu ie\u0219irea din Poli\u021bie.<\/p>\n<p class=\"wp-block-paragraph\">\u00cen prezent este pensionar MAI \u0219i ofi\u021ber rezervist, iar \u00een ultimii ani \u0219i-a continuat activitatea \u00een alte domenii.<\/p>\n<p class=\"wp-block-paragraph\">Este implicat \u00een dansul sportiv, domeniu \u00een care spune c\u0103, \u00eempreun\u0103 cu so\u021bia sa, a pus bazele primului club de profil din jude\u021bul Buz\u0103u \u00een urm\u0103 cu aproximativ 26 de ani.<\/p>\n<p class=\"wp-block-paragraph\"><em>\u201ePrima \u0219coal\u0103 de dans sportiv din jude\u021bul Buz\u0103u am \u00eenfiin\u021bat-o eu cu so\u021bia mea.\u201d<\/em><\/p>\n<p class=\"wp-block-paragraph\">\u00cen prezent s-a retras din mare parte din activitatea de zi cu zi a clubului, l\u0103s\u00e2nd loc genera\u021biei mai tinere.<\/p>\n<p class=\"wp-block-paragraph\">De asemenea, s-a atestat ca instructor auto categoria B \u0219i este consilier local \u00een comuna buzoian\u0103 \u021ainte\u0219ti.<\/p>\n<p class=\"wp-block-paragraph\">Dar atunci c\u00e2nd vorbe\u0219te despre identitatea sa profesional\u0103, inevitabil se \u00eentoarce la Poli\u021bie.<\/p>\n<p class=\"wp-block-paragraph\">La copilul din clasa a III-a care, \u00eentr-o perioad\u0103 \u00een care institu\u021bia se numea Mili\u021bie, le spunea colegilor c\u0103 el vrea s\u0103 devin\u0103 \u201epoli\u021bist\u201d.<\/p>\n<p class=\"wp-block-paragraph\">\u0218i la noaptea din august 2019 \u00een care, aflat \u00een fa\u021ba unei informa\u021bii imposibil de ignorat, spune c\u0103 a ales s\u0103 ri\u0219te.<\/p>\n<h2 class=\"wp-block-heading\">O poveste cu un final fericit pentru victime \u0219i cu \u00eentreb\u0103ri r\u0103mase f\u0103r\u0103 r\u0103spuns<\/h2>\n<figure class=\"wp-block-image size-large\"><img decoding=\"async\" loading=\"lazy\" width=\"1024\" height=\"683\" src=\"https:\/\/stiridinsursebuzau.ro\/wp-content\/uploads\/2026\/08\/ChatGPT-Image-19-aug.-2026-02_57_53-1024x683.png\" alt class=\"wp-image-48475\"><\/figure>\n<p class=\"wp-block-paragraph\">Dincolo de conflictul dintre Florinel Ion \u0219i fo\u0219tii s\u0103i superiori, exist\u0103 un fapt central \u00een jurul c\u0103ruia se construie\u0219te \u00eentreaga poveste: femeia pentru care fusese transmis mesajul de ajutor a fost g\u0103sit\u0103 \u00een via\u021b\u0103.<\/p>\n<p class=\"wp-block-paragraph\">Iar potrivit relat\u0103rii fostului poli\u021bist, odat\u0103 cu ea au fost eliberate \u0219i alte persoane.<\/p>\n<p class=\"wp-block-paragraph\">\u00cen spatele rezultatului au existat mai multe verigi: femeia care a reu\u0219it s\u0103 transmit\u0103 mesajul, rom\u00e2nul din Germania care nu l-a ignorat, omul din Poli\u021bia Buz\u0103u care l-a direc\u021bionat c\u0103tre dispecerat, Florinel Ion, poli\u021bi\u0219tii de la combaterea criminalit\u0103\u021bii organizate \u0219i, \u00een final, autorit\u0103\u021bile spaniole care au desf\u0103\u0219urat interven\u021bia.<\/p>\n<p class=\"wp-block-paragraph\">Florinel Ion insist\u0103 c\u0103 nu a salvat singur pe nimeni \u0219i aminte\u0219te rolul colegului de la Crim\u0103 Organizat\u0103.<\/p>\n<p class=\"wp-block-paragraph\">Dar spune c\u0103, f\u0103r\u0103 decizia sa de a nu abandona sesizarea, lan\u021bul ar fi putut s\u0103 nu porneasc\u0103.<\/p>\n<p class=\"wp-block-paragraph\"><strong><em>\u201eEu am fost omul care m-am implicat \u0219i i-am sculat din mor\u021bi pe to\u021bi.\u201d<\/em><\/strong><\/p>\n<p class=\"wp-block-paragraph\">Este afirma\u021bia unui om care, dup\u0103 \u0219apte ani, continu\u0103 s\u0103 priveasc\u0103 noaptea de 16 august 2019 nu doar ca pe o interven\u021bie poli\u021bieneasc\u0103, ci ca pe momentul \u00een care a trebuit s\u0103 aleag\u0103 \u00eentre disciplin\u0103 ierarhic\u0103 \u0219i ceea ce el considera c\u0103 este obliga\u021bia fundamental\u0103 a unui poli\u021bist.<\/p>\n<p class=\"wp-block-paragraph\">Iar \u00eentrebarea pe care spune c\u0103 i-a adresat-o atunci unuia dintre superiori r\u0103m\u00e2ne, probabil, cea mai puternic\u0103 fraz\u0103 a \u00eentregii sale m\u0103rturii:<\/p>\n<p class=\"wp-block-paragraph\"><strong><em>\u201eDac\u0103 era fata ta sechestrat\u0103 \u00een Spania \u0219i nu era un nebun ca mine aici care s\u0103 ia atitudine, mai g\u00e2ndeai a\u0219a?\u201d<\/em><\/strong><\/p>\n<p class=\"wp-block-paragraph\">La \u0219apte ani de la acea noapte, Florinel Ion spune c\u0103 nu regret\u0103 alegerea.<\/p>\n<p class=\"wp-block-paragraph\">Pentru el, recompensa nu a fost o diplom\u0103 \u0219i nici o avansare.<\/p>\n<p class=\"wp-block-paragraph\">A r\u0103mas una singur\u0103:<\/p>\n<p class=\"wp-block-paragraph\"><strong><em>\u201eAm fost profesionist, mi-am f\u0103cut treaba \u0219i am salvat-o at\u00e2t pe rom\u00e2nc\u0103, c\u00e2t \u0219i pe ceilal\u021bi. Asta e singura mul\u021bumire.\u201d<\/em><\/strong><\/p>\n<h3 class=\"wp-block-heading\">Precizare editorial\u0103<\/h3>\n<p class=\"wp-block-paragraph\">O parte important\u0103 a informa\u021biilor \u0219i acuza\u021biilor prezentate \u00een acest material provin din declara\u021biile f\u0103cute de Florinel Ion \u00een cadrul podcastului <strong>\u0218tiri din surse Buz\u0103u<\/strong>, la \u0219apte ani de la evenimente. Afirma\u021biile referitoare la discu\u021biile purtate cu superiorii, presupusele amenin\u021b\u0103ri, modul \u00een care ar fi reac\u021bionat conducerea Poli\u021biei \u0219i eventualele represalii reprezint\u0103 versiunea relatat\u0103 de fostul poli\u021bist. Unele dintre persoanele vizate au contestat anterior public o parte dintre aceste sus\u021bineri. \u0218tiri din surse Buz\u0103u este deschis public\u0103rii punctelor de vedere \u0219i drepturilor la replic\u0103 ale tuturor persoanelor men\u021bionate.<\/p>\n<p class=\"wp-block-paragraph\"><em>Ilustra\u021bii realizate cu ajutorul inteligen\u021bei artificiale<\/em>.<\/p>\n<div class=\"post-views content-post post-48444 entry-meta load-static\" data-pvc-type=\"post\" data-pvc-id=\"48444\"><span class=\"post-views-label\">Vizualiz\u0103ri \u0219tire:<\/span><span class=\"post-views-count\">973<\/span><\/div>\n<div id=\"stiri-3132312207\" class=\"stiri-dupa-continut-2 stiri-entity-placement\"><a href=\"https:\/\/rapidservicebuzau.ro\/\" aria-label=\"RAPID SUPER SERVICE\"><img decoding=\"async\" loading=\"lazy\" src=\"https:\/\/stiridinsursebuzau.ro\/wp-content\/uploads\/2026\/02\/ChatGPT-Image-10-feb.-2026-22_24_01.png\" alt width=\"1536\" height=\"1024\"><\/a><\/div>\n<div id=\"stiri-497889901\" class=\"stiri-dupa-continut_2 stiri-entity-placement\"><a href=\"https:\/\/www.facebook.com\/profile.php?id=61564932526740\" aria-label=\"Glamour Pizza &quot;la patrat&quot;\"><img decoding=\"async\" loading=\"lazy\" src=\"https:\/\/stiridinsursebuzau.ro\/wp-content\/uploads\/2026\/02\/ChatGPT-Image-10-feb.-2026-21_57_13.png\" alt=\"Glamour Pizza &quot;la patrat&quot;\" width=\"1536\" height=\"1024\"><\/a><\/div>\n<div id=\"stiri-2374326200\" class=\"stiri-dupa-continut_3 stiri-entity-placement\"><a href=\"https:\/\/www.facebook.com\/profile.php?id=61573613380169&amp;locale=ro_RO\" aria-label=\"ChatGPT Image 10 feb. 2026, 22_10_50\"><img decoding=\"async\" loading=\"lazy\" src=\"https:\/\/stiridinsursebuzau.ro\/wp-content\/uploads\/2026\/02\/ChatGPT-Image-10-feb.-2026-22_10_50.png\" alt width=\"1536\" height=\"1024\"><\/a><\/div>\n<div id=\"stiri-3086119733\" class=\"stiri-dupa-continut_4 stiri-entity-placement\"><a href=\"https:\/\/www.facebook.com\/profile.php?id=100077377992379\" aria-label=\"1536 cu 1024 pixeli\"><img decoding=\"async\" loading=\"lazy\" src=\"https:\/\/stiridinsursebuzau.ro\/wp-content\/uploads\/2026\/02\/ChatGPT-Image-20-feb.-2026-14_05_15.png\" alt=\"1536 cu 1024 pixeli\" width=\"1536\" height=\"1024\"><\/a><\/div>\n<div id=\"stiri-3221391791\" class=\"stiri-dupa-continut_5 stiri-entity-placement\"><img decoding=\"async\" loading=\"lazy\" src=\"https:\/\/stiridinsursebuzau.ro\/wp-content\/uploads\/2026\/02\/ChatGPT-Image-10-feb.-2026-23_00_56.png\" alt=\"piese tractoare\" width=\"1536\" height=\"1024\"><\/div>\n<nav class=\"navigation post-navigation\" aria-label=\"Articole\">\n<h2 class=\"screen-reader-text\">Navigare \u00een articole<\/h2>\n<div class=\"nav-links\">\n<div class=\"nav-previous\"><a href=\"https:\/\/stiridinsursebuzau.ro\/expert-contabil-avertisment-privind-noile-criterii-anaf-pentru-rambursarea-tva-o-firma-noua-nu-este-prin-definitie-o-firma-cu-risc\/\" rel=\"prev\">Expert contabil, avertisment privind noile criterii ANAF pentru rambursarea TVA: \u201eO firm\u0103 nou\u0103 nu este, prin defini\u021bie, o firm\u0103 cu risc\u201d <\/a><\/div>\n<div class=\"nav-next\"><a href=\"https:\/\/stiridinsursebuzau.ro\/adelin-petrisor-alearga-la-buzau-21k-pentru-viitorul-roboticii-cauza-pentru-care-s-a-implicat\/\" rel=\"next\"> Adelin Petri\u0219or alearg\u0103 la Buz\u0103u 21K pentru viitorul roboticii. Cauza pentru care s-a implicat<\/a><\/div>\n<\/div>\n<\/nav>\n<\/article>\n<article class=\"page-content-single small single\">\n<div id=\"stiri-2417443786\" class=\"stiri-inainte-de-continut-14 stiri-entity-placement\"><a href=\"https:\/\/www.shoppingcitybuzau.ro\/\" aria-label=\"NEPI_Buzau_Card Colac_1274x158\"><img decoding=\"async\" loading=\"lazy\" src=\"https:\/\/stiridinsursebuzau.ro\/wp-content\/uploads\/2026\/08\/NEPI_Buzau_Card-Colac_1274x158.jpg\" alt width=\"1274\" height=\"158\"><\/a><\/div>\n<div id=\"stiri-4084478831\" class=\"stiri-inainte-de-continut-3 stiri-entity-placement\"><a href=\"https:\/\/buzau.21k.ro\/\" aria-label=\"900\u00d7200\"><img decoding=\"async\" loading=\"lazy\" src=\"https:\/\/stiridinsursebuzau.ro\/wp-content\/uploads\/2026\/07\/900x200.gif\" alt width=\"900\" height=\"200\"><\/a><\/div>\n<p class=\"wp-block-paragraph\"><strong>\u201eStai \u00een banca ta, pentru c\u0103 nu cred c\u0103 vrei s\u0103 ai probleme\u201d. Este unul dintre lucrurile pe care Florinel Ion sus\u021bine c\u0103 le-a auzit \u00een noaptea de 16 august 2019, dup\u0103 ce la Dispeceratul Poli\u021biei Municipiului Buz\u0103u a ajuns informa\u021bia c\u0103 o rom\u00e2nc\u0103 era sechestrat\u0103 \u00een Spania. La \u0219apte ani de la evenimente, fostul poli\u021bist buzoian reconstruie\u0219te, \u00eentr-un podcast \u0218tiri din surse Buz\u0103u, orele \u00een care un mesaj disperat transmis din Madrid a pus \u00een mi\u0219care un lan\u021b de oameni \u0219i institu\u021bii care avea s\u0103 se \u00eencheie cu interven\u021bia poli\u021bi\u0219tilor spanioli.<\/strong><\/p>\n<p class=\"wp-block-paragraph\">Povestea s-a petrecut \u00eentr-un moment extrem de sensibil pentru Rom\u00e2nia. Era august 2019, la numai c\u00e2teva s\u0103pt\u0103m\u00e2ni dup\u0103 tragedia de la Caracal, iar \u00eentreaga \u021bar\u0103 discuta despre modul \u00een care autorit\u0103\u021bile reac\u021bionaser\u0103 la apelurile Alexandrei M\u0103ce\u0219anu.<\/p>\n<p class=\"wp-block-paragraph\">\u00cen acest context, \u00een noaptea de 16 august, la Buz\u0103u ap\u0103rea o situa\u021bie care, cel pu\u021bin prin primele informa\u021bii primite de poli\u021bi\u0219ti, avea elemente tulbur\u0103tor de asem\u0103n\u0103toare: o rom\u00e2nc\u0103 aflat\u0103 la mii de kilometri distan\u021b\u0103 cerea s\u0103 fie salvat\u0103.<\/p>\n<p class=\"wp-block-paragraph\">Omul care a preluat informa\u021bia era Florinel Ion, pe atunci poli\u021bist cu aproape trei decenii de experien\u021b\u0103.<\/p>\n<p class=\"wp-block-paragraph\">Ast\u0103zi, la \u0219apte ani distan\u021b\u0103, acesta vorbe\u0219te despre cazul pe care \u00eel consider\u0103 unul dintre cele mai importante momente ale carierei sale, dar \u0219i despre ceea ce sus\u021bine c\u0103 s-a \u00eent\u00e2mplat \u00een interiorul Poli\u021biei \u00eenainte \u0219i dup\u0103 salvarea femeii.<\/p>\n<figure class=\"wp-block-embed is-type-video is-provider-youtube wp-block-embed-youtube wp-embed-aspect-16-9 wp-has-aspect-ratio\">\n<div class=\"wp-block-embed__wrapper\">\n<iframe loading=\"lazy\" title=\"PODCAST | FLORINEL ION, LA 7 ANI DE LA CAZUL CARE A \u0218OCAT ROM\u00c2NIA: \u201eMi s-a spus s\u0103 nu m\u0103 agit\u201d\" width=\"640\" height=\"360\" src=\"https:\/\/www.youtube.com\/embed\/1vbVbqrqRLc?feature=oembed\" frameborder allow=\"accelerometer; autoplay; clipboard-write; encrypted-media; gyroscope; picture-in-picture; web-share\" referrerpolicy=\"strict-origin-when-cross-origin\" allowfullscreen><\/iframe>\n<\/div>\n<\/figure>\n<h2 class=\"wp-block-heading\">\u201eEu vreau s\u0103 m\u0103 fac poli\u021bist\u201d<\/h2>\n<figure class=\"wp-block-image size-large\"><img decoding=\"async\" loading=\"lazy\" width=\"1024\" height=\"819\" src=\"https:\/\/stiridinsursebuzau.ro\/wp-content\/uploads\/2026\/08\/ChatGPT-Image-19-aug.-2026-01_56_07-1024x819.png\" alt class=\"wp-image-48446\"><\/figure>\n<p class=\"wp-block-paragraph\">Pentru a \u00een\u021belege de ce spune c\u0103 a refuzat s\u0103 renun\u021be \u00een acea noapte, Florinel Ion se \u00eentoarce cu povestea p\u00e2n\u0103 \u00een copil\u0103rie.<\/p>\n<p class=\"wp-block-paragraph\">Spune c\u0103 dorin\u021ba de a \u00eembr\u0103ca uniforma a ap\u0103rut \u00eenc\u0103 din clasa a III-a.<\/p>\n<p class=\"wp-block-paragraph\"><em>\u201e\u00cenv\u0103\u021b\u0103toarea mea, doamna L\u0103z\u0103reanu Tecla, ne-a \u00eentrebat pe to\u021bi copiii din clas\u0103, de la Pogoanele: \u00abCe vre\u021bi s\u0103 v\u0103 face\u021bi?\u00bb. Fiecare a zis: eu vreau s\u0103 m\u0103 fac \u0219ofer, eu vreau s\u0103 m\u0103 fac doctor. \u00abTu, Florinel, ce vrei s\u0103 te faci?\u00bb. Eu vreau s\u0103 m\u0103 fac poli\u021bist.\u201d<\/em><\/p>\n<p class=\"wp-block-paragraph\">Era anul 1979, \u00ee\u0219i aminte\u0219te acesta, iar colegii ar fi r\u00e2s de r\u0103spunsul s\u0103u, pentru c\u0103 institu\u021bia se numea atunci Mili\u021bie, nu Poli\u021bie.<\/p>\n<p class=\"wp-block-paragraph\"><em>\u201eTo\u021bi colegii au \u00eenceput s\u0103 r\u00e2d\u0103 de mine. Pentru c\u0103 nu se zicea poli\u021bist pe vremea aia. Se zicea mili\u021bian.\u201d<\/em><\/p>\n<p class=\"wp-block-paragraph\">Ani mai t\u00e2rziu \u0219i-a \u00eendeplinit dorin\u021ba. La 23 de ani a intrat \u00een \u0219coal\u0103, iar la 24 de ani a fost repartizat la postul de poli\u021bie din Scutelnici.<\/p>\n<p class=\"wp-block-paragraph\">Au urmat aproape trei decenii \u00een sistem.<\/p>\n<p class=\"wp-block-paragraph\">Privind \u00een urm\u0103, Florinel Ion face \u00eens\u0103 o afirma\u021bie extrem de dur\u0103 despre cariera sa:<\/p>\n<p class=\"wp-block-paragraph\"><strong><em>\u201ePentru mine, greutatea muncii de poli\u021bie nu a fost cu ho\u021bul. Greutatea muncii de poli\u021bie pentru mine a fost cu \u0219efii din Poli\u021bie.\u201d<\/em><\/strong><\/p>\n<p class=\"wp-block-paragraph\">Este cheia prin care fostul poli\u021bist \u00ee\u0219i interpreteaz\u0103 \u0219i ast\u0103zi ceea ce avea s\u0103 se \u00eent\u00e2mple \u00een august 2019.<\/p>\n<h2 class=\"wp-block-heading\">16 august 2019. Un telefon venit din Germania<\/h2>\n<figure class=\"wp-block-image size-large\"><img decoding=\"async\" loading=\"lazy\" width=\"1024\" height=\"683\" src=\"https:\/\/stiridinsursebuzau.ro\/wp-content\/uploads\/2026\/08\/ChatGPT-Image-19-aug.-2026-02_02_13-1-1024x683.png\" alt class=\"wp-image-48478\"><\/figure>\n<p class=\"wp-block-paragraph\">\u00cen 2019, Florinel Ion lucra la Dispeceratul Poli\u021biei Municipiului Buz\u0103u.<\/p>\n<p class=\"wp-block-paragraph\">Era noapte.<\/p>\n<p class=\"wp-block-paragraph\">Potrivit relat\u0103rii sale, \u00een jurul orei 03:35 prime\u0219te informa\u021bia care avea s\u0103 declan\u0219eze totul.<\/p>\n<p class=\"wp-block-paragraph\">La cel\u0103lalt cap\u0103t al firului era un rom\u00e2n aflat \u00een Germania.<\/p>\n<p class=\"wp-block-paragraph\">B\u0103rbatul \u00eei explica o poveste greu de verificat la prima vedere: cu aproximativ doi ani \u00eenainte cunoscuse o rom\u00e2nc\u0103 \u00eentr-un restaurant din Londra, unde lucraser\u0103 \u00eempreun\u0103. \u00cen acea noapte, femeia \u00eei trimisese un mesaj disperat.<\/p>\n<p class=\"wp-block-paragraph\"><strong><em>\u201eSalveaz\u0103-m\u0103, c\u0103 sunt sechestrat\u0103 \u00een Madrid.\u201d<\/em><\/strong><\/p>\n<p class=\"wp-block-paragraph\">Florinel Ion \u00ee\u0219i aminte\u0219te:<\/p>\n<p class=\"wp-block-paragraph\"><em>\u201ePrimind un telefon de la un b\u0103rbat pe care nu-l cuno\u0219team, din Germania, s\u0103-mi spun\u0103: \u00abDomnule, sunt din Germania. \u00cen urm\u0103 cu doi ani am cunoscut o fat\u0103 \u00eentr-un restaurant \u00een Londra, unde am lucrat \u00eempreun\u0103. Fata, dup\u0103 doi ani de zile, \u00eemi d\u0103 un mesaj la ora asta, trei \u0219i un sfert diminea\u021ba, s\u0103-mi spun\u0103 printr-un mesaj: \u00abSalveaz\u0103-m\u0103, c\u0103 sunt sechestrat\u0103 \u00een Madrid\u00bb. M\u0103 pute\u021bi ajuta?\u00bb\u201d<\/em><\/p>\n<p class=\"wp-block-paragraph\">Apelul nu ajunsese direct prin sistemul 112. B\u0103rbatul din Germania sunase mai \u00eent\u00e2i un cunoscut din Buz\u0103u, angajat \u00een Poli\u021bie, care i-ar fi indicat un num\u0103r fix al Poli\u021biei Municipiului Buz\u0103u.<\/p>\n<p class=\"wp-block-paragraph\">A\u0219a a ajuns informa\u021bia la Florinel Ion.<\/p>\n<p class=\"wp-block-paragraph\">Pentru un dispecer, povestea era cu totul diferit\u0103 de interven\u021biile obi\u0219nuite.<\/p>\n<p class=\"wp-block-paragraph\"><em>\u201eSpe\u021ba asta, a\u0219a relatat\u0103 de acel b\u0103rbat, pentru mine, ca poli\u021bist, \u0219i cred eu c\u0103 la nivel de \u021bar\u0103, pentru poli\u021bi\u0219tii din \u021bara asta, este o spe\u021b\u0103 grea. Foarte grea.\u201d<\/em><\/p>\n<p class=\"wp-block-paragraph\">Problema era evident\u0103: sesizarea venea din Germania, victima era \u00een Spania, iar poli\u021bistul care primea informa\u021bia se afla la Buz\u0103u.<\/p>\n<h2 class=\"wp-block-heading\">Umbra cazului Caracal<\/h2>\n<figure class=\"wp-block-image size-large\"><img decoding=\"async\" loading=\"lazy\" width=\"1024\" height=\"683\" src=\"https:\/\/stiridinsursebuzau.ro\/wp-content\/uploads\/2026\/08\/ChatGPT-Image-19-aug.-2026-02_04_13-1024x683.png\" alt class=\"wp-image-48448\"><\/figure>\n<p class=\"wp-block-paragraph\">Cu numai c\u00e2teva s\u0103pt\u0103m\u00e2ni \u00eenainte, Rom\u00e2nia fusese zguduit\u0103 de cazul Caracal.<\/p>\n<p class=\"wp-block-paragraph\">Florinel Ion spune c\u0103 tocmai aceast\u0103 apropiere temporal\u0103 l-a f\u0103cut s\u0103 perceap\u0103 \u0219i mai dramatic reac\u021biile pe care sus\u021bine c\u0103 le-a primit de la superiori.<\/p>\n<p class=\"wp-block-paragraph\"><em>\u201eStupefac\u021bia a fost c\u0103 ei \u00eemi vorbeau la fel ca cei de la Caracal. La Caracal \u0219tie toat\u0103 lumea cum s-a vorbit.\u201d<\/em><\/p>\n<p class=\"wp-block-paragraph\">\u0218i continu\u0103:<\/p>\n<p class=\"wp-block-paragraph\"><strong><em>\u201ePe orice canal deschideai: Caracal. Dar la trei s\u0103pt\u0103m\u00e2ni, spe\u021b\u0103 izbitor de asem\u0103n\u0103toare cu Caracal. Ba\u0219ca la o scar\u0103 mai \u00eenalt\u0103, la c\u00e2teva mii de kilometri.\u201d<\/em><\/strong><\/p>\n<p class=\"wp-block-paragraph\">Conform propriei relat\u0103ri, avea obliga\u021bia s\u0103 \u00ee\u0219i informeze superiorii, pentru ca ace\u0219tia s\u0103 ia deciziile necesare.<\/p>\n<p class=\"wp-block-paragraph\"><em>\u201ePrimul pas pe care trebuia s\u0103-l fac era s\u0103-i informez pe ei, s\u0103 ia ei decizii, nu eu, ca dispecer.\u201d<\/em><\/p>\n<p class=\"wp-block-paragraph\">Numai c\u0103 exact aici, sus\u021bine el, lucrurile s-au blocat.<\/p>\n<h2 class=\"wp-block-heading\">\u201eStai \u00een banca ta, pentru c\u0103 nu cred c\u0103 vrei s\u0103 ai probleme\u201d<\/h2>\n<figure class=\"wp-block-image size-large\"><img decoding=\"async\" loading=\"lazy\" width=\"1024\" height=\"683\" src=\"https:\/\/stiridinsursebuzau.ro\/wp-content\/uploads\/2026\/08\/ChatGPT-Image-19-aug.-2026-02_11_40-1024x683.png\" alt class=\"wp-image-48449\"><\/figure>\n<p class=\"wp-block-paragraph\">Florinel Ion afirm\u0103 c\u0103 reac\u021biile superiorilor s\u0103i l-au \u0219ocat.<\/p>\n<p class=\"wp-block-paragraph\">\u00cen podcast, reproduce una dintre discu\u021biile pe care spune c\u0103 le-a avut:<\/p>\n<p class=\"wp-block-paragraph\"><strong><em>\u201eB\u0103i, las-o \u00eencolo. M\u0103 suni pentru o persoan\u0103 r\u0103u famat\u0103 s\u0103 \u00eencerc\u0103m s\u0103 o ajut\u0103m? Ce po\u021bi tu s\u0103 o aju\u021bi? Tu din Buz\u0103u, ea \u00een Madrid. E\u0219ti s\u0103n\u0103tos la cap?\u201d<\/em><\/strong><\/p>\n<p class=\"wp-block-paragraph\">R\u0103spunsul s\u0103u ar fi fost simplu:<\/p>\n<p class=\"wp-block-paragraph\"><strong><em>\u201eSunt.\u201d<\/em><\/strong><\/p>\n<p class=\"wp-block-paragraph\">Apoi, spune el, ar fi venit avertismentul:<\/p>\n<p class=\"wp-block-paragraph\"><strong><em>\u201eStai \u00een banca ta, pentru c\u0103 nu cred c\u0103 vrei s\u0103 ai probleme.\u201d<\/em><\/strong><\/p>\n<p class=\"wp-block-paragraph\">Florinel Ion sus\u021bine c\u0103 un alt superior i-ar fi transmis un mesaj asem\u0103n\u0103tor.<\/p>\n<p class=\"wp-block-paragraph\"><em>\u201eDac\u0103 nu stai \u00een banca ta \u0219i treci peste noi, m\u00e2ine zbori de acolo.\u201d<\/em><\/p>\n<p class=\"wp-block-paragraph\">\u00cen acel moment, spune fostul poli\u021bist, i-a adresat superiorului o \u00eentrebare:<\/p>\n<p class=\"wp-block-paragraph\"><strong><em>\u201eDac\u0103 era fata ta sechestrat\u0103 \u00een Spania \u0219i nu era un nebun ca mine aici care s\u0103 ia atitudine, mai g\u00e2ndeai a\u0219a?\u201d<\/em><\/strong><\/p>\n<p class=\"wp-block-paragraph\">Decizia lui era deja luat\u0103:<\/p>\n<p class=\"wp-block-paragraph\"><strong><em>\u201eOricum te exprimi, voi trece peste tine.\u201d<\/em><\/strong><\/p>\n<h2 class=\"wp-block-heading\"><em>\u201ePentru o curv* s\u0103-l suni pe comandant?\u201d<\/em><\/h2>\n<figure class=\"wp-block-image size-large\"><img decoding=\"async\" loading=\"lazy\" width=\"1024\" height=\"683\" src=\"https:\/\/stiridinsursebuzau.ro\/wp-content\/uploads\/2026\/08\/ChatGPT-Image-19-aug.-2026-03_02_11-1024x683.png\" alt class=\"wp-image-48479\"><\/figure>\n<p class=\"wp-block-paragraph\">Una dintre cele mai grave afirma\u021bii f\u0103cute \u00een podcast prive\u0219te o alt\u0103 conversa\u021bie din acea noapte.<\/p>\n<p class=\"wp-block-paragraph\">Florinel Ion sus\u021bine c\u0103, atunci c\u00e2nd a \u00eencercat s\u0103 determine escaladarea situa\u021biei, i s-ar fi spus:<\/p>\n<p class=\"wp-block-paragraph\"><strong><em>\u201ePentru o femeie de moravuri u\u0219oare, tu vrei s\u0103-l suni pe comandant s\u0103-l informezi de treaba asta?\u201d<\/em><\/strong><\/p>\n<p class=\"wp-block-paragraph\"><em>\u201eM-a oripilat r\u0103spunsul\u201d<\/em>, spune fostul poli\u021bist.<\/p>\n<p class=\"wp-block-paragraph\">Aceste afirma\u021bii reprezint\u0103 versiunea lui Florinel Ion asupra conversa\u021biilor din acea noapte \u0219i trebuie tratate ca atare. El \u00eensu\u0219i spune c\u0103, atunci c\u00e2nd cazul a fost investigat ulterior de pres\u0103, persoanele vizate nu ar fi confirmat versiunea sa.<\/p>\n<h2 class=\"wp-block-heading\">\u201eComandante, eu voi trece peste tine\u201d<\/h2>\n<figure class=\"wp-block-image size-large\"><img decoding=\"async\" loading=\"lazy\" width=\"1024\" height=\"683\" src=\"https:\/\/stiridinsursebuzau.ro\/wp-content\/uploads\/2026\/08\/ChatGPT-Image-19-aug.-2026-02_14_58-1024x683.png\" alt class=\"wp-image-48450\"><\/figure>\n<p class=\"wp-block-paragraph\">Florinel Ion spune c\u0103 \u00een acel moment a hot\u0103r\u00e2t s\u0103 nu mai a\u0219tepte.<\/p>\n<p class=\"wp-block-paragraph\"><em>\u201eComandante, fii atent ce spun. Dac\u0103 nu iei m\u0103surile care se impun, trec peste tine.\u201d<\/em><\/p>\n<p class=\"wp-block-paragraph\">Interesant este c\u0103 recunoa\u0219te c\u0103, atunci c\u00e2nd a rostit acele cuvinte, nici m\u0103car el nu \u0219tia exact unde urma s\u0103 ajung\u0103:<\/p>\n<p class=\"wp-block-paragraph\"><strong><em>\u201eLa momentul c\u00e2nd am discutat cu primul \u0219i i-am zis c\u0103 trec peste el, nici eu nu \u0219tiam la ce puteam s\u0103 ajung.\u201d<\/em><\/strong><\/p>\n<p class=\"wp-block-paragraph\">A \u00eenceput s\u0103 caute o structur\u0103 capabil\u0103 s\u0103 transforme informa\u021bia primit\u0103 \u00eentr-o interven\u021bie real\u0103.<\/p>\n<p class=\"wp-block-paragraph\">Primul g\u00e2nd: Crima Organizat\u0103.<\/p>\n<h2 class=\"wp-block-heading\">Apelul c\u0103tre Crima Organizat\u0103<\/h2>\n<p class=\"wp-block-paragraph\">Florinel Ion spune c\u0103 a luat leg\u0103tura cu \u0219eful structurii de combatere a criminalit\u0103\u021bii organizate de la Buz\u0103u.<\/p>\n<p class=\"wp-block-paragraph\">R\u0103spunsul primit i-a ar\u0103tat \u00eens\u0103 o problem\u0103 juridic\u0103 evident\u0103: poli\u021bi\u0219tii rom\u00e2ni nu puteau pur \u0219i simplu s\u0103 desf\u0103\u0219oare o opera\u021biune \u00een Spania.<\/p>\n<p class=\"wp-block-paragraph\"><em>\u201eDomnul Ion, cu drag\u0103 inim\u0103, dar \u0219ti\u021bi care e treaba? N-avem cadrul legal s\u0103 ac\u021bion\u0103m peste grani\u021b\u0103. \u00cen nicio \u021bar\u0103\u201d<\/em>, reproduce el r\u0103spunsul primit.<\/p>\n<p class=\"wp-block-paragraph\">Pentru c\u00e2teva clipe, spune c\u0103 s-a sim\u021bit descurajat.<\/p>\n<p class=\"wp-block-paragraph\">Apoi interlocutorul s\u0103u l-ar fi \u00eentrebat:<\/p>\n<p class=\"wp-block-paragraph\"><strong><em>\u201eCe vre\u021bi s\u0103 fac eu pentru dumneavoastr\u0103?\u201d<\/em><\/strong><\/p>\n<p class=\"wp-block-paragraph\">Florinel Ion i-a cerut s\u0103 trimit\u0103 la dispecerat un poli\u021bist foarte bine preg\u0103tit \u00een astfel de cazuri \u0219i care s\u0103 se priceap\u0103 inclusiv la partea tehnic\u0103.<\/p>\n<p class=\"wp-block-paragraph\"><em>\u201eTrimite\u021bi-l pe cel mai preg\u0103tit om al dumneavoastr\u0103 pe genul \u0103sta de fapte, sechestrare de persoane, \u0219i s\u0103 fie bun \u0219i pe IT, pe telefon.\u201d<\/em><\/p>\n<p class=\"wp-block-paragraph\">R\u0103spunsul primit:<\/p>\n<p class=\"wp-block-paragraph\"><em>\u201eEu \u00eei consider pe to\u021bi preg\u0103ti\u021bi. Numi\u021bi dumneavoastr\u0103 pe unul.\u201d<\/em><\/p>\n<p class=\"wp-block-paragraph\">Florinel Ion spune c\u0103 a indicat un nume: Dan P\u00e2ndaru.<\/p>\n<p class=\"wp-block-paragraph\"><em>\u201eMi-a venit \u0103sta, pe ceas, \u00een zece minute.\u201d<\/em><\/p>\n<h2 class=\"wp-block-heading\">Un om din Germania, un poli\u021bist din Buz\u0103u \u0219i \u00eenceputul leg\u0103turii cu Spania<\/h2>\n<figure class=\"wp-block-image size-large\"><img decoding=\"async\" loading=\"lazy\" width=\"1024\" height=\"683\" src=\"https:\/\/stiridinsursebuzau.ro\/wp-content\/uploads\/2026\/08\/ChatGPT-Image-19-aug.-2026-02_17_58-1024x683.png\" alt class=\"wp-image-48451\"><\/figure>\n<p class=\"wp-block-paragraph\">Dup\u0103 sosirea lui P\u00e2ndaru, lucrurile au \u00eenceput s\u0103 se mi\u0219te.<\/p>\n<p class=\"wp-block-paragraph\">Florinel Ion i-a cerut b\u0103rbatului din Germania s\u0103 revin\u0103 cu un apel pe un telefon care permitea o comunicare mai u\u0219oar\u0103.<\/p>\n<p class=\"wp-block-paragraph\">P\u00e2ndaru ar fi discutat apoi direct cu acesta.<\/p>\n<p class=\"wp-block-paragraph\"><em>\u201eS-a dus P\u00e2ndaru sus, la el \u00een birou, \u0219i a discutat cu acest b\u0103rbat din Germania. N-am fost l\u00e2ng\u0103 el, nu \u0219tiu ce \u0219i cum.\u201d<\/em><\/p>\n<p class=\"wp-block-paragraph\">Florinel Ion subliniaz\u0103 c\u0103 nici dup\u0103 \u0219apte ani nu l-a \u00eentrebat \u00een detaliu pe colegul s\u0103u ce discu\u021bii a purtat.<\/p>\n<p class=\"wp-block-paragraph\"><em>\u201eNici dup\u0103 \u0219apte ani, ast\u0103zi, c\u00e2nd stau de vorb\u0103 de asta, nu l-am \u00eentrebat: \u00abCe ai discutat, P\u00e2ndaru, cu el? Ce ai f\u0103cut? Cum ai \u00eentrebat?\u00bb. Nu l-am \u00eentrebat nimic.\u201d<\/em><\/p>\n<h2 class=\"wp-block-heading\">Ora 05:15. Raportul care urma s\u0103 plece spre Madrid<\/h2>\n<figure class=\"wp-block-image size-large\"><img decoding=\"async\" loading=\"lazy\" width=\"1024\" height=\"683\" src=\"https:\/\/stiridinsursebuzau.ro\/wp-content\/uploads\/2026\/08\/ChatGPT-Image-19-aug.-2026-02_18_48-1024x683.png\" alt class=\"wp-image-48452\"><\/figure>\n<p class=\"wp-block-paragraph\">\u00cen jurul orei 05:15, spune Florinel Ion, prime\u0219te un nou telefon.<\/p>\n<p class=\"wp-block-paragraph\">P\u00e2ndaru \u00eei cere s\u0103 redacteze \u00een scris tot ceea ce fusese sesizat de persoana din Germania.<\/p>\n<p class=\"wp-block-paragraph\"><em>\u201eV\u0103 rog eu frumos, face\u021bi un raport cu tot ceea ce v-a sesizat persoana din Germania.\u201d<\/em><\/p>\n<p class=\"wp-block-paragraph\">Florinel Ion spune c\u0103 a \u00een\u021beles imediat importan\u021ba documentului.<\/p>\n<p class=\"wp-block-paragraph\"><em>\u201eM-am prins. \u00cel fac imediat.\u201d<\/em><\/p>\n<p class=\"wp-block-paragraph\">Raportul a fost scris de m\u00e2n\u0103.<\/p>\n<p class=\"wp-block-paragraph\">Ulterior, potrivit relat\u0103rii sale, P\u00e2ndaru ar fi fotografiat documentul cu telefonul \u0219i ar fi folosit o aplica\u021bie pentru traducerea sa \u00een limba spaniol\u0103.<\/p>\n<p class=\"wp-block-paragraph\"><em>\u201eA venit cu telefonul lui personal, cu o aplica\u021bie, a filmat foile mele de raport scrise pe coal\u0103 de h\u00e2rtie \u0219i le-a tradus \u00een spaniol\u0103.\u201d<\/em><\/p>\n<p class=\"wp-block-paragraph\">Apoi documentul ar fi fost transmis unui ofi\u021ber din Madrid.<\/p>\n<p class=\"wp-block-paragraph\">Florinel Ion face aici una dintre cele mai importante afirma\u021bii ale \u00eentregului podcast:<\/p>\n<p class=\"wp-block-paragraph\"><strong><em>\u201eRaportul f\u0103cut de mine a constituit actul de sesizare al Poli\u021biei din Madrid \u0219i al Parchetului din Madrid, \u00een baza c\u0103ruia s-a luat mandat de perchezi\u021bie.\u201d<\/em><\/strong><\/p>\n<p class=\"wp-block-paragraph\">Aceast\u0103 afirma\u021bie apar\u021bine fostului poli\u021bist \u0219i nu rezult\u0103 din transcript c\u0103 documentul judiciar spaniol a fost verificat independent pentru realizarea actualului material.<\/p>\n<h2 class=\"wp-block-heading\">U\u0219a apartamentului este spart\u0103<\/h2>\n<figure class=\"wp-block-image size-large\"><img decoding=\"async\" loading=\"lazy\" width=\"1024\" height=\"683\" src=\"https:\/\/stiridinsursebuzau.ro\/wp-content\/uploads\/2026\/08\/ChatGPT-Image-19-aug.-2026-02_21_28-1024x683.png\" alt class=\"wp-image-48454\"><\/figure>\n<p class=\"wp-block-paragraph\">Din acest punct, povestea se mut\u0103 la Madrid.<\/p>\n<p class=\"wp-block-paragraph\">Poli\u021bi\u0219tii spanioli ar fi identificat zona \u00een care se afla femeia \u0219i ar fi ob\u021binut mandat pentru interven\u021bie.<\/p>\n<p class=\"wp-block-paragraph\"><em>\u201e\u00cen baza mandatului de perchezi\u021bie s-a spart, dup\u0103 cum se vede \u00een filmare, u\u0219a apartamentului cu pricina.\u201d<\/em><\/p>\n<p class=\"wp-block-paragraph\">Florinel Ion sus\u021bine c\u0103 victima nu putea vorbi \u0219i c\u0103 mesajele sale au fost esen\u021biale pentru localizare.<\/p>\n<p class=\"wp-block-paragraph\">El vorbe\u0219te despre o procedur\u0103 de localizare pe care o nume\u0219te \u201egeocodare\u201d \u0219i afirm\u0103 c\u0103 aceasta ar fi permis restr\u00e2ngerea zonei la aproximativ 100-150 de metri.<\/p>\n<p class=\"wp-block-paragraph\">\u00cen zona respectiv\u0103, spune el, autorit\u0103\u021bile spaniole ar fi identificat persoane pe care deja le aveau \u00een aten\u021bie.<\/p>\n<p class=\"wp-block-paragraph\"><em>\u201eLe-a dat \u00een ecua\u021bie c\u0103 \u00een zona respectiv\u0103 locuiesc ni\u0219te persoane pe care ei le urm\u0103reau de mult. \u0218tiau de o band\u0103 de marocani care ac\u021biona pe raza Madridului.\u201d<\/em><\/p>\n<p class=\"wp-block-paragraph\">Din nou, aceste informa\u021bii sunt relatate de Florinel Ion \u00een podcast \u0219i trebuie atribuite acestuia.<\/p>\n<h2 class=\"wp-block-heading\">\u201eRom\u00e2nca noastr\u0103 era legat\u0103 pe pat\u201d<\/h2>\n<figure class=\"wp-block-image size-large\"><img decoding=\"async\" loading=\"lazy\" width=\"1024\" height=\"567\" src=\"https:\/\/stiridinsursebuzau.ro\/wp-content\/uploads\/2026\/08\/fotojet-1024x567.jpg\" alt class=\"wp-image-48453\"><\/figure>\n<p class=\"wp-block-paragraph\">Momentul interven\u021biei este descris de fostul poli\u021bist \u00een termeni extrem de duri.<\/p>\n<p class=\"wp-block-paragraph\">El spune c\u0103 a v\u0103zut ulterior imagini realizate \u00een timpul opera\u021biunii din Spania.<\/p>\n<p class=\"wp-block-paragraph\"><strong><em>\u201eRom\u00e2nca noastr\u0103 era legat\u0103 pe pat.\u201d<\/em><\/strong><\/p>\n<p class=\"wp-block-paragraph\">Potrivit relat\u0103rii sale, femeia avea m\u00e2inile imobilizate \u0219i gura acoperit\u0103 cu band\u0103 adeziv\u0103 \u0219i prezenta r\u0103ni.<\/p>\n<p class=\"wp-block-paragraph\"><em>\u201eCu band\u0103 la m\u00e2ini, cum vedem \u00een filme, cu band\u0103 izolatoare la gur\u0103, t\u0103iat\u0103 pe s\u00e2n, pe abdomen, pe zona inghinal\u0103\u2026\u201d<\/em><\/p>\n<p class=\"wp-block-paragraph\">\u00cen imaginile despre care vorbe\u0219te spune c\u0103 ap\u0103reau \u0219i alte elemente:<\/p>\n<p class=\"wp-block-paragraph\"><strong><em>\u201eSe v\u0103d acolo droguri, bani, pistoale, cu\u021bite pe mas\u0103.\u201d<\/em><\/strong><\/p>\n<p class=\"wp-block-paragraph\">Mai mult, Florinel Ion afirm\u0103 c\u0103 nu doar rom\u00e2nca ar fi fost g\u0103sit\u0103 \u00een apartament.<\/p>\n<p class=\"wp-block-paragraph\">\u00cen \u00eenregistr\u0103rile pe care spune c\u0103 le-a v\u0103zut, ar fi existat \u0219i alte persoane \u021binute captive.<\/p>\n<p class=\"wp-block-paragraph\"><em>\u201ePe filmare se vedeau c\u0103 erau mai mul\u021bi acolo, lega\u021bi de paturi.\u201d<\/em><\/p>\n<h2 class=\"wp-block-heading\"><em>\u201eRom\u00e2nca a fost salvat\u0103 al\u0103turi de celelalte persoane\u201d<\/em><\/h2>\n<figure class=\"wp-block-image size-large\"><img decoding=\"async\" loading=\"lazy\" width=\"1024\" height=\"683\" src=\"https:\/\/stiridinsursebuzau.ro\/wp-content\/uploads\/2026\/08\/ChatGPT-Image-19-aug.-2026-02_23_40-1024x683.png\" alt class=\"wp-image-48455\"><\/figure>\n<p class=\"wp-block-paragraph\">\u00cen aceea\u0219i zi, Florinel Ion spune c\u0103 a primit confirmarea pe telefon.<\/p>\n<p class=\"wp-block-paragraph\">Era ora 16:00.<\/p>\n<p class=\"wp-block-paragraph\">Mesajul ar fi venit de la comisarul P\u00e2ndaru.<\/p>\n<p class=\"wp-block-paragraph\"><strong><em>\u201eDatorit\u0103 \u0219i implic\u0103rii dumneavoastr\u0103, rom\u00e2nca a fost salvat\u0103 al\u0103turi de celelalte persoane. V\u0103 mul\u021bumim.\u201d<\/em><\/strong><\/p>\n<p class=\"wp-block-paragraph\">Florinel Ion spune c\u0103 p\u0103streaz\u0103 \u0219i ast\u0103zi acel mesaj.<\/p>\n<p class=\"wp-block-paragraph\"><em>\u201e\u00cel am aici.\u201d<\/em><\/p>\n<p class=\"wp-block-paragraph\">Era finalul fericit al opera\u021biunii propriu-zise.<\/p>\n<p class=\"wp-block-paragraph\">Dar, potrivit fostului poli\u021bist, pentru el \u00eencepea un alt conflict.<\/p>\n<h2 class=\"wp-block-heading\"><em>\u201e\u00cen diminea\u021ba zilei de 17 am fost anun\u021bat c\u0103 se va face o cercetare \u00eempotriva mea\u201d<\/em><\/h2>\n<figure class=\"wp-block-image size-large\"><img decoding=\"async\" loading=\"lazy\" width=\"1024\" height=\"683\" src=\"https:\/\/stiridinsursebuzau.ro\/wp-content\/uploads\/2026\/08\/ChatGPT-Image-19-aug.-2026-02_25_34-1-1024x683.png\" alt class=\"wp-image-48458\"><\/figure>\n<p class=\"wp-block-paragraph\">Florinel Ion sus\u021bine c\u0103, dup\u0103 predarea serviciului, a aflat c\u0103 urma s\u0103 fie cercetat pentru c\u0103 trecuse peste dispozi\u021biile superiorilor.<\/p>\n<p class=\"wp-block-paragraph\"><strong><em>\u201e\u00cen diminea\u021ba zilei de 17, dup\u0103 ce am f\u0103cut predarea serviciului, am fost anun\u021bat c\u0103 se va face o cercetare \u00eempotriva mea pentru nerespectarea dispozi\u021biilor \u0219efilor, pentru c\u0103 eu am trecut peste ei.\u201d<\/em><\/strong><\/p>\n<p class=\"wp-block-paragraph\">A refuzat s\u0103 dea declara\u021bii f\u0103r\u0103 asisten\u021b\u0103 juridic\u0103.<\/p>\n<p class=\"wp-block-paragraph\"><em>\u201eAm refuzat s\u0103 fiu cercetat, motiv\u00e2nd c\u0103 vreau avocatul.\u201d<\/em><\/p>\n<p class=\"wp-block-paragraph\">C\u00e2nd i s-ar fi spus c\u0103 poate pur \u0219i simplu s\u0103 relateze ce s-a \u00eent\u00e2mplat, r\u0103spunsul s\u0103u ar fi fost:<\/p>\n<p class=\"wp-block-paragraph\"><strong><em>\u201eNu. Vreau s\u0103 am avoca\u021bi.\u201d<\/em><\/strong><\/p>\n<p class=\"wp-block-paragraph\">A solicitat reprezentarea avoca\u021bilor sindicatului din care f\u0103cea parte \u0219i spune c\u0103 ace\u0219tia \u00eei comunicaser\u0103 c\u0103 puteau veni la Buz\u0103u peste aproximativ trei s\u0103pt\u0103m\u00e2ni.<\/p>\n<h2 class=\"wp-block-heading\">\u00centre timp, cazul ajungea la televiziunile din Spania<\/h2>\n<figure class=\"wp-block-image size-large\"><img decoding=\"async\" loading=\"lazy\" width=\"1024\" height=\"683\" src=\"https:\/\/stiridinsursebuzau.ro\/wp-content\/uploads\/2026\/08\/ChatGPT-Image-19-aug.-2026-02_27_34-1024x683.png\" alt class=\"wp-image-48457\"><\/figure>\n<p class=\"wp-block-paragraph\">\u00cen Rom\u00e2nia, Florinel Ion se preg\u0103tea pentru ceea ce considera a fi o confruntare intern\u0103.<\/p>\n<p class=\"wp-block-paragraph\">\u00cen Spania \u00eens\u0103, povestea devenise subiect de pres\u0103.<\/p>\n<p class=\"wp-block-paragraph\">O coleg\u0103 ar fi descoperit \u00eent\u00e2mpl\u0103tor o emisiune a unei televiziuni spaniole \u00een care era prezentat\u0103 interven\u021bia.<\/p>\n<p class=\"wp-block-paragraph\">Florinel Ion descrie imaginile:<\/p>\n<p class=\"wp-block-paragraph\"><strong><em>\u201eG\u0103sise droguri, bani, pistoale, muni\u021bie\u2026\u201d<\/em><\/strong><\/p>\n<p class=\"wp-block-paragraph\">\u0218i:<\/p>\n<p class=\"wp-block-paragraph\"><strong><em>\u201e\u00cei ar\u0103ta pe \u0103\u0219tia cum erau du\u0219i la dub\u0103.\u201d<\/em><\/strong><\/p>\n<p class=\"wp-block-paragraph\">Pentru fostul poli\u021bist, apari\u021bia informa\u021biilor \u00een presa spaniol\u0103 schimba radical datele problemei.<\/p>\n<p class=\"wp-block-paragraph\">Cazul nu mai putea fi ignorat.<\/p>\n<h2 class=\"wp-block-heading\"><em>\u201eEi \u0219i-au luat-o. Au zis c\u0103 ei au f\u0103cut-o\u201d<\/em><\/h2>\n<figure class=\"wp-block-image size-large\"><img decoding=\"async\" loading=\"lazy\" width=\"1024\" height=\"683\" src=\"https:\/\/stiridinsursebuzau.ro\/wp-content\/uploads\/2026\/08\/ChatGPT-Image-19-aug.-2026-02_29_26-1024x683.png\" alt class=\"wp-image-48459\"><\/figure>\n<p class=\"wp-block-paragraph\">Florinel Ion sus\u021bine c\u0103, odat\u0103 ce succesul interven\u021biei a devenit cunoscut, atitudinea din jurul cazului s-ar fi schimbat.<\/p>\n<p class=\"wp-block-paragraph\"><em>\u201eInspectorul \u0219ef a aflat de treaba asta.\u201d<\/em><\/p>\n<p class=\"wp-block-paragraph\">\u00cen opinia sa, dup\u0103 ce informa\u021bia a \u00eenceput s\u0103 circule oficial \u00eentre Spania \u0219i Rom\u00e2nia, conducerea nu mai putea evita subiectul.<\/p>\n<p class=\"wp-block-paragraph\">Apoi formuleaz\u0103 una dintre acuza\u021biile centrale ale podcastului:<\/p>\n<p class=\"wp-block-paragraph\"><strong><em>\u201eEi \u0219i-au luat-o. Au zis c\u0103 ei au f\u0103cut-o.\u201d<\/em><\/strong><\/p>\n<p class=\"wp-block-paragraph\">Florinel Ion sus\u021bine, cu alte cuvinte, c\u0103 persoane care ini\u021bial nu ar fi vrut s\u0103 se implice ar fi ajuns ulterior s\u0103 \u00ee\u0219i asume succesul opera\u021biunii.<\/p>\n<h2 class=\"wp-block-heading\"><em>Colegii \u00eel sf\u0103tuiau: \u201eD\u0103-le o bil\u0103 alb\u0103\u201d<\/em><\/h2>\n<figure class=\"wp-block-image size-large\"><img decoding=\"async\" loading=\"lazy\" width=\"1024\" height=\"683\" src=\"https:\/\/stiridinsursebuzau.ro\/wp-content\/uploads\/2026\/08\/ChatGPT-Image-19-aug.-2026-02_31_42-1-1024x683.png\" alt class=\"wp-image-48461\"><\/figure>\n<p class=\"wp-block-paragraph\">\u00centre timp, colegii s\u0103i \u00eei d\u0103deau sfaturi.<\/p>\n<p class=\"wp-block-paragraph\">Florinel Ion era aproape de pensionare.<\/p>\n<p class=\"wp-block-paragraph\">Potrivit acestuia, mai mul\u021bi poli\u021bi\u0219ti \u00eei spuneau s\u0103 evite un conflict frontal cu conducerea.<\/p>\n<p class=\"wp-block-paragraph\">\u201eFii atent c\u0103 \u0103\u0219tia o s\u0103-\u021bi cear\u0103 s\u0103 dai lucrurile\u2026 D\u0103-le, m\u0103, o bil\u0103 alb\u0103, pentru c\u0103 te apropii de pensie \u0219i pot s\u0103-\u021bi dea un salariu guvernamental, pot s\u0103 te fac\u0103 poli\u021bistul anului, o diplom\u0103 de merit.\u201d<\/p>\n<p class=\"wp-block-paragraph\">Numai c\u0103 el spune c\u0103 nu putea accepta ideea.<\/p>\n<p class=\"wp-block-paragraph\"><strong><em>\u201eCum s\u0103 le dau a\u0219a ceva la \u0103\u0219tia, c\u00e2nd ei au zis c\u0103 m\u0103 mut\u0103, c\u0103 m\u0103 zboar\u0103 de acolo?\u201d<\/em><\/strong><\/p>\n<h2 class=\"wp-block-heading\">\u00ce\u0219i preg\u0103te\u0219te propria plas\u0103 de siguran\u021b\u0103: un jurnalist<\/h2>\n<figure class=\"wp-block-image size-large\"><img decoding=\"async\" loading=\"lazy\" width=\"1024\" height=\"683\" src=\"https:\/\/stiridinsursebuzau.ro\/wp-content\/uploads\/2026\/08\/ChatGPT-Image-19-aug.-2026-02_38_23-1024x683.png\" alt class=\"wp-image-48463\"><\/figure>\n<p class=\"wp-block-paragraph\">Florinel Ion spune c\u0103 anticipa faptul c\u0103 va fi chemat s\u0103 vorbeasc\u0103 public despre caz.<\/p>\n<p class=\"wp-block-paragraph\">A\u0219a c\u0103, \u00eenainte de \u00eent\u00e2lnirea cu conducerea Poli\u021biei, a contactat un jurnalist \u00een care avea \u00eencredere.<\/p>\n<p class=\"wp-block-paragraph\">\u00cent\u00e2lnirea ar fi avut loc \u00een parcarea unui supermarket.<\/p>\n<p class=\"wp-block-paragraph\"><em>\u201eVino maximum \u00een zece minute \u00een parcare la Lidl.\u201d<\/em><\/p>\n<p class=\"wp-block-paragraph\">Nu i-a dat documente \u0219i nu i-a preg\u0103tit un interviu formal. I-a povestit ce se \u00eent\u00e2mplase \u0219i i-a cerut s\u0103 re\u021bin\u0103.<\/p>\n<p class=\"wp-block-paragraph\">Apoi i-ar fi spus:<\/p>\n<p class=\"wp-block-paragraph\"><strong><em>\u201eC\u00e2nd \u00ee\u021bi voi da semnal, \u00eei dai drumul materialului a\u0219a cum l-ai \u00een\u021beles tu de la mine.\u201d<\/em><\/strong><\/p>\n<p class=\"wp-block-paragraph\">Jurnalistul l-ar fi \u00eentrebat:<\/p>\n<p class=\"wp-block-paragraph\"><em>\u201eDom\u2019le, nu \u021bi-e fric\u0103 s\u0103 faci asta? \u00ce\u021bi dai seama ce faci?\u201d<\/em><\/p>\n<p class=\"wp-block-paragraph\">Florinel Ion:<\/p>\n<p class=\"wp-block-paragraph\"><strong><em>\u201eDa, \u00eemi dau seama ce fac.\u201d<\/em><\/strong><\/p>\n<h2 class=\"wp-block-heading\"><em>\u201eNu vrei s\u0103 dai o bil\u0103 alb\u0103 Poli\u021biei?\u201d<\/em><\/h2>\n<figure class=\"wp-block-image size-large\"><img decoding=\"async\" loading=\"lazy\" width=\"1024\" height=\"683\" src=\"https:\/\/stiridinsursebuzau.ro\/wp-content\/uploads\/2026\/08\/ChatGPT-Image-19-aug.-2026-02_38_23-1-1024x683.png\" alt class=\"wp-image-48464\"><\/figure>\n<p class=\"wp-block-paragraph\">Ajuns la Poli\u021bia Municipiului Buz\u0103u, Florinel Ion spune c\u0103 a fost \u00eentrebat din nou cum se petrecuser\u0103 lucrurile.<\/p>\n<p class=\"wp-block-paragraph\">\u0218i-a prezentat versiunea.<\/p>\n<p class=\"wp-block-paragraph\">La un moment dat, sus\u021bine acesta, discu\u021bia ar fi ajuns la imaginea institu\u021biei.<\/p>\n<p class=\"wp-block-paragraph\"><strong><em>\u201eDomnule, nu vrei s\u0103 dai o bil\u0103 alb\u0103 Poli\u021biei?\u201d<\/em><\/strong><\/p>\n<p class=\"wp-block-paragraph\">R\u0103spunsul ini\u021bial:<\/p>\n<p class=\"wp-block-paragraph\"><strong><em>\u201eNu.\u201d<\/em><\/strong><\/p>\n<p class=\"wp-block-paragraph\">Apoi, conform relat\u0103rii sale, ar fi venit o amenin\u021bare:<\/p>\n<p class=\"wp-block-paragraph\"><strong><em>\u201eDac\u0103 nu vrei s\u0103 o dai, m\u00e2ine pleci din Poli\u021bie.\u201d<\/em><\/strong><\/p>\n<p class=\"wp-block-paragraph\">Florinel Ion spune c\u0103 \u00een acel moment \u0219i-a pierdut cump\u0103tul.<\/p>\n<p class=\"wp-block-paragraph\"><em>\u201eAtunci m-am sup\u0103rat \u0219i am v\u0103zut un negru \u00een fa\u021ba ochilor.\u201d<\/em><\/p>\n<p class=\"wp-block-paragraph\">Un coleg ar fi intervenit pentru a calma situa\u021bia.<\/p>\n<h2 class=\"wp-block-heading\"><em>\u201eHai s\u0103 dau o bil\u0103 alb\u0103 Poli\u021biei\u201d<\/em><\/h2>\n<figure class=\"wp-block-image size-large\"><img decoding=\"async\" loading=\"lazy\" width=\"1024\" height=\"683\" src=\"https:\/\/stiridinsursebuzau.ro\/wp-content\/uploads\/2026\/08\/ChatGPT-Image-19-aug.-2026-02_42_23-1024x683.png\" alt class=\"wp-image-48465\"><\/figure>\n<p class=\"wp-block-paragraph\">\u00cen cele din urm\u0103, Florinel Ion accept\u0103.<\/p>\n<p class=\"wp-block-paragraph\"><em>\u201eBun, zic, hai s\u0103 dau o bil\u0103 alb\u0103 Poli\u021biei.\u201d<\/em><\/p>\n<p class=\"wp-block-paragraph\">Spune c\u0103 superiorul i-ar fi r\u0103spuns:<\/p>\n<p class=\"wp-block-paragraph\"><strong><em>\u201eDac\u0103 \u00eemi da\u021bi o bil\u0103 alb\u0103 Poli\u021biei, mergem la o bere.\u201d<\/em><\/strong><\/p>\n<p class=\"wp-block-paragraph\">Replica fostului poli\u021bist:<\/p>\n<p class=\"wp-block-paragraph\"><strong><em>\u201eCe, dom\u2019le, ne-am \u00eemprietenit a\u0219a de mult? P\u00e2n\u0103 acum m\u0103 d\u0103dea\u021bi afar\u0103 \u0219i acum mergem la o bere? M\u0103 cump\u0103ra\u021bi cu o bere?\u201d<\/em><\/strong><\/p>\n<p class=\"wp-block-paragraph\">\u00cen fa\u021ba jurnali\u0219tilor, \u00eembr\u0103cat \u00een uniform\u0103, Florinel Ion a prezentat atunci o versiune favorabil\u0103 institu\u021biei.<\/p>\n<p class=\"wp-block-paragraph\"><em>\u201eAm spus cum mi-am informat \u0219efii \u0219i \u0219efii a\u0219a profesional s-au comportat \u00eenc\u00e2t rom\u00e2nca a fost salvat\u0103.\u201d<\/em><\/p>\n<p class=\"wp-block-paragraph\">Dar imediat dup\u0103 interviu, spune el, a scos telefonul \u0219i i-a transmis jurnalistului contactat anterior semnalul convenit.<\/p>\n<p class=\"wp-block-paragraph\">Materialul cu versiunea sa asupra evenimentelor urma s\u0103 apar\u0103.<\/p>\n<h2 class=\"wp-block-heading\"><em>\u201eCinci ani de zile n-am trecut pe acolo\u201d<\/em><\/h2>\n<figure class=\"wp-block-image size-large\"><img decoding=\"async\" loading=\"lazy\" width=\"1024\" height=\"683\" src=\"https:\/\/stiridinsursebuzau.ro\/wp-content\/uploads\/2026\/08\/ChatGPT-Image-19-aug.-2026-02_43_47-1-1024x683.png\" alt class=\"wp-image-48467\"><\/figure>\n<p class=\"wp-block-paragraph\">Florinel Ion spune c\u0103 episodul a l\u0103sat urme mult dup\u0103 pensionare.<\/p>\n<p class=\"wp-block-paragraph\">Despre sediul Poli\u021biei Municipiului Buz\u0103u afirm\u0103:<\/p>\n<p class=\"wp-block-paragraph\"><strong><em>\u201eCinci ani de zile n-am trecut pe acolo.\u201d<\/em><\/strong><\/p>\n<p class=\"wp-block-paragraph\">Motivul?<\/p>\n<p class=\"wp-block-paragraph\"><em>\u201eAveam a\u0219a o repulsie c\u00e2nd \u00eei vedeam pe cei care mi-au fost \u0219efi acolo.\u201d<\/em><\/p>\n<h2 class=\"wp-block-heading\">Dou\u0103 cercet\u0103ri \u0219i un an pe care \u00eel descrie drept unul al \u201erepresaliilor\u201d<\/h2>\n<figure class=\"wp-block-image size-large\"><img decoding=\"async\" loading=\"lazy\" width=\"1024\" height=\"683\" src=\"https:\/\/stiridinsursebuzau.ro\/wp-content\/uploads\/2026\/08\/ChatGPT-Image-19-aug.-2026-02_45_15-1024x683.png\" alt class=\"wp-image-48468\"><\/figure>\n<p class=\"wp-block-paragraph\">Fostul poli\u021bist sus\u021bine c\u0103 episodul nu s-a terminat odat\u0103 cu salvarea femeii.<\/p>\n<p class=\"wp-block-paragraph\">Spune c\u0103 au urmat cercet\u0103ri \u0219i tensiuni care s-au \u00eentins pe aproximativ un an.<\/p>\n<p class=\"wp-block-paragraph\"><strong><em>\u201eMi s-au f\u0103cut dou\u0103 dosare de cercetare pentru faptul c\u0103 am salvat o rom\u00e2nc\u0103 al\u0103turi de alte persoane, de alte na\u021bionalit\u0103\u021bi, sechestrate tot acolo.\u201d<\/em><\/strong><\/p>\n<p class=\"wp-block-paragraph\">Aceasta este interpretarea lui asupra motivului real al cercet\u0103rilor.<\/p>\n<p class=\"wp-block-paragraph\"><em>\u201eAveam pensia \u00een buzunar, puteam s\u0103 plec, v\u0103z\u00e2nd c\u0103 represaliile sunt asupra mea \u00een mod v\u0103dit.\u201d<\/em><\/p>\n<p class=\"wp-block-paragraph\">\u00centrebat dac\u0103 a perceput ceea ce se \u00eent\u00e2mpla ca pe o r\u0103zbunare personal\u0103, r\u0103spunde:<\/p>\n<p class=\"wp-block-paragraph\"><strong><em>\u201eDa, am gustat-o \u0219i a\u0219a.\u201d<\/em><\/strong><\/p>\n<p class=\"wp-block-paragraph\">Potrivit declara\u021biilor sale, cele dou\u0103 cercet\u0103ri nu s-au concretizat \u00een sanc\u021biuni care s\u0103 confirme acuza\u021biile formulate \u00eempotriva lui.<\/p>\n<p class=\"wp-block-paragraph\">\u00centrebat ce s-a \u00eent\u00e2mplat cu dosarele, r\u0103spunde:<\/p>\n<p class=\"wp-block-paragraph\"><strong><em>\u201eAu fost lovite de nulitate, n-aveau esen\u021b\u0103.\u201d<\/em><\/strong><\/p>\n<p class=\"wp-block-paragraph\">Ulterior a ie\u0219it la pensie.<\/p>\n<h2 class=\"wp-block-heading\">De la Buz\u0103u la Bucure\u0219ti. Lupta pentru propria versiune<\/h2>\n<figure class=\"wp-block-image size-large\"><img decoding=\"async\" loading=\"lazy\" width=\"1024\" height=\"683\" src=\"https:\/\/stiridinsursebuzau.ro\/wp-content\/uploads\/2026\/08\/ChatGPT-Image-19-aug.-2026-02_46_57-1024x683.png\" alt class=\"wp-image-48469\"><\/figure>\n<p class=\"wp-block-paragraph\">Povestea relatat\u0103 \u00een podcast merge mult mai departe.<\/p>\n<p class=\"wp-block-paragraph\">Florinel Ion spune c\u0103 a \u00eencercat s\u0103 sesizeze structurile centrale ale Poli\u021biei \u0219i c\u0103 a dat numeroase telefoane c\u0103tre Inspectoratul General al Poli\u021biei Rom\u00e2ne.<\/p>\n<p class=\"wp-block-paragraph\"><em>\u201eSunam la IGP, din serviciu, de pe Plevnei, zeci de telefoane pe zi, pe firul scurt. Zeci de telefoane.\u201d<\/em><\/p>\n<p class=\"wp-block-paragraph\">La un moment dat, spune c\u0103 a decis s\u0103 mearg\u0103 personal la Bucure\u0219ti pentru a depune documente.<\/p>\n<p class=\"wp-block-paragraph\">Descrie inclusiv tensiunea psihologic\u0103 \u00een care se afla atunci \u0219i spune c\u0103 luase cu el uniforma \u0219i se g\u00e2ndise la un gest simbolic extrem: dac\u0103 nu ar fi fost primit, inten\u021biona s\u0103 incendieze uniforma \u00een fa\u021ba institu\u021biei.<\/p>\n<p class=\"wp-block-paragraph\">\u00cen cele din urm\u0103, a ajuns la registratura IGP \u0219i \u0219i-a depus documentele.<\/p>\n<h2 class=\"wp-block-heading\">Presa na\u021bional\u0103 intr\u0103 pe fir<\/h2>\n<p class=\"wp-block-paragraph\">Florinel Ion spune c\u0103, dup\u0103 ce la nivel local nu a g\u0103sit suficient\u0103 deschidere pentru relatarea sa, a \u00eencercat s\u0103 ajung\u0103 la presa din Bucure\u0219ti.<\/p>\n<p class=\"wp-block-paragraph\"><em>\u201eLa Buz\u0103u nimeni n-a vrut s\u0103 m\u0103 cheme \u00eentr-un studio a\u0219a ca dumneata.\u201d<\/em><\/p>\n<p class=\"wp-block-paragraph\">Potrivit acestuia:<\/p>\n<p class=\"wp-block-paragraph\"><strong><em>\u201eI-am sunat pe to\u021bi\u2026 \u00abNu ne b\u0103g\u0103m, nu ne b\u0103g\u0103m\u00bb.\u201d<\/em><\/strong><\/p>\n<p class=\"wp-block-paragraph\">A\u0219a spune c\u0103 a ajuns, \u00een cele din urm\u0103, la echipa coordonat\u0103 de jurnalistul C\u0103t\u0103lin Tolontan.<\/p>\n<p class=\"wp-block-paragraph\"><em>\u201eAm fost nevoit s\u0103 caut la Bucure\u0219ti \u0219i am ajuns la C\u0103t\u0103lin Tolontan, dar nu u\u0219or.\u201d<\/em><\/p>\n<p class=\"wp-block-paragraph\">Cazul avea s\u0103 fie documentat ulterior \u0219i de Libertatea, inclusiv prin discu\u021bii cu persoanele vizate de acuza\u021biile lui Florinel Ion.<\/p>\n<h2 class=\"wp-block-heading\">Dup\u0103 \u0219apte ani, \u00ee\u0219i asum\u0103 public numele celor pe care \u00eei acuz\u0103<\/h2>\n<figure class=\"wp-block-image size-large\"><img decoding=\"async\" loading=\"lazy\" width=\"1024\" height=\"683\" src=\"https:\/\/stiridinsursebuzau.ro\/wp-content\/uploads\/2026\/08\/ChatGPT-Image-19-aug.-2026-02_47_58-1024x683.png\" alt class=\"wp-image-48470\"><\/figure>\n<p class=\"wp-block-paragraph\">\u00cen podcastul \u0218tiri din surse Buz\u0103u, fostul poli\u021bist merge mai departe \u0219i nominalizeaz\u0103 persoane din conducerea de atunci despre care sus\u021bine c\u0103 au fost informate.<\/p>\n<p class=\"wp-block-paragraph\">Declara\u021biile sunt grave \u0219i reprezint\u0103 pozi\u021bia exclusiv\u0103 a lui Florinel Ion, motiv pentru care ele necesit\u0103 drept la replic\u0103 din partea persoanelor vizate.<\/p>\n<p class=\"wp-block-paragraph\">El afirm\u0103:<\/p>\n<p class=\"wp-block-paragraph\"><strong><em>\u201eAr fi un semn de la\u0219itate s\u0103 nu v\u0103 spun care sunt numele celor care au ac\u021bionat deplorabil de ur\u00e2t \u00een rela\u021bia cu Spania atunci.\u201d<\/em><\/strong><\/p>\n<p class=\"wp-block-paragraph\">\u00cen continuare, fostul poli\u021bist enumer\u0103 persoane despre care spune c\u0103 ocupau func\u021bii de conducere \u00een Poli\u021bia Municipiului Buz\u0103u \u0219i la nivelul IPJ.<\/p>\n<p class=\"wp-block-paragraph\">Aceste acuza\u021bii trebuie privite \u00een contextul faptului c\u0103 unele dintre persoanele vizate au contestat anterior versiunea prezentat\u0103 de Florinel Ion.<\/p>\n<h2 class=\"wp-block-heading\"><em>\u201eAm fost profesionist, mi-am f\u0103cut treaba\u201d<\/em><\/h2>\n<figure class=\"wp-block-image size-large\"><img decoding=\"async\" loading=\"lazy\" width=\"1024\" height=\"683\" src=\"https:\/\/stiridinsursebuzau.ro\/wp-content\/uploads\/2026\/08\/ChatGPT-Image-19-aug.-2026-02_52_26-1-1024x683.png\" alt class=\"wp-image-48473\"><\/figure>\n<p class=\"wp-block-paragraph\">La \u0219apte ani distan\u021b\u0103, \u00eentrebarea fireasc\u0103 este dac\u0103 Florinel Ion consider\u0103 c\u0103 a primit vreo recompens\u0103 pentru ceea ce a f\u0103cut.<\/p>\n<p class=\"wp-block-paragraph\">R\u0103spunsul lui nu vorbe\u0219te despre bani, grade, diplome sau func\u021bii.<\/p>\n<p class=\"wp-block-paragraph\"><strong><em>\u201eMul\u021bumirea, dac\u0103 e s\u0103 o tr\u0103iesc, este urm\u0103toarea: b\u0103, am fost profesionist, mi-am f\u0103cut treaba \u0219i am salvat-o at\u00e2t pe rom\u00e2nc\u0103, c\u00e2t \u0219i pe ceilal\u021bi. Asta e singura mul\u021bumire.\u201d<\/em><\/strong><\/p>\n<p class=\"wp-block-paragraph\">Spune c\u0103 al\u021bi oameni ar fi primit recunoa\u0219tere sau recompense, \u00een timp ce el nu ar fi primit nimic.<\/p>\n<p class=\"wp-block-paragraph\">\u00ce\u0219i aminte\u0219te c\u0103 cineva l-ar fi \u00eentrebat:<\/p>\n<p class=\"wp-block-paragraph\"><em>\u201eTu ai primit ceva?\u201d<\/em><\/p>\n<p class=\"wp-block-paragraph\">R\u0103spunsul s\u0103u:<\/p>\n<p class=\"wp-block-paragraph\"><strong><em>\u201eDa.\u201d<\/em><\/strong><\/p>\n<p class=\"wp-block-paragraph\"><em>\u201eCe ai primit?\u201d<\/em><\/p>\n<p class=\"wp-block-paragraph\"><strong><em>\u201eCea\u021b\u0103.\u201d<\/em><\/strong><\/p>\n<h2 class=\"wp-block-heading\">Un episod care i-a schimbat rela\u021bia cu institu\u021bia<\/h2>\n<figure class=\"wp-block-image size-large\"><img decoding=\"async\" loading=\"lazy\" width=\"1024\" height=\"683\" src=\"https:\/\/stiridinsursebuzau.ro\/wp-content\/uploads\/2026\/08\/ChatGPT-Image-19-aug.-2026-02_54_09-1024x683.png\" alt class=\"wp-image-48472\"><\/figure>\n<p class=\"wp-block-paragraph\">Poate cea mai grea concluzie a interviului nu prive\u0219te \u00eens\u0103 noaptea de 16 august 2019.<\/p>\n<p class=\"wp-block-paragraph\">Prive\u0219te \u00eencrederea.<\/p>\n<p class=\"wp-block-paragraph\">Dup\u0103 aproape 30 de ani petrecu\u021bi \u00een Poli\u021bie, Florinel Ion spune:<\/p>\n<p class=\"wp-block-paragraph\"><strong><em>\u201eNu cred c\u0103 voi apuca acele timpuri \u00een care s\u0103 zic a\u0219a: dac\u0103 ai o problem\u0103 care este de natura Poli\u021biei, ai \u00eencredere c\u0103 Poli\u021bia \u021bi-o rezolv\u0103. Nu pot s\u0103 declar asta.\u201d<\/em><\/strong><\/p>\n<p class=\"wp-block-paragraph\">Repet\u0103:<\/p>\n<p class=\"wp-block-paragraph\"><strong><em>\u201eNu pot s\u0103 declar asta.\u201d<\/em><\/strong><\/p>\n<p class=\"wp-block-paragraph\">Pentru el, cazul din Spania a reprezentat punctul culminant al unei rela\u021bii complicate cu sistemul.<\/p>\n<p class=\"wp-block-paragraph\"><strong><em>\u201eAsta cu Spania este bomboana dup\u0103 coliv\u0103 \u00een cariera mea.\u201d<\/em><\/strong><\/p>\n<h2 class=\"wp-block-heading\">Cine este Florinel Ion ast\u0103zi<\/h2>\n<figure class=\"wp-block-image size-large\"><img decoding=\"async\" loading=\"lazy\" width=\"768\" height=\"1024\" src=\"https:\/\/stiridinsursebuzau.ro\/wp-content\/uploads\/2026\/08\/WhatsApp-Image-2026-08-19-at-02.56.11-768x1024.jpeg\" alt class=\"wp-image-48474\"><\/figure>\n<p class=\"wp-block-paragraph\">Via\u021ba lui Florinel Ion nu s-a oprit odat\u0103 cu ie\u0219irea din Poli\u021bie.<\/p>\n<p class=\"wp-block-paragraph\">\u00cen prezent este pensionar MAI \u0219i ofi\u021ber rezervist, iar \u00een ultimii ani \u0219i-a continuat activitatea \u00een alte domenii.<\/p>\n<p class=\"wp-block-paragraph\">Este implicat \u00een dansul sportiv, domeniu \u00een care spune c\u0103, \u00eempreun\u0103 cu so\u021bia sa, a pus bazele primului club de profil din jude\u021bul Buz\u0103u \u00een urm\u0103 cu aproximativ 26 de ani.<\/p>\n<p class=\"wp-block-paragraph\"><em>\u201ePrima \u0219coal\u0103 de dans sportiv din jude\u021bul Buz\u0103u am \u00eenfiin\u021bat-o eu cu so\u021bia mea.\u201d<\/em><\/p>\n<p class=\"wp-block-paragraph\">\u00cen prezent s-a retras din mare parte din activitatea de zi cu zi a clubului, l\u0103s\u00e2nd loc genera\u021biei mai tinere.<\/p>\n<p class=\"wp-block-paragraph\">De asemenea, s-a atestat ca instructor auto categoria B \u0219i este consilier local \u00een comuna buzoian\u0103 \u021ainte\u0219ti.<\/p>\n<p class=\"wp-block-paragraph\">Dar atunci c\u00e2nd vorbe\u0219te despre identitatea sa profesional\u0103, inevitabil se \u00eentoarce la Poli\u021bie.<\/p>\n<p class=\"wp-block-paragraph\">La copilul din clasa a III-a care, \u00eentr-o perioad\u0103 \u00een care institu\u021bia se numea Mili\u021bie, le spunea colegilor c\u0103 el vrea s\u0103 devin\u0103 \u201epoli\u021bist\u201d.<\/p>\n<p class=\"wp-block-paragraph\">\u0218i la noaptea din august 2019 \u00een care, aflat \u00een fa\u021ba unei informa\u021bii imposibil de ignorat, spune c\u0103 a ales s\u0103 ri\u0219te.<\/p>\n<h2 class=\"wp-block-heading\">O poveste cu un final fericit pentru victime \u0219i cu \u00eentreb\u0103ri r\u0103mase f\u0103r\u0103 r\u0103spuns<\/h2>\n<figure class=\"wp-block-image size-large\"><img decoding=\"async\" loading=\"lazy\" width=\"1024\" height=\"683\" src=\"https:\/\/stiridinsursebuzau.ro\/wp-content\/uploads\/2026\/08\/ChatGPT-Image-19-aug.-2026-02_57_53-1024x683.png\" alt class=\"wp-image-48475\"><\/figure>\n<p class=\"wp-block-paragraph\">Dincolo de conflictul dintre Florinel Ion \u0219i fo\u0219tii s\u0103i superiori, exist\u0103 un fapt central \u00een jurul c\u0103ruia se construie\u0219te \u00eentreaga poveste: femeia pentru care fusese transmis mesajul de ajutor a fost g\u0103sit\u0103 \u00een via\u021b\u0103.<\/p>\n<p class=\"wp-block-paragraph\">Iar potrivit relat\u0103rii fostului poli\u021bist, odat\u0103 cu ea au fost eliberate \u0219i alte persoane.<\/p>\n<p class=\"wp-block-paragraph\">\u00cen spatele rezultatului au existat mai multe verigi: femeia care a reu\u0219it s\u0103 transmit\u0103 mesajul, rom\u00e2nul din Germania care nu l-a ignorat, omul din Poli\u021bia Buz\u0103u care l-a direc\u021bionat c\u0103tre dispecerat, Florinel Ion, poli\u021bi\u0219tii de la combaterea criminalit\u0103\u021bii organizate \u0219i, \u00een final, autorit\u0103\u021bile spaniole care au desf\u0103\u0219urat interven\u021bia.<\/p>\n<p class=\"wp-block-paragraph\">Florinel Ion insist\u0103 c\u0103 nu a salvat singur pe nimeni \u0219i aminte\u0219te rolul colegului de la Crim\u0103 Organizat\u0103.<\/p>\n<p class=\"wp-block-paragraph\">Dar spune c\u0103, f\u0103r\u0103 decizia sa de a nu abandona sesizarea, lan\u021bul ar fi putut s\u0103 nu porneasc\u0103.<\/p>\n<p class=\"wp-block-paragraph\"><strong><em>\u201eEu am fost omul care m-am implicat \u0219i i-am sculat din mor\u021bi pe to\u021bi.\u201d<\/em><\/strong><\/p>\n<p class=\"wp-block-paragraph\">Este afirma\u021bia unui om care, dup\u0103 \u0219apte ani, continu\u0103 s\u0103 priveasc\u0103 noaptea de 16 august 2019 nu doar ca pe o interven\u021bie poli\u021bieneasc\u0103, ci ca pe momentul \u00een care a trebuit s\u0103 aleag\u0103 \u00eentre disciplin\u0103 ierarhic\u0103 \u0219i ceea ce el considera c\u0103 este obliga\u021bia fundamental\u0103 a unui poli\u021bist.<\/p>\n<p class=\"wp-block-paragraph\">Iar \u00eentrebarea pe care spune c\u0103 i-a adresat-o atunci unuia dintre superiori r\u0103m\u00e2ne, probabil, cea mai puternic\u0103 fraz\u0103 a \u00eentregii sale m\u0103rturii:<\/p>\n<p class=\"wp-block-paragraph\"><strong><em>\u201eDac\u0103 era fata ta sechestrat\u0103 \u00een Spania \u0219i nu era un nebun ca mine aici care s\u0103 ia atitudine, mai g\u00e2ndeai a\u0219a?\u201d<\/em><\/strong><\/p>\n<p class=\"wp-block-paragraph\">La \u0219apte ani de la acea noapte, Florinel Ion spune c\u0103 nu regret\u0103 alegerea.<\/p>\n<p class=\"wp-block-paragraph\">Pentru el, recompensa nu a fost o diplom\u0103 \u0219i nici o avansare.<\/p>\n<p class=\"wp-block-paragraph\">A r\u0103mas una singur\u0103:<\/p>\n<p class=\"wp-block-paragraph\"><strong><em>\u201eAm fost profesionist, mi-am f\u0103cut treaba \u0219i am salvat-o at\u00e2t pe rom\u00e2nc\u0103, c\u00e2t \u0219i pe ceilal\u021bi. Asta e singura mul\u021bumire.\u201d<\/em><\/strong><\/p>\n<h3 class=\"wp-block-heading\">Precizare editorial\u0103<\/h3>\n<p class=\"wp-block-paragraph\">O parte important\u0103 a informa\u021biilor \u0219i acuza\u021biilor prezentate \u00een acest material provin din declara\u021biile f\u0103cute de Florinel Ion \u00een cadrul podcastului <strong>\u0218tiri din surse Buz\u0103u<\/strong>, la \u0219apte ani de la evenimente. Afirma\u021biile referitoare la discu\u021biile purtate cu superiorii, presupusele amenin\u021b\u0103ri, modul \u00een care ar fi reac\u021bionat conducerea Poli\u021biei \u0219i eventualele represalii reprezint\u0103 versiunea relatat\u0103 de fostul poli\u021bist. Unele dintre persoanele vizate au contestat anterior public o parte dintre aceste sus\u021bineri. \u0218tiri din surse Buz\u0103u este deschis public\u0103rii punctelor de vedere \u0219i drepturilor la replic\u0103 ale tuturor persoanelor men\u021bionate.<\/p>\n<p class=\"wp-block-paragraph\"><em>Ilustra\u021bii realizate cu ajutorul inteligen\u021bei artificiale<\/em>.<\/p>\n<div class=\"post-views content-post post-48444 entry-meta load-static\" data-pvc-type=\"post\" data-pvc-id=\"48444\"><span class=\"post-views-label\">Vizualiz\u0103ri \u0219tire:<\/span><span class=\"post-views-count\">973<\/span><\/div>\n<div id=\"stiri-3132312207\" class=\"stiri-dupa-continut-2 stiri-entity-placement\"><a href=\"https:\/\/rapidservicebuzau.ro\/\" aria-label=\"RAPID SUPER SERVICE\"><img decoding=\"async\" loading=\"lazy\" src=\"https:\/\/stiridinsursebuzau.ro\/wp-content\/uploads\/2026\/02\/ChatGPT-Image-10-feb.-2026-22_24_01.png\" alt width=\"1536\" height=\"1024\"><\/a><\/div>\n<div id=\"stiri-497889901\" class=\"stiri-dupa-continut_2 stiri-entity-placement\"><a href=\"https:\/\/www.facebook.com\/profile.php?id=61564932526740\" aria-label=\"Glamour Pizza &quot;la patrat&quot;\"><img decoding=\"async\" loading=\"lazy\" src=\"https:\/\/stiridinsursebuzau.ro\/wp-content\/uploads\/2026\/02\/ChatGPT-Image-10-feb.-2026-21_57_13.png\" alt=\"Glamour Pizza &quot;la patrat&quot;\" width=\"1536\" height=\"1024\"><\/a><\/div>\n<div id=\"stiri-2374326200\" class=\"stiri-dupa-continut_3 stiri-entity-placement\"><a href=\"https:\/\/www.facebook.com\/profile.php?id=61573613380169&amp;locale=ro_RO\" aria-label=\"ChatGPT Image 10 feb. 2026, 22_10_50\"><img decoding=\"async\" loading=\"lazy\" src=\"https:\/\/stiridinsursebuzau.ro\/wp-content\/uploads\/2026\/02\/ChatGPT-Image-10-feb.-2026-22_10_50.png\" alt width=\"1536\" height=\"1024\"><\/a><\/div>\n<div id=\"stiri-3086119733\" class=\"stiri-dupa-continut_4 stiri-entity-placement\"><a href=\"https:\/\/www.facebook.com\/profile.php?id=100077377992379\" aria-label=\"1536 cu 1024 pixeli\"><img decoding=\"async\" loading=\"lazy\" src=\"https:\/\/stiridinsursebuzau.ro\/wp-content\/uploads\/2026\/02\/ChatGPT-Image-20-feb.-2026-14_05_15.png\" alt=\"1536 cu 1024 pixeli\" width=\"1536\" height=\"1024\"><\/a><\/div>\n<div id=\"stiri-3221391791\" class=\"stiri-dupa-continut_5 stiri-entity-placement\"><img decoding=\"async\" loading=\"lazy\" src=\"https:\/\/stiridinsursebuzau.ro\/wp-content\/uploads\/2026\/02\/ChatGPT-Image-10-feb.-2026-23_00_56.png\" alt=\"piese tractoare\" width=\"1536\" height=\"1024\"><\/div>\n<nav class=\"navigation post-navigation\" aria-label=\"Articole\">\n<h2 class=\"screen-reader-text\">Navigare \u00een articole<\/h2>\n<div class=\"nav-links\">\n<div class=\"nav-previous\"><a href=\"https:\/\/stiridinsursebuzau.ro\/expert-contabil-avertisment-privind-noile-criterii-anaf-pentru-rambursarea-tva-o-firma-noua-nu-este-prin-definitie-o-firma-cu-risc\/\" rel=\"prev\">Expert contabil, avertisment privind noile criterii ANAF pentru rambursarea TVA: \u201eO firm\u0103 nou\u0103 nu este, prin defini\u021bie, o firm\u0103 cu risc\u201d <\/a><\/div>\n<div class=\"nav-next\"><a href=\"https:\/\/stiridinsursebuzau.ro\/adelin-petrisor-alearga-la-buzau-21k-pentru-viitorul-roboticii-cauza-pentru-care-s-a-implicat\/\" rel=\"next\"> Adelin Petri\u0219or alearg\u0103 la Buz\u0103u 21K pentru viitorul roboticii. Cauza pentru care s-a implicat<\/a><\/div>\n<\/div>\n<\/nav>\n<\/article>\n<article id=\"div-comment-5446\" class=\"comment-body\">\n<footer class=\"comment-meta\">\n<div class=\"comment-author vcard\"><img decoding=\"async\" alt src=\"https:\/\/secure.gravatar.com\/avatar\/a5e2a06863891b90179e7a604fe03bc522f7270711ca5f26f64f73a4742ab1a7?s=32&amp;d=mm&amp;r=g\" class=\"avatar avatar-32 photo\" height=\"32\" width=\"32\" loading=\"lazy\"><b class=\"fn\">Marius<\/b><span class=\"says\">spune:<\/span><\/div>\n<div class=\"comment-metadata\"><a href=\"https:\/\/stiridinsursebuzau.ro\/la-7-ani-de-la-cazul-romancei-sechestrate-in-spania-florinel-ion-rupe-tacerea-si-povesteste-noaptea-in-care-spune-ca-a-trecut-peste-sefi-pentru-a-salva-o-femeie\/#comment-5446\"><time datetime=\"2026-08-19T13:58:07+02:00\">19 august 2026 la 13:58<\/time><\/a><\/div>\n<\/footer>\n<div class=\"comment-content\">\n<p>Scriu eu simplu aia care au fost militienii nu se compara cu politistii din 1990 pina azi..asa reiese din articol<\/p>\n<\/div>\n<div class=\"reply\"><a rel=\"nofollow\" class=\"comment-reply-link\" href=\"https:\/\/stiridinsursebuzau.ro\/la-7-ani-de-la-cazul-romancei-sechestrate-in-spania-florinel-ion-rupe-tacerea-si-povesteste-noaptea-in-care-spune-ca-a-trecut-peste-sefi-pentru-a-salva-o-femeie\/#comment-5446\" data-commentid=\"5446\" data-postid=\"48444\" data-belowelement=\"div-comment-5446\" data-respondelement=\"respond\" data-replyto=\"R\u0103spunde-i lui Marius\" aria-label=\"R\u0103spunde-i lui Marius\">Reply<\/a><\/div>\n<\/article>\n<p>[analyse_source url=&#8221;https:\/\/stiridinsursebuzau.ro\/la-7-ani-de-la-cazul-romancei-sechestrate-in-spania-florinel-ion-rupe-tacerea-si-povesteste-noaptea-in-care-spune-ca-a-trecut-peste-sefi-pentru-a-salva-o-femeie\/&#8221;]<\/p>\n","protected":false},"excerpt":{"rendered":"<p>[analyse_image type=&#8221;featured&#8221; src=&#8221;https:\/\/stiridinsursebuzau.ro\/wp-content\/uploads\/2026\/08\/FLORINEL-ION.png&#8221;] \u201eStai \u00een banca ta, pentru c\u0103 nu cred c\u0103 vrei s\u0103 ai probleme\u201d. Este unul dintre lucrurile pe care Florinel Ion sus\u021bine c\u0103 le-a auzit \u00een noaptea de 16 august 2019, dup\u0103 ce la Dispeceratul Poli\u021biei Municipiului Buz\u0103u a ajuns informa\u021bia c\u0103 o rom\u00e2nc\u0103 era sechestrat\u0103 \u00een Spania. La \u0219apte ani de [&hellip;]<\/p>\n","protected":false},"author":1,"featured_media":0,"comment_status":"open","ping_status":"","sticky":false,"template":"","format":"standard","meta":{"footnotes":""},"categories":[2],"tags":[226,60],"class_list":["post-2103452","post","type-post","status-publish","format-standard","hentry","category-politics","tag-crawlmanager","tag-stiridinsursebuzau-ro"],"_links":{"self":[{"href":"https:\/\/analyse.optim.biz\/index.php?rest_route=\/wp\/v2\/posts\/2103452","targetHints":{"allow":["GET"]}}],"collection":[{"href":"https:\/\/analyse.optim.biz\/index.php?rest_route=\/wp\/v2\/posts"}],"about":[{"href":"https:\/\/analyse.optim.biz\/index.php?rest_route=\/wp\/v2\/types\/post"}],"author":[{"embeddable":true,"href":"https:\/\/analyse.optim.biz\/index.php?rest_route=\/wp\/v2\/users\/1"}],"replies":[{"embeddable":true,"href":"https:\/\/analyse.optim.biz\/index.php?rest_route=%2Fwp%2Fv2%2Fcomments&post=2103452"}],"version-history":[{"count":0,"href":"https:\/\/analyse.optim.biz\/index.php?rest_route=\/wp\/v2\/posts\/2103452\/revisions"}],"wp:attachment":[{"href":"https:\/\/analyse.optim.biz\/index.php?rest_route=%2Fwp%2Fv2%2Fmedia&parent=2103452"}],"wp:term":[{"taxonomy":"category","embeddable":true,"href":"https:\/\/analyse.optim.biz\/index.php?rest_route=%2Fwp%2Fv2%2Fcategories&post=2103452"},{"taxonomy":"post_tag","embeddable":true,"href":"https:\/\/analyse.optim.biz\/index.php?rest_route=%2Fwp%2Fv2%2Ftags&post=2103452"}],"curies":[{"name":"wp","href":"https:\/\/api.w.org\/{rel}","templated":true}]}}