{"id":2103234,"date":"2026-08-20T15:34:24","date_gmt":"2026-08-20T12:34:24","guid":{"rendered":"https:\/\/analyse.optim.biz\/?p=2103234"},"modified":"2026-08-20T15:34:24","modified_gmt":"2026-08-20T12:34:24","slug":"la-voineasa-se-da-intalnirea-verii-in-centrul-localitatii-duminica-23-august-artisti-cunoscuti-si-tineri-interpreti-urca-pe-scena-la-zilele-comunei","status":"publish","type":"post","link":"https:\/\/analyse.optim.biz\/?p=2103234","title":{"rendered":"La Voineasa se d\u0103 \u00eent\u00e2lnirea verii \u00een centrul localit\u0103\u021bii, duminic\u0103, 23 august. Arti\u0219ti cunoscu\u021bi \u0219i tineri interpre\u021bi urc\u0103 pe scen\u0103 la Zilele Comunei"},"content":{"rendered":"<p>[analyse_image type=&#8221;featured&#8221; src=&#8221;https:\/\/www.impactreal.ro\/wp-content\/uploads\/2026\/08\/voineasa-gabriel-nastasescu.jpg&#8221;]<\/p>\n<div class=\"single-news-content\">\n<div class=\"news-image\"><img loading=\"lazy\" decoding=\"async\" width=\"1536\" height=\"760\" src=\"https:\/\/www.impactreal.ro\/wp-content\/uploads\/2026\/08\/voineasa-gabriel-nastasescu.jpg\" class=\"img-responsive wp-post-image\" alt=\"La Voineasa se d\u0103 \u00eent\u00e2lnirea verii \u00een centrul localit\u0103\u021bii, duminic\u0103, 23 august. Arti\u0219ti cunoscu\u021bi \u0219i tineri interpre\u021bi urc\u0103 pe scen\u0103 la Zilele Comunei\"><\/div>\n<div class=\"news-detail clearfix\">\n<div class=\"entry-meta\"><span class=\"posted-date\"><a href=\"https:\/\/www.impactreal.ro\/2026\/08\/20\/la-voineasa-se-da-intalnirea-verii-in-centrul-localitatii-duminica-23-august-artisti-cunoscuti-si-tineri-interpreti-urca-pe-scena-la-zilele-comunei\/\" rel=\"bookmark\"><time class=\"entry-date published updated\" datetime=\"2026-08-20T18:34:24+03:00\">20 august 2026<\/time><\/a><\/span><span class=\"author vcard\"><a href=\"https:\/\/www.impactreal.ro\/author\/claudia-schiopu\/\">Claudia Schiopu<\/a><\/span><span class=\"cat-links\"><a href=\"https:\/\/www.impactreal.ro\/category\/actualitate\/\" rel=\"category tag\">Actual<\/a><a href=\"https:\/\/www.impactreal.ro\/category\/administratie\/\" rel=\"category tag\">Administra\u0163ie<\/a><a href=\"https:\/\/www.impactreal.ro\/category\/voineasa\/\" rel=\"category tag\">Voineasa<\/a><\/span><\/div>\n<div class=\"news-content editor-content-entry\">\n<p>Zilele Comunei vor avea loc duminic\u0103, 23 august 2026, de la ora 17:00. De data aceasta, evenimentul se va desf\u0103\u0219ura \u00een parcarea din centrul localit\u0103\u021bii, unde sunt a\u0219tepta\u021bi locuitorii comunei \u0219i turi\u0219tii afla\u021bi \u00een zon\u0103.<\/p>\n<p>Prim\u0103ria \u0219i Consiliul Local Voineasa au preg\u0103tit un program de muzic\u0103 popular\u0103 cu arti\u0219ti cunoscu\u021bi \u0219i tineri interpre\u021bi. Accesul publicului este liber.<\/p>\n<p><strong><u>Arti\u0219ti pe scena din Voineasa<\/u><\/strong><\/p>\n<p>La spectacol vor participa M\u00e2ntescu Maria Erica, Vladimir Mirion, Antonia Gurgoiu, Mariana Deac, Ilie Medrea, Liliana Laichici, Sebastian Stan, Maria Dan P\u0103ucean, Traian Stroi\u021b\u0103, Lorena Pascu \u0219i Simi Deac.<\/p>\n<p>Acompaniamentul muzical va fi asigurat de grupul instrumental condus de profesorul Gabriel Popescu. Prezentarea spectacolului \u00eei revine lui Traian Stroi\u021b\u0103.<\/p>\n<p><strong>Invita\u021bia primarului<\/strong><\/p>\n<p>Primarul comunei Voineasa, Gabriel N\u0103st\u0103sescu, \u00eei invit\u0103 pe cet\u0103\u021beni, pe turi\u0219ti \u0219i pe to\u021bi cei care doresc s\u0103 petreac\u0103 o dup\u0103-amiaz\u0103 cu muzic\u0103 popular\u0103 s\u0103 participe la s\u0103rb\u0103toarea localit\u0103\u021bii:\u00a0 \u201e<strong><em>\u00cei invit pe cet\u0103\u021benii comunei Voineasa, dar \u0219i pe oaspe\u021bii no\u0219tri, s\u0103 participe la Zilele Comunei. V\u0103 a\u0219tept\u0103m cu drag, pe 23 august, \u00een parcarea din centrul localit\u0103\u021bii\u201d<\/em><\/strong>, a transmis primarul Gabriel N\u0103st\u0103sescu.<\/p>\n<p>\u00a0<\/p>\n<\/div>\n<\/div>\n<\/div>\n<div class=\"news-content editor-content-entry\">\n<p>Zilele Comunei vor avea loc duminic\u0103, 23 august 2026, de la ora 17:00. De data aceasta, evenimentul se va desf\u0103\u0219ura \u00een parcarea din centrul localit\u0103\u021bii, unde sunt a\u0219tepta\u021bi locuitorii comunei \u0219i turi\u0219tii afla\u021bi \u00een zon\u0103.<\/p>\n<p>Prim\u0103ria \u0219i Consiliul Local Voineasa au preg\u0103tit un program de muzic\u0103 popular\u0103 cu arti\u0219ti cunoscu\u021bi \u0219i tineri interpre\u021bi. Accesul publicului este liber.<\/p>\n<p><strong><u>Arti\u0219ti pe scena din Voineasa<\/u><\/strong><\/p>\n<p>La spectacol vor participa M\u00e2ntescu Maria Erica, Vladimir Mirion, Antonia Gurgoiu, Mariana Deac, Ilie Medrea, Liliana Laichici, Sebastian Stan, Maria Dan P\u0103ucean, Traian Stroi\u021b\u0103, Lorena Pascu \u0219i Simi Deac.<\/p>\n<p>Acompaniamentul muzical va fi asigurat de grupul instrumental condus de profesorul Gabriel Popescu. Prezentarea spectacolului \u00eei revine lui Traian Stroi\u021b\u0103.<\/p>\n<p><strong>Invita\u021bia primarului<\/strong><\/p>\n<p>Primarul comunei Voineasa, Gabriel N\u0103st\u0103sescu, \u00eei invit\u0103 pe cet\u0103\u021beni, pe turi\u0219ti \u0219i pe to\u021bi cei care doresc s\u0103 petreac\u0103 o dup\u0103-amiaz\u0103 cu muzic\u0103 popular\u0103 s\u0103 participe la s\u0103rb\u0103toarea localit\u0103\u021bii:\u00a0 \u201e<strong><em>\u00cei invit pe cet\u0103\u021benii comunei Voineasa, dar \u0219i pe oaspe\u021bii no\u0219tri, s\u0103 participe la Zilele Comunei. V\u0103 a\u0219tept\u0103m cu drag, pe 23 august, \u00een parcarea din centrul localit\u0103\u021bii\u201d<\/em><\/strong>, a transmis primarul Gabriel N\u0103st\u0103sescu.<\/p>\n<p>\u00a0<\/p>\n<\/div>\n<div class=\"news-content editor-content-entry\">\n<p>Zilele Comunei vor avea loc duminic\u0103, 23 august 2026, de la ora 17:00. De data aceasta, evenimentul se va desf\u0103\u0219ura \u00een parcarea din centrul localit\u0103\u021bii, unde sunt a\u0219tepta\u021bi locuitorii comunei \u0219i turi\u0219tii afla\u021bi \u00een zon\u0103.<\/p>\n<p>Prim\u0103ria \u0219i Consiliul Local Voineasa au preg\u0103tit un program de muzic\u0103 popular\u0103 cu arti\u0219ti cunoscu\u021bi \u0219i tineri interpre\u021bi. Accesul publicului este liber.<\/p>\n<p><strong><u>Arti\u0219ti pe scena din Voineasa<\/u><\/strong><\/p>\n<p>La spectacol vor participa M\u00e2ntescu Maria Erica, Vladimir Mirion, Antonia Gurgoiu, Mariana Deac, Ilie Medrea, Liliana Laichici, Sebastian Stan, Maria Dan P\u0103ucean, Traian Stroi\u021b\u0103, Lorena Pascu \u0219i Simi Deac.<\/p>\n<p>Acompaniamentul muzical va fi asigurat de grupul instrumental condus de profesorul Gabriel Popescu. Prezentarea spectacolului \u00eei revine lui Traian Stroi\u021b\u0103.<\/p>\n<p><strong>Invita\u021bia primarului<\/strong><\/p>\n<p>Primarul comunei Voineasa, Gabriel N\u0103st\u0103sescu, \u00eei invit\u0103 pe cet\u0103\u021beni, pe turi\u0219ti \u0219i pe to\u021bi cei care doresc s\u0103 petreac\u0103 o dup\u0103-amiaz\u0103 cu muzic\u0103 popular\u0103 s\u0103 participe la s\u0103rb\u0103toarea localit\u0103\u021bii:\u00a0 \u201e<strong><em>\u00cei invit pe cet\u0103\u021benii comunei Voineasa, dar \u0219i pe oaspe\u021bii no\u0219tri, s\u0103 participe la Zilele Comunei. V\u0103 a\u0219tept\u0103m cu drag, pe 23 august, \u00een parcarea din centrul localit\u0103\u021bii\u201d<\/em><\/strong>, a transmis primarul Gabriel N\u0103st\u0103sescu.<\/p>\n<p>\u00a0<\/p>\n<\/div>\n<p>[analyse_source url=&#8221;https:\/\/www.impactreal.ro\/2026\/08\/20\/la-voineasa-se-da-intalnirea-verii-in-centrul-localitatii-duminica-23-august-artisti-cunoscuti-si-tineri-interpreti-urca-pe-scena-la-zilele-comunei\/&#8221;]<\/p>\n","protected":false},"excerpt":{"rendered":"<p>[analyse_image type=&#8221;featured&#8221; src=&#8221;https:\/\/www.impactreal.ro\/wp-content\/uploads\/2026\/08\/voineasa-gabriel-nastasescu.jpg&#8221;] 20 august 2026Claudia SchiopuActualAdministra\u0163ieVoineasa Zilele Comunei vor avea loc duminic\u0103, 23 august 2026, de la ora 17:00. De data aceasta, evenimentul se va desf\u0103\u0219ura \u00een parcarea din centrul localit\u0103\u021bii, unde sunt a\u0219tepta\u021bi locuitorii comunei \u0219i turi\u0219tii afla\u021bi \u00een zon\u0103. Prim\u0103ria \u0219i Consiliul Local Voineasa au preg\u0103tit un program de muzic\u0103 popular\u0103 cu [&hellip;]<\/p>\n","protected":false},"author":1,"featured_media":0,"comment_status":"open","ping_status":"","sticky":false,"template":"","format":"standard","meta":{"footnotes":""},"categories":[89],"tags":[226,212],"class_list":["post-2103234","post","type-post","status-publish","format-standard","hentry","category-romania","tag-crawlmanager","tag-impactreal-ro"],"_links":{"self":[{"href":"https:\/\/analyse.optim.biz\/index.php?rest_route=\/wp\/v2\/posts\/2103234","targetHints":{"allow":["GET"]}}],"collection":[{"href":"https:\/\/analyse.optim.biz\/index.php?rest_route=\/wp\/v2\/posts"}],"about":[{"href":"https:\/\/analyse.optim.biz\/index.php?rest_route=\/wp\/v2\/types\/post"}],"author":[{"embeddable":true,"href":"https:\/\/analyse.optim.biz\/index.php?rest_route=\/wp\/v2\/users\/1"}],"replies":[{"embeddable":true,"href":"https:\/\/analyse.optim.biz\/index.php?rest_route=%2Fwp%2Fv2%2Fcomments&post=2103234"}],"version-history":[{"count":0,"href":"https:\/\/analyse.optim.biz\/index.php?rest_route=\/wp\/v2\/posts\/2103234\/revisions"}],"wp:attachment":[{"href":"https:\/\/analyse.optim.biz\/index.php?rest_route=%2Fwp%2Fv2%2Fmedia&parent=2103234"}],"wp:term":[{"taxonomy":"category","embeddable":true,"href":"https:\/\/analyse.optim.biz\/index.php?rest_route=%2Fwp%2Fv2%2Fcategories&post=2103234"},{"taxonomy":"post_tag","embeddable":true,"href":"https:\/\/analyse.optim.biz\/index.php?rest_route=%2Fwp%2Fv2%2Ftags&post=2103234"}],"curies":[{"name":"wp","href":"https:\/\/api.w.org\/{rel}","templated":true}]}}