{"id":2103228,"date":"2026-08-20T15:11:19","date_gmt":"2026-08-20T12:11:19","guid":{"rendered":"https:\/\/analyse.optim.biz\/?p=2103228"},"modified":"2026-08-20T15:11:19","modified_gmt":"2026-08-20T12:11:19","slug":"doua-zile-de-cantec-si-petrecere-la-malaia-nineta-popa-mariana-ionescu-capitanescu-ionela-petrea-si-fratii-gaciu-urca-pe-scena-la-sarbatoarea-comunei","status":"publish","type":"post","link":"https:\/\/analyse.optim.biz\/?p=2103228","title":{"rendered":"Dou\u0103 zile de c\u00e2ntec \u0219i petrecere la M\u0103laia! Nineta Popa, Mariana Ionescu C\u0103pit\u0103nescu, Ionela Petrea \u0219i fra\u021bii Gaciu urc\u0103 pe scen\u0103 la s\u0103rb\u0103toarea comunei"},"content":{"rendered":"<p>[analyse_image type=&#8221;featured&#8221; src=&#8221;https:\/\/www.impactreal.ro\/wp-content\/uploads\/2026\/08\/MALAIA-2026-1024&#215;683.png&#8221;]<\/p>\n<div class=\"single-news-content\">\n<div class=\"news-image\"><img loading=\"lazy\" decoding=\"async\" width=\"1536\" height=\"1024\" src=\"https:\/\/www.impactreal.ro\/wp-content\/uploads\/2026\/08\/MALAIA-2026.png\" class=\"img-responsive wp-post-image\" alt=\"Dou\u0103 zile de c\u00e2ntec \u0219i petrecere la M\u0103laia! Nineta Popa, Mariana Ionescu C\u0103pit\u0103nescu, Ionela Petrea \u0219i fra\u021bii Gaciu urc\u0103 pe scen\u0103 la s\u0103rb\u0103toarea comunei\"><\/div>\n<div class=\"news-detail clearfix\">\n<div class=\"entry-meta\"><span class=\"posted-date\"><a href=\"https:\/\/www.impactreal.ro\/2026\/08\/20\/doua-zile-de-cantec-si-petrecere-la-malaia-nineta-popa-mariana-ionescu-capitanescu-ionela-petrea-si-fratii-gaciu-urca-pe-scena-la-sarbatoarea-comunei\/\" rel=\"bookmark\"><time class=\"entry-date published updated\" datetime=\"2026-08-20T18:11:19+03:00\">20 august 2026<\/time><\/a><\/span><span class=\"author vcard\"><a href=\"https:\/\/www.impactreal.ro\/author\/claudia-schiopu\/\">Claudia Schiopu<\/a><\/span><span class=\"cat-links\"><a href=\"https:\/\/www.impactreal.ro\/category\/actualitate\/\" rel=\"category tag\">Actual<\/a><a href=\"https:\/\/www.impactreal.ro\/category\/malaia\/\" rel=\"category tag\">Malaia<\/a><\/span><\/div>\n<div class=\"news-content editor-content-entry\">\n<p>Zilele Comunei vor avea loc pe 29 \u0219i 30 august 2026, cu spectacole de muzic\u0103 popular\u0103, arti\u0219ti locali, forma\u021bii de dans \u0219i un foc de artificii. Evenimentul organizat de Prim\u0103ria \u0219i Consiliul Local M\u0103laia a ajuns la edi\u021bia a XVIII-a.<\/p>\n<p>Printre arti\u0219tii care vor urca pe scen\u0103 se num\u0103r\u0103 Nineta Popa, Mariana Ionescu C\u0103pit\u0103nescu, Ionela Petrea, Cosmin \u0219i Constantin Gaciu, forma\u021bia Modernii, Alexandra Ungureanu, Maria Patricia Tolea, Vladimir Mirion, Roxana Maria Pop \u0219i Gabi Barbu.<\/p>\n<p><strong><u>Prima sear\u0103<\/u><\/strong><\/p>\n<p>Programul \u00eencepe <strong><u>s\u00e2mb\u0103t\u0103, 29 august, la ora 16:00<\/u><\/strong>, cu forma\u021bia \u201eBanSound\u201d din Sibiu. Pe scen\u0103 vor mai ap\u0103rea Gabi Barbu \u0219i Roxana Maria Pop, trupa de dans \u201eTwins Dance Club\u201d, Alexandra Ungureanu \u0219i forma\u021bia Modernii.<\/p>\n<p>De la ora 20:00 este programat recitalul Marianei Ionescu C\u0103pit\u0103nescu. Seara continu\u0103 cu DJ R\u0103zvan \u0219i forma\u021bia \u201eBanSound\u201d, care va c\u00e2nta p\u00e2n\u0103 la miezul nop\u021bii.<\/p>\n<p><strong><u>Arti\u0219ti locali \u0219i recitaluri<\/u><\/strong><\/p>\n<p><strong><u>Duminic\u0103, 30 august, programul \u00eencepe la ora 14:00<\/u><\/strong>. Dup\u0103 forma\u021bia \u201eBanSound\u201d vor c\u00e2nta tinerii interpre\u021bi Alexandra Ungureanu, Maria Patricia Tolea \u0219i Vladimir Mirion.<\/p>\n<p>De la ora 18:00 vor urca pe scen\u0103 grupul vocal \u201eVl\u0103starele Satului\u201d \u0219i grupul \u201e\u0218ez\u0103toarea din Sat\u201d. Nineta Popa va sus\u021bine un recital de la ora 19:00, urmat de DJ R\u0103zvan.<\/p>\n<p>Ionela Petrea este programat\u0103 de la ora 20:00. Cosmin \u0219i Constantin Gaciu vor c\u00e2nta de la ora 21:00, apoi publicul va putea urm\u0103ri focul de artificii. Petrecerea se va \u00eencheia la miezul nop\u021bii, dup\u0103 ultima reprezenta\u021bie a forma\u021biei \u201eBanSound\u201d.<\/p>\n<p><strong>Invita\u021bia primarului<\/strong><\/p>\n<p>Primarul comunei M\u0103laia, Gheorghe Dinculescu, \u00eei invit\u0103 pe cet\u0103\u021beni, dar \u0219i pe oaspe\u021bii din alte localit\u0103\u021bi, s\u0103 participe la cele dou\u0103 zile de s\u0103rb\u0103toare:\u00a0 \u201e<strong><em>V\u0103 a\u0219tept\u0103m s\u0103 petrecem \u00eempreun\u0103 la Zilele Comunei M\u0103laia<\/em><\/strong>!\u201d, este invita\u021bia transmis\u0103 de primarul Gheorghe Dinculescu.<\/p>\n<p>\u00a0<\/p>\n<p>\u00a0<\/p>\n<\/div>\n<\/div>\n<\/div>\n<div class=\"news-content editor-content-entry\">\n<p>Zilele Comunei vor avea loc pe 29 \u0219i 30 august 2026, cu spectacole de muzic\u0103 popular\u0103, arti\u0219ti locali, forma\u021bii de dans \u0219i un foc de artificii. Evenimentul organizat de Prim\u0103ria \u0219i Consiliul Local M\u0103laia a ajuns la edi\u021bia a XVIII-a.<\/p>\n<p>Printre arti\u0219tii care vor urca pe scen\u0103 se num\u0103r\u0103 Nineta Popa, Mariana Ionescu C\u0103pit\u0103nescu, Ionela Petrea, Cosmin \u0219i Constantin Gaciu, forma\u021bia Modernii, Alexandra Ungureanu, Maria Patricia Tolea, Vladimir Mirion, Roxana Maria Pop \u0219i Gabi Barbu.<\/p>\n<p><strong><u>Prima sear\u0103<\/u><\/strong><\/p>\n<p>Programul \u00eencepe <strong><u>s\u00e2mb\u0103t\u0103, 29 august, la ora 16:00<\/u><\/strong>, cu forma\u021bia \u201eBanSound\u201d din Sibiu. Pe scen\u0103 vor mai ap\u0103rea Gabi Barbu \u0219i Roxana Maria Pop, trupa de dans \u201eTwins Dance Club\u201d, Alexandra Ungureanu \u0219i forma\u021bia Modernii.<\/p>\n<p>De la ora 20:00 este programat recitalul Marianei Ionescu C\u0103pit\u0103nescu. Seara continu\u0103 cu DJ R\u0103zvan \u0219i forma\u021bia \u201eBanSound\u201d, care va c\u00e2nta p\u00e2n\u0103 la miezul nop\u021bii.<\/p>\n<p><strong><u>Arti\u0219ti locali \u0219i recitaluri<\/u><\/strong><\/p>\n<p><strong><u>Duminic\u0103, 30 august, programul \u00eencepe la ora 14:00<\/u><\/strong>. Dup\u0103 forma\u021bia \u201eBanSound\u201d vor c\u00e2nta tinerii interpre\u021bi Alexandra Ungureanu, Maria Patricia Tolea \u0219i Vladimir Mirion.<\/p>\n<p>De la ora 18:00 vor urca pe scen\u0103 grupul vocal \u201eVl\u0103starele Satului\u201d \u0219i grupul \u201e\u0218ez\u0103toarea din Sat\u201d. Nineta Popa va sus\u021bine un recital de la ora 19:00, urmat de DJ R\u0103zvan.<\/p>\n<p>Ionela Petrea este programat\u0103 de la ora 20:00. Cosmin \u0219i Constantin Gaciu vor c\u00e2nta de la ora 21:00, apoi publicul va putea urm\u0103ri focul de artificii. Petrecerea se va \u00eencheia la miezul nop\u021bii, dup\u0103 ultima reprezenta\u021bie a forma\u021biei \u201eBanSound\u201d.<\/p>\n<p><strong>Invita\u021bia primarului<\/strong><\/p>\n<p>Primarul comunei M\u0103laia, Gheorghe Dinculescu, \u00eei invit\u0103 pe cet\u0103\u021beni, dar \u0219i pe oaspe\u021bii din alte localit\u0103\u021bi, s\u0103 participe la cele dou\u0103 zile de s\u0103rb\u0103toare:\u00a0 \u201e<strong><em>V\u0103 a\u0219tept\u0103m s\u0103 petrecem \u00eempreun\u0103 la Zilele Comunei M\u0103laia<\/em><\/strong>!\u201d, este invita\u021bia transmis\u0103 de primarul Gheorghe Dinculescu.<\/p>\n<p>\u00a0<\/p>\n<p>\u00a0<\/p>\n<\/div>\n<div class=\"news-content editor-content-entry\">\n<p>Zilele Comunei vor avea loc pe 29 \u0219i 30 august 2026, cu spectacole de muzic\u0103 popular\u0103, arti\u0219ti locali, forma\u021bii de dans \u0219i un foc de artificii. Evenimentul organizat de Prim\u0103ria \u0219i Consiliul Local M\u0103laia a ajuns la edi\u021bia a XVIII-a.<\/p>\n<p>Printre arti\u0219tii care vor urca pe scen\u0103 se num\u0103r\u0103 Nineta Popa, Mariana Ionescu C\u0103pit\u0103nescu, Ionela Petrea, Cosmin \u0219i Constantin Gaciu, forma\u021bia Modernii, Alexandra Ungureanu, Maria Patricia Tolea, Vladimir Mirion, Roxana Maria Pop \u0219i Gabi Barbu.<\/p>\n<p><strong><u>Prima sear\u0103<\/u><\/strong><\/p>\n<p>Programul \u00eencepe <strong><u>s\u00e2mb\u0103t\u0103, 29 august, la ora 16:00<\/u><\/strong>, cu forma\u021bia \u201eBanSound\u201d din Sibiu. Pe scen\u0103 vor mai ap\u0103rea Gabi Barbu \u0219i Roxana Maria Pop, trupa de dans \u201eTwins Dance Club\u201d, Alexandra Ungureanu \u0219i forma\u021bia Modernii.<\/p>\n<p>De la ora 20:00 este programat recitalul Marianei Ionescu C\u0103pit\u0103nescu. Seara continu\u0103 cu DJ R\u0103zvan \u0219i forma\u021bia \u201eBanSound\u201d, care va c\u00e2nta p\u00e2n\u0103 la miezul nop\u021bii.<\/p>\n<p><strong><u>Arti\u0219ti locali \u0219i recitaluri<\/u><\/strong><\/p>\n<p><strong><u>Duminic\u0103, 30 august, programul \u00eencepe la ora 14:00<\/u><\/strong>. Dup\u0103 forma\u021bia \u201eBanSound\u201d vor c\u00e2nta tinerii interpre\u021bi Alexandra Ungureanu, Maria Patricia Tolea \u0219i Vladimir Mirion.<\/p>\n<p>De la ora 18:00 vor urca pe scen\u0103 grupul vocal \u201eVl\u0103starele Satului\u201d \u0219i grupul \u201e\u0218ez\u0103toarea din Sat\u201d. Nineta Popa va sus\u021bine un recital de la ora 19:00, urmat de DJ R\u0103zvan.<\/p>\n<p>Ionela Petrea este programat\u0103 de la ora 20:00. Cosmin \u0219i Constantin Gaciu vor c\u00e2nta de la ora 21:00, apoi publicul va putea urm\u0103ri focul de artificii. Petrecerea se va \u00eencheia la miezul nop\u021bii, dup\u0103 ultima reprezenta\u021bie a forma\u021biei \u201eBanSound\u201d.<\/p>\n<p><strong>Invita\u021bia primarului<\/strong><\/p>\n<p>Primarul comunei M\u0103laia, Gheorghe Dinculescu, \u00eei invit\u0103 pe cet\u0103\u021beni, dar \u0219i pe oaspe\u021bii din alte localit\u0103\u021bi, s\u0103 participe la cele dou\u0103 zile de s\u0103rb\u0103toare:\u00a0 \u201e<strong><em>V\u0103 a\u0219tept\u0103m s\u0103 petrecem \u00eempreun\u0103 la Zilele Comunei M\u0103laia<\/em><\/strong>!\u201d, este invita\u021bia transmis\u0103 de primarul Gheorghe Dinculescu.<\/p>\n<p>\u00a0<\/p>\n<p>\u00a0<\/p>\n<\/div>\n<p>[analyse_source url=&#8221;https:\/\/www.impactreal.ro\/2026\/08\/20\/doua-zile-de-cantec-si-petrecere-la-malaia-nineta-popa-mariana-ionescu-capitanescu-ionela-petrea-si-fratii-gaciu-urca-pe-scena-la-sarbatoarea-comunei\/&#8221;]<\/p>\n","protected":false},"excerpt":{"rendered":"<p>[analyse_image type=&#8221;featured&#8221; src=&#8221;https:\/\/www.impactreal.ro\/wp-content\/uploads\/2026\/08\/MALAIA-2026-1024&#215;683.png&#8221;] 20 august 2026Claudia SchiopuActualMalaia Zilele Comunei vor avea loc pe 29 \u0219i 30 august 2026, cu spectacole de muzic\u0103 popular\u0103, arti\u0219ti locali, forma\u021bii de dans \u0219i un foc de artificii. Evenimentul organizat de Prim\u0103ria \u0219i Consiliul Local M\u0103laia a ajuns la edi\u021bia a XVIII-a. Printre arti\u0219tii care vor urca pe scen\u0103 se [&hellip;]<\/p>\n","protected":false},"author":1,"featured_media":0,"comment_status":"open","ping_status":"","sticky":false,"template":"","format":"standard","meta":{"footnotes":""},"categories":[89],"tags":[226,212],"class_list":["post-2103228","post","type-post","status-publish","format-standard","hentry","category-romania","tag-crawlmanager","tag-impactreal-ro"],"_links":{"self":[{"href":"https:\/\/analyse.optim.biz\/index.php?rest_route=\/wp\/v2\/posts\/2103228","targetHints":{"allow":["GET"]}}],"collection":[{"href":"https:\/\/analyse.optim.biz\/index.php?rest_route=\/wp\/v2\/posts"}],"about":[{"href":"https:\/\/analyse.optim.biz\/index.php?rest_route=\/wp\/v2\/types\/post"}],"author":[{"embeddable":true,"href":"https:\/\/analyse.optim.biz\/index.php?rest_route=\/wp\/v2\/users\/1"}],"replies":[{"embeddable":true,"href":"https:\/\/analyse.optim.biz\/index.php?rest_route=%2Fwp%2Fv2%2Fcomments&post=2103228"}],"version-history":[{"count":0,"href":"https:\/\/analyse.optim.biz\/index.php?rest_route=\/wp\/v2\/posts\/2103228\/revisions"}],"wp:attachment":[{"href":"https:\/\/analyse.optim.biz\/index.php?rest_route=%2Fwp%2Fv2%2Fmedia&parent=2103228"}],"wp:term":[{"taxonomy":"category","embeddable":true,"href":"https:\/\/analyse.optim.biz\/index.php?rest_route=%2Fwp%2Fv2%2Fcategories&post=2103228"},{"taxonomy":"post_tag","embeddable":true,"href":"https:\/\/analyse.optim.biz\/index.php?rest_route=%2Fwp%2Fv2%2Ftags&post=2103228"}],"curies":[{"name":"wp","href":"https:\/\/api.w.org\/{rel}","templated":true}]}}