{"id":2103225,"date":"2026-08-20T18:26:36","date_gmt":"2026-08-20T15:26:36","guid":{"rendered":"https:\/\/analyse.optim.biz\/?p=2103225"},"modified":"2026-08-20T18:26:36","modified_gmt":"2026-08-20T15:26:36","slug":"deputatul-adrian-solomon-rabufneste-nu-voi-mai-fi-banditul-disciplinat-al-unei-guvernari-conduse-de-bolojan","status":"publish","type":"post","link":"https:\/\/analyse.optim.biz\/?p=2103225","title":{"rendered":"Deputatul Adrian Solomon r\u0103bufne\u0219te: \u201dNu voi mai fi \u201dbanditul\u201d disciplinat al unei guvern\u0103ri conduse de Bolojan\u201d"},"content":{"rendered":"<p>[analyse_image type=&#8221;featured&#8221; src=&#8221;https:\/\/vasluianul.ro\/wp-content\/uploads\/2024\/08\/adrian-solomon-222-jpg.webp&#8221;]<\/p>\n<div class=\"tdb-block-inner td-fix-index\"><time class=\"entry-date updated td-module-date\" datetime=\"2026-08-20T21:26:36+03:00\">august 20, 2026<\/time><\/div>\n<div class=\"tdb-block-inner td-fix-index\"><span>Updated:<\/span><time class=\"entry-date updated td-module-date\" datetime=\"2026-08-20T21:26:36+03:00\">august 20, 2026<\/time><\/div>\n<div class=\"tdb-block-inner td-fix-index\">\n<h1 class=\"tdb-title-text\">Deputatul Adrian Solomon r\u0103bufne\u0219te: \u201dNu voi mai fi \u201dbanditul\u201d disciplinat al unei guvern\u0103ri conduse de Bolojan\u201d<\/h1>\n<\/div>\n<div class=\"tdb-block-inner td-fix-index\"><a class=\"tdb-author-photo\" href=\"https:\/\/vasluianul.ro\/author\/danieltanasuc\/\" title=\"Daniel T\u0103n\u0103suc\"><img loading=\"lazy\" decoding=\"async\" alt=\"Daniel T\u0103n\u0103suc\" src=\"https:\/\/secure.gravatar.com\/avatar\/96f8aa4cf2ea1d57d33381e0a38eedb556fd3ed3dc125a709e0d706eada9b43f?s=34&amp;d=identicon&amp;r=g\" class=\"avatar avatar-34 photo\" height=\"34\" width=\"34\" data-eio=\"l\"><\/a><\/p>\n<div class=\"tdb-author-name-wrap\"><span class=\"tdb-author-by\">By<\/span><a class=\"tdb-author-name\" href=\"https:\/\/vasluianul.ro\/author\/danieltanasuc\/\">Daniel T\u0103n\u0103suc<\/a><\/div>\n<\/div>\n<div class=\"tdb-block-inner td-fix-index\"><a href=\"https:\/\/vasluianul.ro\/wp-content\/uploads\/2024\/08\/adrian-solomon-222-jpg.webp\" data-caption><img loading=\"lazy\" decoding=\"async\" width=\"1068\" height=\"712\" class=\"entry-thumb td-modal-image\" src=\"https:\/\/vasluianul.ro\/wp-content\/uploads\/2024\/08\/adrian-solomon-222-1068x712.webp\" alt title=\"adrian-solomon-222\" data-eio=\"l\"><\/a><\/div>\n<div class=\"td_block_wrap tdb_single_content tdi_75 td-pb-border-top td_block_template_1 td-post-content tagdiv-type\" data-td-block-uid=\"tdi_75\">\n<div class=\"tdb-block-inner td-fix-index\">\n<div class=\"vtp-article-views\" aria-label=\"Num\u0103r vizualiz\u0103ri articol\"><span class=\"vtp-eye\" aria-hidden=\"true\">\ud83d\udc41<\/span><strong>19<\/strong> vizualiz\u0103ri<\/div>\n<p class=\"PDq2pG_selectionAnchorContainer\" data-start=\"347\" data-end=\"918\"><strong><span>REAC\u021aIE\u2026 Deputatul vasluian Adrian Solomon, pre\u0219edintele organiza\u021biei jude\u021bene PSD, lanseaz\u0103 un atac dur la adresa proiectului noii legi a salariz\u0103rii \u0219i anun\u021b\u0103 c\u0103 nu \u00eel va vota \u00een forma propus\u0103 de actuala guvernare. Parlamentarul poveste\u0219te c\u0103 punctul de plecare al reac\u021biei sale a fost o \u00eent\u00e2mplare petrecut\u0103 \u00eentr-un supermarket, unde o casier\u0103 i-ar fi spus c\u0103 \u201eto\u021bi parlamentarii sunt ni\u0219te bandi\u021bi\u201d. Ini\u021bial deranjat de afirma\u021bie, Solomon spune c\u0103 ulterior s-a g\u00e2ndit la situa\u021bia femeii \u0219i a ajuns la o concluzie surprinz\u0103toare: \u201e\u00cen condi\u021biile acestea, doamna casier are dreptate! Suntem ni\u0219te bandi\u021bi!\u201d.<\/span><\/strong><\/p>\n<div class=\"code-block code-block-1\"><a href=\"https:\/\/vasluianul.ro\/adrian-solomon-legea-salarizarii-bolojan\/DESTINATION\"><img decoding=\"async\" src=\"https:\/\/vasluianul.ro\/wp-content\/uploads\/2022\/06\/reclama-vechia-roma-2.jpeg%0A\" data-eio=\"l\"><\/a><\/div>\n<p data-start=\"920\" data-end=\"1101\"><span>Deputatul Adrian Solomon poveste\u0219te c\u0103 incidentul s-a petrecut joi, c\u00e2nd o angajat\u0103 a unui supermarket a f\u0103cut, \u00een apropierea sa, o remarc\u0103 extrem de dur\u0103 la adresa parlamentarilor.<\/span><\/p>\n<p data-start=\"1103\" data-end=\"1426\"><span><em>\u201dAm aflat ast\u0103zi de la o doamn\u0103 casier la un supermarket c\u0103 to\u021bi parlamentarii sunt ni\u0219te bandi\u021bi! Fiind \u00een proximitatea sa credeam c\u0103 bate iapa s\u0103 priceap\u0103 calul (poate chiar a\u0219a o fi fost). Evident c\u0103 m-am enervat. Nu c\u0103 nu a\u0219 mai fi fost jignit \u00een fel \u0219i chip \u00een online. Ho\u021b am mai fost, dar bandit?\u201d,<\/em> a povestit Solomon, pe pagina de Facebook a PSD B\u00e2rlad.<\/span><\/p>\n<aside class=\"vva-wrap\" aria-label=\"PUBLICITATE\">\n<div class=\"vva-label\">PUBLICITATE<\/div>\n<p><a class=\"vva-link\" href=\"https:\/\/www.facebook.com\/FamiliaSafir\" target=\"_blank\" rel=\"noopener sponsored\"><video class=\"vva-video\" data-max-seconds=\"21\" playsinline preload=\"metadata\" autoplay muted controls><source src=\"https:\/\/vasluianul.ro\/wp-content\/uploads\/2026\/07\/safir-campanie-iulie-2026.mp4\" \/><\/video><\/a><\/aside>\n<div class=\"vam4-ad vam4-device-all\" data-ad-id=\"1\">\n<div class=\"vam4-label\">PUBLICITATE<\/div>\n<div class=\"vam4-frame\"><a class=\"vam4-click\" href=\"https:\/\/www.facebook.com\/SilverMallVaslui\" target=\"_blank\" rel=\"sponsored noopener\"><img decoding=\"async\" src=\"https:\/\/vasluianul.ro\/wp-content\/uploads\/2026\/07\/fillis-1200x400px-AI.jpg.webp\" alt=\"Silver Mall\" loading=\"lazy\" data-eio=\"l\"><\/a><\/div>\n<\/div>\n<p data-start=\"1428\" data-end=\"1561\"><span>Parlamentarul spune c\u0103 primul impuls a fost s\u0103 fac\u0103 o reclama\u021bie, \u00eens\u0103 s-a r\u0103zg\u00e2ndit dup\u0103 ce a analizat situa\u021bia social\u0103 a angajatei.<\/span><\/p>\n<aside class=\"vcs-box vcs-style-red vcs-layout-vertical\" aria-label=\"Cite\u0219te \u0219i\"><a class=\"vcs-link\" href=\"https:\/\/vasluianul.ro\/parcare-noua-vaslui-fostul-bazar-decebal\/\"><span class=\"vcs-photo\"><img decoding=\"async\" src=\"https:\/\/vasluianul.ro\/wp-content\/uploads\/2026\/08\/parcare-fostul-bazar-vaslui-44-768x576.jpg.webp\" alt=\"Parcare nou\u0103, aproape de centrul Vasluiului. 85 de locuri vor fi amenajate pe terenul fostului bazar\" loading=\"lazy\" title=\"Deputatul Adrian Solomon r\u0103bufne\u0219te: \u201dNu voi mai fi \u201dbanditul\u201d disciplinat al unei guvern\u0103ri conduse de Bolojan\u201d 1\" data-eio=\"l\"><\/span><span class=\"vcs-content\"><span class=\"vcs-label\">CITE\u0218TE \u0218I<\/span><span class=\"vcs-title\">Parcare nou\u0103, aproape de centrul Vasluiului. 85 de locuri vor fi amenajate pe terenul fostului bazar<\/span><\/span><\/a><\/aside>\n<p data-start=\"1563\" data-end=\"1778\"><span><em>\u201dDoamna munce\u0219te 10-12 ore pe zi \u0219i pleac\u0103 acas\u0103 cu aproape 2.500 de lei, dup\u0103 o lun\u0103 de munc\u0103. Toate sunt extraordinar de scumpe, iar leul rom\u00e2nesc are for\u021ba unei pisicu\u021be care abia a f\u0103cut ochi\u201d,<\/em> afirm\u0103 deputatul.<\/span><\/p>\n<h3 data-section-id=\"1gzzimw\" data-start=\"1780\" data-end=\"1853\"><span>Deputatul Solomon: \u00cenghe\u021barea salariilor bugetarilor va afecta \u0219i mediul privat<\/span><\/h3>\n<p data-start=\"1855\" data-end=\"2063\"><span>Pornind de la acest punct, deputatul Solomon \u00ee\u0219i \u00eendreapt\u0103 criticile c\u0103tre proiectul legii salariz\u0103rii \u0219i c\u0103tre modul \u00een care acesta ar putea influen\u021ba veniturile angaja\u021bilor din sectorul public, dar \u0219i pe cele din mediul privat.<\/span><\/p>\n<p data-start=\"2065\" data-end=\"2376\"><span>Deputatul sus\u021bine c\u0103 o \u00eenghe\u021bare de lung\u0103 durat\u0103 a veniturilor bugetarilor ar reduce presiunea asupra marilor angajatori priva\u021bi pentru majorarea propriilor salarii. Domnia-sa invoc\u0103 \u0219i Legea-cadru 153\/2017 privind salarizarea personalului pl\u0103tit din fonduri publice, despre care afirm\u0103 c\u0103 nu a fost aplicat\u0103 integral.<\/span><\/p>\n<aside class=\"vcs-box vcs-style-red vcs-layout-vertical\" aria-label=\"Cite\u0219te \u0219i\"><a class=\"vcs-link\" href=\"https:\/\/vasluianul.ro\/ziua-comunei-garceni-2026\/\"><span class=\"vcs-photo\"><img decoding=\"async\" src=\"https:\/\/vasluianul.ro\/wp-content\/uploads\/2023\/09\/garceni-sarbatoare-768x513.jpg\" alt=\"Ziua Comunei G\u00e2rceni, duminic\u0103. Rapsodia Vasluiului \u0219i numero\u0219i arti\u0219ti urc\u0103 pe scen\u0103\" loading=\"lazy\" title=\"Deputatul Adrian Solomon r\u0103bufne\u0219te: \u201dNu voi mai fi \u201dbanditul\u201d disciplinat al unei guvern\u0103ri conduse de Bolojan\u201d 2\" data-eio=\"l\"><\/span><span class=\"vcs-content\"><span class=\"vcs-label\">CITE\u0218TE \u0218I<\/span><span class=\"vcs-title\">Ziua Comunei G\u00e2rceni, duminic\u0103. Rapsodia Vasluiului \u0219i numero\u0219i arti\u0219ti urc\u0103 pe scen\u0103<\/span><\/span><\/a><\/aside>\n<p data-start=\"2645\" data-end=\"2815\"><span>Mesajul politic al deputatului este f\u0103r\u0103 echivoc: o eventual\u0103 blocare a salariilor din sectorul public ar avea efecte \u0219i asupra celor din mediul privat.<\/span><\/p>\n<div class=\"vam4-ad vam4-device-all\" data-ad-id=\"2\">\n<div class=\"vam4-label\">PUBLICITATE<\/div>\n<div class=\"vam4-frame\"><a class=\"vam4-click\" href=\"https:\/\/www.facebook.com\/filliscoffeeshop\" target=\"_blank\" rel=\"sponsored noopener\"><img decoding=\"async\" src=\"https:\/\/vasluianul.ro\/wp-content\/uploads\/2026\/07\/silver-mall-AI.jpg.webp\" alt=\"Filli`s\" loading=\"lazy\" data-eio=\"l\"><\/a><\/div>\n<\/div>\n<p data-start=\"2817\" data-end=\"3059\"><span><em>\u201dPrin urmare, dac\u0103 noi, parlamentarii, vom vota legea propus\u0103 de actuala guvernare, vom condamna \u0219i salariile din privat la o \u00eenghe\u021bare efectiv\u0103. \u00cen condi\u021biile acestea doamna casier are dreptate! Suntem ni\u0219te bandi\u021bi!\u201d<\/em>, afirm\u0103 Adrian Solomon.<\/span><\/p>\n<p data-start=\"3061\" data-end=\"3135\"><span>Deputatul vasluian \u00eencheie cu un mesaj direct c\u0103tre conducerea Guvernului:<\/span><\/p>\n<p data-start=\"3137\" data-end=\"3352\"><span><em>\u201dMul\u021bumesc doamnei C. pentru c\u0103 mi-a deschis ochii. Nu voi vota o lege a salariz\u0103rii trimis\u0103 \u00een b\u0103taie de joc Parlamentului spre dezbatere. Nu voi mai fi \u201dbanditul\u201d disciplinat al unei guvern\u0103ri conduse de Bolojan\u201d<\/em>, a conchis domnia-sa.<\/span><\/p>\n<\/div>\n<\/div>\n<div class=\"tdb-block-inner td-fix-index\">\n<div class=\"vtp-article-views\" aria-label=\"Num\u0103r vizualiz\u0103ri articol\"><span class=\"vtp-eye\" aria-hidden=\"true\">\ud83d\udc41<\/span><strong>19<\/strong> vizualiz\u0103ri<\/div>\n<p class=\"PDq2pG_selectionAnchorContainer\" data-start=\"347\" data-end=\"918\"><strong><span>REAC\u021aIE\u2026 Deputatul vasluian Adrian Solomon, pre\u0219edintele organiza\u021biei jude\u021bene PSD, lanseaz\u0103 un atac dur la adresa proiectului noii legi a salariz\u0103rii \u0219i anun\u021b\u0103 c\u0103 nu \u00eel va vota \u00een forma propus\u0103 de actuala guvernare. Parlamentarul poveste\u0219te c\u0103 punctul de plecare al reac\u021biei sale a fost o \u00eent\u00e2mplare petrecut\u0103 \u00eentr-un supermarket, unde o casier\u0103 i-ar fi spus c\u0103 \u201eto\u021bi parlamentarii sunt ni\u0219te bandi\u021bi\u201d. Ini\u021bial deranjat de afirma\u021bie, Solomon spune c\u0103 ulterior s-a g\u00e2ndit la situa\u021bia femeii \u0219i a ajuns la o concluzie surprinz\u0103toare: \u201e\u00cen condi\u021biile acestea, doamna casier are dreptate! Suntem ni\u0219te bandi\u021bi!\u201d.<\/span><\/strong><\/p>\n<div class=\"code-block code-block-1\"><a href=\"https:\/\/vasluianul.ro\/adrian-solomon-legea-salarizarii-bolojan\/DESTINATION\"><img decoding=\"async\" src=\"https:\/\/vasluianul.ro\/wp-content\/uploads\/2022\/06\/reclama-vechia-roma-2.jpeg%0A\" data-eio=\"l\"><\/a><\/div>\n<p data-start=\"920\" data-end=\"1101\"><span>Deputatul Adrian Solomon poveste\u0219te c\u0103 incidentul s-a petrecut joi, c\u00e2nd o angajat\u0103 a unui supermarket a f\u0103cut, \u00een apropierea sa, o remarc\u0103 extrem de dur\u0103 la adresa parlamentarilor.<\/span><\/p>\n<p data-start=\"1103\" data-end=\"1426\"><span><em>\u201dAm aflat ast\u0103zi de la o doamn\u0103 casier la un supermarket c\u0103 to\u021bi parlamentarii sunt ni\u0219te bandi\u021bi! Fiind \u00een proximitatea sa credeam c\u0103 bate iapa s\u0103 priceap\u0103 calul (poate chiar a\u0219a o fi fost). Evident c\u0103 m-am enervat. Nu c\u0103 nu a\u0219 mai fi fost jignit \u00een fel \u0219i chip \u00een online. Ho\u021b am mai fost, dar bandit?\u201d,<\/em> a povestit Solomon, pe pagina de Facebook a PSD B\u00e2rlad.<\/span><\/p>\n<aside class=\"vva-wrap\" aria-label=\"PUBLICITATE\">\n<div class=\"vva-label\">PUBLICITATE<\/div>\n<p><a class=\"vva-link\" href=\"https:\/\/www.facebook.com\/FamiliaSafir\" target=\"_blank\" rel=\"noopener sponsored\"><video class=\"vva-video\" data-max-seconds=\"21\" playsinline preload=\"metadata\" autoplay muted controls><source src=\"https:\/\/vasluianul.ro\/wp-content\/uploads\/2026\/07\/safir-campanie-iulie-2026.mp4\" \/><\/video><\/a><\/aside>\n<div class=\"vam4-ad vam4-device-all\" data-ad-id=\"1\">\n<div class=\"vam4-label\">PUBLICITATE<\/div>\n<div class=\"vam4-frame\"><a class=\"vam4-click\" href=\"https:\/\/www.facebook.com\/SilverMallVaslui\" target=\"_blank\" rel=\"sponsored noopener\"><img decoding=\"async\" src=\"https:\/\/vasluianul.ro\/wp-content\/uploads\/2026\/07\/fillis-1200x400px-AI.jpg.webp\" alt=\"Silver Mall\" loading=\"lazy\" data-eio=\"l\"><\/a><\/div>\n<\/div>\n<p data-start=\"1428\" data-end=\"1561\"><span>Parlamentarul spune c\u0103 primul impuls a fost s\u0103 fac\u0103 o reclama\u021bie, \u00eens\u0103 s-a r\u0103zg\u00e2ndit dup\u0103 ce a analizat situa\u021bia social\u0103 a angajatei.<\/span><\/p>\n<aside class=\"vcs-box vcs-style-red vcs-layout-vertical\" aria-label=\"Cite\u0219te \u0219i\"><a class=\"vcs-link\" href=\"https:\/\/vasluianul.ro\/parcare-noua-vaslui-fostul-bazar-decebal\/\"><span class=\"vcs-photo\"><img decoding=\"async\" src=\"https:\/\/vasluianul.ro\/wp-content\/uploads\/2026\/08\/parcare-fostul-bazar-vaslui-44-768x576.jpg.webp\" alt=\"Parcare nou\u0103, aproape de centrul Vasluiului. 85 de locuri vor fi amenajate pe terenul fostului bazar\" loading=\"lazy\" title=\"Deputatul Adrian Solomon r\u0103bufne\u0219te: \u201dNu voi mai fi \u201dbanditul\u201d disciplinat al unei guvern\u0103ri conduse de Bolojan\u201d 1\" data-eio=\"l\"><\/span><span class=\"vcs-content\"><span class=\"vcs-label\">CITE\u0218TE \u0218I<\/span><span class=\"vcs-title\">Parcare nou\u0103, aproape de centrul Vasluiului. 85 de locuri vor fi amenajate pe terenul fostului bazar<\/span><\/span><\/a><\/aside>\n<p data-start=\"1563\" data-end=\"1778\"><span><em>\u201dDoamna munce\u0219te 10-12 ore pe zi \u0219i pleac\u0103 acas\u0103 cu aproape 2.500 de lei, dup\u0103 o lun\u0103 de munc\u0103. Toate sunt extraordinar de scumpe, iar leul rom\u00e2nesc are for\u021ba unei pisicu\u021be care abia a f\u0103cut ochi\u201d,<\/em> afirm\u0103 deputatul.<\/span><\/p>\n<h3 data-section-id=\"1gzzimw\" data-start=\"1780\" data-end=\"1853\"><span>Deputatul Solomon: \u00cenghe\u021barea salariilor bugetarilor va afecta \u0219i mediul privat<\/span><\/h3>\n<p data-start=\"1855\" data-end=\"2063\"><span>Pornind de la acest punct, deputatul Solomon \u00ee\u0219i \u00eendreapt\u0103 criticile c\u0103tre proiectul legii salariz\u0103rii \u0219i c\u0103tre modul \u00een care acesta ar putea influen\u021ba veniturile angaja\u021bilor din sectorul public, dar \u0219i pe cele din mediul privat.<\/span><\/p>\n<p data-start=\"2065\" data-end=\"2376\"><span>Deputatul sus\u021bine c\u0103 o \u00eenghe\u021bare de lung\u0103 durat\u0103 a veniturilor bugetarilor ar reduce presiunea asupra marilor angajatori priva\u021bi pentru majorarea propriilor salarii. Domnia-sa invoc\u0103 \u0219i Legea-cadru 153\/2017 privind salarizarea personalului pl\u0103tit din fonduri publice, despre care afirm\u0103 c\u0103 nu a fost aplicat\u0103 integral.<\/span><\/p>\n<aside class=\"vcs-box vcs-style-red vcs-layout-vertical\" aria-label=\"Cite\u0219te \u0219i\"><a class=\"vcs-link\" href=\"https:\/\/vasluianul.ro\/ziua-comunei-garceni-2026\/\"><span class=\"vcs-photo\"><img decoding=\"async\" src=\"https:\/\/vasluianul.ro\/wp-content\/uploads\/2023\/09\/garceni-sarbatoare-768x513.jpg\" alt=\"Ziua Comunei G\u00e2rceni, duminic\u0103. Rapsodia Vasluiului \u0219i numero\u0219i arti\u0219ti urc\u0103 pe scen\u0103\" loading=\"lazy\" title=\"Deputatul Adrian Solomon r\u0103bufne\u0219te: \u201dNu voi mai fi \u201dbanditul\u201d disciplinat al unei guvern\u0103ri conduse de Bolojan\u201d 2\" data-eio=\"l\"><\/span><span class=\"vcs-content\"><span class=\"vcs-label\">CITE\u0218TE \u0218I<\/span><span class=\"vcs-title\">Ziua Comunei G\u00e2rceni, duminic\u0103. Rapsodia Vasluiului \u0219i numero\u0219i arti\u0219ti urc\u0103 pe scen\u0103<\/span><\/span><\/a><\/aside>\n<p data-start=\"2645\" data-end=\"2815\"><span>Mesajul politic al deputatului este f\u0103r\u0103 echivoc: o eventual\u0103 blocare a salariilor din sectorul public ar avea efecte \u0219i asupra celor din mediul privat.<\/span><\/p>\n<div class=\"vam4-ad vam4-device-all\" data-ad-id=\"2\">\n<div class=\"vam4-label\">PUBLICITATE<\/div>\n<div class=\"vam4-frame\"><a class=\"vam4-click\" href=\"https:\/\/www.facebook.com\/filliscoffeeshop\" target=\"_blank\" rel=\"sponsored noopener\"><img decoding=\"async\" src=\"https:\/\/vasluianul.ro\/wp-content\/uploads\/2026\/07\/silver-mall-AI.jpg.webp\" alt=\"Filli`s\" loading=\"lazy\" data-eio=\"l\"><\/a><\/div>\n<\/div>\n<p data-start=\"2817\" data-end=\"3059\"><span><em>\u201dPrin urmare, dac\u0103 noi, parlamentarii, vom vota legea propus\u0103 de actuala guvernare, vom condamna \u0219i salariile din privat la o \u00eenghe\u021bare efectiv\u0103. \u00cen condi\u021biile acestea doamna casier are dreptate! Suntem ni\u0219te bandi\u021bi!\u201d<\/em>, afirm\u0103 Adrian Solomon.<\/span><\/p>\n<p data-start=\"3061\" data-end=\"3135\"><span>Deputatul vasluian \u00eencheie cu un mesaj direct c\u0103tre conducerea Guvernului:<\/span><\/p>\n<p data-start=\"3137\" data-end=\"3352\"><span><em>\u201dMul\u021bumesc doamnei C. pentru c\u0103 mi-a deschis ochii. Nu voi vota o lege a salariz\u0103rii trimis\u0103 \u00een b\u0103taie de joc Parlamentului spre dezbatere. Nu voi mai fi \u201dbanditul\u201d disciplinat al unei guvern\u0103ri conduse de Bolojan\u201d<\/em>, a conchis domnia-sa.<\/span><\/p>\n<\/div>\n<div class=\"tdb-block-inner td-fix-index\"><a href=\"https:\/\/vasluianul.ro\/author\/danieltanasuc\/\" class=\"tdb-author-photo\" title=\"Daniel T\u0103n\u0103suc\"><img loading=\"lazy\" decoding=\"async\" alt=\"Daniel T\u0103n\u0103suc\" src=\"https:\/\/secure.gravatar.com\/avatar\/96f8aa4cf2ea1d57d33381e0a38eedb556fd3ed3dc125a709e0d706eada9b43f?s=96&amp;d=identicon&amp;r=g\" class=\"avatar avatar-96 photo\" height=\"96\" width=\"96\" data-eio=\"l\"><\/a><\/p>\n<div class=\"tdb-author-info\"><a href=\"https:\/\/vasluianul.ro\/author\/danieltanasuc\/\" class=\"tdb-author-name\">Daniel T\u0103n\u0103suc<\/a><a href=\"http:\/\/www.vasluianul.ro\" class=\"tdb-author-url\">http:\/\/www.vasluianul.ro<\/a><\/div>\n<\/div>\n<div class=\"tdb-block-inner td-fix-index\">\n<div class=\"comments\" id=\"comments\">\n<div id=\"respond\" class=\"comment-respond\">\n<h3 id=\"reply-title\" class=\"comment-reply-title\">L\u0102SA\u021aI UN MESAJ <small><a rel=\"nofollow\" id=\"cancel-comment-reply-link\" href=\"https:\/\/vasluianul.ro\/adrian-solomon-legea-salarizarii-bolojan\/#respond\">Renun\u021ba\u021bi la r\u0103spuns<\/a><\/small><\/h3>\n<div class=\"comment-form-input-wrap td-form-comment\">\n<div class=\"td-warning-comment\">V\u0103 rug\u0103m s\u0103 introduce\u021bi comentariul dvs.!<\/div>\n<\/div>\n<div class=\"comment-form-input-wrap td-form-author\">\n<div class=\"td-warning-author\">Introduce\u021bi aici numele dvs.<\/div>\n<\/div>\n<div class=\"comment-form-input-wrap td-form-email\">\n<div class=\"td-warning-email-error\">A\u021bi introdus o adres\u0103 de e-mail incorect\u0103!<\/div>\n<div class=\"td-warning-email\">V\u0103 rug\u0103m s\u0103 introduce\u021bi adresa dvs. de e-mail aici<\/div>\n<\/div>\n<\/div>\n<\/div>\n<\/div>\n<p>[analyse_source url=&#8221;https:\/\/vasluianul.ro\/adrian-solomon-legea-salarizarii-bolojan\/#new_tab&#8221;]<\/p>\n","protected":false},"excerpt":{"rendered":"<p>[analyse_image type=&#8221;featured&#8221; src=&#8221;https:\/\/vasluianul.ro\/wp-content\/uploads\/2024\/08\/adrian-solomon-222-jpg.webp&#8221;] august 20, 2026 Updated:august 20, 2026 Deputatul Adrian Solomon r\u0103bufne\u0219te: \u201dNu voi mai fi \u201dbanditul\u201d disciplinat al unei guvern\u0103ri conduse de Bolojan\u201d ByDaniel T\u0103n\u0103suc \ud83d\udc4119 vizualiz\u0103ri REAC\u021aIE\u2026 Deputatul vasluian Adrian Solomon, pre\u0219edintele organiza\u021biei jude\u021bene PSD, lanseaz\u0103 un atac dur la adresa proiectului noii legi a salariz\u0103rii \u0219i anun\u021b\u0103 c\u0103 nu \u00eel va [&hellip;]<\/p>\n","protected":false},"author":1,"featured_media":0,"comment_status":"open","ping_status":"","sticky":false,"template":"","format":"standard","meta":{"footnotes":""},"categories":[89],"tags":[226,217],"class_list":["post-2103225","post","type-post","status-publish","format-standard","hentry","category-romania","tag-crawlmanager","tag-vaslui-robo-stiri-ro"],"_links":{"self":[{"href":"https:\/\/analyse.optim.biz\/index.php?rest_route=\/wp\/v2\/posts\/2103225","targetHints":{"allow":["GET"]}}],"collection":[{"href":"https:\/\/analyse.optim.biz\/index.php?rest_route=\/wp\/v2\/posts"}],"about":[{"href":"https:\/\/analyse.optim.biz\/index.php?rest_route=\/wp\/v2\/types\/post"}],"author":[{"embeddable":true,"href":"https:\/\/analyse.optim.biz\/index.php?rest_route=\/wp\/v2\/users\/1"}],"replies":[{"embeddable":true,"href":"https:\/\/analyse.optim.biz\/index.php?rest_route=%2Fwp%2Fv2%2Fcomments&post=2103225"}],"version-history":[{"count":0,"href":"https:\/\/analyse.optim.biz\/index.php?rest_route=\/wp\/v2\/posts\/2103225\/revisions"}],"wp:attachment":[{"href":"https:\/\/analyse.optim.biz\/index.php?rest_route=%2Fwp%2Fv2%2Fmedia&parent=2103225"}],"wp:term":[{"taxonomy":"category","embeddable":true,"href":"https:\/\/analyse.optim.biz\/index.php?rest_route=%2Fwp%2Fv2%2Fcategories&post=2103225"},{"taxonomy":"post_tag","embeddable":true,"href":"https:\/\/analyse.optim.biz\/index.php?rest_route=%2Fwp%2Fv2%2Ftags&post=2103225"}],"curies":[{"name":"wp","href":"https:\/\/api.w.org\/{rel}","templated":true}]}}