{"id":2103215,"date":"2026-08-20T11:15:03","date_gmt":"2026-08-20T08:15:03","guid":{"rendered":"https:\/\/analyse.optim.biz\/?p=2103215"},"modified":"2026-08-20T11:15:03","modified_gmt":"2026-08-20T08:15:03","slug":"scm-rm-valcea-a-adus-un-nou-portar-ma-bucur-sa-revin-acasa","status":"publish","type":"post","link":"https:\/\/analyse.optim.biz\/?p=2103215","title":{"rendered":"SCM Rm. V\u00e2lcea a adus un nou portar: \u201dM\u0103 bucur s\u0103 revin acas\u0103\u201d"},"content":{"rendered":"<p>[analyse_image type=&#8221;featured&#8221; src=&#8221;https:\/\/www.impactreal.ro\/wp-content\/uploads\/2026\/08\/Craciun-e1787224673375.jpg&#8221;]<\/p>\n<div class=\"single-news-content\">\n<div class=\"news-image\"><img loading=\"lazy\" decoding=\"async\" width=\"2048\" height=\"1154\" src=\"https:\/\/www.impactreal.ro\/wp-content\/uploads\/2026\/08\/Craciun-e1787224673375.jpg\" class=\"img-responsive wp-post-image\" alt=\"SCM Rm. V\u00e2lcea a adus un nou portar: \u201dM\u0103 bucur s\u0103 revin acas\u0103\u201d\"><\/div>\n<div class=\"news-detail clearfix\">\n<div class=\"entry-meta\"><span class=\"posted-date\"><a href=\"https:\/\/www.impactreal.ro\/2026\/08\/20\/scm-rm-valcea-a-adus-un-nou-portar-ma-bucur-sa-revin-acasa\/\" rel=\"bookmark\"><time class=\"entry-date published\" datetime=\"2026-08-20T14:15:03+03:00\">20 august 2026<\/time><time class=\"updated\" datetime=\"2026-08-20T14:18:03+03:00\">20 august 2026<\/time><\/a><\/span><span class=\"author vcard\"><a href=\"https:\/\/www.impactreal.ro\/author\/adi-georgescu\/\">Adi Georgescu<\/a><\/span><span class=\"cat-links\"><a href=\"https:\/\/www.impactreal.ro\/category\/sport\/\" rel=\"category tag\">Sport<\/a><\/span><\/div>\n<div class=\"news-content editor-content-entry\">\n<p><strong>SCM R\u00e2mnicu V\u00e2lcea \u0219i FC Arge\u0219 au ajuns la un acord pentru \u00eemprumutul pe o perioad\u0103 de un an al t\u00e2n\u0103rului portar Luca Cr\u0103ciun (17 ani).<\/strong><br \/>\nFormat \u00een academiile celor de la Farul Constan\u021ba \u0219i FC Arge\u0219, <strong>Luca Cr\u0103ciun <\/strong>are o talie excelent\u0103, 1,90 metri \u0219i\u00a0revine \u00een ora\u0219ul natal \u0219i se va lupta pentru un post de titular \u00een echipa preg\u0103tit\u0103 de <strong>Constantin Schumacher<\/strong>.<br \/><strong>SCM<\/strong> l-a pierdut recent pe portarul <strong>R\u0103zvan Gherghu\u0219<\/strong>, care a fost operat la um\u0103r \u0219i va lipsi c\u00e2teva luni. \u00cen lotul lui SCM Rm. V\u00e2lcea mai sunt portarii <strong>Valentin Fr\u0103\u021bil\u0103<\/strong> (18 ani), titular \u00een acest start de sezon \u0219i <strong>Rare\u0219 Ciubotariu<\/strong> (20 ani).<br \/>\nAv\u00e2nd \u00een palmares \u0219i o prezen\u021b\u0103 la Na\u021bionala U19, Luca (17 ani) este unul dintre tineri de perspectiv\u0103 \u00een genera\u021bia sa. El a <strong>debutat<\/strong> \u00een luna februarie pentru FC Arge\u0219 \u00een <strong>Superliga<\/strong>, fiind introdus 1 minut \u00eentre buturile pite\u0219tene la jocul cu FC Hermannstadt, scor 3-1. \u00cen urm\u0103 cu doi ani, el a fost \u0219i la Viitorul D\u0103e\u0219ti, \u00een Liga 3.<\/p>\n<p><img loading=\"lazy\" decoding=\"async\" class=\"alignnone size-full wp-image-58315\" src=\"https:\/\/www.impactreal.ro\/wp-content\/uploads\/2026\/08\/WhatsApp-Image-2026-08-19-at-14.29.03.jpeg\" alt width=\"1080\" height=\"1350\"><\/p>\n<p>\u201e<em>M\u0103 bucur s\u0103 revin acas\u0103 \u0219i s\u0103 fac parte din acest proiect. Vin cu mult\u0103 pl\u0103cere, ambi\u021bie \u0219i poft\u0103 de munc\u0103 \u00een ora\u0219ul meu natal. \u00cemi doresc s\u0103 contribui c\u00e2t mai mult la rezultatele echipei, s\u0103 muncesc \u00een fiecare zi \u0219i s\u0103 cresc al\u0103turi de colegii mei. \u00cei a\u0219tept\u0103m pe v\u00e2lceni al\u0103turi de noi! Vom da totul pe teren pentru a ne \u00eendeplini obiectivele \u0219i pentru a aduce c\u00e2t mai multe bucurii acestui ora\u0219\u201d<\/em> a spus <strong>Luca Cr\u0103ciun<\/strong> pe pagina oficial\u0103 a Sport Club Municipal R\u00e2mnicu V\u00e2lcea.<br \/><strong>Luca Cr\u0103ciun<\/strong> ar putea debuta pentru<strong> SCM<\/strong> chiar la urm\u0103torul meci al v\u00e2lcenilor<strong>, s\u00e2mb\u0103t\u0103<\/strong>, \u00een Z\u0103voi (ora 11.00) cu <strong>FC Bac\u0103u<\/strong>, \u00een etapa a 4-a din Liga 2.<br \/>\nClubul SCM a anun\u021bat c\u0103<strong> intrarea<\/strong> publicului la meciul cu FC Bac\u0103u este <strong>gratuit\u0103<\/strong> \u0219i va organiza pentru fani o <strong>tombol\u0103<\/strong>\u00a0cu<strong> 48 de premii<\/strong> const\u00e2nd \u00een mingi semnate de juc\u0103tori, tricouri, e\u0219arfe \u0219i \u0219epci cu sigla clubului,<\/p>\n<\/div>\n<\/div>\n<\/div>\n<div class=\"news-content editor-content-entry\">\n<p><strong>SCM R\u00e2mnicu V\u00e2lcea \u0219i FC Arge\u0219 au ajuns la un acord pentru \u00eemprumutul pe o perioad\u0103 de un an al t\u00e2n\u0103rului portar Luca Cr\u0103ciun (17 ani).<\/strong><br \/>\nFormat \u00een academiile celor de la Farul Constan\u021ba \u0219i FC Arge\u0219, <strong>Luca Cr\u0103ciun <\/strong>are o talie excelent\u0103, 1,90 metri \u0219i\u00a0revine \u00een ora\u0219ul natal \u0219i se va lupta pentru un post de titular \u00een echipa preg\u0103tit\u0103 de <strong>Constantin Schumacher<\/strong>.<br \/><strong>SCM<\/strong> l-a pierdut recent pe portarul <strong>R\u0103zvan Gherghu\u0219<\/strong>, care a fost operat la um\u0103r \u0219i va lipsi c\u00e2teva luni. \u00cen lotul lui SCM Rm. V\u00e2lcea mai sunt portarii <strong>Valentin Fr\u0103\u021bil\u0103<\/strong> (18 ani), titular \u00een acest start de sezon \u0219i <strong>Rare\u0219 Ciubotariu<\/strong> (20 ani).<br \/>\nAv\u00e2nd \u00een palmares \u0219i o prezen\u021b\u0103 la Na\u021bionala U19, Luca (17 ani) este unul dintre tineri de perspectiv\u0103 \u00een genera\u021bia sa. El a <strong>debutat<\/strong> \u00een luna februarie pentru FC Arge\u0219 \u00een <strong>Superliga<\/strong>, fiind introdus 1 minut \u00eentre buturile pite\u0219tene la jocul cu FC Hermannstadt, scor 3-1. \u00cen urm\u0103 cu doi ani, el a fost \u0219i la Viitorul D\u0103e\u0219ti, \u00een Liga 3.<\/p>\n<p><img loading=\"lazy\" decoding=\"async\" class=\"alignnone size-full wp-image-58315\" src=\"https:\/\/www.impactreal.ro\/wp-content\/uploads\/2026\/08\/WhatsApp-Image-2026-08-19-at-14.29.03.jpeg\" alt width=\"1080\" height=\"1350\"><\/p>\n<p>\u201e<em>M\u0103 bucur s\u0103 revin acas\u0103 \u0219i s\u0103 fac parte din acest proiect. Vin cu mult\u0103 pl\u0103cere, ambi\u021bie \u0219i poft\u0103 de munc\u0103 \u00een ora\u0219ul meu natal. \u00cemi doresc s\u0103 contribui c\u00e2t mai mult la rezultatele echipei, s\u0103 muncesc \u00een fiecare zi \u0219i s\u0103 cresc al\u0103turi de colegii mei. \u00cei a\u0219tept\u0103m pe v\u00e2lceni al\u0103turi de noi! Vom da totul pe teren pentru a ne \u00eendeplini obiectivele \u0219i pentru a aduce c\u00e2t mai multe bucurii acestui ora\u0219\u201d<\/em> a spus <strong>Luca Cr\u0103ciun<\/strong> pe pagina oficial\u0103 a Sport Club Municipal R\u00e2mnicu V\u00e2lcea.<br \/><strong>Luca Cr\u0103ciun<\/strong> ar putea debuta pentru<strong> SCM<\/strong> chiar la urm\u0103torul meci al v\u00e2lcenilor<strong>, s\u00e2mb\u0103t\u0103<\/strong>, \u00een Z\u0103voi (ora 11.00) cu <strong>FC Bac\u0103u<\/strong>, \u00een etapa a 4-a din Liga 2.<br \/>\nClubul SCM a anun\u021bat c\u0103<strong> intrarea<\/strong> publicului la meciul cu FC Bac\u0103u este <strong>gratuit\u0103<\/strong> \u0219i va organiza pentru fani o <strong>tombol\u0103<\/strong>\u00a0cu<strong> 48 de premii<\/strong> const\u00e2nd \u00een mingi semnate de juc\u0103tori, tricouri, e\u0219arfe \u0219i \u0219epci cu sigla clubului,<\/p>\n<\/div>\n<div class=\"news-content editor-content-entry\">\n<p><strong>SCM R\u00e2mnicu V\u00e2lcea \u0219i FC Arge\u0219 au ajuns la un acord pentru \u00eemprumutul pe o perioad\u0103 de un an al t\u00e2n\u0103rului portar Luca Cr\u0103ciun (17 ani).<\/strong><br \/>\nFormat \u00een academiile celor de la Farul Constan\u021ba \u0219i FC Arge\u0219, <strong>Luca Cr\u0103ciun <\/strong>are o talie excelent\u0103, 1,90 metri \u0219i\u00a0revine \u00een ora\u0219ul natal \u0219i se va lupta pentru un post de titular \u00een echipa preg\u0103tit\u0103 de <strong>Constantin Schumacher<\/strong>.<br \/><strong>SCM<\/strong> l-a pierdut recent pe portarul <strong>R\u0103zvan Gherghu\u0219<\/strong>, care a fost operat la um\u0103r \u0219i va lipsi c\u00e2teva luni. \u00cen lotul lui SCM Rm. V\u00e2lcea mai sunt portarii <strong>Valentin Fr\u0103\u021bil\u0103<\/strong> (18 ani), titular \u00een acest start de sezon \u0219i <strong>Rare\u0219 Ciubotariu<\/strong> (20 ani).<br \/>\nAv\u00e2nd \u00een palmares \u0219i o prezen\u021b\u0103 la Na\u021bionala U19, Luca (17 ani) este unul dintre tineri de perspectiv\u0103 \u00een genera\u021bia sa. El a <strong>debutat<\/strong> \u00een luna februarie pentru FC Arge\u0219 \u00een <strong>Superliga<\/strong>, fiind introdus 1 minut \u00eentre buturile pite\u0219tene la jocul cu FC Hermannstadt, scor 3-1. \u00cen urm\u0103 cu doi ani, el a fost \u0219i la Viitorul D\u0103e\u0219ti, \u00een Liga 3.<\/p>\n<p><img loading=\"lazy\" decoding=\"async\" class=\"alignnone size-full wp-image-58315\" src=\"https:\/\/www.impactreal.ro\/wp-content\/uploads\/2026\/08\/WhatsApp-Image-2026-08-19-at-14.29.03.jpeg\" alt width=\"1080\" height=\"1350\"><\/p>\n<p>\u201e<em>M\u0103 bucur s\u0103 revin acas\u0103 \u0219i s\u0103 fac parte din acest proiect. Vin cu mult\u0103 pl\u0103cere, ambi\u021bie \u0219i poft\u0103 de munc\u0103 \u00een ora\u0219ul meu natal. \u00cemi doresc s\u0103 contribui c\u00e2t mai mult la rezultatele echipei, s\u0103 muncesc \u00een fiecare zi \u0219i s\u0103 cresc al\u0103turi de colegii mei. \u00cei a\u0219tept\u0103m pe v\u00e2lceni al\u0103turi de noi! Vom da totul pe teren pentru a ne \u00eendeplini obiectivele \u0219i pentru a aduce c\u00e2t mai multe bucurii acestui ora\u0219\u201d<\/em> a spus <strong>Luca Cr\u0103ciun<\/strong> pe pagina oficial\u0103 a Sport Club Municipal R\u00e2mnicu V\u00e2lcea.<br \/><strong>Luca Cr\u0103ciun<\/strong> ar putea debuta pentru<strong> SCM<\/strong> chiar la urm\u0103torul meci al v\u00e2lcenilor<strong>, s\u00e2mb\u0103t\u0103<\/strong>, \u00een Z\u0103voi (ora 11.00) cu <strong>FC Bac\u0103u<\/strong>, \u00een etapa a 4-a din Liga 2.<br \/>\nClubul SCM a anun\u021bat c\u0103<strong> intrarea<\/strong> publicului la meciul cu FC Bac\u0103u este <strong>gratuit\u0103<\/strong> \u0219i va organiza pentru fani o <strong>tombol\u0103<\/strong>\u00a0cu<strong> 48 de premii<\/strong> const\u00e2nd \u00een mingi semnate de juc\u0103tori, tricouri, e\u0219arfe \u0219i \u0219epci cu sigla clubului,<\/p>\n<\/div>\n<p>[analyse_source url=&#8221;https:\/\/www.impactreal.ro\/2026\/08\/20\/scm-rm-valcea-a-adus-un-nou-portar-ma-bucur-sa-revin-acasa\/&#8221;]<\/p>\n","protected":false},"excerpt":{"rendered":"<p>[analyse_image type=&#8221;featured&#8221; src=&#8221;https:\/\/www.impactreal.ro\/wp-content\/uploads\/2026\/08\/Craciun-e1787224673375.jpg&#8221;] 20 august 202620 august 2026Adi GeorgescuSport SCM R\u00e2mnicu V\u00e2lcea \u0219i FC Arge\u0219 au ajuns la un acord pentru \u00eemprumutul pe o perioad\u0103 de un an al t\u00e2n\u0103rului portar Luca Cr\u0103ciun (17 ani). Format \u00een academiile celor de la Farul Constan\u021ba \u0219i FC Arge\u0219, Luca Cr\u0103ciun are o talie excelent\u0103, 1,90 metri \u0219i\u00a0revine [&hellip;]<\/p>\n","protected":false},"author":1,"featured_media":0,"comment_status":"open","ping_status":"","sticky":false,"template":"","format":"standard","meta":{"footnotes":""},"categories":[89],"tags":[226,212],"class_list":["post-2103215","post","type-post","status-publish","format-standard","hentry","category-romania","tag-crawlmanager","tag-impactreal-ro"],"_links":{"self":[{"href":"https:\/\/analyse.optim.biz\/index.php?rest_route=\/wp\/v2\/posts\/2103215","targetHints":{"allow":["GET"]}}],"collection":[{"href":"https:\/\/analyse.optim.biz\/index.php?rest_route=\/wp\/v2\/posts"}],"about":[{"href":"https:\/\/analyse.optim.biz\/index.php?rest_route=\/wp\/v2\/types\/post"}],"author":[{"embeddable":true,"href":"https:\/\/analyse.optim.biz\/index.php?rest_route=\/wp\/v2\/users\/1"}],"replies":[{"embeddable":true,"href":"https:\/\/analyse.optim.biz\/index.php?rest_route=%2Fwp%2Fv2%2Fcomments&post=2103215"}],"version-history":[{"count":0,"href":"https:\/\/analyse.optim.biz\/index.php?rest_route=\/wp\/v2\/posts\/2103215\/revisions"}],"wp:attachment":[{"href":"https:\/\/analyse.optim.biz\/index.php?rest_route=%2Fwp%2Fv2%2Fmedia&parent=2103215"}],"wp:term":[{"taxonomy":"category","embeddable":true,"href":"https:\/\/analyse.optim.biz\/index.php?rest_route=%2Fwp%2Fv2%2Fcategories&post=2103215"},{"taxonomy":"post_tag","embeddable":true,"href":"https:\/\/analyse.optim.biz\/index.php?rest_route=%2Fwp%2Fv2%2Ftags&post=2103215"}],"curies":[{"name":"wp","href":"https:\/\/api.w.org\/{rel}","templated":true}]}}