{"id":2103211,"date":"2026-08-19T18:55:07","date_gmt":"2026-08-19T15:55:07","guid":{"rendered":"https:\/\/analyse.optim.biz\/?p=2103211"},"modified":"2026-08-19T18:55:07","modified_gmt":"2026-08-19T15:55:07","slug":"peste-101-miliarde-de-lei-vechi-pentru-scoala-din-barbatesti-primarul-bogdan-paunei-a-semnat-contractul","status":"publish","type":"post","link":"https:\/\/analyse.optim.biz\/?p=2103211","title":{"rendered":"Peste 101 miliarde de lei vechi pentru \u0219coala din B\u0103rb\u0103te\u0219ti. Primarul Bogdan P\u0103unei a semnat contractul"},"content":{"rendered":"<p>[analyse_image type=&#8221;featured&#8221; src=&#8221;https:\/\/www.impactreal.ro\/wp-content\/uploads\/2026\/08\/BARBATESTI.png&#8221;]<\/p>\n<div class=\"single-news-content\">\n<div class=\"news-image\"><img loading=\"lazy\" decoding=\"async\" width=\"1693\" height=\"929\" src=\"https:\/\/www.impactreal.ro\/wp-content\/uploads\/2026\/08\/BARBATESTI.png\" class=\"img-responsive wp-post-image\" alt=\"Peste 101 miliarde de lei vechi pentru \u0219coala din B\u0103rb\u0103te\u0219ti. Primarul Bogdan P\u0103unei a semnat contractul\"><\/div>\n<div class=\"news-detail clearfix\">\n<div class=\"entry-meta\"><span class=\"posted-date\"><a href=\"https:\/\/www.impactreal.ro\/2026\/08\/19\/peste-101-miliarde-de-lei-vechi-pentru-scoala-din-barbatesti-primarul-bogdan-paunei-a-semnat-contractul\/\" rel=\"bookmark\"><time class=\"entry-date published updated\" datetime=\"2026-08-19T21:55:07+03:00\">19 august 2026<\/time><\/a><\/span><span class=\"author vcard\"><a href=\"https:\/\/www.impactreal.ro\/author\/claudia-schiopu\/\">Claudia Schiopu<\/a><\/span><span class=\"cat-links\"><a href=\"https:\/\/www.impactreal.ro\/category\/administratie\/\" rel=\"category tag\">Administra\u0163ie<\/a><a href=\"https:\/\/www.impactreal.ro\/category\/barbatesti\/\" rel=\"category tag\">B\u0103rb\u0103te\u0219ti<\/a><\/span><\/div>\n<div class=\"news-content editor-content-entry\">\n<p>Prim\u0103ria B\u0103rb\u0103te\u0219ti a semnat contractul pentru modernizarea \u0219i reducerea consumului de energie la \u0219coala din localitate. Proiectul are o valoare de 10.129.852,83 lei \u0219i este cofinan\u021bat de Uniunea European\u0103 prin Programul Regional Sud-Vest Oltenia. Lucr\u0103rile trebuie \u00eencheiate p\u00e2n\u0103 \u00een luna iunie 2028.<\/p>\n<p><strong><u>\u0218coala va fi ref\u0103cut\u0103<\/u><\/strong><\/p>\n<p>Proiectul prevede lucr\u0103ri ample la cl\u0103direa \u0219colii din B\u0103rb\u0103te\u0219ti. Vor fi schimbate centrala termic\u0103 \u0219i acoperi\u0219ul, va fi turnat\u0103 o plac\u0103, iar celelalte elemente ale construc\u021biei vor fi ref\u0103cute. Potrivit primarului Bogdan P\u0103unei, din actuala cl\u0103dire vor r\u0103m\u00e2ne doar zidurile.<\/p>\n<p>Investi\u021bia urm\u0103re\u0219te s\u0103 ofere condi\u021bii mai bune pentru elevii \u0219i profesorii din localitate.<\/p>\n<p><strong><u>Contract semnat<\/u><\/strong><\/p>\n<p>Valoarea exact\u0103 trecut\u0103 \u00een contract este de 10.129.852,83 lei, echivalentul a peste 101 miliarde de lei vechi. \u00cen declara\u021bia sa, primarul Bogdan P\u0103unei a explicat lucr\u0103rile care vor fi f\u0103cute:<\/p>\n<p>\u201e<strong><em>Am semnat un contract \u00een valoare de 110 miliarde de lei vechi, care prevede eficientizarea energetic\u0103 \u0219i modernizarea \u0219colii din localitate, deoarece ne dorim tot ce este mai bun pentru copiii din comuna noastr\u0103. Termenul de finalizare este luna iunie 2028. \u00cen cadrul proiectului se vor face lucr\u0103ri ample. Practic, se va schimba tot: centrala termic\u0103, acoperi\u0219ul, se va turna o plac\u0103 \u0219i vor mai r\u0103m\u00e2ne doar zidurile cl\u0103dirii \u0219colii. Mul\u021bumim tuturor celor care s-au implicat \u00een realizarea acestui proiect!\u201d<\/em><\/strong>, a declarat primarul comunei B\u0103rb\u0103te\u0219ti, Bogdan P\u0103unei.<\/p>\n<p><strong><u>Termen \u00een 2028<\/u><\/strong><\/p>\n<p>Dup\u0103 semnarea contractului urmeaz\u0103 etapele necesare pentru \u00eenceperea lucr\u0103rilor. Proiectul trebuie finalizat p\u00e2n\u0103 \u00een iunie 2028, dat\u0103 p\u00e2n\u0103 la care \u0219coala va trece printr-o refacere aproape complet\u0103.<\/p>\n<\/div>\n<\/div>\n<\/div>\n<div class=\"news-content editor-content-entry\">\n<p>Prim\u0103ria B\u0103rb\u0103te\u0219ti a semnat contractul pentru modernizarea \u0219i reducerea consumului de energie la \u0219coala din localitate. Proiectul are o valoare de 10.129.852,83 lei \u0219i este cofinan\u021bat de Uniunea European\u0103 prin Programul Regional Sud-Vest Oltenia. Lucr\u0103rile trebuie \u00eencheiate p\u00e2n\u0103 \u00een luna iunie 2028.<\/p>\n<p><strong><u>\u0218coala va fi ref\u0103cut\u0103<\/u><\/strong><\/p>\n<p>Proiectul prevede lucr\u0103ri ample la cl\u0103direa \u0219colii din B\u0103rb\u0103te\u0219ti. Vor fi schimbate centrala termic\u0103 \u0219i acoperi\u0219ul, va fi turnat\u0103 o plac\u0103, iar celelalte elemente ale construc\u021biei vor fi ref\u0103cute. Potrivit primarului Bogdan P\u0103unei, din actuala cl\u0103dire vor r\u0103m\u00e2ne doar zidurile.<\/p>\n<p>Investi\u021bia urm\u0103re\u0219te s\u0103 ofere condi\u021bii mai bune pentru elevii \u0219i profesorii din localitate.<\/p>\n<p><strong><u>Contract semnat<\/u><\/strong><\/p>\n<p>Valoarea exact\u0103 trecut\u0103 \u00een contract este de 10.129.852,83 lei, echivalentul a peste 101 miliarde de lei vechi. \u00cen declara\u021bia sa, primarul Bogdan P\u0103unei a explicat lucr\u0103rile care vor fi f\u0103cute:<\/p>\n<p>\u201e<strong><em>Am semnat un contract \u00een valoare de 110 miliarde de lei vechi, care prevede eficientizarea energetic\u0103 \u0219i modernizarea \u0219colii din localitate, deoarece ne dorim tot ce este mai bun pentru copiii din comuna noastr\u0103. Termenul de finalizare este luna iunie 2028. \u00cen cadrul proiectului se vor face lucr\u0103ri ample. Practic, se va schimba tot: centrala termic\u0103, acoperi\u0219ul, se va turna o plac\u0103 \u0219i vor mai r\u0103m\u00e2ne doar zidurile cl\u0103dirii \u0219colii. Mul\u021bumim tuturor celor care s-au implicat \u00een realizarea acestui proiect!\u201d<\/em><\/strong>, a declarat primarul comunei B\u0103rb\u0103te\u0219ti, Bogdan P\u0103unei.<\/p>\n<p><strong><u>Termen \u00een 2028<\/u><\/strong><\/p>\n<p>Dup\u0103 semnarea contractului urmeaz\u0103 etapele necesare pentru \u00eenceperea lucr\u0103rilor. Proiectul trebuie finalizat p\u00e2n\u0103 \u00een iunie 2028, dat\u0103 p\u00e2n\u0103 la care \u0219coala va trece printr-o refacere aproape complet\u0103.<\/p>\n<\/div>\n<div class=\"news-content editor-content-entry\">\n<p>Prim\u0103ria B\u0103rb\u0103te\u0219ti a semnat contractul pentru modernizarea \u0219i reducerea consumului de energie la \u0219coala din localitate. Proiectul are o valoare de 10.129.852,83 lei \u0219i este cofinan\u021bat de Uniunea European\u0103 prin Programul Regional Sud-Vest Oltenia. Lucr\u0103rile trebuie \u00eencheiate p\u00e2n\u0103 \u00een luna iunie 2028.<\/p>\n<p><strong><u>\u0218coala va fi ref\u0103cut\u0103<\/u><\/strong><\/p>\n<p>Proiectul prevede lucr\u0103ri ample la cl\u0103direa \u0219colii din B\u0103rb\u0103te\u0219ti. Vor fi schimbate centrala termic\u0103 \u0219i acoperi\u0219ul, va fi turnat\u0103 o plac\u0103, iar celelalte elemente ale construc\u021biei vor fi ref\u0103cute. Potrivit primarului Bogdan P\u0103unei, din actuala cl\u0103dire vor r\u0103m\u00e2ne doar zidurile.<\/p>\n<p>Investi\u021bia urm\u0103re\u0219te s\u0103 ofere condi\u021bii mai bune pentru elevii \u0219i profesorii din localitate.<\/p>\n<p><strong><u>Contract semnat<\/u><\/strong><\/p>\n<p>Valoarea exact\u0103 trecut\u0103 \u00een contract este de 10.129.852,83 lei, echivalentul a peste 101 miliarde de lei vechi. \u00cen declara\u021bia sa, primarul Bogdan P\u0103unei a explicat lucr\u0103rile care vor fi f\u0103cute:<\/p>\n<p>\u201e<strong><em>Am semnat un contract \u00een valoare de 110 miliarde de lei vechi, care prevede eficientizarea energetic\u0103 \u0219i modernizarea \u0219colii din localitate, deoarece ne dorim tot ce este mai bun pentru copiii din comuna noastr\u0103. Termenul de finalizare este luna iunie 2028. \u00cen cadrul proiectului se vor face lucr\u0103ri ample. Practic, se va schimba tot: centrala termic\u0103, acoperi\u0219ul, se va turna o plac\u0103 \u0219i vor mai r\u0103m\u00e2ne doar zidurile cl\u0103dirii \u0219colii. Mul\u021bumim tuturor celor care s-au implicat \u00een realizarea acestui proiect!\u201d<\/em><\/strong>, a declarat primarul comunei B\u0103rb\u0103te\u0219ti, Bogdan P\u0103unei.<\/p>\n<p><strong><u>Termen \u00een 2028<\/u><\/strong><\/p>\n<p>Dup\u0103 semnarea contractului urmeaz\u0103 etapele necesare pentru \u00eenceperea lucr\u0103rilor. Proiectul trebuie finalizat p\u00e2n\u0103 \u00een iunie 2028, dat\u0103 p\u00e2n\u0103 la care \u0219coala va trece printr-o refacere aproape complet\u0103.<\/p>\n<\/div>\n<p>[analyse_source url=&#8221;https:\/\/www.impactreal.ro\/2026\/08\/19\/peste-101-miliarde-de-lei-vechi-pentru-scoala-din-barbatesti-primarul-bogdan-paunei-a-semnat-contractul\/&#8221;]<\/p>\n","protected":false},"excerpt":{"rendered":"<p>[analyse_image type=&#8221;featured&#8221; src=&#8221;https:\/\/www.impactreal.ro\/wp-content\/uploads\/2026\/08\/BARBATESTI.png&#8221;] 19 august 2026Claudia SchiopuAdministra\u0163ieB\u0103rb\u0103te\u0219ti Prim\u0103ria B\u0103rb\u0103te\u0219ti a semnat contractul pentru modernizarea \u0219i reducerea consumului de energie la \u0219coala din localitate. Proiectul are o valoare de 10.129.852,83 lei \u0219i este cofinan\u021bat de Uniunea European\u0103 prin Programul Regional Sud-Vest Oltenia. Lucr\u0103rile trebuie \u00eencheiate p\u00e2n\u0103 \u00een luna iunie 2028. \u0218coala va fi ref\u0103cut\u0103 Proiectul prevede [&hellip;]<\/p>\n","protected":false},"author":1,"featured_media":0,"comment_status":"open","ping_status":"","sticky":false,"template":"","format":"standard","meta":{"footnotes":""},"categories":[89],"tags":[226,212],"class_list":["post-2103211","post","type-post","status-publish","format-standard","hentry","category-romania","tag-crawlmanager","tag-impactreal-ro"],"_links":{"self":[{"href":"https:\/\/analyse.optim.biz\/index.php?rest_route=\/wp\/v2\/posts\/2103211","targetHints":{"allow":["GET"]}}],"collection":[{"href":"https:\/\/analyse.optim.biz\/index.php?rest_route=\/wp\/v2\/posts"}],"about":[{"href":"https:\/\/analyse.optim.biz\/index.php?rest_route=\/wp\/v2\/types\/post"}],"author":[{"embeddable":true,"href":"https:\/\/analyse.optim.biz\/index.php?rest_route=\/wp\/v2\/users\/1"}],"replies":[{"embeddable":true,"href":"https:\/\/analyse.optim.biz\/index.php?rest_route=%2Fwp%2Fv2%2Fcomments&post=2103211"}],"version-history":[{"count":0,"href":"https:\/\/analyse.optim.biz\/index.php?rest_route=\/wp\/v2\/posts\/2103211\/revisions"}],"wp:attachment":[{"href":"https:\/\/analyse.optim.biz\/index.php?rest_route=%2Fwp%2Fv2%2Fmedia&parent=2103211"}],"wp:term":[{"taxonomy":"category","embeddable":true,"href":"https:\/\/analyse.optim.biz\/index.php?rest_route=%2Fwp%2Fv2%2Fcategories&post=2103211"},{"taxonomy":"post_tag","embeddable":true,"href":"https:\/\/analyse.optim.biz\/index.php?rest_route=%2Fwp%2Fv2%2Ftags&post=2103211"}],"curies":[{"name":"wp","href":"https:\/\/api.w.org\/{rel}","templated":true}]}}