{"id":2103207,"date":"2026-08-20T15:48:17","date_gmt":"2026-08-20T12:48:17","guid":{"rendered":"https:\/\/analyse.optim.biz\/?p=2103207"},"modified":"2026-08-20T15:48:17","modified_gmt":"2026-08-20T12:48:17","slug":"caragiale-ajunge-pe-scena-din-barbatesti-trupa-arlechin-aduce-umorul-si-muzica-de-altadata-in-spectacolul-lumea-lu-nenea-iancu","status":"publish","type":"post","link":"https:\/\/analyse.optim.biz\/?p=2103207","title":{"rendered":"Caragiale ajunge pe scena din B\u0103rb\u0103te\u0219ti. Trupa Arlechin aduce umorul \u0219i muzica de alt\u0103dat\u0103 \u00een spectacolul \u201eLumea lu\u2019 Nenea Iancu\u201d"},"content":{"rendered":"<p>[analyse_image type=&#8221;featured&#8221; src=&#8221;https:\/\/www.impactreal.ro\/wp-content\/uploads\/2026\/08\/barbatesti-2026-TEATRU.jpg&#8221;]<\/p>\n<div class=\"single-news-content\">\n<div class=\"news-image\"><img loading=\"lazy\" decoding=\"async\" width=\"624\" height=\"720\" src=\"https:\/\/www.impactreal.ro\/wp-content\/uploads\/2026\/08\/barbatesti-2026-TEATRU.jpg\" class=\"img-responsive wp-post-image\" alt=\"Caragiale ajunge pe scena din B\u0103rb\u0103te\u0219ti. Trupa Arlechin aduce umorul \u0219i muzica de alt\u0103dat\u0103 \u00een spectacolul \u201eLumea lu\u2019 Nenea Iancu\u201d\"><\/div>\n<div class=\"news-detail clearfix\">\n<div class=\"entry-meta\"><span class=\"posted-date\"><a href=\"https:\/\/www.impactreal.ro\/2026\/08\/20\/caragiale-ajunge-pe-scena-din-barbatesti-trupa-arlechin-aduce-umorul-si-muzica-de-altadata-in-spectacolul-lumea-lu-nenea-iancu\/\" rel=\"bookmark\"><time class=\"entry-date published updated\" datetime=\"2026-08-20T18:48:17+03:00\">20 august 2026<\/time><\/a><\/span><span class=\"author vcard\"><a href=\"https:\/\/www.impactreal.ro\/author\/claudia-schiopu\/\">Claudia Schiopu<\/a><\/span><span class=\"cat-links\"><a href=\"https:\/\/www.impactreal.ro\/category\/administratie\/\" rel=\"category tag\">Administra\u0163ie<\/a><a href=\"https:\/\/www.impactreal.ro\/category\/barbatesti\/\" rel=\"category tag\">B\u0103rb\u0103te\u0219ti<\/a><\/span><\/div>\n<div class=\"news-content editor-content-entry\">\n<p>C\u0103minul Cultural din B\u0103rb\u0103te\u0219ti \u00ee\u0219i deschide por\u021bile s\u00e2mb\u0103t\u0103, 22 august, pentru o sear\u0103 dedicat\u0103 teatrului rom\u00e2nesc. De la ora 19:00, Trupa Arlechin prezint\u0103 spectacolul \u201eLumea lu\u2019 Nenea Iancu\u201d, inspirat din personajele \u0219i atmosfera create de Ion Luca Caragiale.<\/p>\n<p>Publicul va putea urm\u0103ri o c\u0103l\u0103torie artistic\u0103 \u00een Bucure\u0219tiul de alt\u0103dat\u0103, cu umor, muzic\u0103 \u0219i personaje cunoscute din opera marelui dramaturg. Spectacolul se adreseaz\u0103 tuturor celor care iubesc teatrul \u0219i doresc s\u0103 petreac\u0103 o sear\u0103 relaxant\u0103 al\u0103turi de familie.<\/p>\n<p><strong><u>Caragiale, pe scena din B\u0103rb\u0103te\u0219ti<\/u><\/strong><\/p>\n<p>Trupa Arlechin promite o reprezenta\u021bie \u00een care replicile pline de haz se \u00eempletesc firesc cu muzica \u0219i atmosfera vremurilor trecute.<\/p>\n<p>\u201e<strong><em>Trupa de Teatru Arlechin v\u0103 invit\u0103 s\u0103 facem \u00eempreun\u0103 o c\u0103l\u0103torie \u00een lumea fascinant\u0103 a lui Caragiale. Umorul \u0219i muzica vor aduce pe scen\u0103 frumuse\u021bea \u0219i parfumul vremurilor de alt\u0103dat\u0103. V\u0103 a\u0219tept\u0103m la spectacol pe 22 august, la C\u0103minul Cultural B\u0103rb\u0103te\u0219ti, \u00eencep\u00e2nd cu ora 19:00<\/em><\/strong>\u201d, au transmis reprezentan\u021bii trupei.<\/p>\n<p>Dup\u0103 reprezenta\u021bia de la B\u0103rb\u0103te\u0219ti, spectacolul va fi prezentat pe 29 august la Casa de Cultur\u0103 \u201eConstantin Br\u00e2ncoveanu\u201d din Horezu.<\/p>\n<p><strong><u>Invita\u021bia primarului<\/u><\/strong><\/p>\n<p>Primarul comunei B\u0103rb\u0103te\u0219ti, Bogdan P\u0103unei, \u00eei invit\u0103 pe locuitorii comunei, dar \u0219i pe cei din localit\u0103\u021bile apropiate, s\u0103 participe la aceast\u0103 sear\u0103 de teatru:<\/p>\n<p>\u201e<strong><em>\u00cei invit pe cet\u0103\u021benii comunei B\u0103rb\u0103te\u0219ti \u0219i pe to\u021bi cei care iubesc teatrul s\u0103 vin\u0103 s\u00e2mb\u0103t\u0103 la C\u0103minul Cultural. Trupa Arlechin a preg\u0103tit un spectacol frumos, cu mult umor \u0219i muzic\u0103. V\u0103 a\u0219tept\u0103m cu drag!<\/em><\/strong>\u201d, a transmis primarul Bogdan P\u0103unei.<\/p>\n<p>\u00a0<\/p>\n<p>\u00a0<\/p>\n<p>\u00a0<\/p>\n<p>\u00a0<\/p>\n<\/div>\n<\/div>\n<\/div>\n<div class=\"news-content editor-content-entry\">\n<p>C\u0103minul Cultural din B\u0103rb\u0103te\u0219ti \u00ee\u0219i deschide por\u021bile s\u00e2mb\u0103t\u0103, 22 august, pentru o sear\u0103 dedicat\u0103 teatrului rom\u00e2nesc. De la ora 19:00, Trupa Arlechin prezint\u0103 spectacolul \u201eLumea lu\u2019 Nenea Iancu\u201d, inspirat din personajele \u0219i atmosfera create de Ion Luca Caragiale.<\/p>\n<p>Publicul va putea urm\u0103ri o c\u0103l\u0103torie artistic\u0103 \u00een Bucure\u0219tiul de alt\u0103dat\u0103, cu umor, muzic\u0103 \u0219i personaje cunoscute din opera marelui dramaturg. Spectacolul se adreseaz\u0103 tuturor celor care iubesc teatrul \u0219i doresc s\u0103 petreac\u0103 o sear\u0103 relaxant\u0103 al\u0103turi de familie.<\/p>\n<p><strong><u>Caragiale, pe scena din B\u0103rb\u0103te\u0219ti<\/u><\/strong><\/p>\n<p>Trupa Arlechin promite o reprezenta\u021bie \u00een care replicile pline de haz se \u00eempletesc firesc cu muzica \u0219i atmosfera vremurilor trecute.<\/p>\n<p>\u201e<strong><em>Trupa de Teatru Arlechin v\u0103 invit\u0103 s\u0103 facem \u00eempreun\u0103 o c\u0103l\u0103torie \u00een lumea fascinant\u0103 a lui Caragiale. Umorul \u0219i muzica vor aduce pe scen\u0103 frumuse\u021bea \u0219i parfumul vremurilor de alt\u0103dat\u0103. V\u0103 a\u0219tept\u0103m la spectacol pe 22 august, la C\u0103minul Cultural B\u0103rb\u0103te\u0219ti, \u00eencep\u00e2nd cu ora 19:00<\/em><\/strong>\u201d, au transmis reprezentan\u021bii trupei.<\/p>\n<p>Dup\u0103 reprezenta\u021bia de la B\u0103rb\u0103te\u0219ti, spectacolul va fi prezentat pe 29 august la Casa de Cultur\u0103 \u201eConstantin Br\u00e2ncoveanu\u201d din Horezu.<\/p>\n<p><strong><u>Invita\u021bia primarului<\/u><\/strong><\/p>\n<p>Primarul comunei B\u0103rb\u0103te\u0219ti, Bogdan P\u0103unei, \u00eei invit\u0103 pe locuitorii comunei, dar \u0219i pe cei din localit\u0103\u021bile apropiate, s\u0103 participe la aceast\u0103 sear\u0103 de teatru:<\/p>\n<p>\u201e<strong><em>\u00cei invit pe cet\u0103\u021benii comunei B\u0103rb\u0103te\u0219ti \u0219i pe to\u021bi cei care iubesc teatrul s\u0103 vin\u0103 s\u00e2mb\u0103t\u0103 la C\u0103minul Cultural. Trupa Arlechin a preg\u0103tit un spectacol frumos, cu mult umor \u0219i muzic\u0103. V\u0103 a\u0219tept\u0103m cu drag!<\/em><\/strong>\u201d, a transmis primarul Bogdan P\u0103unei.<\/p>\n<p>\u00a0<\/p>\n<p>\u00a0<\/p>\n<p>\u00a0<\/p>\n<p>\u00a0<\/p>\n<\/div>\n<div class=\"news-content editor-content-entry\">\n<p>C\u0103minul Cultural din B\u0103rb\u0103te\u0219ti \u00ee\u0219i deschide por\u021bile s\u00e2mb\u0103t\u0103, 22 august, pentru o sear\u0103 dedicat\u0103 teatrului rom\u00e2nesc. De la ora 19:00, Trupa Arlechin prezint\u0103 spectacolul \u201eLumea lu\u2019 Nenea Iancu\u201d, inspirat din personajele \u0219i atmosfera create de Ion Luca Caragiale.<\/p>\n<p>Publicul va putea urm\u0103ri o c\u0103l\u0103torie artistic\u0103 \u00een Bucure\u0219tiul de alt\u0103dat\u0103, cu umor, muzic\u0103 \u0219i personaje cunoscute din opera marelui dramaturg. Spectacolul se adreseaz\u0103 tuturor celor care iubesc teatrul \u0219i doresc s\u0103 petreac\u0103 o sear\u0103 relaxant\u0103 al\u0103turi de familie.<\/p>\n<p><strong><u>Caragiale, pe scena din B\u0103rb\u0103te\u0219ti<\/u><\/strong><\/p>\n<p>Trupa Arlechin promite o reprezenta\u021bie \u00een care replicile pline de haz se \u00eempletesc firesc cu muzica \u0219i atmosfera vremurilor trecute.<\/p>\n<p>\u201e<strong><em>Trupa de Teatru Arlechin v\u0103 invit\u0103 s\u0103 facem \u00eempreun\u0103 o c\u0103l\u0103torie \u00een lumea fascinant\u0103 a lui Caragiale. Umorul \u0219i muzica vor aduce pe scen\u0103 frumuse\u021bea \u0219i parfumul vremurilor de alt\u0103dat\u0103. V\u0103 a\u0219tept\u0103m la spectacol pe 22 august, la C\u0103minul Cultural B\u0103rb\u0103te\u0219ti, \u00eencep\u00e2nd cu ora 19:00<\/em><\/strong>\u201d, au transmis reprezentan\u021bii trupei.<\/p>\n<p>Dup\u0103 reprezenta\u021bia de la B\u0103rb\u0103te\u0219ti, spectacolul va fi prezentat pe 29 august la Casa de Cultur\u0103 \u201eConstantin Br\u00e2ncoveanu\u201d din Horezu.<\/p>\n<p><strong><u>Invita\u021bia primarului<\/u><\/strong><\/p>\n<p>Primarul comunei B\u0103rb\u0103te\u0219ti, Bogdan P\u0103unei, \u00eei invit\u0103 pe locuitorii comunei, dar \u0219i pe cei din localit\u0103\u021bile apropiate, s\u0103 participe la aceast\u0103 sear\u0103 de teatru:<\/p>\n<p>\u201e<strong><em>\u00cei invit pe cet\u0103\u021benii comunei B\u0103rb\u0103te\u0219ti \u0219i pe to\u021bi cei care iubesc teatrul s\u0103 vin\u0103 s\u00e2mb\u0103t\u0103 la C\u0103minul Cultural. Trupa Arlechin a preg\u0103tit un spectacol frumos, cu mult umor \u0219i muzic\u0103. V\u0103 a\u0219tept\u0103m cu drag!<\/em><\/strong>\u201d, a transmis primarul Bogdan P\u0103unei.<\/p>\n<p>\u00a0<\/p>\n<p>\u00a0<\/p>\n<p>\u00a0<\/p>\n<p>\u00a0<\/p>\n<\/div>\n<p>[analyse_source url=&#8221;https:\/\/www.impactreal.ro\/2026\/08\/20\/caragiale-ajunge-pe-scena-din-barbatesti-trupa-arlechin-aduce-umorul-si-muzica-de-altadata-in-spectacolul-lumea-lu-nenea-iancu\/&#8221;]<\/p>\n","protected":false},"excerpt":{"rendered":"<p>[analyse_image type=&#8221;featured&#8221; src=&#8221;https:\/\/www.impactreal.ro\/wp-content\/uploads\/2026\/08\/barbatesti-2026-TEATRU.jpg&#8221;] 20 august 2026Claudia SchiopuAdministra\u0163ieB\u0103rb\u0103te\u0219ti C\u0103minul Cultural din B\u0103rb\u0103te\u0219ti \u00ee\u0219i deschide por\u021bile s\u00e2mb\u0103t\u0103, 22 august, pentru o sear\u0103 dedicat\u0103 teatrului rom\u00e2nesc. De la ora 19:00, Trupa Arlechin prezint\u0103 spectacolul \u201eLumea lu\u2019 Nenea Iancu\u201d, inspirat din personajele \u0219i atmosfera create de Ion Luca Caragiale. Publicul va putea urm\u0103ri o c\u0103l\u0103torie artistic\u0103 \u00een Bucure\u0219tiul de [&hellip;]<\/p>\n","protected":false},"author":1,"featured_media":0,"comment_status":"open","ping_status":"","sticky":false,"template":"","format":"standard","meta":{"footnotes":""},"categories":[89],"tags":[226,212],"class_list":["post-2103207","post","type-post","status-publish","format-standard","hentry","category-romania","tag-crawlmanager","tag-impactreal-ro"],"_links":{"self":[{"href":"https:\/\/analyse.optim.biz\/index.php?rest_route=\/wp\/v2\/posts\/2103207","targetHints":{"allow":["GET"]}}],"collection":[{"href":"https:\/\/analyse.optim.biz\/index.php?rest_route=\/wp\/v2\/posts"}],"about":[{"href":"https:\/\/analyse.optim.biz\/index.php?rest_route=\/wp\/v2\/types\/post"}],"author":[{"embeddable":true,"href":"https:\/\/analyse.optim.biz\/index.php?rest_route=\/wp\/v2\/users\/1"}],"replies":[{"embeddable":true,"href":"https:\/\/analyse.optim.biz\/index.php?rest_route=%2Fwp%2Fv2%2Fcomments&post=2103207"}],"version-history":[{"count":0,"href":"https:\/\/analyse.optim.biz\/index.php?rest_route=\/wp\/v2\/posts\/2103207\/revisions"}],"wp:attachment":[{"href":"https:\/\/analyse.optim.biz\/index.php?rest_route=%2Fwp%2Fv2%2Fmedia&parent=2103207"}],"wp:term":[{"taxonomy":"category","embeddable":true,"href":"https:\/\/analyse.optim.biz\/index.php?rest_route=%2Fwp%2Fv2%2Fcategories&post=2103207"},{"taxonomy":"post_tag","embeddable":true,"href":"https:\/\/analyse.optim.biz\/index.php?rest_route=%2Fwp%2Fv2%2Ftags&post=2103207"}],"curies":[{"name":"wp","href":"https:\/\/api.w.org\/{rel}","templated":true}]}}