{"id":2103200,"date":"2026-08-20T12:33:05","date_gmt":"2026-08-20T09:33:05","guid":{"rendered":"https:\/\/analyse.optim.biz\/?p=2103200"},"modified":"2026-08-20T12:33:05","modified_gmt":"2026-08-20T09:33:05","slug":"parcare-noua-aproape-de-centrul-vasluiului-85-de-locuri-vor-fi-amenajate-pe-terenul-fostului-bazar","status":"publish","type":"post","link":"https:\/\/analyse.optim.biz\/?p=2103200","title":{"rendered":"Parcare nou\u0103, aproape de centrul Vasluiului. 85 de locuri vor fi amenajate pe terenul fostului bazar"},"content":{"rendered":"<p>[analyse_image type=&#8221;featured&#8221; src=&#8221;https:\/\/vasluianul.ro\/wp-content\/uploads\/2026\/08\/parcare-fostul-bazar-vaslui-44.jpg&#8221;]<\/p>\n<div class=\"tdb-block-inner td-fix-index\"><time class=\"entry-date updated td-module-date\" datetime=\"2026-08-20T15:33:05+03:00\">august 20, 2026<\/time><\/div>\n<div class=\"tdb-block-inner td-fix-index\"><span>Updated:<\/span><time class=\"entry-date updated td-module-date\" datetime=\"2026-08-20T15:33:05+03:00\">august 20, 2026<\/time><\/div>\n<div class=\"tdb-block-inner td-fix-index\">\n<h1 class=\"tdb-title-text\">Parcare nou\u0103, aproape de centrul Vasluiului. 85 de locuri vor fi amenajate pe terenul fostului bazar<\/h1>\n<\/div>\n<div class=\"tdb-block-inner td-fix-index\"><a class=\"tdb-author-photo\" href=\"https:\/\/vasluianul.ro\/author\/mambutul\/\" title=\"admin\"><img loading=\"lazy\" decoding=\"async\" alt=\"admin\" src=\"https:\/\/secure.gravatar.com\/avatar\/96214ba59a3904a87e4c1403dcd2c5787166527e7b72e0707dffdad663f4ffdd?s=34&amp;d=identicon&amp;r=g\" class=\"avatar avatar-34 photo\" height=\"34\" width=\"34\" data-eio=\"l\"><\/a><\/p>\n<div class=\"tdb-author-name-wrap\"><span class=\"tdb-author-by\">By<\/span><a class=\"tdb-author-name\" href=\"https:\/\/vasluianul.ro\/author\/mambutul\/\">admin<\/a><\/div>\n<\/div>\n<div class=\"tdb-block-inner td-fix-index\"><a href=\"https:\/\/vasluianul.ro\/wp-content\/uploads\/2026\/08\/parcare-fostul-bazar-vaslui-44.jpg\" data-caption><img loading=\"lazy\" decoding=\"async\" width=\"1068\" height=\"801\" class=\"entry-thumb td-modal-image\" src=\"https:\/\/vasluianul.ro\/wp-content\/uploads\/2026\/08\/parcare-fostul-bazar-vaslui-44-1068x801.jpg.webp\" alt title=\"parcare fostul bazar vaslui 44\" data-eio=\"l\"><\/a><\/div>\n<div class=\"td_block_wrap tdb_single_content tdi_75 td-pb-border-top td_block_template_1 td-post-content tagdiv-type\" data-td-block-uid=\"tdi_75\">\n<div class=\"tdb-block-inner td-fix-index\">\n<div class=\"vtp-article-views\" aria-label=\"Num\u0103r vizualiz\u0103ri articol\"><span class=\"vtp-eye\" aria-hidden=\"true\">\ud83d\udc41<\/span><strong>50<\/strong> vizualiz\u0103ri<\/div>\n<p class=\"isSelectedEnd\"><span><strong>INVESTI\u021aIE\u2026 Locul fostului bazar de pe strada Decebal din Vaslui va fi transformat \u00eentr-o nou\u0103 parcare. Comisia Tehnico-Economic\u0103 din cadrul Prim\u0103riei Vaslui a aprobat, joi, 20 august, proiectul care prevede amenajarea a 85 de locuri pentru autoturisme, biciclete \u0219i motociclete. Investi\u021bia va fi finan\u021bat\u0103 din banii ob\u021binu\u021bi de municipalitate din administrarea parc\u0103rilor publice cu plat\u0103.<\/strong><\/span><\/p>\n<div class=\"code-block code-block-1\"><a href=\"https:\/\/vasluianul.ro\/parcare-noua-vaslui-fostul-bazar-decebal\/DESTINATION\"><img decoding=\"async\" src=\"https:\/\/vasluianul.ro\/wp-content\/uploads\/2022\/06\/reclama-vechia-roma-2.jpeg%0A\" data-eio=\"l\"><\/a><\/div>\n<p class=\"isSelectedEnd\"><span>Prim\u0103ria Vaslui face un nou pas pentru amenajarea terenului pe care a func\u021bionat vechiul bazar, de pe strada Decebal. \u00cen \u0219edin\u021ba de joi, 20 august, Comisia Tehnico-Economic\u0103 a aprobat realizarea unei noi parc\u0103ri \u00een aceast\u0103 zon\u0103.<strong> Proiectul prevede spa\u021bii verzi, iluminat public modern \u0219i dou\u0103 locuri dotate cu sta\u021bii pentru \u00eenc\u0103rcarea ma\u0219inilor electrice.<\/strong><\/span><\/p>\n<p class=\"isSelectedEnd\"><span><em>\u201dAst\u0103zi, 20 august 2026, \u00een cadrul \u0219edin\u021bei Comisiei Tehnico-Economice a fost aprobat\u0103 amenajarea unei noi parc\u0103ri auto \u00een incinta vechiului bazar (strada Decebal). Acest proiect, absolut necesar pentru suplimentarea locurilor de parcare din municipiu, va fi realizat prin reinvestirea sumelor generate de parc\u0103rile stradale cu plat\u0103\u201d,<\/em> anun\u021b\u0103 Prim\u0103ria<\/span><\/p>\n<aside class=\"vva-wrap\" aria-label=\"PUBLICITATE\">\n<div class=\"vva-label\">PUBLICITATE<\/div>\n<p><a class=\"vva-link\" href=\"https:\/\/www.facebook.com\/FamiliaSafir\" target=\"_blank\" rel=\"noopener sponsored\"><video class=\"vva-video\" data-max-seconds=\"21\" playsinline preload=\"metadata\" autoplay muted controls><source src=\"https:\/\/vasluianul.ro\/wp-content\/uploads\/2026\/07\/safir-campanie-iulie-2026.mp4\" \/><\/video><\/a><\/aside>\n<div class=\"vam4-ad vam4-device-mobile\" data-ad-id=\"6\">\n<div class=\"vam4-label\">PUBLICITATE<\/div>\n<div class=\"vam4-frame\"><img decoding=\"async\" src=\"https:\/\/vasluianul.ro\/wp-content\/uploads\/2026\/06\/concurs-familia-safir-.png\" alt=\"Safir\" loading=\"lazy\" data-eio=\"l\"><\/div>\n<\/div>\n<p class=\"isSelectedEnd\"><span>Veniturile ob\u021binute \u00een urma investi\u021biilor realizate anul trecut pentru gestionarea parc\u0103rilor publice vor fi direc\u021bionate c\u0103tre extinderea infrastructurii urbane.<\/span><\/p>\n<aside class=\"vcs-box vcs-style-red vcs-layout-vertical\" aria-label=\"Cite\u0219te \u0219i\"><a class=\"vcs-link\" href=\"https:\/\/vasluianul.ro\/dumitru-marin-cetatean-onoare-vaslui-proces\/\"><span class=\"vcs-photo\"><img decoding=\"async\" src=\"https:\/\/vasluianul.ro\/wp-content\/uploads\/2026\/08\/772663904_2824790151235438_5809831799948482558_n-768x512.jpg.webp\" alt=\"Scandal la Vaslui. Dumitru Marin a dat \u00een judecat\u0103 Prim\u0103ria, dup\u0103 acordarea titlurilor de Cet\u0103\u021bean de Onoare\" loading=\"lazy\" title=\"Parcare nou\u0103, aproape de centrul Vasluiului. 85 de locuri vor fi amenajate pe terenul fostului bazar 1\" data-eio=\"l\"><\/span><span class=\"vcs-content\"><span class=\"vcs-label\">CITE\u0218TE \u0218I<\/span><span class=\"vcs-title\">Scandal la Vaslui. Dumitru Marin a dat \u00een judecat\u0103 Prim\u0103ria, dup\u0103 acordarea titlurilor de Cet\u0103\u021bean de Onoare<\/span><\/span><\/a><\/aside>\n<h3><span>85 de locuri pentru ma\u0219ini, biciclete \u0219i motociclete<\/span><\/h3>\n<p class=\"isSelectedEnd\"><span>Noua parcare va avea \u00een total <strong>85 de locuri<\/strong>. Dintre acestea, 71 vor fi locuri standard pentru autoturisme, trei vor fi destinate persoanelor cu dizabilit\u0103\u021bi, opt bicicletelor \u0219i trei motocicletelor.<\/span><\/p>\n<p class=\"isSelectedEnd\"><span>\u00cen plus, proiectul tehnic prevede amenajarea unor spa\u021bii verzi \u00een vecin\u0103tatea parc\u0103rii \u0219i realizarea unui sistem modern de iluminat public.<\/span><\/p>\n<p class=\"isSelectedEnd\"><span>Dou\u0103 dintre locurile pentru autoturisme vor beneficia de sta\u021bii de \u00eenc\u0103rcare pentru vehicule electrice.<\/span><\/p>\n<h3><span>Lucian Brani\u0219te: \u201eFondurile ob\u021binute din parc\u0103ri sunt reinvestite\u201d<\/span><\/h3>\n<p class=\"isSelectedEnd\"><span>Primarul municipiului Vaslui, Lucian Brani\u0219te, sus\u021bine c\u0103 investi\u021bia reprezint\u0103 una dintre modalit\u0103\u021bile prin care banii \u00eencasa\u021bi din parc\u0103rile cu plat\u0103 se \u00eentorc \u00een infrastructura ora\u0219ului.<\/span><\/p>\n<div class=\"vam4-ad vam4-device-all\" data-ad-id=\"2\">\n<div class=\"vam4-label\">PUBLICITATE<\/div>\n<div class=\"vam4-frame\"><a class=\"vam4-click\" href=\"https:\/\/www.facebook.com\/filliscoffeeshop\" target=\"_blank\" rel=\"sponsored noopener\"><img decoding=\"async\" src=\"https:\/\/vasluianul.ro\/wp-content\/uploads\/2026\/07\/silver-mall-AI.jpg.webp\" alt=\"Filli`s\" loading=\"lazy\" data-eio=\"l\"><\/a><\/div>\n<\/div>\n<p><img loading=\"lazy\" decoding=\"async\" class=\"alignnone size-full wp-image-84708\" src=\"https:\/\/vasluianul.ro\/wp-content\/uploads\/2026\/08\/lucian-braniste-55.jpg.webp\" alt=\"lucian braniste 55\" width=\"2039\" height=\"1359\" title=\"Parcare nou\u0103, aproape de centrul Vasluiului. 85 de locuri vor fi amenajate pe terenul fostului bazar 2\" data-eio=\"l\"><\/p>\n<p class=\"isSelectedEnd\"><span><em>\u201dFondurile ob\u021binute din administrarea parc\u0103rilor publice sunt reinvestite \u00een proiecte destinate vasluienilor. Aprobarea obiectivului de pe strada Decebal este o m\u0103sur\u0103 administrativ\u0103 prin care utiliz\u0103m resursele colectate pentru a r\u0103spunde nevoilor reale ale cet\u0103\u021benilor, asigur\u00e2nd extinderea infrastructurii \u0219i suplimentarea locurilor de parcare \u00een municipiu\u201d<\/em>, a declarat Lucian Brani\u0219te.<\/span><\/p>\n<\/div>\n<\/div>\n<div class=\"tdb-block-inner td-fix-index\">\n<div class=\"vtp-article-views\" aria-label=\"Num\u0103r vizualiz\u0103ri articol\"><span class=\"vtp-eye\" aria-hidden=\"true\">\ud83d\udc41<\/span><strong>50<\/strong> vizualiz\u0103ri<\/div>\n<p class=\"isSelectedEnd\"><span><strong>INVESTI\u021aIE\u2026 Locul fostului bazar de pe strada Decebal din Vaslui va fi transformat \u00eentr-o nou\u0103 parcare. Comisia Tehnico-Economic\u0103 din cadrul Prim\u0103riei Vaslui a aprobat, joi, 20 august, proiectul care prevede amenajarea a 85 de locuri pentru autoturisme, biciclete \u0219i motociclete. Investi\u021bia va fi finan\u021bat\u0103 din banii ob\u021binu\u021bi de municipalitate din administrarea parc\u0103rilor publice cu plat\u0103.<\/strong><\/span><\/p>\n<div class=\"code-block code-block-1\"><a href=\"https:\/\/vasluianul.ro\/parcare-noua-vaslui-fostul-bazar-decebal\/DESTINATION\"><img decoding=\"async\" src=\"https:\/\/vasluianul.ro\/wp-content\/uploads\/2022\/06\/reclama-vechia-roma-2.jpeg%0A\" data-eio=\"l\"><\/a><\/div>\n<p class=\"isSelectedEnd\"><span>Prim\u0103ria Vaslui face un nou pas pentru amenajarea terenului pe care a func\u021bionat vechiul bazar, de pe strada Decebal. \u00cen \u0219edin\u021ba de joi, 20 august, Comisia Tehnico-Economic\u0103 a aprobat realizarea unei noi parc\u0103ri \u00een aceast\u0103 zon\u0103.<strong> Proiectul prevede spa\u021bii verzi, iluminat public modern \u0219i dou\u0103 locuri dotate cu sta\u021bii pentru \u00eenc\u0103rcarea ma\u0219inilor electrice.<\/strong><\/span><\/p>\n<p class=\"isSelectedEnd\"><span><em>\u201dAst\u0103zi, 20 august 2026, \u00een cadrul \u0219edin\u021bei Comisiei Tehnico-Economice a fost aprobat\u0103 amenajarea unei noi parc\u0103ri auto \u00een incinta vechiului bazar (strada Decebal). Acest proiect, absolut necesar pentru suplimentarea locurilor de parcare din municipiu, va fi realizat prin reinvestirea sumelor generate de parc\u0103rile stradale cu plat\u0103\u201d,<\/em> anun\u021b\u0103 Prim\u0103ria<\/span><\/p>\n<aside class=\"vva-wrap\" aria-label=\"PUBLICITATE\">\n<div class=\"vva-label\">PUBLICITATE<\/div>\n<p><a class=\"vva-link\" href=\"https:\/\/www.facebook.com\/FamiliaSafir\" target=\"_blank\" rel=\"noopener sponsored\"><video class=\"vva-video\" data-max-seconds=\"21\" playsinline preload=\"metadata\" autoplay muted controls><source src=\"https:\/\/vasluianul.ro\/wp-content\/uploads\/2026\/07\/safir-campanie-iulie-2026.mp4\" \/><\/video><\/a><\/aside>\n<div class=\"vam4-ad vam4-device-mobile\" data-ad-id=\"6\">\n<div class=\"vam4-label\">PUBLICITATE<\/div>\n<div class=\"vam4-frame\"><img decoding=\"async\" src=\"https:\/\/vasluianul.ro\/wp-content\/uploads\/2026\/06\/concurs-familia-safir-.png\" alt=\"Safir\" loading=\"lazy\" data-eio=\"l\"><\/div>\n<\/div>\n<p class=\"isSelectedEnd\"><span>Veniturile ob\u021binute \u00een urma investi\u021biilor realizate anul trecut pentru gestionarea parc\u0103rilor publice vor fi direc\u021bionate c\u0103tre extinderea infrastructurii urbane.<\/span><\/p>\n<aside class=\"vcs-box vcs-style-red vcs-layout-vertical\" aria-label=\"Cite\u0219te \u0219i\"><a class=\"vcs-link\" href=\"https:\/\/vasluianul.ro\/dumitru-marin-cetatean-onoare-vaslui-proces\/\"><span class=\"vcs-photo\"><img decoding=\"async\" src=\"https:\/\/vasluianul.ro\/wp-content\/uploads\/2026\/08\/772663904_2824790151235438_5809831799948482558_n-768x512.jpg.webp\" alt=\"Scandal la Vaslui. Dumitru Marin a dat \u00een judecat\u0103 Prim\u0103ria, dup\u0103 acordarea titlurilor de Cet\u0103\u021bean de Onoare\" loading=\"lazy\" title=\"Parcare nou\u0103, aproape de centrul Vasluiului. 85 de locuri vor fi amenajate pe terenul fostului bazar 1\" data-eio=\"l\"><\/span><span class=\"vcs-content\"><span class=\"vcs-label\">CITE\u0218TE \u0218I<\/span><span class=\"vcs-title\">Scandal la Vaslui. Dumitru Marin a dat \u00een judecat\u0103 Prim\u0103ria, dup\u0103 acordarea titlurilor de Cet\u0103\u021bean de Onoare<\/span><\/span><\/a><\/aside>\n<h3><span>85 de locuri pentru ma\u0219ini, biciclete \u0219i motociclete<\/span><\/h3>\n<p class=\"isSelectedEnd\"><span>Noua parcare va avea \u00een total <strong>85 de locuri<\/strong>. Dintre acestea, 71 vor fi locuri standard pentru autoturisme, trei vor fi destinate persoanelor cu dizabilit\u0103\u021bi, opt bicicletelor \u0219i trei motocicletelor.<\/span><\/p>\n<p class=\"isSelectedEnd\"><span>\u00cen plus, proiectul tehnic prevede amenajarea unor spa\u021bii verzi \u00een vecin\u0103tatea parc\u0103rii \u0219i realizarea unui sistem modern de iluminat public.<\/span><\/p>\n<p class=\"isSelectedEnd\"><span>Dou\u0103 dintre locurile pentru autoturisme vor beneficia de sta\u021bii de \u00eenc\u0103rcare pentru vehicule electrice.<\/span><\/p>\n<h3><span>Lucian Brani\u0219te: \u201eFondurile ob\u021binute din parc\u0103ri sunt reinvestite\u201d<\/span><\/h3>\n<p class=\"isSelectedEnd\"><span>Primarul municipiului Vaslui, Lucian Brani\u0219te, sus\u021bine c\u0103 investi\u021bia reprezint\u0103 una dintre modalit\u0103\u021bile prin care banii \u00eencasa\u021bi din parc\u0103rile cu plat\u0103 se \u00eentorc \u00een infrastructura ora\u0219ului.<\/span><\/p>\n<div class=\"vam4-ad vam4-device-all\" data-ad-id=\"2\">\n<div class=\"vam4-label\">PUBLICITATE<\/div>\n<div class=\"vam4-frame\"><a class=\"vam4-click\" href=\"https:\/\/www.facebook.com\/filliscoffeeshop\" target=\"_blank\" rel=\"sponsored noopener\"><img decoding=\"async\" src=\"https:\/\/vasluianul.ro\/wp-content\/uploads\/2026\/07\/silver-mall-AI.jpg.webp\" alt=\"Filli`s\" loading=\"lazy\" data-eio=\"l\"><\/a><\/div>\n<\/div>\n<p><img loading=\"lazy\" decoding=\"async\" class=\"alignnone size-full wp-image-84708\" src=\"https:\/\/vasluianul.ro\/wp-content\/uploads\/2026\/08\/lucian-braniste-55.jpg.webp\" alt=\"lucian braniste 55\" width=\"2039\" height=\"1359\" title=\"Parcare nou\u0103, aproape de centrul Vasluiului. 85 de locuri vor fi amenajate pe terenul fostului bazar 2\" data-eio=\"l\"><\/p>\n<p class=\"isSelectedEnd\"><span><em>\u201dFondurile ob\u021binute din administrarea parc\u0103rilor publice sunt reinvestite \u00een proiecte destinate vasluienilor. Aprobarea obiectivului de pe strada Decebal este o m\u0103sur\u0103 administrativ\u0103 prin care utiliz\u0103m resursele colectate pentru a r\u0103spunde nevoilor reale ale cet\u0103\u021benilor, asigur\u00e2nd extinderea infrastructurii \u0219i suplimentarea locurilor de parcare \u00een municipiu\u201d<\/em>, a declarat Lucian Brani\u0219te.<\/span><\/p>\n<\/div>\n<div class=\"tdb-block-inner td-fix-index\"><a href=\"https:\/\/vasluianul.ro\/author\/mambutul\/\" class=\"tdb-author-photo\" title=\"admin\"><img loading=\"lazy\" decoding=\"async\" alt=\"admin\" src=\"https:\/\/secure.gravatar.com\/avatar\/96214ba59a3904a87e4c1403dcd2c5787166527e7b72e0707dffdad663f4ffdd?s=96&amp;d=identicon&amp;r=g\" class=\"avatar avatar-96 photo\" height=\"96\" width=\"96\" data-eio=\"l\"><\/a><\/p>\n<div class=\"tdb-author-info\"><a href=\"https:\/\/vasluianul.ro\/author\/mambutul\/\" class=\"tdb-author-name\">admin<\/a><\/div>\n<\/div>\n<div class=\"tdb-block-inner td-fix-index\">\n<div class=\"comments\" id=\"comments\">\n<div id=\"respond\" class=\"comment-respond\">\n<h3 id=\"reply-title\" class=\"comment-reply-title\">L\u0102SA\u021aI UN MESAJ <small><a rel=\"nofollow\" id=\"cancel-comment-reply-link\" href=\"https:\/\/vasluianul.ro\/parcare-noua-vaslui-fostul-bazar-decebal\/#respond\">Renun\u021ba\u021bi la r\u0103spuns<\/a><\/small><\/h3>\n<div class=\"comment-form-input-wrap td-form-comment\">\n<div class=\"td-warning-comment\">V\u0103 rug\u0103m s\u0103 introduce\u021bi comentariul dvs.!<\/div>\n<\/div>\n<div class=\"comment-form-input-wrap td-form-author\">\n<div class=\"td-warning-author\">Introduce\u021bi aici numele dvs.<\/div>\n<\/div>\n<div class=\"comment-form-input-wrap td-form-email\">\n<div class=\"td-warning-email-error\">A\u021bi introdus o adres\u0103 de e-mail incorect\u0103!<\/div>\n<div class=\"td-warning-email\">V\u0103 rug\u0103m s\u0103 introduce\u021bi adresa dvs. de e-mail aici<\/div>\n<\/div>\n<\/div>\n<\/div>\n<\/div>\n<p>[analyse_source url=&#8221;https:\/\/vasluianul.ro\/parcare-noua-vaslui-fostul-bazar-decebal\/#new_tab&#8221;]<\/p>\n","protected":false},"excerpt":{"rendered":"<p>[analyse_image type=&#8221;featured&#8221; src=&#8221;https:\/\/vasluianul.ro\/wp-content\/uploads\/2026\/08\/parcare-fostul-bazar-vaslui-44.jpg&#8221;] august 20, 2026 Updated:august 20, 2026 Parcare nou\u0103, aproape de centrul Vasluiului. 85 de locuri vor fi amenajate pe terenul fostului bazar Byadmin \ud83d\udc4150 vizualiz\u0103ri INVESTI\u021aIE\u2026 Locul fostului bazar de pe strada Decebal din Vaslui va fi transformat \u00eentr-o nou\u0103 parcare. Comisia Tehnico-Economic\u0103 din cadrul Prim\u0103riei Vaslui a aprobat, joi, 20 august, [&hellip;]<\/p>\n","protected":false},"author":1,"featured_media":0,"comment_status":"open","ping_status":"","sticky":false,"template":"","format":"standard","meta":{"footnotes":""},"categories":[89],"tags":[226,217],"class_list":["post-2103200","post","type-post","status-publish","format-standard","hentry","category-romania","tag-crawlmanager","tag-vaslui-robo-stiri-ro"],"_links":{"self":[{"href":"https:\/\/analyse.optim.biz\/index.php?rest_route=\/wp\/v2\/posts\/2103200","targetHints":{"allow":["GET"]}}],"collection":[{"href":"https:\/\/analyse.optim.biz\/index.php?rest_route=\/wp\/v2\/posts"}],"about":[{"href":"https:\/\/analyse.optim.biz\/index.php?rest_route=\/wp\/v2\/types\/post"}],"author":[{"embeddable":true,"href":"https:\/\/analyse.optim.biz\/index.php?rest_route=\/wp\/v2\/users\/1"}],"replies":[{"embeddable":true,"href":"https:\/\/analyse.optim.biz\/index.php?rest_route=%2Fwp%2Fv2%2Fcomments&post=2103200"}],"version-history":[{"count":0,"href":"https:\/\/analyse.optim.biz\/index.php?rest_route=\/wp\/v2\/posts\/2103200\/revisions"}],"wp:attachment":[{"href":"https:\/\/analyse.optim.biz\/index.php?rest_route=%2Fwp%2Fv2%2Fmedia&parent=2103200"}],"wp:term":[{"taxonomy":"category","embeddable":true,"href":"https:\/\/analyse.optim.biz\/index.php?rest_route=%2Fwp%2Fv2%2Fcategories&post=2103200"},{"taxonomy":"post_tag","embeddable":true,"href":"https:\/\/analyse.optim.biz\/index.php?rest_route=%2Fwp%2Fv2%2Ftags&post=2103200"}],"curies":[{"name":"wp","href":"https:\/\/api.w.org\/{rel}","templated":true}]}}