{"id":2103160,"date":"2026-08-20T17:39:09","date_gmt":"2026-08-20T14:39:09","guid":{"rendered":"https:\/\/analyse.optim.biz\/?p=2103160"},"modified":"2026-08-20T17:39:09","modified_gmt":"2026-08-20T14:39:09","slug":"memoria-eroilor-si-a-veteranilor-de-razboi-din-regimentul-6-artilerie-grea-tribunul-axente-sever","status":"publish","type":"post","link":"https:\/\/analyse.optim.biz\/?p=2103160","title":{"rendered":"Memoria eroilor \u015fi a veteranilor de r\u0103zboi din Regimentul 6 Artilerie Grea &#8220;Tribunul Axente Sever&#8221;"},"content":{"rendered":"<p>[analyse_image type=&#8221;featured&#8221; src=&#8221;https:\/\/renasterea.ro\/ro\/wp-content\/uploads\/2026\/08\/regimentul-6.jpghttps:\/\/renasterea.ro\/ro\/wp-content\/uploads\/2026\/08\/regimentul-6.jpg&#8221;]<\/p>\n<div class=\"entry-content\"><img loading=\"lazy\" decoding=\"async\" width=\"690\" height=\"460\" src=\"https:\/\/renasterea.ro\/ro\/wp-content\/uploads\/2026\/08\/regimentul-6-690x460.jpg\" class=\"attachment-medium size-medium wp-post-image\" alt=\"Memoria eroilor \u015fi a veteranilor de r\u0103zboi din Regimentul 6 Artilerie Grea &quot;Tribunul Axente Sever&quot; a fost cinstit\u0103 la Catedrala Mitropolitan\u0103 din Timi\u015foara\" title=\"Memoria eroilor \u015fi a veteranilor de r\u0103zboi din Regimentul 6 Artilerie Grea &quot;Tribunul Axente Sever&quot; a fost cinstit\u0103 la Catedrala Mitropolitan\u0103 din Timi\u015foara 1\"><\/p>\n<h4>Memoria eroilor \u015fi a veteranilor de r\u0103zboi din Regimentul 6 Artilerie Grea ,,Tribunul Axente Sever\u201d a fost cinstit\u0103 \u00een cadrul unui serviciu religios, oficiat \u00een Catedrala Mitropolitan\u0103 din Timi\u015foara miercuri, 20 august, de la ora 9,30.<\/h4>\n<p>Militarii din Brigada 18 Cercetare Supraveghere ,,Decebal\u201d, reprezentan\u021bii Asocia\u021biei Na\u021bionale a Veteranilor de R\u0103zboi\u2014Filiala Timi\u0219, ai Asocia\u021biei Na\u021bionale ,,Cultul Eroilor\u201d\u2014Filiala Timi\u0219, al\u0103turi de urma\u015fii veteranilor de r\u0103zboi din Regimentul 6 Artilerie Grea ,,Tribunul Axente Sever\u201d au depus apoi o coroan\u0103 de flori la placa memorial\u0103 ridicat\u0103 \u00een cinstea militarilor din acest regiment, aflat\u0103 \u00een incinta sediului Muzeului Banatului din Timi\u015foara.<\/p>\n<p><img loading=\"lazy\" decoding=\"async\" class=\"alignnone size-full wp-image-304085\" src=\"https:\/\/renasterea.ro\/ro\/wp-content\/uploads\/2026\/08\/comemorare-eroi-timisoara.jpg\" alt=\"Memoria eroilor \u015fi a veteranilor de r\u0103zboi din Regimentul 6 Artilerie Grea &quot;Tribunul Axente Sever&quot; a fost cinstit\u0103 la Catedrala Mitropolitan\u0103 din Timi\u015foara\" width=\"650\" height=\"433\" title=\"Memoria eroilor \u015fi a veteranilor de r\u0103zboi din Regimentul 6 Artilerie Grea &quot;Tribunul Axente Sever&quot; a fost cinstit\u0103 la Catedrala Mitropolitan\u0103 din Timi\u015foara 2\"><\/p>\n<p>Finalul comemor\u0103rii eroilor \u015fi a veteranilor de r\u0103zboi din Regimentul 6 Artilerie Grea ,,Tribunul Ioan Axente Sever\u201d a fost marcat solemn prin intonarea ,,Stingerii\u201d de trompetul Muzicii Militare al Brig\u0103zii 18 Cercetare Supraveghere ,,Decebal\u201d.<\/p>\n<p>Evenimentele au fost realizate de urma\u015fii veteranilor de r\u0103zboi din Regimentul 6 Artilerie Grea ,,Tribunul Axente Sever\u201d, cu sprijinul Arhiepiscopiei Timi\u015foarei, Brig\u0103zii 18 Cercetare Supraveghere \u201eDecebal\u201d, Consiliului Jude\u021bean Timi\u0219, Asocia\u021biei Na\u021bionale a Veteranilor de R\u0103zboi\u2014Filiala Timi\u0219, ai Asocia\u021biei Na\u021bionale ,,Cultul Eroilor\u201d\u2014Filiala Timi\u0219, ai Muzeului Na\u0163ional al Banatului \u015fi Erba\u0219u General Construct S. A.<\/p>\n<p><img loading=\"lazy\" decoding=\"async\" class=\"alignnone size-full wp-image-304087\" src=\"https:\/\/renasterea.ro\/ro\/wp-content\/uploads\/2026\/08\/regimentul-6-timisoara.jpg\" alt=\"Memoria eroilor \u015fi a veteranilor de r\u0103zboi din Regimentul 6 Artilerie Grea &quot;Tribunul Axente Sever&quot; a fost cinstit\u0103 la Catedrala Mitropolitan\u0103 din Timi\u015foara\" width=\"777\" height=\"424\" title=\"Memoria eroilor \u015fi a veteranilor de r\u0103zboi din Regimentul 6 Artilerie Grea &quot;Tribunul Axente Sever&quot; a fost cinstit\u0103 la Catedrala Mitropolitan\u0103 din Timi\u015foara 3\"><\/p>\n<p>\u00cenfiin\u0163at \u00een 1923, Regimentul 6 Artilerie Grea rom\u00e2n a avut garnizoana de re\u015fedin\u0163\u0103 la Alba Iulia, comuna Flore\u015fti (jude\u0163ul Cluj), Sibiu \u015fi Timi\u015foara (sediul Muzeului Banatului din Pia\u0163a Huniade nr. 1).<\/p>\n<p>A participat la campania armatei rom\u00e2ne \u00eempotriva Uniunii Sovietice de la \u00eenceputul acesteia (22 iunie 1941), sprijinind ac\u0163iunile de lupt\u0103 ale trupelor rom\u00e2ne si germane la trecerea Prutului (3 iulie 1941), trecerea Nistrului (17-19 iulie 1941) \u015fi cucerirea Odessei (16 octombrie 1941), p\u00e2n\u0103 la 23 August 1944.<\/p>\n<p>Dup\u0103 lovitura de stat de la 23 August 1944, c\u00e2nd Rom\u00e2nia s-a al\u0103turat Na\u0163iunilor Unite, a luat parte \u00een cooperare cu trupele rom\u00e2no-sovietice la ac\u0163iunile de lupt\u0103 \u00eempotriva trupelor germano-maghiare, ce au dus la eliberarea zonei petrolifere din Valea Prahovei, e\u015fecul ofensivei germano-maghiare asupra Timi\u015foarei (10-17 septembrie 1944) \u015fi revenirea nord-vestului Transilvaniei la teritoriul na\u0163ional al Rom\u00e2niei (25 octombrie 1944).<\/p>\n<p>Sub conducerea veteranului de r\u0103zboi Constantin C\u0103lina, veteranii de r\u0103zboi din acest regiment au organizat \u00eentre 1987-2011 o aniversare \u00een memoria celor c\u0103zu\u0163i pe c\u00e2mpul de lupt\u0103 \u00een fiecare an, la 20 august la ora 9, la sediul Muzeului Banatului din Pia\u0163a Huniade nr. 1 din Timi\u015foara, regimentul supravie\u0163uind ofensivei sovietice declan\u015fat\u0103 la 20 august 1944 pe aliniamentul Ia\u015fi-Chi\u015fin\u0103u.<\/p>\n<p><strong><em>Aniversarea este cea mai longeviv<\/em><\/strong><strong><em>\u0103 manifestare a veteranilor de r<\/em><\/strong><strong><em>\u0103zboi din armata rom<\/em><\/strong><strong><em>\u00e2n<\/em><\/strong><strong><em>\u0103 \u015fi a urma\u015filor acestora.<\/em><\/strong><\/p>\n<p><em>\u00cen <\/em>1992 la ea participau 78-80 persoane, iar \u00een cursul anului 2022 ne-a p\u0103r\u0103sit \u015fi colonelul \u00een retragere Constantin C\u0103lina, \u00een v\u00e2rst\u0103 de 100 de ani.<\/p>\n<p>Din acest motiv, veteranii de r\u0103zboi ai regimentului \u015fi urma\u015fii acestora, la ini\u0163iativa profesorului Lauren\u0163iu Mioc \u015fi a col. (r) Neculai Steg\u0103ri\u0163\u0103, au decis continuarea tradi\u0163iei de comemorare a eroilor \u015fi a veteranilor de r\u0103zboi din Regimentul 6 Artilerie Grea rom\u00e2n dup\u0103 2011.<\/p>\n<\/div>\n<p>[analyse_source url=&#8221;https:\/\/renasterea.ro\/memoria-eroilor-si-a-veteranilor-de-razboi-din-regimentul-6-artilerie-grea-tribunul-axente-sever-a-fost-cinstita-la-catedrala-mitropolitana-din-timisoara\/&#8221;]<\/p>\n","protected":false},"excerpt":{"rendered":"<p>[analyse_image type=&#8221;featured&#8221; src=&#8221;https:\/\/renasterea.ro\/ro\/wp-content\/uploads\/2026\/08\/regimentul-6.jpghttps:\/\/renasterea.ro\/ro\/wp-content\/uploads\/2026\/08\/regimentul-6.jpg&#8221;] Memoria eroilor \u015fi a veteranilor de r\u0103zboi din Regimentul 6 Artilerie Grea ,,Tribunul Axente Sever\u201d a fost cinstit\u0103 \u00een cadrul unui serviciu religios, oficiat \u00een Catedrala Mitropolitan\u0103 din Timi\u015foara miercuri, 20 august, de la ora 9,30. Militarii din Brigada 18 Cercetare Supraveghere ,,Decebal\u201d, reprezentan\u021bii Asocia\u021biei Na\u021bionale a Veteranilor de R\u0103zboi\u2014Filiala Timi\u0219, ai [&hellip;]<\/p>\n","protected":false},"author":1,"featured_media":0,"comment_status":"open","ping_status":"","sticky":false,"template":"","format":"standard","meta":{"footnotes":""},"categories":[89],"tags":[226,188],"class_list":["post-2103160","post","type-post","status-publish","format-standard","hentry","category-romania","tag-crawlmanager","tag-renasterea-ro"],"_links":{"self":[{"href":"https:\/\/analyse.optim.biz\/index.php?rest_route=\/wp\/v2\/posts\/2103160","targetHints":{"allow":["GET"]}}],"collection":[{"href":"https:\/\/analyse.optim.biz\/index.php?rest_route=\/wp\/v2\/posts"}],"about":[{"href":"https:\/\/analyse.optim.biz\/index.php?rest_route=\/wp\/v2\/types\/post"}],"author":[{"embeddable":true,"href":"https:\/\/analyse.optim.biz\/index.php?rest_route=\/wp\/v2\/users\/1"}],"replies":[{"embeddable":true,"href":"https:\/\/analyse.optim.biz\/index.php?rest_route=%2Fwp%2Fv2%2Fcomments&post=2103160"}],"version-history":[{"count":0,"href":"https:\/\/analyse.optim.biz\/index.php?rest_route=\/wp\/v2\/posts\/2103160\/revisions"}],"wp:attachment":[{"href":"https:\/\/analyse.optim.biz\/index.php?rest_route=%2Fwp%2Fv2%2Fmedia&parent=2103160"}],"wp:term":[{"taxonomy":"category","embeddable":true,"href":"https:\/\/analyse.optim.biz\/index.php?rest_route=%2Fwp%2Fv2%2Fcategories&post=2103160"},{"taxonomy":"post_tag","embeddable":true,"href":"https:\/\/analyse.optim.biz\/index.php?rest_route=%2Fwp%2Fv2%2Ftags&post=2103160"}],"curies":[{"name":"wp","href":"https:\/\/api.w.org\/{rel}","templated":true}]}}