{"id":2103156,"date":"2026-08-18T14:29:38","date_gmt":"2026-08-18T11:29:38","guid":{"rendered":"https:\/\/analyse.optim.biz\/?p=2103156"},"modified":"2026-08-18T14:29:38","modified_gmt":"2026-08-18T11:29:38","slug":"avram-iancu-din-petrosani-in-istorie-premiera-romaneasca-pe-canalul-manecii","status":"publish","type":"post","link":"https:\/\/analyse.optim.biz\/?p=2103156","title":{"rendered":"Avram Iancu, din Petro\u0219ani \u00een istorie: premier\u0103 rom\u00e2neasc\u0103 pe Canalul M\u00e2necii"},"content":{"rendered":"<p>[analyse_image type=&#8221;featured&#8221; src=&#8221;https:\/\/orasul-timisoara.ro\/wp-content\/uploads\/2026\/08\/avram-iancu-canalul-manecii.jpg&#8221;]<\/p>\n<article id=\"post-40303\" class=\"td-post-template-7 post-40303 post type-post status-publish format-standard has-post-thumbnail category-featured category-sport-local category-stiri-timisoara category-stiri-nationale-si-internationale tag-avram-iancu tag-bibliotecar tag-canalul-bristol tag-canalul-manecii tag-dunarea tag-hunedoara tag-inot-2 tag-inot-in-ape-deschise tag-judetul-hunedoara-2 tag-performanta-sportiva tag-petrosani tag-rin tag-romania-2 tag-stil-bras tag-valea-jiului td-container-wrap\">\n<div class=\"td-full-screen-header-image-wrap\">\n<div class=\"td-container td-post-header\">\n<div class=\"td-crumb-container\">\n<div class=\"entry-crumbs\"><span><a title=\"Vede\u021bi toate articolele \u00een Sport Local\" class=\"entry-crumb\" href=\"https:\/\/orasul-timisoara.ro\/local-category\/sport-local\/\">Sport Local<\/a><\/span><span class=\"td-bred-no-url-last\">Avram Iancu, din Petro\u0219ani \u00een istorie: premier\u0103 rom\u00e2neasc\u0103 pe Canalul M\u00e2necii<\/span><\/div>\n<\/div>\n<div class=\"td-post-header-holder\">\n<div class=\"td-parallax-header\">\n<header class=\"td-post-title\">\n<ul class=\"td-category\">\n<li class=\"entry-category\"><a href=\"https:\/\/orasul-timisoara.ro\/local-category\/sport-local\/\">Sport Local<\/a><\/li>\n<li class=\"entry-category\"><a href=\"https:\/\/orasul-timisoara.ro\/local-category\/stiri-timisoara\/\">\u0218tiri Locale<\/a><\/li>\n<li class=\"entry-category\"><a href=\"https:\/\/orasul-timisoara.ro\/local-category\/stiri-nationale-si-internationale\/\">\u0218tiri na\u021bionale \u0219i interna\u021bionale<\/a><\/li>\n<\/ul>\n<h1 class=\"entry-title\">Avram Iancu, din Petro\u0219ani \u00een istorie: premier\u0103 rom\u00e2neasc\u0103 pe Canalul M\u00e2necii<\/h1>\n<div class=\"td-module-meta-info\">\n<div class=\"td-post-author-name\">\n<div class=\"td-author-by\">De c\u0103tre<\/div>\n<p><a href=\"https:\/\/orasul-timisoara.ro\/author\/timisoara\/\">redactia<\/a><\/p>\n<div class=\"td-author-line\"> &#8211; <\/div>\n<\/div>\n<p><span class=\"td-post-date\"><time class=\"entry-date updated td-module-date\" datetime=\"2026-08-18T17:29:38+03:00\">18\/08\/2026<\/time><\/span><\/div>\n<\/header>\n<\/div>\n<\/div>\n<\/div>\n<div id=\"td-full-screen-header-image\" class=\"td-image-gradient-style7\"><img decoding=\"async\" class=\"td-backstretch\" src=\"https:\/\/orasul-timisoara.ro\/wp-content\/uploads\/2026\/08\/avram-iancu-canalul-manecii.jpg\"><\/div>\n<\/div>\n<div class=\"td-container\">\n<div class=\"td-pb-row\">\n<div class=\"td-pb-span8 td-main-content\" role=\"main\">\n<div class=\"td-ss-main-content\">\n<div class=\"td-post-sharing-top\">\n<div class=\"td-post-sharing-classic\"><iframe title=\"topFacebookLike\" frameborder src=\"https:\/\/www.facebook.com\/plugins\/like.php?href=https:\/\/orasul-timisoara.ro\/local-40303\/&amp;layout=button_count&amp;show_faces=false&amp;width=105&amp;action=like&amp;colorscheme=light&amp;height=21\"><\/iframe><\/div>\n<div id=\"td_social_sharing_article_top\" class=\"td-post-sharing td-ps-bg td-ps-notext td-post-sharing-style1 \">\n<div class=\"td-post-sharing-visible\"><a class=\"td-social-sharing-button td-social-sharing-button-js td-social-network td-social-facebook\" href=\"https:\/\/www.facebook.com\/sharer.php?u=https%3A%2F%2Forasul-timisoara.ro%2Flocal-40303%2F\" title=\"Facebook\"><\/p>\n<div class=\"td-social-but-text\">Facebook<\/div>\n<p><\/a><a class=\"td-social-sharing-button td-social-sharing-button-js td-social-network td-social-twitter\" href=\"https:\/\/twitter.com\/intent\/tweet?text=Avram+Iancu%2C+din+Petro%C8%99ani+%C3%AEn+istorie%3A+premier%C4%83+rom%C3%A2neasc%C4%83+pe+Canalul+M%C3%A2necii&amp;url=https%3A%2F%2Forasul-timisoara.ro%2Flocal-40303%2F&amp;via=orasultm\" title=\"Twitter\"><\/p>\n<div class=\"td-social-but-text\">Twitter<\/div>\n<p><\/a><a class=\"td-social-sharing-button td-social-sharing-button-js td-social-network td-social-whatsapp\" href=\"https:\/\/api.whatsapp.com\/send?text=Avram+Iancu%2C+din+Petro%C8%99ani+%C3%AEn+istorie%3A+premier%C4%83+rom%C3%A2neasc%C4%83+pe+Canalul+M%C3%A2necii%20%0A%0A%20https:\/\/orasul-timisoara.ro\/local-40303\/\" title=\"WhatsApp\"><\/p>\n<div class=\"td-social-but-text\">WhatsApp<\/div>\n<p><\/a><a class=\"td-social-sharing-button td-social-sharing-button-js td-social-network td-social-linkedin\" href=\"https:\/\/www.linkedin.com\/shareArticle?mini=true&amp;url=https:\/\/orasul-timisoara.ro\/local-40303\/&amp;title=Avram+Iancu%2C+din+Petro%C8%99ani+%C3%AEn+istorie%3A+premier%C4%83+rom%C3%A2neasc%C4%83+pe+Canalul+M%C3%A2necii\" title=\"Linkedin\"><\/p>\n<div class=\"td-social-but-text\">Linkedin<\/div>\n<p><\/a><a class=\"td-social-sharing-button td-social-sharing-button-js td-social-network td-social-reddit\" href=\"https:\/\/reddit.com\/submit?url=https:\/\/orasul-timisoara.ro\/local-40303\/&amp;title=Avram+Iancu%2C+din+Petro%C8%99ani+%C3%AEn+istorie%3A+premier%C4%83+rom%C3%A2neasc%C4%83+pe+Canalul+M%C3%A2necii\" title=\"ReddIt\"><\/p>\n<div class=\"td-social-but-text\">ReddIt<\/div>\n<p><\/a><a class=\"td-social-sharing-button td-social-sharing-button-js td-social-network td-social-mail\" href=\"mailto:?subject=Avram%20Iancu,%20din%20Petro%C8%99ani%20%C3%AEn%20istorie:%20premier%C4%83%20rom%C3%A2neasc%C4%83%20pe%20Canalul%20M%C3%A2necii&amp;body=https:\/\/orasul-timisoara.ro\/local-40303\/\" title=\"Email\"><\/p>\n<div class=\"td-social-but-text\">Email<\/div>\n<p><\/a><a class=\"td-social-sharing-button td-social-sharing-button-js td-social-network td-social-print\" href=\"https:\/\/orasul-timisoara.ro\/local-40303\/\" title=\"Imprimare\"><\/p>\n<div class=\"td-social-but-text\">Imprimare<\/div>\n<p><\/a><\/div>\n<\/div>\n<\/div>\n<div class=\"td-post-content tagdiv-type\">\n<p class=\"wp-block-paragraph\">Avram Iancu, polisportivul \u0219i bibliotecarul din Petro\u0219ani, jude\u021bul Hunedoara, a reu\u0219it luni o performan\u021b\u0103 istoric\u0103 \u00een \u00eenotul \u00een ape deschise. Hunedoreanul a traversat Canalul M\u00e2necii \u00een stil bras, f\u0103r\u0103 costum de neopren, devenind primul rom\u00e2n care reu\u0219e\u0219te aceast\u0103 performan\u021b\u0103 \u0219i unul dintre cei mai pu\u021bini b\u0103rba\u021bi din lume care au dus la cap\u0103t o asemenea provocare.<\/p>\n<p class=\"wp-block-paragraph\">Traversarea a durat 24 de ore \u0219i 46 de minute, potrivit echipei sale de suport, iar timpul oficial urma s\u0103 fie validat de cei doi observatori ai cursei. Pentru Avram Iancu, tentativa a avut \u0219i o semnifica\u021bie personal\u0103: sportivul din Petro\u0219ani a ales s\u0103 \u00ee\u0219i marcheze astfel \u00eemplinirea v\u00e2rstei de 50 de ani.<\/p>\n<h2 class=\"wp-block-heading\">Avram Iancu, hunedoreanul care a intrat \u00een istoria Canalului M\u00e2necii<\/h2>\n<p class=\"wp-block-paragraph\">Reu\u0219ita lui Avram Iancu este o premier\u0103 pentru Rom\u00e2nia. Sportivul din Petro\u0219ani este primul rom\u00e2n care traverseaz\u0103 Canalul M\u00e2necii \u00een stil bras, o prob\u0103 considerat\u0103 extrem de dificil\u0103 chiar \u0219i pentru \u00eenot\u0103torii experimenta\u021bi \u00een ape deschise.<\/p>\n<p class=\"wp-block-paragraph\">Performan\u021ba \u00eel plaseaz\u0103, potrivit datelor prezentate dup\u0103 curs\u0103, pe locul al zecelea \u00eentre b\u0103rba\u021bii care au reu\u0219it s\u0103 traverseze Canalul M\u00e2necii \u00een acest stil. \u00cen total, lista men\u021bionat\u0103 de Agerpres cuprinde 13 \u00eenot\u0103tori care au \u00eencheiat cu succes o astfel de traversare: zece b\u0103rba\u021bi \u0219i trei femei.<\/p>\n<p class=\"wp-block-paragraph\">Pentru jude\u021bul Hunedoara, performan\u021ba este una dintre cele mai importante realiz\u0103ri sportive ob\u021binute de un reprezentant al zonei \u00een ultimii ani. Avram Iancu a dus numele Petro\u0219aniului \u00eentr-o competi\u021bie extrem de solicitant\u0103, desf\u0103\u0219urat\u0103 \u00een apele dintre Marea Britanie \u0219i Fran\u021ba.<\/p>\n<h2 class=\"wp-block-heading\">\u201eCel mai greu \u0219i dificil \u00eenot\u201d din cariera lui Avram Iancu<\/h2>\n<p class=\"wp-block-paragraph\">La finalul travers\u0103rii, Avram Iancu a descris experien\u021ba drept cea mai dificil\u0103 din \u00eentreaga sa carier\u0103. Sportivul a vorbit despre dureri fizice aproape insuportabile \u0219i despre efortul psihologic uria\u0219 acumulat \u00een timpul celor aproape 25 de ore petrecute \u00een ap\u0103.<\/p>\n<p class=\"wp-block-paragraph\">\u201eA fost, de departe, cel mai greu \u0219i mai dificil \u00eenot din \u00eentreaga mea carier\u0103\u201d, a declarat Avram Iancu pentru Agerpres. El a spus c\u0103 a trecut prin toate st\u0103rile posibile \u00een timpul cursei \u0219i c\u0103 stilul bras s-a dovedit extrem de greu de sus\u021binut pe o asemenea distan\u021b\u0103 \u0219i \u00eentr-un asemenea interval de timp.<\/p>\n<p class=\"wp-block-paragraph\">Hunedoreanul a atribuit reu\u0219ita \u0219i credin\u021bei sale, afirm\u00e2nd c\u0103 for\u021ba care i-a permis s\u0103 duc\u0103 aventura p\u00e2n\u0103 la cap\u0103t reprezint\u0103, pentru el, un dar de la Dumnezeu.<\/p>\n<h2 class=\"wp-block-heading\">O performan\u021b\u0103 mondial\u0103 dup\u0103 11 ani de a\u0219teptare<\/h2>\n<p class=\"wp-block-paragraph\">Avram Iancu a subliniat c\u0103 rezultatul nu este important doar pentru Rom\u00e2nia. Potrivit sportivului din Petro\u0219ani, \u00eenaintea reu\u0219itei sale exista o pauz\u0103 de aproximativ 11 ani \u00eentre travers\u0103rile reu\u0219ite ale unor b\u0103rba\u021bi \u00een stil bras.<\/p>\n<p class=\"wp-block-paragraph\">Iancu a remarcat c\u0103 ultima asemenea performan\u021b\u0103 masculin\u0103 fusese realizat\u0103 cu exact 11 ani \u00eenainte, pe 17 august. Prin reu\u0219ita sa, rom\u00e2nul a \u00eentrerupt aceast\u0103 perioad\u0103 \u0219i a intrat \u00een grupul extrem de restr\u00e2ns al b\u0103rba\u021bilor care au finalizat cu succes traversarea Canalului M\u00e2necii \u00een stil bras.<\/p>\n<p class=\"wp-block-paragraph\">Sportivul din Hunedoara consider\u0103 c\u0103 performan\u021ba are o valoare aparte tocmai datorit\u0103 rarit\u0103\u021bii sale la nivel mondial. Pentru Rom\u00e2nia, \u00eens\u0103, este \u00eenainte de toate o premier\u0103 absolut\u0103.<\/p>\n<h2 class=\"wp-block-heading\">Avram Iancu a f\u0103cut un \u201ehat-trick\u201d pe Canalul M\u00e2necii<\/h2>\n<p class=\"wp-block-paragraph\">Traversarea din 2026 nu este prima aventur\u0103 a lui Avram Iancu pe Canalul M\u00e2necii. Petro\u0219\u0103neanul a reu\u0219it s\u0103 parcurg\u0103 aceea\u0219i provocare \u0219i \u00een 2016, iar ulterior a revenit \u00een 2024.<\/p>\n<p class=\"wp-block-paragraph\">Primele dou\u0103 travers\u0103ri au fost realizate \u00een stilul crawl, f\u0103r\u0103 costum de neopren. \u00cen 2026, Iancu a schimbat procedeul de \u00eenot \u0219i a ales stilul bras, reu\u0219ind astfel s\u0103 completeze ceea ce el a numit un \u201ehat-trick\u201d special pe Canalul M\u00e2necii.<\/p>\n<p class=\"wp-block-paragraph\">Cele trei travers\u0103ri, realizate \u00een decurs de un deceniu, confirm\u0103 locul pe care aceast\u0103 provocare \u00eel ocup\u0103 \u00een cariera sportivului din Petro\u0219ani. De aceast\u0103 dat\u0103, \u00eens\u0103, miza a fost \u0219i mai mare, deoarece \u00eencerca s\u0103 devin\u0103 primul rom\u00e2n care parcurge Canalul M\u00e2necii \u00een stil bras.<\/p>\n<h2 class=\"wp-block-heading\">Performan\u021ba de la Petro\u0219ani, construit\u0103 \u00een ani de \u00eenot \u00een ape deschise<\/h2>\n<p class=\"wp-block-paragraph\">Avram Iancu are \u00een palmares mai multe proiecte de anduran\u021b\u0103 desf\u0103\u0219urate \u00een ape deschise. \u00cen 2017, sportivul a parcurs \u00eenot \u00eentregul curs al Dun\u0103rii, pe o distan\u021b\u0103 de 2.860 de kilometri, de la izvoare p\u00e2n\u0103 la v\u0103rsarea \u00een Marea Neagr\u0103.<\/p>\n<p class=\"wp-block-paragraph\">\u00cen 2022, a devenit primul rom\u00e2n care a traversat \u00eenot Canalul Bristol, \u00een Marea Britanie. Un an mai t\u00e2rziu, \u00een 2023, a \u00eenotat pe Rin, iar \u00een august 2025 a traversat Canalul Main, \u00een Germania, pe leg\u0103tura dintre Rin \u0219i Dun\u0103re.<\/p>\n<p class=\"wp-block-paragraph\">Performan\u021bele sale au transformat \u00eenotul \u00een ape deschise \u00eentr-o disciplin\u0103 prin care numele Petro\u0219aniului \u0219i al jude\u021bului Hunedoara a ajuns \u00een mod repetat \u00een aten\u021bia publicului na\u021bional.<\/p>\n<h2 class=\"wp-block-heading\">F\u0103r\u0103 costum de neopren \u0219i la 50 de ani<\/h2>\n<p class=\"wp-block-paragraph\">Tentativa de traversare din acest an a fost preg\u0103tit\u0103 \u0219i ca o provocare personal\u0103. Avram Iancu \u0219i-a propus s\u0103 marcheze \u00eemplinirea v\u00e2rstei de 50 de ani printr-o nou\u0103 traversare a Canalului M\u00e2necii, de aceast\u0103 dat\u0103 \u00een stil bras.<\/p>\n<p class=\"wp-block-paragraph\">Ca \u0219i la celelalte travers\u0103ri ale sale pe Canalul M\u00e2necii, sportivul nu a folosit costum de neopren. Asta a \u00eensemnat c\u0103 \u00eentreaga \u00eencercare s-a desf\u0103\u0219urat \u00een condi\u021biile naturale ale Canalului, f\u0103r\u0103 protec\u021bia termic\u0103 oferit\u0103 de un astfel de echipament.<\/p>\n<p class=\"wp-block-paragraph\">\u00cenaintea plec\u0103rii, Avram Iancu descria provocarea drept una extrem de dificil\u0103. Dup\u0103 \u00eencheierea cursei, el a confirmat c\u0103 dificultatea a fost pe m\u0103sura a\u0219tept\u0103rilor, vorbind despre epuizare fizic\u0103 \u0219i despre o presiune psihologic\u0103 pe care a descris-o drept greu de exprimat \u00een cuvinte.<\/p>\n<h2 class=\"wp-block-heading\">Petro\u0219aniul, din nou pe harta marilor performan\u021be sportive<\/h2>\n<p class=\"wp-block-paragraph\">Avram Iancu a pornit \u00een aceast\u0103 aventur\u0103 din Petro\u0219ani, ora\u0219ul \u00een care este cunoscut nu doar ca sportiv, ci \u0219i ca bibliotecar. Performan\u021bele sale au f\u0103cut ca numele municipiului din Valea Jiului s\u0103 apar\u0103 \u00een repetate r\u00e2nduri \u00een relat\u0103rile despre marile provoc\u0103ri de \u00eenot \u00een ape deschise.<\/p>\n<p class=\"wp-block-paragraph\">Traversarea Canalului M\u00e2necii \u00een stil bras adaug\u0103 o nou\u0103 premier\u0103 acestui palmares. Nu este doar o nou\u0103 traversare a Canalului, ci o performan\u021b\u0103 realizat\u0103 \u00eentr-un procedeu de \u00eenot \u00een care foarte pu\u021bini sportivi din lume au reu\u0219it s\u0103 duc\u0103 provocarea p\u00e2n\u0103 la cap\u0103t.<\/p>\n<p class=\"wp-block-paragraph\">Pentru jude\u021bul Hunedoara, reu\u0219ita unui sportiv din Petro\u0219ani reprezint\u0103, astfel, un motiv important de m\u00e2ndrie. Avram Iancu a reu\u0219it s\u0103 transforme o provocare personal\u0103 \u00eentr-o premier\u0103 pentru Rom\u00e2nia \u0219i \u00eentr-o performan\u021b\u0103 remarcat\u0103 la nivel mondial.<\/p>\n<h2 class=\"wp-block-heading\">Avram Iancu, primul rom\u00e2n care reu\u0219e\u0219te aceast\u0103 traversare<\/h2>\n<p class=\"wp-block-paragraph\">Dup\u0103 24 de ore \u0219i 46 de minute de efort, Avram Iancu a ajuns la cap\u0103tul unei curse pe care a descris-o drept cea mai grea experien\u021b\u0103 de \u00eenot din cariera sa. Traversarea a fost realizat\u0103 f\u0103r\u0103 costum de neopren \u0219i \u00een stil bras, exact condi\u021biile \u00een care sportivul \u00ee\u0219i propusese s\u0103 \u00ee\u0219i doboare propriul obiectiv.<\/p>\n<p class=\"wp-block-paragraph\">Hunedoreanul din Petro\u0219ani devine astfel primul rom\u00e2n care traverseaz\u0103 Canalul M\u00e2necii \u00een stil bras \u0219i al zecelea b\u0103rbat din lume \u00eenscris \u00een lista celor care au reu\u0219it aceast\u0103 performan\u021b\u0103, conform datelor prezentate dup\u0103 curs\u0103. Lista total\u0103 men\u021bionat\u0103 de Agerpres ajunge la 13 \u00eenot\u0103tori, dintre care zece b\u0103rba\u021bi \u0219i trei femei.<\/p>\n<p class=\"wp-block-paragraph\">La 50 de ani, Avram Iancu adaug\u0103 o nou\u0103 born\u0103 spectaculoas\u0103 unui palmares construit prin ani de provoc\u0103ri \u00een ape deschise. Iar de aceast\u0103 dat\u0103, succesul poart\u0103, \u00eenainte de toate, numele Petro\u0219aniului \u0219i al jude\u021bului Hunedoara.<\/p>\n<\/div>\n<footer>\n<div class=\"td-post-source-tags\">\n<ul class=\"td-tags td-post-small-box clearfix\">\n<li><span>ETICHETE<\/span><\/li>\n<li><a href=\"https:\/\/orasul-timisoara.ro\/local-tag\/avram-iancu\/\">Avram Iancu<\/a><\/li>\n<li><a href=\"https:\/\/orasul-timisoara.ro\/local-tag\/bibliotecar\/\">bibliotecar<\/a><\/li>\n<li><a href=\"https:\/\/orasul-timisoara.ro\/local-tag\/canalul-bristol\/\">Canalul Bristol<\/a><\/li>\n<li><a href=\"https:\/\/orasul-timisoara.ro\/local-tag\/canalul-manecii\/\">Canalul M\u00e2necii<\/a><\/li>\n<li><a href=\"https:\/\/orasul-timisoara.ro\/local-tag\/dunarea\/\">Dun\u0103rea<\/a><\/li>\n<li><a href=\"https:\/\/orasul-timisoara.ro\/local-tag\/hunedoara\/\">hunedoara<\/a><\/li>\n<li><a href=\"https:\/\/orasul-timisoara.ro\/local-tag\/inot-2\/\">\u00eenot<\/a><\/li>\n<li><a href=\"https:\/\/orasul-timisoara.ro\/local-tag\/inot-in-ape-deschise\/\">\u00eenot \u00een ape deschise<\/a><\/li>\n<li><a href=\"https:\/\/orasul-timisoara.ro\/local-tag\/judetul-hunedoara-2\/\">jude\u021bul Hunedoara<\/a><\/li>\n<li><a href=\"https:\/\/orasul-timisoara.ro\/local-tag\/performanta-sportiva\/\">performan\u021b\u0103 sportiv\u0103<\/a><\/li>\n<li><a href=\"https:\/\/orasul-timisoara.ro\/local-tag\/petrosani\/\">Petro\u0219ani<\/a><\/li>\n<li><a href=\"https:\/\/orasul-timisoara.ro\/local-tag\/rin\/\">Rin<\/a><\/li>\n<li><a href=\"https:\/\/orasul-timisoara.ro\/local-tag\/romania-2\/\">rom\u00e2nia<\/a><\/li>\n<li><a href=\"https:\/\/orasul-timisoara.ro\/local-tag\/stil-bras\/\">stil bras<\/a><\/li>\n<li><a href=\"https:\/\/orasul-timisoara.ro\/local-tag\/valea-jiului\/\">Valea Jiului<\/a><\/li>\n<\/ul>\n<\/div>\n<div class=\"td-post-sharing-bottom\">\n<div class=\"td-post-sharing-classic\"><iframe title=\"bottomFacebookLike\" frameborder src=\"https:\/\/www.facebook.com\/plugins\/like.php?href=https:\/\/orasul-timisoara.ro\/local-40303\/&amp;layout=button_count&amp;show_faces=false&amp;width=105&amp;action=like&amp;colorscheme=light&amp;height=21\"><\/iframe><\/div>\n<div id=\"td_social_sharing_article_bottom\" class=\"td-post-sharing td-ps-bg td-ps-notext td-post-sharing-style1 \">\n<div class=\"td-post-sharing-visible\"><a class=\"td-social-sharing-button td-social-sharing-button-js td-social-network td-social-facebook\" href=\"https:\/\/www.facebook.com\/sharer.php?u=https%3A%2F%2Forasul-timisoara.ro%2Flocal-40303%2F\" title=\"Facebook\"><\/p>\n<div class=\"td-social-but-text\">Facebook<\/div>\n<p><\/a><a class=\"td-social-sharing-button td-social-sharing-button-js td-social-network td-social-twitter\" href=\"https:\/\/twitter.com\/intent\/tweet?text=Avram+Iancu%2C+din+Petro%C8%99ani+%C3%AEn+istorie%3A+premier%C4%83+rom%C3%A2neasc%C4%83+pe+Canalul+M%C3%A2necii&amp;url=https%3A%2F%2Forasul-timisoara.ro%2Flocal-40303%2F&amp;via=orasultm\" title=\"Twitter\"><\/p>\n<div class=\"td-social-but-text\">Twitter<\/div>\n<p><\/a><a class=\"td-social-sharing-button td-social-sharing-button-js td-social-network td-social-whatsapp\" href=\"https:\/\/api.whatsapp.com\/send?text=Avram+Iancu%2C+din+Petro%C8%99ani+%C3%AEn+istorie%3A+premier%C4%83+rom%C3%A2neasc%C4%83+pe+Canalul+M%C3%A2necii%20%0A%0A%20https:\/\/orasul-timisoara.ro\/local-40303\/\" title=\"WhatsApp\"><\/p>\n<div class=\"td-social-but-text\">WhatsApp<\/div>\n<p><\/a><a class=\"td-social-sharing-button td-social-sharing-button-js td-social-network td-social-linkedin\" href=\"https:\/\/www.linkedin.com\/shareArticle?mini=true&amp;url=https:\/\/orasul-timisoara.ro\/local-40303\/&amp;title=Avram+Iancu%2C+din+Petro%C8%99ani+%C3%AEn+istorie%3A+premier%C4%83+rom%C3%A2neasc%C4%83+pe+Canalul+M%C3%A2necii\" title=\"Linkedin\"><\/p>\n<div class=\"td-social-but-text\">Linkedin<\/div>\n<p><\/a><a class=\"td-social-sharing-button td-social-sharing-button-js td-social-network td-social-reddit\" href=\"https:\/\/reddit.com\/submit?url=https:\/\/orasul-timisoara.ro\/local-40303\/&amp;title=Avram+Iancu%2C+din+Petro%C8%99ani+%C3%AEn+istorie%3A+premier%C4%83+rom%C3%A2neasc%C4%83+pe+Canalul+M%C3%A2necii\" title=\"ReddIt\"><\/p>\n<div class=\"td-social-but-text\">ReddIt<\/div>\n<p><\/a><a class=\"td-social-sharing-button td-social-sharing-button-js td-social-network td-social-mail\" href=\"mailto:?subject=Avram%20Iancu,%20din%20Petro%C8%99ani%20%C3%AEn%20istorie:%20premier%C4%83%20rom%C3%A2neasc%C4%83%20pe%20Canalul%20M%C3%A2necii&amp;body=https:\/\/orasul-timisoara.ro\/local-40303\/\" title=\"Email\"><\/p>\n<div class=\"td-social-but-text\">Email<\/div>\n<p><\/a><a class=\"td-social-sharing-button td-social-sharing-button-js td-social-network td-social-print\" href=\"https:\/\/orasul-timisoara.ro\/local-40303\/\" title=\"Imprimare\"><\/p>\n<div class=\"td-social-but-text\">Imprimare<\/div>\n<p><\/a><\/div>\n<\/div>\n<\/div>\n<div class=\"td-block-row td-post-next-prev\">\n<div class=\"td-block-span6 td-post-prev-post\">\n<div class=\"td-post-next-prev-content\"><span>Articolul precedent<\/span><a href=\"https:\/\/orasul-timisoara.ro\/local-40300\/\">Tinerii din Timi\u0219oara sunt invita\u021bi s\u0103 transforme pove\u0219tile cartierului \u00een texte<\/a><\/div>\n<\/div>\n<div class=\"td-block-span6 td-post-next-post\">\n<div class=\"td-post-next-prev-content\"><span>Articolul urm\u0103tor<\/span><a href=\"https:\/\/orasul-timisoara.ro\/local-40306\/\">Paradoxul Legii Integrit\u0103\u021bii: Dominic Fritz poate pierde mandatul pentru o fapt\u0103 care nu mai e conflict de interese<\/a><\/div>\n<\/div>\n<\/div>\n<div class=\"td-author-name vcard author\"><span class=\"fn\"><a href=\"https:\/\/orasul-timisoara.ro\/author\/timisoara\/\">redactia<\/a><\/span><\/div>\n<p><span class=\"td-page-meta\"><\/span><span class=\"td-page-meta\"><span class=\"td-page-meta\"><\/span><\/span><span class=\"td-page-meta\"><\/span><\/footer>\n<div class=\"td_block_wrap td_block_related_posts tdi_3 td_with_ajax_pagination td-pb-border-top td_block_template_8\" data-td-block-uid=\"tdi_3\">\n<h4 class=\"td-related-title td-block-title\"><a id=\"tdi_4\" class=\"td-related-left td-cur-simple-item\" data-td_filter_value data-td_block_id=\"tdi_3\" href=\"https:\/\/orasul-timisoara.ro\/local-40303\/\">ARTICOLE SIMILARE<\/a><a id=\"tdi_5\" class=\"td-related-right\" data-td_filter_value=\"td_related_more_from_author\" data-td_block_id=\"tdi_3\" href=\"https:\/\/orasul-timisoara.ro\/local-40303\/\">DE LA ACELA\u0218I AUTOR<\/a><\/h4>\n<div id=\"tdi_3\" class=\"td_block_inner\">\n<div class=\"td-related-row\">\n<div class=\"td-related-span4\">\n<div class=\"td_module_related_posts td-animation-stack td_mod_related_posts\">\n<div class=\"td-module-image\">\n<div class=\"td-module-thumb\"><a href=\"https:\/\/orasul-timisoara.ro\/local-40173\/\" rel=\"bookmark\" class=\"td-image-wrap \" title=\"Unitatea 2 de la Cernavod\u0103, preg\u0103tit\u0103 pentru oprire din cauza secetei\"><img loading=\"lazy\" decoding=\"async\" class=\"entry-thumb\" src=\"https:\/\/orasul-timisoara.ro\/wp-content\/uploads\/2026\/08\/cernavoda-reactor-2-1-436x300.jpg\" alt title=\"Unitatea 2 de la Cernavod\u0103, preg\u0103tit\u0103 pentru oprire din cauza secetei\" width=\"218\" height=\"150\"><\/a><\/div>\n<\/div>\n<div class=\"item-details\">\n<h3 class=\"entry-title td-module-title\"><a href=\"https:\/\/orasul-timisoara.ro\/local-40173\/\" rel=\"bookmark\" title=\"Unitatea 2 de la Cernavod\u0103, preg\u0103tit\u0103 pentru oprire din cauza secetei\">Unitatea 2 de la Cernavod\u0103, preg\u0103tit\u0103 pentru oprire din cauza secetei<\/a><\/h3>\n<\/div>\n<\/div>\n<\/div>\n<div class=\"td-related-span4\">\n<div class=\"td_module_related_posts td-animation-stack td_mod_related_posts\">\n<div class=\"td-module-image\">\n<div class=\"td-module-thumb\"><a href=\"https:\/\/orasul-timisoara.ro\/local-39965\/\" rel=\"bookmark\" class=\"td-image-wrap \" title=\"Ilie Bolojan anun\u021b\u0103 m\u0103suri pentru reducerea consumului de energie \u0219i preg\u0103te\u0219te un mecanism de limitare pentru marii consumatori\"><img loading=\"lazy\" decoding=\"async\" class=\"entry-thumb\" src=\"https:\/\/orasul-timisoara.ro\/wp-content\/uploads\/2025\/07\/ilie-bolojan-iulie-2025-436x300.jpg\" alt title=\"Ilie Bolojan anun\u021b\u0103 m\u0103suri pentru reducerea consumului de energie \u0219i preg\u0103te\u0219te un mecanism de limitare pentru marii consumatori\" width=\"218\" height=\"150\"><\/a><\/div>\n<\/div>\n<div class=\"item-details\">\n<h3 class=\"entry-title td-module-title\"><a href=\"https:\/\/orasul-timisoara.ro\/local-39965\/\" rel=\"bookmark\" title=\"Ilie Bolojan anun\u021b\u0103 m\u0103suri pentru reducerea consumului de energie \u0219i preg\u0103te\u0219te un mecanism de limitare pentru marii consumatori\">Ilie Bolojan anun\u021b\u0103 m\u0103suri pentru reducerea consumului de energie \u0219i preg\u0103te\u0219te un mecanism de limitare pentru marii consumatori<\/a><\/h3>\n<\/div>\n<\/div>\n<\/div>\n<div class=\"td-related-span4\">\n<div class=\"td_module_related_posts td-animation-stack td_mod_related_posts\">\n<div class=\"td-module-image\">\n<div class=\"td-module-thumb\"><a href=\"https:\/\/orasul-timisoara.ro\/local-39498\/\" rel=\"bookmark\" class=\"td-image-wrap \" title=\"\u201eDanube Revisited\u201d, o nou\u0103 expozi\u021bie de art\u0103 contemporan\u0103 la Muzeul Apei din Timi\u0219oara\"><img loading=\"lazy\" decoding=\"async\" class=\"entry-thumb\" src=\"https:\/\/orasul-timisoara.ro\/wp-content\/uploads\/2026\/07\/Danube-Revisited_01-436x300.jpg\" alt title=\"\u201eDanube Revisited\u201d, o nou\u0103 expozi\u021bie de art\u0103 contemporan\u0103 la Muzeul Apei din Timi\u0219oara\" width=\"218\" height=\"150\"><\/a><\/div>\n<\/div>\n<div class=\"item-details\">\n<h3 class=\"entry-title td-module-title\"><a href=\"https:\/\/orasul-timisoara.ro\/local-39498\/\" rel=\"bookmark\" title=\"\u201eDanube Revisited\u201d, o nou\u0103 expozi\u021bie de art\u0103 contemporan\u0103 la Muzeul Apei din Timi\u0219oara\">\u201eDanube Revisited\u201d, o nou\u0103 expozi\u021bie de art\u0103 contemporan\u0103 la Muzeul Apei din Timi\u0219oara<\/a><\/h3>\n<\/div>\n<\/div>\n<\/div>\n<\/div>\n<\/div>\n<\/div>\n<div class=\"comments\" id=\"comments\">\n<div id=\"respond\" class=\"comment-respond\">\n<h3 id=\"reply-title\" class=\"comment-reply-title\">L\u0102SA\u021aI UN MESAJ<\/h3>\n<div class=\"comment-form-input-wrap td-form-comment\">\n<div class=\"td-warning-comment\">V\u0103 rug\u0103m s\u0103 introduce\u021bi comentariul dvs.!<\/div>\n<\/div>\n<div class=\"comment-form-input-wrap td-form-author\">\n<div class=\"td-warning-author\">Introduce\u021bi aici numele dvs.<\/div>\n<\/div>\n<div class=\"comment-form-input-wrap td-form-email\">\n<div class=\"td-warning-email-error\">A\u021bi introdus o adres\u0103 de e-mail incorect\u0103!<\/div>\n<div class=\"td-warning-email\">V\u0103 rug\u0103m s\u0103 introduce\u021bi adresa dvs. de e-mail aici<\/div>\n<\/div>\n<\/div>\n<p class=\"akismet_comment_form_privacy_notice\">Acest site folose\u0219te Akismet pentru a reduce spamul. <a href=\"https:\/\/akismet.com\/privacy\/\" target=\"_blank\" rel=\"nofollow noopener\">Afl\u0103 cum sunt procesate datele comentariilor tale<\/a>.<\/p>\n<\/div>\n<\/div>\n<\/div>\n<div class=\"td-pb-span4 td-main-sidebar\" role=\"complementary\">\n<div class=\"td-ss-main-sidebar\">\n<aside id=\"block-4\" class=\"td_block_template_8 widget block-4 widget_block widget_media_image\">\n<figure class=\"wp-block-image size-full\"><img loading=\"lazy\" decoding=\"async\" width=\"336\" height=\"280\" src=\"https:\/\/orasul-timisoara.ro\/wp-content\/uploads\/2024\/11\/ReTIM-Abonamentul-Verde-Google-Ads-336x280px.gif\" alt class=\"wp-image-29257\"><\/figure>\n<\/aside>\n<div class=\"td_block_wrap td_block_social_counter td_block_widget tdi_6 td-social-style5 td-social-boxed td-pb-border-top td_block_template_8\">\n<div class=\"td-block-title-wrap\">\n<h4 class=\"td-block-title\"><span>Urm\u0103re\u0219te-ne pe Social Media<\/span><\/h4>\n<\/div>\n<div class=\"td-social-list\">\n<div class=\"td_social_type td-pb-margin-side td_social_facebook\">\n<div class=\"td-social-box\"><span class=\"td_social_info td_social_info_counter\">344,595<\/span><span class=\"td_social_info td_social_info_name\">Fani<\/span><span class=\"td_social_button\"><a href=\"https:\/\/www.facebook.com\/247timisoara\" target=\"_blank\" rel=\"nofollow\">\u00cemi place<\/a><\/span><\/div>\n<\/div>\n<div class=\"td_social_type td-pb-margin-side td_social_instagram\">\n<div class=\"td-social-box\"><span class=\"td_social_info td_social_info_counter\">4,416<\/span><span class=\"td_social_info td_social_info_name\">Cititori<\/span><span class=\"td_social_button\"><a href=\"https:\/\/instagram.com\/orasultimisoararo\/\" target=\"_blank\" rel=\"nofollow\">Conecta\u021bi-v\u0103<\/a><\/span><\/div>\n<\/div>\n<div class=\"td_social_type td-pb-margin-side td_social_rss\">\n<div class=\"td-social-box\"><span class=\"td_social_info td_social_info_counter\">12,506<\/span><span class=\"td_social_info td_social_info_name\">Cititori<\/span><span class=\"td_social_button\"><a href=\"https:\/\/orasul-timisoara.ro\/feed\/\" target=\"_blank\" rel=\"nofollow\">Conecta\u021bi-v\u0103<\/a><\/span><\/div>\n<\/div>\n<div class=\"td_social_type td-pb-margin-side td_social_tiktok\">\n<div class=\"td-social-box\"><span class=\"td_social_info td_social_info_counter\">1,500<\/span><span class=\"td_social_info td_social_info_name\">Cititori<\/span><span class=\"td_social_button\"><a href=\"https:\/\/www.tiktok.com\/@orasultimisoara\" target=\"_blank\" rel=\"nofollow\">Conecta\u021bi-v\u0103<\/a><\/span><\/div>\n<\/div>\n<div class=\"td_social_type td-pb-margin-side td_social_twitter\">\n<div class=\"td-social-box\"><span class=\"td_social_info td_social_info_counter\">1,595<\/span><span class=\"td_social_info td_social_info_name\">Cititori<\/span><span class=\"td_social_button\"><a href=\"https:\/\/twitter.com\/orasultm\" target=\"_blank\" rel=\"nofollow\">Conecta\u021bi-v\u0103<\/a><\/span><\/div>\n<\/div>\n<div class=\"td_social_type td-pb-margin-side td_social_youtube\">\n<div class=\"td-social-box\"><span class=\"td_social_info td_social_info_counter\">3,506<\/span><span class=\"td_social_info td_social_info_name\">Abona\u021bi<\/span><span class=\"td_social_button\"><a href=\"https:\/\/www.youtube.com\/channel\/UCQNsQvs2XCSIm1Z-AHRturw?sub_confirmation=1\" target=\"_blank\" rel=\"nofollow\">Abona\u021bi-v\u0103<\/a><\/span><\/div>\n<\/div>\n<\/div>\n<\/div>\n<aside id=\"text-7\" class=\"td_block_template_8 widget text-7 widget_text\">\n<h4 class=\"td-block-title\"><span>C\u0103ut\u0103ri populare pe OTM<\/span><\/h4>\n<div class=\"textwidget\"><a href=\"https:\/\/orasul-timisoara.ro\/?s=timisoara\"><span>Timisoara<\/span><\/a><a href=\"https:\/\/orasul-timisoara.ro\/?s=calin+dobra\"><span>Calin Dobra<\/span><\/a><a href=\"https:\/\/orasul-timisoara.ro\/?s=primaria+timisoara\"><span>Primaria Timisoara<\/span><\/a><a href=\"https:\/\/orasul-timisoara.ro\/?s=dominic+fritz\"><span>Dominic Fritz<\/span><\/a><a href=\"https:\/\/orasul-timisoara.ro\/?s=nicolae+robu\"><span>Nicolae Robu<\/span><\/a><a href=\"https:\/\/orasul-timisoara.ro\/?s=consiliul+local+timisoara\">Consiliul Local Timisoara<\/a><a href=\"https:\/\/orasul-timisoara.ro\/?s=consiliul+judetean+timis\"><span>Consiliul Judetean Timis<\/span><\/a><a href=\"https:\/\/orasul-timisoara.ro\/?s=cjt\"><span>CJT<\/span><\/a><a href=\"https:\/\/orasul-timisoara.ro\/?s=Alfred+Simonis\"><span>Alfred Simonis<\/span><\/a><a href=\"https:\/\/orasul-timisoara.ro\/?s=PNL\"><span>PNL<\/span><\/a><a href=\"https:\/\/orasul-timisoara.ro\/?s=coronavirus\"><span>coronavirus<\/span><\/a><a href=\"https:\/\/orasul-timisoara.ro\/?s=teatru+timisoara\">teatru Timisoara<\/a><a href=\"https:\/\/orasul-timisoara.ro\/?s=restaurante\"><span>restaurante Timisoara<\/span><\/a><a href=\"https:\/\/orasul-timisoara.ro\/?s=diskoteka\"><span>Diskoteka<\/span><\/a><a href=\"https:\/\/orasul-timisoara.ro\/?s=iulius+town\"><span>Iulius Town<\/span><\/a><a href=\"https:\/\/orasul-timisoara.ro\/?s=iulius+mall\"><span>Iulius Mall<\/span><\/a><a href=\"https:\/\/orasul-timisoara.ro\/?s=stpt\"><span>STPT<\/span><\/a><a href=\"https:\/\/orasul-timisoara.ro\/?s=alin+nica\"><span>Alin Nica<\/span><\/a><a href=\"https:\/\/orasul-timisoara.ro\/?s=psd\"><span>PSD<\/span><\/a><a href=\"https:\/\/orasul-timisoara.ro\/?s=aeroport\"><span>Aeroportul International Timisoara<\/span><\/a><a href=\"https:\/\/orasul-timisoara.ro\/?s=babes\"><span>Spitalul Victor Babes Timisoara<\/span><\/a><a href=\"https:\/\/orasul-timisoara.ro\/?s=poli\"><span>Poli Timi\u0219oara<\/span><\/a><a href=\"https:\/\/orasul-timisoara.ro\/?s=carantina\"><span>carantina<\/span><\/a><a href=\"https:\/\/orasul-timisoara.ro\/?s=aquatim\"><span>Aquatim<\/span><\/a><a href=\"https:\/\/orasul-timisoara.ro\/local-category\/stiri-timisoara\/\"><span>Stiri Timisoara<\/span><\/a><a href=\"https:\/\/orasul-timisoara.ro\/local-category\/investitii-in-timisoara\/\"><span>Investi\u021bii in Timi\u0219oara<\/span><\/a><a href=\"https:\/\/orasul-timisoara.ro\/local-9463\/\"><span>shaorma<\/span><\/a><a href=\"https:\/\/orasul-timisoara.ro\/?s=trafic\"><span>trafic rutier<\/span><\/a><a href=\"https:\/\/orasul-timisoara.ro\/?s=politia\"><span>politia locala timisoara<\/span><\/a><a href=\"https:\/\/orasul-timisoara.ro\/?s=roxana\"><span>Roxana Iliescu<\/span><\/a><a href=\"https:\/\/orasul-timisoara.ro\/?s=colterm\"><span>Colterm<\/span><\/a><a href=\"https:\/\/orasul-timisoara.ro\/?s=latcau\"><span>Ruben La\u021bc\u0103u<\/span><\/a><a href=\"https:\/\/orasul-timisoara.ro\/?s=timis\"><span>\u0218tiri din Timi\u0219<\/span><\/a><a href=\"https:\/\/orasul-timisoara.ro\/?s=spital\"><span>Spitale din Timi\u0219oara<\/span><\/a><a href=\"https:\/\/orasul-timisoara.ro\/?s=tabara\"><span>Cosmin Tab\u0103r\u0103<\/span><\/a><\/div>\n<\/aside>\n<aside id=\"rss-2\" class=\"td_block_template_8 widget rss-2 widget_rss\">\n<h4 class=\"td-block-title\"><span><a class=\"rsswidget rss-widget-feed\" href=\"https:\/\/fashionfridays.ro\/feed\"><img decoding=\"async\" class=\"rss-widget-icon\" width=\"14\" height=\"14\" src=\"https:\/\/orasul-timisoara.ro\/wp-includes\/images\/rss.png\" alt=\"Flux RSS: Fashion Fridays\" loading=\"lazy\"><\/a><a class=\"rsswidget rss-widget-title\" href=\"https:\/\/fashionfridays.ro\/\">Fashion Fridays<\/a><\/span><\/h4>\n<ul>\n<li><a class=\"rsswidget\" href=\"https:\/\/fashionfridays.ro\/romania-devine-a-29-a-piata-vogue-o-noua-era-pentru-industria-locala-de-moda\/\">Rom\u00e2nia devine a 29-a pia\u021b\u0103 Vogue: o nou\u0103 er\u0103 pentru industria local\u0103 de mod\u0103<\/a>\n<div class=\"rssSummary\">Revista Vogue \u00ee\u0219i extinde prezen\u021ba global\u0103 \u0219i va fi lansat\u0103 oficial \u00een Rom\u00e2nia \u00een prim\u0103vara anului 2027, marc\u00e2nd intrarea pe cea de-a 29-a pia\u021b\u0103 interna\u021bional\u0103. Proiectul este realizat \u00een parteneriat cu AEMME Publishing, o companie media recent \u00eenfiin\u021bat\u0103, care va publica edi\u021bia local\u0103 sub licen\u021b\u0103. Noua edi\u021bie, Vogue Rom\u00e2nia, \u00ee\u0219i propune s\u0103 combine autoritatea global\u0103 [\u2026]<\/div>\n<\/li>\n<\/ul>\n<\/aside>\n<aside id=\"rss-4\" class=\"td_block_template_8 widget rss-4 widget_rss\">\n<h4 class=\"td-block-title\"><span><a class=\"rsswidget rss-widget-feed\" href=\"https:\/\/emasini.ro\/feed\"><img decoding=\"async\" class=\"rss-widget-icon\" width=\"14\" height=\"14\" src=\"https:\/\/orasul-timisoara.ro\/wp-includes\/images\/rss.png\" alt=\"Flux RSS: eMasini\" loading=\"lazy\"><\/a><a class=\"rsswidget rss-widget-title\" href=\"https:\/\/emasini.ro\/\">eMasini<\/a><\/span><\/h4>\n<ul>\n<li><a class=\"rsswidget\" href=\"https:\/\/emasini.ro\/adio-bordurilor-pline-de-ecrane-mercedes-benz-readuce-butoanele-in-noile-masini-produse\/\">Adio bordurilor pline de ecrane? Mercedes-Benz readuce butoanele \u00een noile ma\u0219ini produse<\/a>\n<div class=\"rssSummary\">Mercedes-Benz \u00ee\u0219i schimb\u0103 direc\u021bia \u00een ceea ce prive\u0219te designul interioarelor \u0219i va readuce comenzile fizice pentru anumite func\u021bii importante. Constructorul german nu renun\u021b\u0103 la ecranele mari \u0219i la tehnologiile digitale, dar recunoa\u0219te c\u0103 a mers prea departe prin eliminarea unor butoane \u0219i comenzi tactile. Ola K\u00e4llenius, pre\u0219edintele Consiliului de Administra\u021bie al Mercedes-Benz Group \u0219i CEO [\u2026]<\/div>\n<\/li>\n<\/ul>\n<\/aside>\n<\/div>\n<\/div>\n<\/div>\n<\/div>\n<\/article>\n<div class=\"td-post-content tagdiv-type\">\n<p class=\"wp-block-paragraph\">Avram Iancu, polisportivul \u0219i bibliotecarul din Petro\u0219ani, jude\u021bul Hunedoara, a reu\u0219it luni o performan\u021b\u0103 istoric\u0103 \u00een \u00eenotul \u00een ape deschise. Hunedoreanul a traversat Canalul M\u00e2necii \u00een stil bras, f\u0103r\u0103 costum de neopren, devenind primul rom\u00e2n care reu\u0219e\u0219te aceast\u0103 performan\u021b\u0103 \u0219i unul dintre cei mai pu\u021bini b\u0103rba\u021bi din lume care au dus la cap\u0103t o asemenea provocare.<\/p>\n<p class=\"wp-block-paragraph\">Traversarea a durat 24 de ore \u0219i 46 de minute, potrivit echipei sale de suport, iar timpul oficial urma s\u0103 fie validat de cei doi observatori ai cursei. Pentru Avram Iancu, tentativa a avut \u0219i o semnifica\u021bie personal\u0103: sportivul din Petro\u0219ani a ales s\u0103 \u00ee\u0219i marcheze astfel \u00eemplinirea v\u00e2rstei de 50 de ani.<\/p>\n<h2 class=\"wp-block-heading\">Avram Iancu, hunedoreanul care a intrat \u00een istoria Canalului M\u00e2necii<\/h2>\n<p class=\"wp-block-paragraph\">Reu\u0219ita lui Avram Iancu este o premier\u0103 pentru Rom\u00e2nia. Sportivul din Petro\u0219ani este primul rom\u00e2n care traverseaz\u0103 Canalul M\u00e2necii \u00een stil bras, o prob\u0103 considerat\u0103 extrem de dificil\u0103 chiar \u0219i pentru \u00eenot\u0103torii experimenta\u021bi \u00een ape deschise.<\/p>\n<p class=\"wp-block-paragraph\">Performan\u021ba \u00eel plaseaz\u0103, potrivit datelor prezentate dup\u0103 curs\u0103, pe locul al zecelea \u00eentre b\u0103rba\u021bii care au reu\u0219it s\u0103 traverseze Canalul M\u00e2necii \u00een acest stil. \u00cen total, lista men\u021bionat\u0103 de Agerpres cuprinde 13 \u00eenot\u0103tori care au \u00eencheiat cu succes o astfel de traversare: zece b\u0103rba\u021bi \u0219i trei femei.<\/p>\n<p class=\"wp-block-paragraph\">Pentru jude\u021bul Hunedoara, performan\u021ba este una dintre cele mai importante realiz\u0103ri sportive ob\u021binute de un reprezentant al zonei \u00een ultimii ani. Avram Iancu a dus numele Petro\u0219aniului \u00eentr-o competi\u021bie extrem de solicitant\u0103, desf\u0103\u0219urat\u0103 \u00een apele dintre Marea Britanie \u0219i Fran\u021ba.<\/p>\n<h2 class=\"wp-block-heading\">\u201eCel mai greu \u0219i dificil \u00eenot\u201d din cariera lui Avram Iancu<\/h2>\n<p class=\"wp-block-paragraph\">La finalul travers\u0103rii, Avram Iancu a descris experien\u021ba drept cea mai dificil\u0103 din \u00eentreaga sa carier\u0103. Sportivul a vorbit despre dureri fizice aproape insuportabile \u0219i despre efortul psihologic uria\u0219 acumulat \u00een timpul celor aproape 25 de ore petrecute \u00een ap\u0103.<\/p>\n<p class=\"wp-block-paragraph\">\u201eA fost, de departe, cel mai greu \u0219i mai dificil \u00eenot din \u00eentreaga mea carier\u0103\u201d, a declarat Avram Iancu pentru Agerpres. El a spus c\u0103 a trecut prin toate st\u0103rile posibile \u00een timpul cursei \u0219i c\u0103 stilul bras s-a dovedit extrem de greu de sus\u021binut pe o asemenea distan\u021b\u0103 \u0219i \u00eentr-un asemenea interval de timp.<\/p>\n<p class=\"wp-block-paragraph\">Hunedoreanul a atribuit reu\u0219ita \u0219i credin\u021bei sale, afirm\u00e2nd c\u0103 for\u021ba care i-a permis s\u0103 duc\u0103 aventura p\u00e2n\u0103 la cap\u0103t reprezint\u0103, pentru el, un dar de la Dumnezeu.<\/p>\n<h2 class=\"wp-block-heading\">O performan\u021b\u0103 mondial\u0103 dup\u0103 11 ani de a\u0219teptare<\/h2>\n<p class=\"wp-block-paragraph\">Avram Iancu a subliniat c\u0103 rezultatul nu este important doar pentru Rom\u00e2nia. Potrivit sportivului din Petro\u0219ani, \u00eenaintea reu\u0219itei sale exista o pauz\u0103 de aproximativ 11 ani \u00eentre travers\u0103rile reu\u0219ite ale unor b\u0103rba\u021bi \u00een stil bras.<\/p>\n<p class=\"wp-block-paragraph\">Iancu a remarcat c\u0103 ultima asemenea performan\u021b\u0103 masculin\u0103 fusese realizat\u0103 cu exact 11 ani \u00eenainte, pe 17 august. Prin reu\u0219ita sa, rom\u00e2nul a \u00eentrerupt aceast\u0103 perioad\u0103 \u0219i a intrat \u00een grupul extrem de restr\u00e2ns al b\u0103rba\u021bilor care au finalizat cu succes traversarea Canalului M\u00e2necii \u00een stil bras.<\/p>\n<p class=\"wp-block-paragraph\">Sportivul din Hunedoara consider\u0103 c\u0103 performan\u021ba are o valoare aparte tocmai datorit\u0103 rarit\u0103\u021bii sale la nivel mondial. Pentru Rom\u00e2nia, \u00eens\u0103, este \u00eenainte de toate o premier\u0103 absolut\u0103.<\/p>\n<h2 class=\"wp-block-heading\">Avram Iancu a f\u0103cut un \u201ehat-trick\u201d pe Canalul M\u00e2necii<\/h2>\n<p class=\"wp-block-paragraph\">Traversarea din 2026 nu este prima aventur\u0103 a lui Avram Iancu pe Canalul M\u00e2necii. Petro\u0219\u0103neanul a reu\u0219it s\u0103 parcurg\u0103 aceea\u0219i provocare \u0219i \u00een 2016, iar ulterior a revenit \u00een 2024.<\/p>\n<p class=\"wp-block-paragraph\">Primele dou\u0103 travers\u0103ri au fost realizate \u00een stilul crawl, f\u0103r\u0103 costum de neopren. \u00cen 2026, Iancu a schimbat procedeul de \u00eenot \u0219i a ales stilul bras, reu\u0219ind astfel s\u0103 completeze ceea ce el a numit un \u201ehat-trick\u201d special pe Canalul M\u00e2necii.<\/p>\n<p class=\"wp-block-paragraph\">Cele trei travers\u0103ri, realizate \u00een decurs de un deceniu, confirm\u0103 locul pe care aceast\u0103 provocare \u00eel ocup\u0103 \u00een cariera sportivului din Petro\u0219ani. De aceast\u0103 dat\u0103, \u00eens\u0103, miza a fost \u0219i mai mare, deoarece \u00eencerca s\u0103 devin\u0103 primul rom\u00e2n care parcurge Canalul M\u00e2necii \u00een stil bras.<\/p>\n<h2 class=\"wp-block-heading\">Performan\u021ba de la Petro\u0219ani, construit\u0103 \u00een ani de \u00eenot \u00een ape deschise<\/h2>\n<p class=\"wp-block-paragraph\">Avram Iancu are \u00een palmares mai multe proiecte de anduran\u021b\u0103 desf\u0103\u0219urate \u00een ape deschise. \u00cen 2017, sportivul a parcurs \u00eenot \u00eentregul curs al Dun\u0103rii, pe o distan\u021b\u0103 de 2.860 de kilometri, de la izvoare p\u00e2n\u0103 la v\u0103rsarea \u00een Marea Neagr\u0103.<\/p>\n<p class=\"wp-block-paragraph\">\u00cen 2022, a devenit primul rom\u00e2n care a traversat \u00eenot Canalul Bristol, \u00een Marea Britanie. Un an mai t\u00e2rziu, \u00een 2023, a \u00eenotat pe Rin, iar \u00een august 2025 a traversat Canalul Main, \u00een Germania, pe leg\u0103tura dintre Rin \u0219i Dun\u0103re.<\/p>\n<p class=\"wp-block-paragraph\">Performan\u021bele sale au transformat \u00eenotul \u00een ape deschise \u00eentr-o disciplin\u0103 prin care numele Petro\u0219aniului \u0219i al jude\u021bului Hunedoara a ajuns \u00een mod repetat \u00een aten\u021bia publicului na\u021bional.<\/p>\n<h2 class=\"wp-block-heading\">F\u0103r\u0103 costum de neopren \u0219i la 50 de ani<\/h2>\n<p class=\"wp-block-paragraph\">Tentativa de traversare din acest an a fost preg\u0103tit\u0103 \u0219i ca o provocare personal\u0103. Avram Iancu \u0219i-a propus s\u0103 marcheze \u00eemplinirea v\u00e2rstei de 50 de ani printr-o nou\u0103 traversare a Canalului M\u00e2necii, de aceast\u0103 dat\u0103 \u00een stil bras.<\/p>\n<p class=\"wp-block-paragraph\">Ca \u0219i la celelalte travers\u0103ri ale sale pe Canalul M\u00e2necii, sportivul nu a folosit costum de neopren. Asta a \u00eensemnat c\u0103 \u00eentreaga \u00eencercare s-a desf\u0103\u0219urat \u00een condi\u021biile naturale ale Canalului, f\u0103r\u0103 protec\u021bia termic\u0103 oferit\u0103 de un astfel de echipament.<\/p>\n<p class=\"wp-block-paragraph\">\u00cenaintea plec\u0103rii, Avram Iancu descria provocarea drept una extrem de dificil\u0103. Dup\u0103 \u00eencheierea cursei, el a confirmat c\u0103 dificultatea a fost pe m\u0103sura a\u0219tept\u0103rilor, vorbind despre epuizare fizic\u0103 \u0219i despre o presiune psihologic\u0103 pe care a descris-o drept greu de exprimat \u00een cuvinte.<\/p>\n<h2 class=\"wp-block-heading\">Petro\u0219aniul, din nou pe harta marilor performan\u021be sportive<\/h2>\n<p class=\"wp-block-paragraph\">Avram Iancu a pornit \u00een aceast\u0103 aventur\u0103 din Petro\u0219ani, ora\u0219ul \u00een care este cunoscut nu doar ca sportiv, ci \u0219i ca bibliotecar. Performan\u021bele sale au f\u0103cut ca numele municipiului din Valea Jiului s\u0103 apar\u0103 \u00een repetate r\u00e2nduri \u00een relat\u0103rile despre marile provoc\u0103ri de \u00eenot \u00een ape deschise.<\/p>\n<p class=\"wp-block-paragraph\">Traversarea Canalului M\u00e2necii \u00een stil bras adaug\u0103 o nou\u0103 premier\u0103 acestui palmares. Nu este doar o nou\u0103 traversare a Canalului, ci o performan\u021b\u0103 realizat\u0103 \u00eentr-un procedeu de \u00eenot \u00een care foarte pu\u021bini sportivi din lume au reu\u0219it s\u0103 duc\u0103 provocarea p\u00e2n\u0103 la cap\u0103t.<\/p>\n<p class=\"wp-block-paragraph\">Pentru jude\u021bul Hunedoara, reu\u0219ita unui sportiv din Petro\u0219ani reprezint\u0103, astfel, un motiv important de m\u00e2ndrie. Avram Iancu a reu\u0219it s\u0103 transforme o provocare personal\u0103 \u00eentr-o premier\u0103 pentru Rom\u00e2nia \u0219i \u00eentr-o performan\u021b\u0103 remarcat\u0103 la nivel mondial.<\/p>\n<h2 class=\"wp-block-heading\">Avram Iancu, primul rom\u00e2n care reu\u0219e\u0219te aceast\u0103 traversare<\/h2>\n<p class=\"wp-block-paragraph\">Dup\u0103 24 de ore \u0219i 46 de minute de efort, Avram Iancu a ajuns la cap\u0103tul unei curse pe care a descris-o drept cea mai grea experien\u021b\u0103 de \u00eenot din cariera sa. Traversarea a fost realizat\u0103 f\u0103r\u0103 costum de neopren \u0219i \u00een stil bras, exact condi\u021biile \u00een care sportivul \u00ee\u0219i propusese s\u0103 \u00ee\u0219i doboare propriul obiectiv.<\/p>\n<p class=\"wp-block-paragraph\">Hunedoreanul din Petro\u0219ani devine astfel primul rom\u00e2n care traverseaz\u0103 Canalul M\u00e2necii \u00een stil bras \u0219i al zecelea b\u0103rbat din lume \u00eenscris \u00een lista celor care au reu\u0219it aceast\u0103 performan\u021b\u0103, conform datelor prezentate dup\u0103 curs\u0103. Lista total\u0103 men\u021bionat\u0103 de Agerpres ajunge la 13 \u00eenot\u0103tori, dintre care zece b\u0103rba\u021bi \u0219i trei femei.<\/p>\n<p class=\"wp-block-paragraph\">La 50 de ani, Avram Iancu adaug\u0103 o nou\u0103 born\u0103 spectaculoas\u0103 unui palmares construit prin ani de provoc\u0103ri \u00een ape deschise. Iar de aceast\u0103 dat\u0103, succesul poart\u0103, \u00eenainte de toate, numele Petro\u0219aniului \u0219i al jude\u021bului Hunedoara.<\/p>\n<\/div>\n<p>[analyse_source url=&#8221;https:\/\/orasul-timisoara.ro\/local-40303\/&#8221;]<\/p>\n","protected":false},"excerpt":{"rendered":"<p>[analyse_image type=&#8221;featured&#8221; src=&#8221;https:\/\/orasul-timisoara.ro\/wp-content\/uploads\/2026\/08\/avram-iancu-canalul-manecii.jpg&#8221;] Sport LocalAvram Iancu, din Petro\u0219ani \u00een istorie: premier\u0103 rom\u00e2neasc\u0103 pe Canalul M\u00e2necii Sport Local \u0218tiri Locale \u0218tiri na\u021bionale \u0219i interna\u021bionale Avram Iancu, din Petro\u0219ani \u00een istorie: premier\u0103 rom\u00e2neasc\u0103 pe Canalul M\u00e2necii De c\u0103tre redactia &#8211; 18\/08\/2026 Facebook Twitter WhatsApp Linkedin ReddIt Email Imprimare Avram Iancu, polisportivul \u0219i bibliotecarul din Petro\u0219ani, jude\u021bul Hunedoara, [&hellip;]<\/p>\n","protected":false},"author":1,"featured_media":0,"comment_status":"open","ping_status":"","sticky":false,"template":"","format":"standard","meta":{"footnotes":""},"categories":[89],"tags":[226,189],"class_list":["post-2103156","post","type-post","status-publish","format-standard","hentry","category-romania","tag-crawlmanager","tag-orasul-timisoara-ro"],"_links":{"self":[{"href":"https:\/\/analyse.optim.biz\/index.php?rest_route=\/wp\/v2\/posts\/2103156","targetHints":{"allow":["GET"]}}],"collection":[{"href":"https:\/\/analyse.optim.biz\/index.php?rest_route=\/wp\/v2\/posts"}],"about":[{"href":"https:\/\/analyse.optim.biz\/index.php?rest_route=\/wp\/v2\/types\/post"}],"author":[{"embeddable":true,"href":"https:\/\/analyse.optim.biz\/index.php?rest_route=\/wp\/v2\/users\/1"}],"replies":[{"embeddable":true,"href":"https:\/\/analyse.optim.biz\/index.php?rest_route=%2Fwp%2Fv2%2Fcomments&post=2103156"}],"version-history":[{"count":0,"href":"https:\/\/analyse.optim.biz\/index.php?rest_route=\/wp\/v2\/posts\/2103156\/revisions"}],"wp:attachment":[{"href":"https:\/\/analyse.optim.biz\/index.php?rest_route=%2Fwp%2Fv2%2Fmedia&parent=2103156"}],"wp:term":[{"taxonomy":"category","embeddable":true,"href":"https:\/\/analyse.optim.biz\/index.php?rest_route=%2Fwp%2Fv2%2Fcategories&post=2103156"},{"taxonomy":"post_tag","embeddable":true,"href":"https:\/\/analyse.optim.biz\/index.php?rest_route=%2Fwp%2Fv2%2Ftags&post=2103156"}],"curies":[{"name":"wp","href":"https:\/\/api.w.org\/{rel}","templated":true}]}}