{"id":2103109,"date":"2026-08-20T17:26:57","date_gmt":"2026-08-20T14:26:57","guid":{"rendered":"https:\/\/analyse.optim.biz\/?p=2103109"},"modified":"2026-08-20T17:26:57","modified_gmt":"2026-08-20T14:26:57","slug":"teatrul-matei-visniec-suceava-deschide-noua-stagiune-cu-spectacolul-arta","status":"publish","type":"post","link":"https:\/\/analyse.optim.biz\/?p=2103109","title":{"rendered":"Teatrul \u201dMatei Vi\u0219niec\u201d Suceava deschide noua stagiune cu spectacolul \u201dArt\u0103\u201d"},"content":{"rendered":"<p>[analyse_image type=&#8221;featured&#8221; src=&#8221;https:\/\/img.svnews.ro\/foto\/2026\/08\/20\/554763\/3a386f762919bda0ac4c7d5d5.jpg&#8221;]<\/p>\n<div class=\"entry\"><img loading=\"lazy\" decoding=\"async\" width=\"650\" height=\"325\" src=\"https:\/\/img.svnews.ro\/foto\/2026\/08\/20\/554763\/3a386f762919bda0ac4c7d5d506500325.jpg\" alt><\/p>\n<div class=\"entry_content\">\n<p>Teatrul Municipal \u201dMatei Vi\u0219niec\u201d Suceava deschide noua stagiune 2026-2027 cu spectacolul \u201dArt\u0103\u201d. Reprezenta\u021bia va avea loc vineri, 11 septembrie, de la ora 19. \u201dFiecare sal\u0103 plin\u0103 \u0219i fiecare afi\u0219 \u201dsold out\u201d din ultimele luni reprezint\u0103 un record al Teatrului Municipal \u201dMatei Vi\u0219niec\u201d \u0219i implicit, o reu\u0219it\u0103 a sucevenilor. Avem astfel curajul s\u0103 intr\u0103m \u00een stagiunea 2026-2027 cu credin\u021b\u0103, cu speran\u021b\u0103 \u0219i cu iubire. Suceava are \u00eenc\u0103 un motiv de m\u00e2ndrie: oamenii din diferite genera\u021bii care \u00ee\u0219i iubesc teatrul \u0219i aleg s\u0103 creasc\u0103 \u00eempreun\u0103 cu el. A\u0219a c\u0103, s\u00ee umplem s\u0103lile cu mic, cu mare!\u201d, a este mesajul transmis de conducerea teatrului sucevean.<\/p>\n<p><img loading=\"lazy\" decoding=\"async\" class=\"alignnone size-medium wp-image-540380\" src=\"https:\/\/img.svnews.ro\/foto\/2026\/06\/08\/540379\/37ba287cf0bc204b9a3bc28eb06500910.jpg\" alt width=\"650\" height=\"910\"><\/p>\n<\/div>\n<div>\n<div>VN:F [1.9.22_1171]<\/div>\n<div class=\"ratingblock \">\n<div class=\"ratingstars \">\n<div id=\"article_loader_554763\" class=\"ratingloaderarticle\">\n<div class=\"loader arrows \">\n<div class=\"loaderinner\">se actualizeaz\u0103&#8230;<\/div>\n<\/div>\n<\/div>\n<\/div>\n<div class=\"ratingtext \">\n<div id=\"gdr_text_a554763\">Rating: 0.0\/<strong>10<\/strong> (0 votes cast)<\/div>\n<\/div>\n<\/div>\n<\/div>\n<\/div>\n<div class=\"entry_content\">\n<p>Teatrul Municipal \u201dMatei Vi\u0219niec\u201d Suceava deschide noua stagiune 2026-2027 cu spectacolul \u201dArt\u0103\u201d. Reprezenta\u021bia va avea loc vineri, 11 septembrie, de la ora 19. \u201dFiecare sal\u0103 plin\u0103 \u0219i fiecare afi\u0219 \u201dsold out\u201d din ultimele luni reprezint\u0103 un record al Teatrului Municipal \u201dMatei Vi\u0219niec\u201d \u0219i implicit, o reu\u0219it\u0103 a sucevenilor. Avem astfel curajul s\u0103 intr\u0103m \u00een stagiunea 2026-2027 cu credin\u021b\u0103, cu speran\u021b\u0103 \u0219i cu iubire. Suceava are \u00eenc\u0103 un motiv de m\u00e2ndrie: oamenii din diferite genera\u021bii care \u00ee\u0219i iubesc teatrul \u0219i aleg s\u0103 creasc\u0103 \u00eempreun\u0103 cu el. A\u0219a c\u0103, s\u00ee umplem s\u0103lile cu mic, cu mare!\u201d, a este mesajul transmis de conducerea teatrului sucevean.<\/p>\n<p><img loading=\"lazy\" decoding=\"async\" class=\"alignnone size-medium wp-image-540380\" src=\"https:\/\/img.svnews.ro\/foto\/2026\/06\/08\/540379\/37ba287cf0bc204b9a3bc28eb06500910.jpg\" alt width=\"650\" height=\"910\"><\/p>\n<\/div>\n<p>[analyse_source url=&#8221;https:\/\/www.svnews.ro\/teatrul-matei-visniec-suceava-deschide-noua-stagiune-cu-spectacolul-arta\/554763\/&#8221;]<\/p>\n","protected":false},"excerpt":{"rendered":"<p>[analyse_image type=&#8221;featured&#8221; src=&#8221;https:\/\/img.svnews.ro\/foto\/2026\/08\/20\/554763\/3a386f762919bda0ac4c7d5d5.jpg&#8221;] Teatrul Municipal \u201dMatei Vi\u0219niec\u201d Suceava deschide noua stagiune 2026-2027 cu spectacolul \u201dArt\u0103\u201d. Reprezenta\u021bia va avea loc vineri, 11 septembrie, de la ora 19. \u201dFiecare sal\u0103 plin\u0103 \u0219i fiecare afi\u0219 \u201dsold out\u201d din ultimele luni reprezint\u0103 un record al Teatrului Municipal \u201dMatei Vi\u0219niec\u201d \u0219i implicit, o reu\u0219it\u0103 a sucevenilor. Avem astfel curajul s\u0103 [&hellip;]<\/p>\n","protected":false},"author":1,"featured_media":0,"comment_status":"open","ping_status":"","sticky":false,"template":"","format":"standard","meta":{"footnotes":""},"categories":[89],"tags":[226,175],"class_list":["post-2103109","post","type-post","status-publish","format-standard","hentry","category-romania","tag-crawlmanager","tag-svnews-ro"],"_links":{"self":[{"href":"https:\/\/analyse.optim.biz\/index.php?rest_route=\/wp\/v2\/posts\/2103109","targetHints":{"allow":["GET"]}}],"collection":[{"href":"https:\/\/analyse.optim.biz\/index.php?rest_route=\/wp\/v2\/posts"}],"about":[{"href":"https:\/\/analyse.optim.biz\/index.php?rest_route=\/wp\/v2\/types\/post"}],"author":[{"embeddable":true,"href":"https:\/\/analyse.optim.biz\/index.php?rest_route=\/wp\/v2\/users\/1"}],"replies":[{"embeddable":true,"href":"https:\/\/analyse.optim.biz\/index.php?rest_route=%2Fwp%2Fv2%2Fcomments&post=2103109"}],"version-history":[{"count":0,"href":"https:\/\/analyse.optim.biz\/index.php?rest_route=\/wp\/v2\/posts\/2103109\/revisions"}],"wp:attachment":[{"href":"https:\/\/analyse.optim.biz\/index.php?rest_route=%2Fwp%2Fv2%2Fmedia&parent=2103109"}],"wp:term":[{"taxonomy":"category","embeddable":true,"href":"https:\/\/analyse.optim.biz\/index.php?rest_route=%2Fwp%2Fv2%2Fcategories&post=2103109"},{"taxonomy":"post_tag","embeddable":true,"href":"https:\/\/analyse.optim.biz\/index.php?rest_route=%2Fwp%2Fv2%2Ftags&post=2103109"}],"curies":[{"name":"wp","href":"https:\/\/api.w.org\/{rel}","templated":true}]}}