{"id":2103070,"date":"2026-08-20T16:00:05","date_gmt":"2026-08-20T13:00:05","guid":{"rendered":"https:\/\/analyse.optim.biz\/?p=2103070"},"modified":"2026-08-20T16:00:05","modified_gmt":"2026-08-20T13:00:05","slug":"ce-i-a-facut-un-politist-unei-batrane-in-piata-centrala-din-buzau-video","status":"publish","type":"post","link":"https:\/\/analyse.optim.biz\/?p=2103070","title":{"rendered":"Ce i-a f\u0103cut un poli\u021bist unei b\u0103tr\u00e2ne \u00een Pia\u021ba Central\u0103 din Buz\u0103u (VIDEO)"},"content":{"rendered":"<p>[analyse_image type=&#8221;featured&#8221; src=&#8221;https:\/\/gazetabuzoiana.ro\/wp-content\/uploads\/2026\/08\/Piata-centrala-Buzau-780&#215;470.jpg.jpg&#8221;]<\/p>\n<div class=\"entry-content entry clearfix\">\n<p class=\"wp-block-paragraph\">O b\u0103tr\u00e2nic\u0103 vinde br\u00e2nz\u0103 \u00een Pia\u021ba Central\u0103 din Buz\u0103u, a\u0219ezat\u0103 pe vine, l\u00e2ng\u0103 o g\u0103leat\u0103. Nu are tarab\u0103 \u0219i \u00ee\u0219i \u021bine marfa direct \u00een recipient. La un moment dat, un poli\u021bist local de la Ordine Public\u0103 \u00eei cerut s\u0103 plece.<\/p>\n<p class=\"wp-block-paragraph\">Femeia nu protesteaz\u0103, nu ridic\u0103 vocea \u0219i nu a \u00eencearc\u0103 s\u0103 se certe cu poli\u021bistul. \u00ce\u0219i str\u00e2ns pur \u0219i simplu buc\u0103\u021bile de br\u00e2nz\u0103, una c\u00e2te una, \u0219i le pune \u00eenapoi \u00een g\u0103leat\u0103.<\/p>\n<p class=\"wp-block-paragraph\">Apoi pleac\u0103 <strong>sub o ploaie de jigniri.<\/strong><\/p>\n<p class=\"wp-block-paragraph\"><em>\u201e<strong>Dar chiar a\u0219a de \u00eenc\u0103p\u0103\u021b\u00e2nat\u0103 te-ai f\u0103cut! Stai acolo ca nesim\u021bita!<\/strong>\u201d<\/em>, \u00eei strig\u0103 poli\u021bistul, \u00een v\u0103zul lumii, \u00een timp ce femeia \u00ee\u0219i adun\u0103 marfa, g\u00e2rbovit\u0103 \u0219i mai mult de team\u0103 \u0219i de ru\u0219ine.<\/p>\n<p class=\"wp-block-paragraph\">Este scena surprins\u0103 \u00een Pia\u021ba Central\u0103 de reporterii<em> \u0218tiri din Surse Buz\u0103u<\/em>, cei care ne-au pus la dispozi\u021bie materialul video de mai jos. <\/p>\n<p class=\"wp-block-paragraph\">\u00cen jurul femeii mai erau \u0219i al\u021bi v\u00e2nz\u0103tori care \u00ee\u0219i expuneau marfa pe alee, din saco\u0219e sau din traist\u0103. Unii vindeau usturoi \u0219i alte produse, \u00een acela\u0219i mod improvizat.<\/p>\n<p class=\"wp-block-paragraph\">Nu contest\u0103 nimeni c\u0103 pia\u021ba trebuie s\u0103 func\u021bioneze dup\u0103 reguli, c\u0103 poate b\u0103tr\u00e2na (doar ea) nu avea voie s\u0103 v\u00e2nd\u0103 acolo, problema este felul \u00een care i s-a vorbit.<\/p>\n<p class=\"wp-block-paragraph\">Chiar a\u0219a, nu mai exist\u0103 niciun strop de umanitate? \u00cenainte s\u0103 o jigneasc\u0103 \u0219i s\u0103 o alunge, poli\u021bistul putea m\u0103car s\u0103 o \u00eentrebe de ce vinde acolo ;i poate ar fi aflat de ce o femeie de v\u00e2rsta ei st\u0103 pe vine, cu o g\u0103leat\u0103 de br\u00e2nz\u0103, \u00een pia\u021b\u0103. Cine \u0219tie dac\u0103 nu ar fi aflat o poveste care s\u0103-l fac\u0103 s\u0103 stea pu\u021bin pe g\u00e2nduri \u00eenainte de a o umili.<\/p>\n<figure class=\"wp-block-image size-full\"><img loading=\"lazy\" decoding=\"async\" width=\"543\" height=\"724\" src=\"https:\/\/gazetabuzoiana.ro\/wp-content\/uploads\/2026\/08\/piata_centrala_politia_locala_redimensionata_edited.png\" alt class=\"wp-image-22225\"><\/figure>\n<h1 class=\"wp-block-heading\">\u021aig\u0103rile v\u00e2ndute pe sub m\u00e2n\u0103, o problem\u0103 veche \u00een Pia\u021ba <\/h1>\n<p class=\"wp-block-paragraph\">\u00cen aceea\u0219i Pia\u021b\u0103 Central\u0103, \u00eens\u0103, comer\u021bul cu \u021big\u0103ri v\u00e2ndute pe sub m\u00e2n\u0103 continu\u0103 s\u0103 fie ceva obi\u0219nuit. Buzoienii care trec des prin zon\u0103 sunt aborda\u021bi de fiecare dat\u0103 de persoane care v\u00e2nd \u021big\u0103ri netimbrate, iar lucrul acesta se \u00eent\u00e2mpl\u0103 de ani buni.<\/p>\n<p class=\"wp-block-paragraph\">\u00cen schimb, b\u0103tr\u00e2nica din imagini este alungat\u0103 pentru c\u0103 vinde br\u00e2nz\u0103 dintr-o g\u0103leat\u0103. Hran\u0103 s\u0103n\u0103toas\u0103. C\u00e2nd omul din fa\u021ba dumneavoastr\u0103  nu se poate ap\u0103ra, e mai u\u0219or s\u0103 v\u0103 face\u021bi treaba, domnilor poli\u021bi\u0219ti? \u00cen cazul celor care v\u00e2nd \u021big\u0103ri pe sub m\u00e2n\u0103, \u00eens\u0103, treaba poli\u021bi\u0219tilor nu prea se vede.<\/p>\n<p class=\"wp-block-paragraph\">Ace\u0219ti oameni nici m\u0103car nu se feresc.  Abordeaz\u0103 trec\u0103torii direct, f\u0103r\u0103 teama c\u0103 printre cei c\u0103rora le ofer\u0103 \u021big\u0103ri s-ar putea afla un poli\u021bist, un jandarm, un avocat sau pur \u0219i simplu cineva care ar putea sesiza autorit\u0103\u021bile.<\/p>\n<p class=\"wp-block-paragraph\">O fac la vedere \u0219i cu o siguran\u021b\u0103 care las\u0103 impresia c\u0103 nu se a\u0219teapt\u0103 s\u0103 fie deranja\u021bi.<\/p>\n<p class=\"wp-block-paragraph\">Asta arat\u0103 cum se face, \u00een realitate, controlul \u00eentr-un loc \u00een care comer\u021bul ilegal cu \u021big\u0103ri este at\u00e2t de vizibil.<\/p>\n<h1 class=\"wp-block-heading\">Poli\u021bi\u0219tii de la Paz\u0103 nu trebuie confunda\u021bi cu cei de la Ordine Public\u0103<\/h1>\n<p class=\"wp-block-paragraph\">Incidentul ar trebui privit pu\u021bin \u0219i \u00een contextul conflictului dintre Prim\u0103ria Buz\u0103u \u0219i angaja\u021bii Poli\u021biei Locale.<\/p>\n<p class=\"wp-block-paragraph\">Primarul Constantin Toma \u00eencearc\u0103, inclusiv \u00een instan\u021b\u0103, s\u0103 reduc\u0103 sau s\u0103 reorganizeze structuri \u0219i posturi din Poli\u021bia Local\u0103. Printre angaja\u021bii viza\u021bi se afl\u0103 \u0219i cei care asigur\u0103 paza \u00een \u0219coli.<\/p>\n<p class=\"wp-block-paragraph\">Aici lucrurile trebuie diferen\u021biate.<\/p>\n<p class=\"wp-block-paragraph\">Poli\u021bi\u0219tii locali care asigur\u0103 paza \u00een \u0219coli sunt necesari<strong>.<\/strong> Nu po\u021bi \u00eenlocui prezen\u021ba fizic\u0103 a unui om cu o camer\u0103 de supraveghere \u0219i s\u0103 pretinzi c\u0103 ai rezolvat aceea\u0219i problem\u0103.<\/p>\n<p class=\"wp-block-paragraph\">Pe de alt\u0103 parte, poli\u021bi\u0219tii de la Ordine Public\u0103 sunt cei care ar trebui s\u0103 asigure ordinea \u00een spa\u021biile publice \u0219i s\u0103 intervin\u0103 \u00een situa\u021bii precum cea din Pia\u021ba Central\u0103. Astfel de imagini afecteaz\u0103 inclusiv imaginea poli\u021bi\u0219tilor locali care \u00ee\u0219i fac corect treaba.<\/p>\n<p class=\"wp-block-paragraph\">Ideea ar fi c\u0103 nu to\u021bi angaja\u021bii Poli\u021biei Locale trebuie pu\u0219i \u00een aceea\u0219i oal\u0103.<\/p>\n<p class=\"wp-block-paragraph\">Gazeta Buzoian\u0103 va solicita un punct de vedere oficial conducerii Poli\u021biei Locale Buz\u0103u \u00een leg\u0103tur\u0103 cu acest incident.<\/p>\n<p class=\"wp-block-paragraph\">Vom cere s\u0103 ni se spun\u0103 dac\u0103 femeia avea dreptul s\u0103 v\u00e2nd\u0103 \u00een acel loc, \u00een baza c\u0103ror prevederi i s-a cerut s\u0103 plece \u0219i dac\u0103 limbajul folosit de poli\u021bist este considerat acceptabil \u00een rela\u021bia cu un cet\u0103\u021bean.<\/p>\n<p class=\"wp-block-paragraph\">Da, poate c\u0103 regulamentul  spune c\u0103 femeia nu avea voie s\u0103 v\u00e2nd\u0103 acolo, dar nu spune c\u0103 trebuia s\u0103 fie \u0219i jignit\u0103. <\/p>\n<p class=\"wp-block-paragraph\"><strong>Sursa VIDEO:<\/strong><em>Stiri din Surse Buz\u0103u<\/em><\/p>\n<div class=\"post-bottom-meta post-bottom-tags post-tags-modern\">\n<div class=\"post-bottom-meta-title\"> Etichete<\/div>\n<p><span class=\"tagcloud\"><a href=\"https:\/\/gazetabuzoiana.ro\/tag\/batranica-alungata-din-piata\/\" rel=\"tag\">b\u0103tr\u00e2nic\u0103 alungat\u0103 din pia\u021b\u0103<\/a><a href=\"https:\/\/gazetabuzoiana.ro\/tag\/buzau-2\/\" rel=\"tag\">Buz\u0103u<\/a><a href=\"https:\/\/gazetabuzoiana.ro\/tag\/comert-ambulant\/\" rel=\"tag\">comer\u021b ambulant<\/a><a href=\"https:\/\/gazetabuzoiana.ro\/tag\/comert-ilegal\/\" rel=\"tag\">comer\u021b ilegal<\/a><a href=\"https:\/\/gazetabuzoiana.ro\/tag\/gazeta-buzoiana-2\/\" rel=\"tag\">Gazeta Buzoian\u0103<\/a><a href=\"https:\/\/gazetabuzoiana.ro\/tag\/ordine-publica\/\" rel=\"tag\">ordine public\u0103<\/a><a href=\"https:\/\/gazetabuzoiana.ro\/tag\/piata-centrala-buzau\/\" rel=\"tag\">PIa\u021ba Central\u0103 Buz\u0103u<\/a><a href=\"https:\/\/gazetabuzoiana.ro\/tag\/politia-locala-buzau-2\/\" rel=\"tag\">Poli\u021bia Local\u0103 Buz\u0103u<\/a><a href=\"https:\/\/gazetabuzoiana.ro\/tag\/politisti-locali-2\/\" rel=\"tag\">poli\u021bi\u0219ti locali<\/a><a href=\"https:\/\/gazetabuzoiana.ro\/tag\/tigari-de-contrabanda\/\" rel=\"tag\">\u021big\u0103ri de contraband\u0103<\/a><a href=\"https:\/\/gazetabuzoiana.ro\/tag\/tigari-netimbrate\/\" rel=\"tag\">\u021big\u0103ri netimbrate<\/a><a href=\"https:\/\/gazetabuzoiana.ro\/tag\/vanzatori-piata-centrala\/\" rel=\"tag\">v\u00e2nz\u0103tori Pia\u021ba Central\u0103<\/a><\/span><\/div>\n<\/div>\n<p>[analyse_source url=&#8221;https:\/\/gazetabuzoiana.ro\/2026\/08\/20\/ce-i-a-facut-un-politist-unei-batrane-in-piata-centrala-din-buzau-video\/&#8221;]<\/p>\n","protected":false},"excerpt":{"rendered":"<p>[analyse_image type=&#8221;featured&#8221; src=&#8221;https:\/\/gazetabuzoiana.ro\/wp-content\/uploads\/2026\/08\/Piata-centrala-Buzau-780&#215;470.jpg.jpg&#8221;] O b\u0103tr\u00e2nic\u0103 vinde br\u00e2nz\u0103 \u00een Pia\u021ba Central\u0103 din Buz\u0103u, a\u0219ezat\u0103 pe vine, l\u00e2ng\u0103 o g\u0103leat\u0103. Nu are tarab\u0103 \u0219i \u00ee\u0219i \u021bine marfa direct \u00een recipient. La un moment dat, un poli\u021bist local de la Ordine Public\u0103 \u00eei cerut s\u0103 plece. Femeia nu protesteaz\u0103, nu ridic\u0103 vocea \u0219i nu a \u00eencearc\u0103 s\u0103 se [&hellip;]<\/p>\n","protected":false},"author":1,"featured_media":0,"comment_status":"open","ping_status":"","sticky":false,"template":"","format":"standard","meta":{"footnotes":""},"categories":[2],"tags":[226,38],"class_list":["post-2103070","post","type-post","status-publish","format-standard","hentry","category-politics","tag-crawlmanager","tag-gazetabuzoiana-ro"],"_links":{"self":[{"href":"https:\/\/analyse.optim.biz\/index.php?rest_route=\/wp\/v2\/posts\/2103070","targetHints":{"allow":["GET"]}}],"collection":[{"href":"https:\/\/analyse.optim.biz\/index.php?rest_route=\/wp\/v2\/posts"}],"about":[{"href":"https:\/\/analyse.optim.biz\/index.php?rest_route=\/wp\/v2\/types\/post"}],"author":[{"embeddable":true,"href":"https:\/\/analyse.optim.biz\/index.php?rest_route=\/wp\/v2\/users\/1"}],"replies":[{"embeddable":true,"href":"https:\/\/analyse.optim.biz\/index.php?rest_route=%2Fwp%2Fv2%2Fcomments&post=2103070"}],"version-history":[{"count":0,"href":"https:\/\/analyse.optim.biz\/index.php?rest_route=\/wp\/v2\/posts\/2103070\/revisions"}],"wp:attachment":[{"href":"https:\/\/analyse.optim.biz\/index.php?rest_route=%2Fwp%2Fv2%2Fmedia&parent=2103070"}],"wp:term":[{"taxonomy":"category","embeddable":true,"href":"https:\/\/analyse.optim.biz\/index.php?rest_route=%2Fwp%2Fv2%2Fcategories&post=2103070"},{"taxonomy":"post_tag","embeddable":true,"href":"https:\/\/analyse.optim.biz\/index.php?rest_route=%2Fwp%2Fv2%2Ftags&post=2103070"}],"curies":[{"name":"wp","href":"https:\/\/api.w.org\/{rel}","templated":true}]}}