{"id":2103066,"date":"2026-08-20T13:34:52","date_gmt":"2026-08-20T10:34:52","guid":{"rendered":"https:\/\/analyse.optim.biz\/?p=2103066"},"modified":"2026-08-20T13:34:52","modified_gmt":"2026-08-20T10:34:52","slug":"ministrul-apararii-a-afirmat-la-buzau-ca-romania-nu-este-in-razboi-dar-se-simte-miros-de-explozibil-video","status":"publish","type":"post","link":"https:\/\/analyse.optim.biz\/?p=2103066","title":{"rendered":"Ministrul Ap\u0103r\u0103rii a afirmat la Buz\u0103u c\u0103 Rom\u00e2nia nu este \u00een r\u0103zboi, dar \u201ese simte miros de explozibil\u201d (VIDEO)"},"content":{"rendered":"<p>[analyse_image type=&#8221;featured&#8221; src=&#8221;https:\/\/gazetabuzoiana.ro\/wp-content\/uploads\/2026\/08\/5.jpeg&#8221;]<\/p>\n<div class=\"entry-content entry clearfix\">\n<p class=\"wp-block-paragraph\">Buz\u0103ul a g\u0103zduit joi, 20 august, ceremonia dedicat\u0103 \u00eemplinirii a 110 ani de la \u00eenfiin\u021barea Armatei a 2-a, tradi\u021bie continuat\u0103 ast\u0103zi de Divizia 2 Infanterie \u201eGetica\u201d. Evenimentul de pe Calea Eroilor a adus la Buz\u0103u oficiali ai Ministerului Ap\u0103r\u0103rii, conducerea Armatei Rom\u00e2ne, militari, veterani, dar \u0219i numero\u0219i buzoieni veni\u021bi s\u0103 urm\u0103reasc\u0103 parada militar\u0103.<\/p>\n<figure class=\"wp-block-image size-large\"><img loading=\"lazy\" decoding=\"async\" width=\"1024\" height=\"473\" src=\"https:\/\/gazetabuzoiana.ro\/wp-content\/uploads\/2026\/08\/4-1024x473.jpeg\" alt class=\"wp-image-22214\"><\/figure>\n<p class=\"wp-block-paragraph\">Printre oficialii prezen\u021bi s-au aflat ministrul Ap\u0103r\u0103rii, Radu Miru\u021b\u0103, \u0219i \u0219eful Statului Major al Ap\u0103r\u0103rii, generalul Gheorghi\u021b\u0103 Vlad, fost comandant al Diviziei 2 Infanterie \u201eGetica\u201d.<\/p>\n<p class=\"wp-block-paragraph\">Ceremonia a \u00eenceput cu acordarea unor distinc\u021bii \u0219i discursurile oficiale, fiind urmat\u0103 de intonarea Imnului Na\u021bional \u0219i a imnului Diviziei 2 Infanterie \u201eGetica\u201d. Momentul cel mai a\u0219teptat a fost parada militar\u0103 de pe Calea Eroilor, deschis\u0103 de comandantul Diviziei 2 Infanterie \u201eGetica\u201d, generalul-maior Gabriel-Constantin Turcule\u021b.<\/p>\n<p class=\"wp-block-paragraph\">Pentru militarii buzoieni, aniversarea are o semnifica\u021bie aparte. Divizia 2 Infanterie \u201eGetica\u201d continu\u0103 tradi\u021biile Armatei a 2-a, structur\u0103 \u00eenfiin\u021bat\u0103 la 18 august 1916, \u00een urm\u0103 cu exact 110 ani.<\/p>\n<p class=\"wp-block-paragraph\">\u00cen discursul s\u0103u, ministrul Ap\u0103r\u0103rii, Radu Miru\u021b\u0103, a vorbit despre situa\u021bia de securitate din regiune \u0219i despre presiunea pus\u0103 \u00een aceast\u0103 perioad\u0103 asupra Armatei Rom\u00e2ne.<\/p>\n<p class=\"wp-block-paragraph\">Ministrul a transmis c\u0103 Rom\u00e2nia nu este implicat\u0103 \u00eentr-un r\u0103zboi \u0219i c\u0103 nu exist\u0103, \u00een acest moment, o cre\u0219tere a riscului de securitate la adresa popula\u021biei sau a integrit\u0103\u021bii teritoriale a \u021b\u0103rii. \u00cen acela\u0219i timp, el a subliniat c\u0103 r\u0103zboiul din apropierea grani\u021belor Rom\u00e2niei schimb\u0103 radical mediul de securitate.<\/p>\n<p class=\"wp-block-paragraph\"><strong><em>\u201e\u00cen mediul actual de securitate sunt provoc\u0103ri complexe, sunt provoc\u0103ri noi. Dup\u0103 zeci de ani de oarece lini\u0219te la grani\u021bele Rom\u00e2niei, provoc\u0103rile militare sunt \u00eentr-o dinamic\u0103 fantastic\u0103. \u0218i lumea se uit\u0103 din nou spre Armata Rom\u00e2n\u0103.<\/em><\/strong><\/p>\n<p class=\"wp-block-paragraph\"><em><strong>Rom\u00e2nia nu este o \u021bar\u0103 aflat\u0103 \u00een r\u0103zboi, Rom\u00e2nia nu este o \u021bar\u0103 \u00een care riscul de securitate la adresa cet\u0103\u021benilor sau la adresa integrit\u0103\u021bii teritoriale a crescut, \u00eens\u0103 Rom\u00e2nia este o \u021bar\u0103 \u00een care se simte la propriu miros de explozibil.<\/strong><\/em><\/p>\n<p class=\"wp-block-paragraph\"><em><strong>S\u0103 nu-i blama\u021bi absolut niciodat\u0103 pe militarii Armatei Rom\u00e2ne. V\u0103 garantez c\u0103, utiliz\u00e2nd tot ceea ce au la dispozi\u021bie, fac lucruri pentru care de multe ori nu ne a\u0219tept\u0103m s\u0103 reu\u0219easc\u0103 s\u0103 le fac\u0103\u201d<\/strong><\/em>, a declarat Radu Miru\u021b\u0103.<\/p>\n<figure class=\"wp-block-image size-large\"><img decoding=\"async\" loading=\"lazy\" width=\"1024\" height=\"768\" src=\"https:\/\/gazetabuzoiana.ro\/wp-content\/uploads\/2026\/08\/3-3-1024x768.jpeg\" alt class=\"wp-image-22213\"><\/figure>\n<p class=\"wp-block-paragraph\">Mesajul ministrului vine \u00eentr-un moment \u00een care Rom\u00e2nia se afl\u0103 \u00eentr-un context regional complicat, pe fondul r\u0103zboiului din Ucraina \u0219i al provoc\u0103rilor de securitate de la grani\u021bele NATO.<\/p>\n<p class=\"wp-block-paragraph\">La ceremonia de la Buz\u0103u a vorbit \u0219i generalul Gheorghi\u021b\u0103 Vlad, \u0219eful Statului Major al Ap\u0103r\u0103rii \u0219i fost comandant al Diviziei 2 Infanterie \u201eGetica\u201d.<\/p>\n<p class=\"wp-block-paragraph\">Acesta a pus accentul pe tradi\u021bia militar\u0103 construit\u0103 \u00een cei 110 ani, dar \u0219i pe oamenii care au dus-o mai departe de-a lungul genera\u021biilor.<\/p>\n<p class=\"wp-block-paragraph\"><em><strong>\u201eNe \u00eenclin\u0103m \u00een fa\u021ba memoriei eroilor Armatei a 2-a \u0219i privim cu respect c\u0103tre toate genera\u021biile de militari care, de-a lungul celor 110 ani, au construit tradi\u021bia pe care Divizia 2 Infanterie GETICA o duce mai departe.<\/strong><\/em><\/p>\n<p class=\"wp-block-paragraph\"><em><strong>Pentru mine, GETICA va r\u0103m\u00e2ne mai mult dec\u00e2t o etap\u0103 din carier\u0103. Aici am avut responsabilitatea unor oameni \u0219i am avut, la r\u00e2ndul meu, multe de \u00eenv\u0103\u021bat de la ei.<\/strong><\/em><\/p>\n<p class=\"wp-block-paragraph\"><em><strong>Experien\u021ba de aici mi-a confirmat un lucru simplu: indiferent c\u00e2t de mult se modernizeaz\u0103 armata, \u00een centrul ei r\u0103m\u00e2ne militarul.<\/strong><\/em><\/p>\n<p class=\"wp-block-paragraph\"><em><strong>V\u0103 felicit pentru ceea ce reprezenta\u021bi azi \u00een Armata Rom\u00e2niei \u0219i pentru munca pe care o face\u021bi zi de zi. P\u0103stra\u021bi-v\u0103 istoria cu respect, dar privi\u021bi \u00eenainte! Fi\u021bi bine preg\u0103ti\u021bi, ave\u021bi \u00eencredere unii \u00een ceilal\u021bi \u0219i nu uita\u021bi responsabilitatea pe care o purta\u021bi sub drapel. La mul\u021bi ani, Divizia 2 Infanterie GETICA!\u201d<\/strong><\/em>, le-a transmis Gheorghi\u021b\u0103 Vlad militarilor.<\/p>\n<p class=\"wp-block-paragraph\">Pe marginea traseului, zeci de familii au urm\u0103rit defilarea militarilor. Mul\u021bi dintre cei prezen\u021bi au venit special pentru a-\u0219i vedea copiii, rudele sau apropia\u021bii care poart\u0103 uniforma militar\u0103.<\/p>\n<p class=\"wp-block-paragraph\">Pentru public, parada de pe Calea Eroilor a fost momentul central al manifest\u0103rilor dedicate celor 110 ani de tradi\u021bie militar\u0103.<\/p>\n<figure class=\"wp-block-image size-large\"><img decoding=\"async\" loading=\"lazy\" width=\"1024\" height=\"473\" src=\"https:\/\/gazetabuzoiana.ro\/wp-content\/uploads\/2026\/08\/2-4-1024x473.jpeg\" alt class=\"wp-image-22212\"><\/figure>\n<p class=\"wp-block-paragraph\">La eveniment au participat \u0219i reprezentan\u021bi ai administra\u021biei locale \u0219i jude\u021bene. \u00cen tribuna oficial\u0103 s-au aflat, printre al\u021bii, primarul Constantin Toma, deputatul \u0219i pre\u0219edintele PSD Buz\u0103u, Romeo Lungu, prefectul Leonard Dimian, precum \u0219i reprezentan\u021bi ai PNL, \u00eentre care pre\u0219edintele Adrian Mocanu \u0219i deputatul Petre Emanoil Neagu.<\/p>\n<p class=\"wp-block-paragraph\">Pre\u0219edintele Consiliului Jude\u021bean Buz\u0103u, Marcel Ciolacu, nu a participat la ceremonie, fiind \u00een concediu medical.<\/p>\n<p class=\"wp-block-paragraph\">Un loc aparte \u00een cadrul manifest\u0103rilor l-au avut veteranii de r\u0103zboi. Printre ace\u0219tia s-a aflat \u0219i veteranul buzoian Gheorghe \u201eGic\u0103\u201d Baciu, care, la finalul ceremoniei, a fost felicitat personal de ministrul Ap\u0103r\u0103rii.<\/p>\n<p class=\"wp-block-paragraph\">Ceremonia de la Buz\u0103u marcheaz\u0103 110 ani de la constituirea Armatei a 2-a \u0219i pune \u00een prim-plan continuitatea unei structuri militare care, dup\u0103 mai bine de un secol, r\u0103m\u00e2ne una dintre principalele componente ale prezen\u021bei militare rom\u00e2ne\u0219ti \u00een aceast\u0103 zon\u0103 a \u021b\u0103rii.<\/p>\n<div class=\"post-bottom-meta post-bottom-tags post-tags-modern\">\n<div class=\"post-bottom-meta-title\"> Etichete<\/div>\n<p><span class=\"tagcloud\"><a href=\"https:\/\/gazetabuzoiana.ro\/tag\/110-ani-traditie-militara\/\" rel=\"tag\">110 ani tradi\u021bie militar\u0103<\/a><a href=\"https:\/\/gazetabuzoiana.ro\/tag\/armata\/\" rel=\"tag\">Armat\u0103<\/a><a href=\"https:\/\/gazetabuzoiana.ro\/tag\/armata-a-2-a\/\" rel=\"tag\">Armata a 2-a<\/a><a href=\"https:\/\/gazetabuzoiana.ro\/tag\/armata-romana\/\" rel=\"tag\">Armata Rom\u00e2n\u0103<\/a><a href=\"https:\/\/gazetabuzoiana.ro\/tag\/buzau-2\/\" rel=\"tag\">Buz\u0103u<\/a><a href=\"https:\/\/gazetabuzoiana.ro\/tag\/calea-eroilor\/\" rel=\"tag\">Calea Eroilor<\/a><a href=\"https:\/\/gazetabuzoiana.ro\/tag\/divizia-2-infanterie-getica\/\" rel=\"tag\">Divizia 2 Infanterie Getica<\/a><a href=\"https:\/\/gazetabuzoiana.ro\/tag\/gheorghita-vlad\/\" rel=\"tag\">Gheorghi\u021b\u0103 Vlad<\/a><a href=\"https:\/\/gazetabuzoiana.ro\/tag\/militari-buzau\/\" rel=\"tag\">militari Buz\u0103u<\/a><a href=\"https:\/\/gazetabuzoiana.ro\/tag\/ministrul-apararii\/\" rel=\"tag\">ministrul Ap\u0103r\u0103rii<\/a><a href=\"https:\/\/gazetabuzoiana.ro\/tag\/parada-militara\/\" rel=\"tag\">parada militar\u0103<\/a><a href=\"https:\/\/gazetabuzoiana.ro\/tag\/radu-miruta\/\" rel=\"tag\">Radu Miru\u021b\u0103<\/a><\/span><\/div>\n<\/div>\n<p>[analyse_source url=&#8221;https:\/\/gazetabuzoiana.ro\/2026\/08\/20\/ministrul-apararii-a-afirmat-la-buzau-ca-romania-nu-este-in-razboi-dar-se-simte-miros-de-explozibil-video\/&#8221;]<\/p>\n","protected":false},"excerpt":{"rendered":"<p>[analyse_image type=&#8221;featured&#8221; src=&#8221;https:\/\/gazetabuzoiana.ro\/wp-content\/uploads\/2026\/08\/5.jpeg&#8221;] Buz\u0103ul a g\u0103zduit joi, 20 august, ceremonia dedicat\u0103 \u00eemplinirii a 110 ani de la \u00eenfiin\u021barea Armatei a 2-a, tradi\u021bie continuat\u0103 ast\u0103zi de Divizia 2 Infanterie \u201eGetica\u201d. Evenimentul de pe Calea Eroilor a adus la Buz\u0103u oficiali ai Ministerului Ap\u0103r\u0103rii, conducerea Armatei Rom\u00e2ne, militari, veterani, dar \u0219i numero\u0219i buzoieni veni\u021bi s\u0103 urm\u0103reasc\u0103 parada [&hellip;]<\/p>\n","protected":false},"author":1,"featured_media":0,"comment_status":"open","ping_status":"","sticky":false,"template":"","format":"standard","meta":{"footnotes":""},"categories":[2],"tags":[226,38],"class_list":["post-2103066","post","type-post","status-publish","format-standard","hentry","category-politics","tag-crawlmanager","tag-gazetabuzoiana-ro"],"_links":{"self":[{"href":"https:\/\/analyse.optim.biz\/index.php?rest_route=\/wp\/v2\/posts\/2103066","targetHints":{"allow":["GET"]}}],"collection":[{"href":"https:\/\/analyse.optim.biz\/index.php?rest_route=\/wp\/v2\/posts"}],"about":[{"href":"https:\/\/analyse.optim.biz\/index.php?rest_route=\/wp\/v2\/types\/post"}],"author":[{"embeddable":true,"href":"https:\/\/analyse.optim.biz\/index.php?rest_route=\/wp\/v2\/users\/1"}],"replies":[{"embeddable":true,"href":"https:\/\/analyse.optim.biz\/index.php?rest_route=%2Fwp%2Fv2%2Fcomments&post=2103066"}],"version-history":[{"count":0,"href":"https:\/\/analyse.optim.biz\/index.php?rest_route=\/wp\/v2\/posts\/2103066\/revisions"}],"wp:attachment":[{"href":"https:\/\/analyse.optim.biz\/index.php?rest_route=%2Fwp%2Fv2%2Fmedia&parent=2103066"}],"wp:term":[{"taxonomy":"category","embeddable":true,"href":"https:\/\/analyse.optim.biz\/index.php?rest_route=%2Fwp%2Fv2%2Fcategories&post=2103066"},{"taxonomy":"post_tag","embeddable":true,"href":"https:\/\/analyse.optim.biz\/index.php?rest_route=%2Fwp%2Fv2%2Ftags&post=2103066"}],"curies":[{"name":"wp","href":"https:\/\/api.w.org\/{rel}","templated":true}]}}