{"id":2103062,"date":"2026-08-20T12:05:15","date_gmt":"2026-08-20T09:05:15","guid":{"rendered":"https:\/\/analyse.optim.biz\/?p=2103062"},"modified":"2026-08-20T12:05:15","modified_gmt":"2026-08-20T09:05:15","slug":"liderul-social-democratilor-buzoieni-romeo-lungu-anunta-ca-psd-buzau-isi-pregateste-propriul-candidat-pentru-primarie","status":"publish","type":"post","link":"https:\/\/analyse.optim.biz\/?p=2103062","title":{"rendered":"Liderul social-democra\u021bilor buzoieni, Romeo Lungu anun\u021b\u0103 c\u0103 PSD Buz\u0103u \u00ee\u0219i preg\u0103te\u0219te propriul candidat pentru Prim\u0103rie"},"content":{"rendered":"<p>[analyse_image type=&#8221;featured&#8221; src=&#8221;https:\/\/gazetabuzoiana.ro\/wp-content\/uploads\/2026\/08\/romeo-lungu-anunta-marea-confruntarea-din-2028-psd-va-avea-propriul-candidat-impotriva-lui-constantin-toma-5438499.jpeg&#8221;]<\/p>\n<div class=\"entry-content entry clearfix\">\n<p class=\"wp-block-paragraph\">Pre\u0219edintele PSD Buz\u0103u, deputatul Romeo Lungu, a r\u0103spuns declara\u021biilor lui Constantin Toma privind o eventual\u0103 candidatur\u0103 independent\u0103 la Prim\u0103ria Buz\u0103u \u00een 2028 spun\u00e2nd c\u0103 alegerile din 2028 vor ar\u0103ta c\u00e2t din succesul electoral al primarului \u00eei apar\u021bine \u0219i c\u00e2t s-a datorat sprijinului PSD.<\/p>\n<p class=\"wp-block-paragraph\"><strong><em>\u201eConstantin Toma spune c\u0103 \u00een 2028 va candida independent. Este alegerea lui \u0219i, p\u00e2n\u0103 la urm\u0103, 2028 va fi momentul \u00een care aceast\u0103 alegere va fi testat\u0103 prin vot\u201d<\/em><\/strong>, afirm\u0103 Romeo Lungu.<\/p>\n<p class=\"wp-block-paragraph\">Liderul PSD Buz\u0103u a pus \u00een discu\u021bie una dintre afirma\u021biile folosite frecvent de Constantin Toma \u00een ultimii ani, aceea c\u0103 este <em>\u201ecel mai votat primar\u201d<\/em> \u0219i a subliniat c\u0103 rezultatele ob\u021binute de acesta nu pot fi desprinse de sprijinul politic \u0219i electoral al PSD.<\/p>\n<p class=\"wp-block-paragraph\"><em><mark class=\"has-inline-color has-black-color\"><strong>\u201eC\u00e2nd domnul Toma vorbe\u0219te at\u00e2t de des despre faptul c\u0103 este \u00abcel mai votat primar\u00bb, cred c\u0103 merit\u0103 s\u0103 ne amintim un lucru simplu: Constantin Toma nu a ajuns acolo singur\u201d,<\/strong><\/mark><\/em>spune Romeo Lungu.<\/p>\n<p class=\"wp-block-paragraph\">\u00centr-un comunicat de pres\u0103 transmis joi redac\u021biilor locale, pre\u0219edintele PSD Buz\u0103u a subliniat sprijinul pe care primarul l-a avut de-a lungul celor trei mandate \u0219i a insistat asupra rolului echipei politice din spatele campaniilor sale.<\/p>\n<p class=\"wp-block-paragraph\"><mark class=\"has-inline-color has-black-color\"><em><strong>\u201eA candidat din partea PSD, a avut \u00een spate una dintre cele mai puternice organiza\u021bii politice din \u021bar\u0103, a avut sprijinul colegilor, al consilierilor locali, al parlamentarilor, al primarilor \u0219i al guvernelor PSD. Au fost sute de oameni care au muncit \u00een campaniile sale \u0219i zeci de mii de buzoieni care au votat inclusiv sigla de pe buletinul de vot\u201d<\/strong>,<\/em><\/mark>afirm\u0103 Lungu.<\/p>\n<p class=\"wp-block-paragraph\">Mesajul este unul direct, dar liderul PSD a evitat s\u0103 transforme ruptura dintre partid \u0219i primar \u00eentr-un conflict. Romeo Lungu a precizat c\u0103 PSD nu inten\u021bioneaz\u0103 s\u0103 \u00eenceap\u0103, cu doi ani \u00eenainte, o campanie electoral\u0103 \u00eempotriva lui Constantin Toma.<\/p>\n<p class=\"wp-block-paragraph\"><strong><mark class=\"has-inline-color has-black-color\">\u201ePSD Buz\u0103u nu va \u00eencepe ast\u0103zi campania pentru 2028 \u0219i nici nu va transforma urm\u0103torii doi ani \u00eentr-un r\u0103zboi cu primarul municipiului. Avem o responsabilitate fa\u021b\u0103 de buzoieni\u201d,<\/mark><\/strong> a transmis acesta.<\/p>\n<p class=\"wp-block-paragraph\">Mai mult, Lungu a spus c\u0103 ale\u0219ii PSD din Consiliul Local Municipal vor continua s\u0103 sus\u021bin\u0103 proiectele pe care le consider\u0103 benefice pentru ora\u0219:<\/p>\n<p class=\"wp-block-paragraph\"><strong><em><mark class=\"has-inline-color has-black-color\">\u201eConsilierii PSD vor sus\u021bine proiectele bune pentru ora\u0219, a\u0219a cum au f\u0103cut \u0219i p\u00e2n\u0103 acum. Interesul municipiului nu trebuie amestecat cu orgoliile politice ale nim\u0103nui.\u201d<\/mark><\/em><\/strong><\/p>\n<h2 class=\"wp-block-heading\">PSD Buz\u0103u anun\u021b\u0103 c\u0103 va avea propriul candidat \u00een 2028<\/h2>\n<p class=\"wp-block-paragraph\">\u00cen paralel, Romeo Lungu a confirmat c\u0103 PSD \u00ee\u0219i va construi propria strategie pentru alegerile locale din 2028 \u0219i va propune un candidat pentru Prim\u0103ria Buz\u0103u.<\/p>\n<p class=\"wp-block-paragraph\"><strong><em><mark class=\"has-inline-color has-black-color\">\u201ePSD Buz\u0103u va preg\u0103ti serios alegerile din 2028. Vom avea propriul candidat pentru Prim\u0103ria Buz\u0103u \u0219i vom pune \u00een fa\u021ba oamenilor un om capabil s\u0103 administreze ora\u0219ul, s\u0103 adune \u00een jurul lui o echip\u0103 \u0219i s\u0103 \u00een\u021beleag\u0103 c\u0103 succesul \u00een politic\u0103 nu este niciodat\u0103 opera unui singur om\u201d<\/mark><\/em><\/strong>, a afirmat acesta.<\/p>\n<p class=\"wp-block-paragraph\">\u00cen continuare, Romeo Lungu a vorbit despre propriul parcurs politic str\u00e2ns legat de partidul din care face parte \u0219i a spus c\u0103 nu inten\u021bioneaz\u0103 s\u0103-\u0219i schimbe pozi\u021bionarea \u00een func\u021bie de conjunctura electoral\u0103:<\/p>\n<p class=\"wp-block-paragraph\"><em><mark class=\"has-inline-color has-black-color\"><strong>\u201eEu nu am nevoie s\u0103 \u00eemi rescriu biografia politic\u0103 \u00een func\u021bie de moment. Am fost doar \u00een PSD, sunt \u00een PSD \u0219i am trecut \u00eempreun\u0103 cu acest partid \u0219i prin victorii, \u0219i prin perioade dificile. Cred \u00een echip\u0103\u201d,<\/strong><\/mark><\/em>spune acesta.<\/p>\n<p class=\"wp-block-paragraph\">\u00cen mesajul s\u0103u, deputatul Lungu a pus accent \u0219i pe testul electoral din 2028: <\/p>\n<p class=\"wp-block-paragraph\"><em><mark class=\"has-inline-color has-black-color\"><strong>\u201eDomnul Toma spune c\u0103 va merge singur. Foarte bine. Atunci vom vedea \u0219i c\u00e2t din formula de \u00abcel mai votat primar\u00bb \u00eei apar\u021bine exclusiv \u0219i c\u00e2t a \u00eensemnat for\u021ba PSD Buz\u0103u\u201d,<\/strong><\/mark><\/em>afirm\u0103 pre\u0219edintele PSD Buz\u0103u, care a observat \u0219i o contradic\u021bie \u00een situa\u021bia actual\u0103a primarului  Constantin Toma, care vorbe\u0219te despre o candidatur\u0103 independent\u0103, dar este \u00eenc\u0103 membru al PSD.<\/p>\n<p class=\"wp-block-paragraph\">\u00cen final, Romeo Lungu a l\u0103sta s\u0103 se \u00een\u021beleag\u0103 c\u0103 PSD va intra \u00een competi\u021bia din 2028 cu argumentul puternic al unei echipe \u0219i al unei alternative construite \u00een timp, f\u0103r\u0103 s\u0103 transforme urm\u0103torii doi ani \u00eentr-o confruntare permanent\u0103 cu primarul:<\/p>\n<p class=\"wp-block-paragraph\"><strong><em><mark class=\"has-inline-color has-black-color\">\u201eBuz\u0103ul are nevoie de administra\u021bie \u0219i de proiecte, nu de o campanie electoral\u0103 \u00eenceput\u0103 cu doi ani mai devreme\u201d<\/mark><\/em><\/strong><\/p>\n<p class=\"wp-block-paragraph\">Pentru moment, Romeo Lungu spune c\u0103 PSD Buz\u0103u \u00ee\u0219i va concentra aten\u021bia pe administra\u021bia ora\u0219ului \u0219i nu pe campania electoral\u0103. <strong><em><mark class=\"has-inline-color has-black-color\">\u201eBuz\u0103ul are nevoie de administra\u021bie \u0219i de proiecte, nu de o campanie electoral\u0103 \u00eenceput\u0103 cu doi ani mai devreme\u201d<\/mark><\/em><\/strong>, este mesajul cu care pre\u0219edintele PSD Buz\u0103u \u00ee\u0219i \u00eencheie comunicatul.<\/p>\n<div class=\"post-bottom-meta post-bottom-tags post-tags-modern\">\n<div class=\"post-bottom-meta-title\"> Etichete<\/div>\n<p><span class=\"tagcloud\"><a href=\"https:\/\/gazetabuzoiana.ro\/tag\/administratia-buzau\/\" rel=\"tag\">administra\u021bia Buz\u0103u<\/a><a href=\"https:\/\/gazetabuzoiana.ro\/tag\/alegeri-buzau\/\" rel=\"tag\">alegeri Buz\u0103u<\/a><a href=\"https:\/\/gazetabuzoiana.ro\/tag\/alegeri-locale-2028\/\" rel=\"tag\">alegeri locale 2028<\/a><a href=\"https:\/\/gazetabuzoiana.ro\/tag\/candidatura-independenta\/\" rel=\"tag\">candidatura independent\u0103<\/a><a href=\"https:\/\/gazetabuzoiana.ro\/tag\/constantin-toma\/\" rel=\"tag\">constantin toma<\/a><a href=\"https:\/\/gazetabuzoiana.ro\/tag\/politica-buzoiana\/\" rel=\"tag\">politica buzoian\u0103<\/a><a href=\"https:\/\/gazetabuzoiana.ro\/tag\/primaria-buzau\/\" rel=\"tag\">Prim\u0103ria Buz\u0103u<\/a><a href=\"https:\/\/gazetabuzoiana.ro\/tag\/psd-buzau\/\" rel=\"tag\">psd buz\u0103u<\/a><a href=\"https:\/\/gazetabuzoiana.ro\/tag\/psd-buzau-2028\/\" rel=\"tag\">PSD Buz\u0103u 2028<\/a><a href=\"https:\/\/gazetabuzoiana.ro\/tag\/romeo-lungu\/\" rel=\"tag\">romeo lungu<\/a><\/span><\/div>\n<\/div>\n<p>[analyse_source url=&#8221;https:\/\/gazetabuzoiana.ro\/2026\/08\/20\/liderul-social-democratilor-buzoieni-romeo-lungu-anunta-ca-psd-buzau-isi-pregateste-propriul-candidat-pentru-primarie\/&#8221;]<\/p>\n","protected":false},"excerpt":{"rendered":"<p>[analyse_image type=&#8221;featured&#8221; src=&#8221;https:\/\/gazetabuzoiana.ro\/wp-content\/uploads\/2026\/08\/romeo-lungu-anunta-marea-confruntarea-din-2028-psd-va-avea-propriul-candidat-impotriva-lui-constantin-toma-5438499.jpeg&#8221;] Pre\u0219edintele PSD Buz\u0103u, deputatul Romeo Lungu, a r\u0103spuns declara\u021biilor lui Constantin Toma privind o eventual\u0103 candidatur\u0103 independent\u0103 la Prim\u0103ria Buz\u0103u \u00een 2028 spun\u00e2nd c\u0103 alegerile din 2028 vor ar\u0103ta c\u00e2t din succesul electoral al primarului \u00eei apar\u021bine \u0219i c\u00e2t s-a datorat sprijinului PSD. \u201eConstantin Toma spune c\u0103 \u00een 2028 va candida independent. [&hellip;]<\/p>\n","protected":false},"author":1,"featured_media":0,"comment_status":"open","ping_status":"","sticky":false,"template":"","format":"standard","meta":{"footnotes":""},"categories":[2],"tags":[226,38],"class_list":["post-2103062","post","type-post","status-publish","format-standard","hentry","category-politics","tag-crawlmanager","tag-gazetabuzoiana-ro"],"_links":{"self":[{"href":"https:\/\/analyse.optim.biz\/index.php?rest_route=\/wp\/v2\/posts\/2103062","targetHints":{"allow":["GET"]}}],"collection":[{"href":"https:\/\/analyse.optim.biz\/index.php?rest_route=\/wp\/v2\/posts"}],"about":[{"href":"https:\/\/analyse.optim.biz\/index.php?rest_route=\/wp\/v2\/types\/post"}],"author":[{"embeddable":true,"href":"https:\/\/analyse.optim.biz\/index.php?rest_route=\/wp\/v2\/users\/1"}],"replies":[{"embeddable":true,"href":"https:\/\/analyse.optim.biz\/index.php?rest_route=%2Fwp%2Fv2%2Fcomments&post=2103062"}],"version-history":[{"count":0,"href":"https:\/\/analyse.optim.biz\/index.php?rest_route=\/wp\/v2\/posts\/2103062\/revisions"}],"wp:attachment":[{"href":"https:\/\/analyse.optim.biz\/index.php?rest_route=%2Fwp%2Fv2%2Fmedia&parent=2103062"}],"wp:term":[{"taxonomy":"category","embeddable":true,"href":"https:\/\/analyse.optim.biz\/index.php?rest_route=%2Fwp%2Fv2%2Fcategories&post=2103062"},{"taxonomy":"post_tag","embeddable":true,"href":"https:\/\/analyse.optim.biz\/index.php?rest_route=%2Fwp%2Fv2%2Ftags&post=2103062"}],"curies":[{"name":"wp","href":"https:\/\/api.w.org\/{rel}","templated":true}]}}