{"id":2103060,"date":"2026-08-19T15:28:14","date_gmt":"2026-08-19T12:28:14","guid":{"rendered":"https:\/\/analyse.optim.biz\/?p=2103060"},"modified":"2026-08-19T15:28:14","modified_gmt":"2026-08-19T12:28:14","slug":"exclusiv-pe-surse-constantin-toma-ar-putea-candida-din-partea-partidului-lui-victor-ponta-astazi-a-anuntat-oficial-ca-nu-va-mai-reprezenta-psd-la-alegerile-locale","status":"publish","type":"post","link":"https:\/\/analyse.optim.biz\/?p=2103060","title":{"rendered":"EXCLUSIV | PE SURSE: Constantin Toma ar putea candida din partea partidului lui Victor Ponta. Ast\u0103zi a anun\u021bat oficial c\u0103 nu va mai reprezenta PSD la alegerile locale"},"content":{"rendered":"<p>[analyse_image type=&#8221;featured&#8221; src=&#8221;https:\/\/gazetabuzoiana.ro\/wp-content\/uploads\/2026\/08\/toma-ponta.webp&#8221;]<\/p>\n<div class=\"entry-content entry clearfix\">\n<p class=\"wp-block-paragraph\">Primarul municipiului Buz\u0103u, Constantin Toma, a anun\u021bat ast\u0103zi oficial, la <em>Radio Campus<\/em>, c\u0103 va candida pentru un nou mandat, \u00eens\u0103 nu din partea PSD. Edilul spune c\u0103, cel mai probabil, va intra \u00een cursa electoral\u0103 ca independent, dar a l\u0103sat o porti\u021b\u0103 deschis\u0103 \u0219i pentru posibilitatea unei alte forma\u021biuni politice. A exclus \u00eens\u0103 explicit o candidatur\u0103 din partea AUR sau SOS.<\/p>\n<p class=\"wp-block-paragraph\">Declara\u021bia lui Toma este una important\u0103 pentru scena politic\u0103 buzoian\u0103, \u00een condi\u021biile \u00een care primarul a r\u0103mas \u00een prezent un simplu membru al PSD, dup\u0103 ce, \u00een prim\u0103vara acestui an, a renun\u021bat la func\u021biile de\u021binute \u00een partid.<\/p>\n<p class=\"wp-block-paragraph\">Anun\u021bul privind candidatura era unul a\u0219teptat, \u00eens\u0103 Toma a tran\u0219at ast\u0103zi un aspect asupra c\u0103ruia PSD Buz\u0103u nu a avut, p\u00e2n\u0103 acum, o pozi\u021bie la fel de clar\u0103, spun\u00e2nd c\u0103 nu va candida pentru un nou mandat de primar din partea social-democra\u021bilor.<\/p>\n<p class=\"wp-block-paragraph\">De\u0219i varianta prezentat\u0103 public de Constantin Toma este aceea a unei candidaturi independente, din informa\u021biile ob\u021binute de <em>Gazeta Buzoian\u0103<\/em> din surse politice bine informate exist\u0103 \u0219i o alt\u0103 posibilitate.<\/p>\n<p class=\"wp-block-paragraph\">Potrivit surselor noastre, este pu\u021bin probabil ca Toma s\u0103 candideze efectiv ca independent \u0219i exist\u0103 discu\u021bii potrivit c\u0103rora acesta ar putea beneficia de sprijinul politic al viitoarei forma\u021biuni pe care Victor Ponta a anun\u021bat c\u0103 o va \u00eenfiin\u021ba. Acelea\u0219i surse sus\u021bin c\u0103 varianta unei candidaturi din partea PNL este, de asemenea, pu\u021bin probabil\u0103.<\/p>\n<p class=\"wp-block-paragraph\">Pentru electoratul lui Constantin Toma, trecerea de la PSD la partidul pe care \u00eel preg\u0103te\u0219te Victor Ponta ar putea fi mai u\u0219oar\u0103 dec\u00e2t trecerea la un partid de dreapta, precum PNL sau USR. Noua forma\u021biune a lui Ponta \u00eencearc\u0103 s\u0103 atrag\u0103, printre al\u021bii, \u0219i aleg\u0103tori care au votat PSD, astfel c\u0103 Toma ar putea p\u0103stra o parte important\u0103 din electoratul pe care \u00eel are deja. \u00cen schimb, o candidatur\u0103 sus\u021binut\u0103 de un partid de dreapta ar \u00eensemna pentru aleg\u0103torii s\u0103i o schimbare politic\u0103 mult mai mare. \u00cen acest moment, nimic nu este oficial \u00een acest sens \u0219i nici nu ar avea cum, deoarece Ponta nu \u0219i-a lansat noul partid, este \u00eens\u0103 o variant\u0103 care, potrivit informa\u021biilor noastre, este luat\u0103 \u00een calcul \u00een cercurile politice locale.<\/p>\n<p class=\"wp-block-paragraph\">Ipoteza respectiv\u0103 cap\u0103t\u0103 relevan\u021b\u0103 \u0219i prin faptul c\u0103 Victor Ponta a anun\u021bat deja public, la \u00eenceputul lunii august, c\u0103 preg\u0103te\u0219te un nou partid pentru urm\u0103toarele alegeri parlamentare.<\/p>\n<p class=\"wp-block-paragraph\">Fostul premier a declarat c\u0103 noua forma\u021biune va fi construit\u0103 de la zero \u0219i c\u0103 \u00ee\u0219i propune s\u0103 participe la urm\u0103toarele alegeri parlamentare. Ponta spune c\u0103 partidul ar urma s\u0103 adune oameni cu orient\u0103ri social-democrate, liberale \u0219i conservatoare \u0219i \u00eel pozi\u021bioneaz\u0103 \u00eentr-o zon\u0103 na\u021bional\u0103 \u0219i suveranist\u0103.<\/p>\n<p class=\"wp-block-paragraph\">De\u0219i Victor Ponta a vorbit oficial doar despre alegerile parlamentare, noul partid va trebui, sursele noastre sus\u021bin c\u0103, la fel ca \u0219i \u00een cazul Pro Rom\u00e2nia, va aborda \u0219i alegerile locale din 2028, pentru a-\u0219i construi organiza\u021bii \u00een teritoriu \u0219i a-\u0219i testa for\u021ba electoral\u0103 \u00eenaintea parlamentarelor din acela\u0219i an. Tocmai de aceea, primarii \u0219i candida\u021bii cu notorietate pot deveni importante \u201elocomotive\u201d pentru noua forma\u021biune, iar \u00een acest scenariu, <strong>Constantin Toma ar putea fi una dintre acestea la Buz\u0103u,<\/strong> dac\u0103 informa\u021biile privind apropierea sa de partidul lui Victor Ponta se confirm\u0103.<\/p>\n<h1 class=\"wp-block-heading\">Felix Rache, o pies\u0103 important\u0103 de la Buz\u0103u<\/h1>\n<p class=\"wp-block-paragraph\">\u00cen acest context apare \u0219i numele lui Felix Rache, unul dintre oamenii care au fost mult timp apropia\u021bi politic de Victor Ponta.<\/p>\n<p class=\"wp-block-paragraph\">Rache a fost pre\u0219edinte al Pro Rom\u00e2nia Buz\u0103u, purt\u0103tor de cuv\u00e2nt al forma\u021biunii \u0219i vicepre\u0219edinte al Consiliului Jude\u021bean Buz\u0103u. \u00cenainte de intrarea \u00een politica local\u0103, a fost jurnalist, iar ulterior a lucrat pe comunicare \u00een zona politic\u0103, inclusiv \u00een guvernul condus de Mihai Tudose.<\/p>\n<p class=\"wp-block-paragraph\">Leg\u0103tura politic\u0103 dintre Rache \u0219i Ponta nu este una nou\u0103. Felix Rache a fost unul dintre oamenii implica\u021bi \u00een comunicarea \u0219i strategia politic\u0103 a forma\u021biunii.<\/p>\n<p class=\"wp-block-paragraph\">\u00cen ultimii ani, Rache a continuat s\u0103 aib\u0103 interven\u021bii publice \u00een sprijinul lui Victor Ponta. \u00cen mai 2025, de exemplu, dup\u0103 alegerile preziden\u021biale, acesta l-a ap\u0103rat public pe Ponta \u00een disputa cu liderii PSD Buz\u0103u.<\/p>\n<p class=\"wp-block-paragraph\">La Buz\u0103u, Rache are \u0219i experien\u021ba necesar\u0103 pentru construirea unei organiza\u021bii politice. A ocupat func\u021bia de vicepre\u0219edinte al Consiliului Jude\u021bean, iar \u00een perioada \u00een care a condus Pro Rom\u00e2nia Buz\u0103u a construit o structur\u0103 politic\u0103 local\u0103 pentru partidul lui Victor Ponta.  <\/p>\n<figure class=\"wp-block-image size-full\"><img loading=\"lazy\" decoding=\"async\" width=\"856\" height=\"482\" src=\"https:\/\/gazetabuzoiana.ro\/wp-content\/uploads\/2026\/08\/neagu-rache-toma-gloria-buzau-site.webp\" alt class=\"wp-image-22200\"><figcaption class=\"wp-element-caption\">Sursa FOTO: CampusTV<\/figcaption><\/figure>\n<p class=\"wp-block-paragraph\">\u00cen plus, Felix Rache \u0219i Constantin Toma au o rela\u021bie de colaborare consolidat\u0103 \u00een timp,inclusiv \u00een plan administrativ \u0219i ne referim aici la proiectul comun care a urm\u0103rit promovarea Gloriei Buz\u0103u \u00een Liga I. Vorbim de un proiect ini\u021biat de Felix Rache, Constantin Toma \u0219i fostul pre\u0219edinte al Consiliului Jude\u021bean Buz\u0103u, Petre Emanoil Neagu.<\/p>\n<p class=\"wp-block-paragraph\">Acelea\u0219i surse bine informate sus\u021bin c\u0103,  dac\u0103 proiectul politic al lui Victor Ponta va fi lansat \u00een forma anun\u021bat\u0103 \u0219i dac\u0103 Toma va ajunge s\u0103 candideze sub sigla acestei forma\u021biuni, Felix Rache este considerat principalul favorit pentru coordonarea organiza\u021biei jude\u021bene de la Buz\u0103u.<\/p>\n<p class=\"wp-block-paragraph\">Dac\u0103 scenariul transmis de sursele noastre se confirm\u0103, candidatura lui Constantin Toma ar putea fi una dintre primele obiective electorale importante ale noii forma\u021biuni a lui Victor Ponta.<\/p>\n<figure class=\"wp-block-video\"><figcaption class=\"wp-element-caption\"><strong>Sursa: Radio Campus<\/strong><\/figcaption><\/figure>\n<\/div>\n<p>[analyse_source url=&#8221;https:\/\/gazetabuzoiana.ro\/2026\/08\/19\/exclusiv-pe-surse-constantin-toma-ar-putea-candida-din-partea-partidului-lui-victor-ponta-astazi-a-anuntat-oficial-ca-nu-va-mai-reprezenta-psd-la-alegerile-locale\/&#8221;]<\/p>\n","protected":false},"excerpt":{"rendered":"<p>[analyse_image type=&#8221;featured&#8221; src=&#8221;https:\/\/gazetabuzoiana.ro\/wp-content\/uploads\/2026\/08\/toma-ponta.webp&#8221;] Primarul municipiului Buz\u0103u, Constantin Toma, a anun\u021bat ast\u0103zi oficial, la Radio Campus, c\u0103 va candida pentru un nou mandat, \u00eens\u0103 nu din partea PSD. Edilul spune c\u0103, cel mai probabil, va intra \u00een cursa electoral\u0103 ca independent, dar a l\u0103sat o porti\u021b\u0103 deschis\u0103 \u0219i pentru posibilitatea unei alte forma\u021biuni politice. A exclus [&hellip;]<\/p>\n","protected":false},"author":1,"featured_media":0,"comment_status":"open","ping_status":"","sticky":false,"template":"","format":"standard","meta":{"footnotes":""},"categories":[2],"tags":[226,38],"class_list":["post-2103060","post","type-post","status-publish","format-standard","hentry","category-politics","tag-crawlmanager","tag-gazetabuzoiana-ro"],"_links":{"self":[{"href":"https:\/\/analyse.optim.biz\/index.php?rest_route=\/wp\/v2\/posts\/2103060","targetHints":{"allow":["GET"]}}],"collection":[{"href":"https:\/\/analyse.optim.biz\/index.php?rest_route=\/wp\/v2\/posts"}],"about":[{"href":"https:\/\/analyse.optim.biz\/index.php?rest_route=\/wp\/v2\/types\/post"}],"author":[{"embeddable":true,"href":"https:\/\/analyse.optim.biz\/index.php?rest_route=\/wp\/v2\/users\/1"}],"replies":[{"embeddable":true,"href":"https:\/\/analyse.optim.biz\/index.php?rest_route=%2Fwp%2Fv2%2Fcomments&post=2103060"}],"version-history":[{"count":0,"href":"https:\/\/analyse.optim.biz\/index.php?rest_route=\/wp\/v2\/posts\/2103060\/revisions"}],"wp:attachment":[{"href":"https:\/\/analyse.optim.biz\/index.php?rest_route=%2Fwp%2Fv2%2Fmedia&parent=2103060"}],"wp:term":[{"taxonomy":"category","embeddable":true,"href":"https:\/\/analyse.optim.biz\/index.php?rest_route=%2Fwp%2Fv2%2Fcategories&post=2103060"},{"taxonomy":"post_tag","embeddable":true,"href":"https:\/\/analyse.optim.biz\/index.php?rest_route=%2Fwp%2Fv2%2Ftags&post=2103060"}],"curies":[{"name":"wp","href":"https:\/\/api.w.org\/{rel}","templated":true}]}}