{"id":2103058,"date":"2026-08-19T13:27:07","date_gmt":"2026-08-19T10:27:07","guid":{"rendered":"https:\/\/analyse.optim.biz\/?p=2103058"},"modified":"2026-08-19T13:27:07","modified_gmt":"2026-08-19T10:27:07","slug":"accident-pe-strada-frasinet-din-buzau-motociclist-implicat-si-o-persoana-evaluata-medical","status":"publish","type":"post","link":"https:\/\/analyse.optim.biz\/?p=2103058","title":{"rendered":"Accident pe strada Fr\u0103sinet din Buz\u0103u. Motociclist implicat \u0219i o persoan\u0103 evaluat\u0103 medical"},"content":{"rendered":"<p>[analyse_image type=&#8221;featured&#8221; src=&#8221;https:\/\/gazetabuzoiana.ro\/wp-content\/uploads\/2026\/08\/images.jpeg&#8221;]<\/p>\n<div class=\"entry-content entry clearfix\">\n<p class=\"wp-block-paragraph\">Un accident rutier s-a produs miercuri, 19 august, pe strada Fr\u0103sinet din municipiul Buz\u0103u. Din primele informa\u021bii, \u00een eveniment au fost implicate o motociclet\u0103 \u0219i un autovehicul.<\/p>\n<p class=\"wp-block-paragraph\">\u00cen urma coliziunii, o persoan\u0103 este evaluat\u0103 medical la fa\u021ba locului. Deocamdat\u0103 nu sunt disponibile informa\u021bii privind gravitatea eventualelor leziuni.<\/p>\n<p class=\"wp-block-paragraph\">Traficul \u00een zon\u0103 se desf\u0103\u0219oar\u0103 dirijat, iar \u0219oferii sunt sf\u0103tui\u021bi s\u0103 circule cu aten\u021bie \u0219i s\u0103 respecte indica\u021biile poli\u021bi\u0219tilor afla\u021bi la fa\u021ba locului.<\/p>\n<p class=\"wp-block-paragraph\">Vom reveni cu informa\u021bii dup\u0103 ce vor fi comunicate date suplimentare despre modul \u00een care s-a produs accidentul \u0219i starea persoanei evaluate medical.<\/p>\n<div class=\"post-bottom-meta post-bottom-tags post-tags-modern\">\n<div class=\"post-bottom-meta-title\"> Etichete<\/div>\n<p><span class=\"tagcloud\"><a href=\"https:\/\/gazetabuzoiana.ro\/tag\/accident-buzau\/\" rel=\"tag\">accident Buz\u0103u<\/a><a href=\"https:\/\/gazetabuzoiana.ro\/tag\/accident-rutier\/\" rel=\"tag\">accident rutier<\/a><a href=\"https:\/\/gazetabuzoiana.ro\/tag\/accident-strada-frasinet\/\" rel=\"tag\">accident strada Fr\u0103sinet<\/a><a href=\"https:\/\/gazetabuzoiana.ro\/tag\/ambulanta\/\" rel=\"tag\">ambulan\u021b\u0103<\/a><a href=\"https:\/\/gazetabuzoiana.ro\/tag\/buzau-2\/\" rel=\"tag\">Buz\u0103u<\/a><a href=\"https:\/\/gazetabuzoiana.ro\/tag\/motocicleta\/\" rel=\"tag\">motociclet\u0103<\/a><a href=\"https:\/\/gazetabuzoiana.ro\/tag\/motociclist\/\" rel=\"tag\">motociclist<\/a><a href=\"https:\/\/gazetabuzoiana.ro\/tag\/politia-buzau\/\" rel=\"tag\">poli\u021bia Buz\u0103u<\/a><a href=\"https:\/\/gazetabuzoiana.ro\/tag\/strada-frasinet\/\" rel=\"tag\">strada Fr\u0103sinet<\/a><a href=\"https:\/\/gazetabuzoiana.ro\/tag\/trafic-buzau\/\" rel=\"tag\">trafic Buz\u0103u<\/a><\/span><\/div>\n<\/div>\n<p>[analyse_source url=&#8221;https:\/\/gazetabuzoiana.ro\/2026\/08\/19\/accident-pe-strada-frasinet-din-buzau-motociclist-implicat-si-o-persoana-evaluata-medical\/&#8221;]<\/p>\n","protected":false},"excerpt":{"rendered":"<p>[analyse_image type=&#8221;featured&#8221; src=&#8221;https:\/\/gazetabuzoiana.ro\/wp-content\/uploads\/2026\/08\/images.jpeg&#8221;] Un accident rutier s-a produs miercuri, 19 august, pe strada Fr\u0103sinet din municipiul Buz\u0103u. Din primele informa\u021bii, \u00een eveniment au fost implicate o motociclet\u0103 \u0219i un autovehicul. \u00cen urma coliziunii, o persoan\u0103 este evaluat\u0103 medical la fa\u021ba locului. Deocamdat\u0103 nu sunt disponibile informa\u021bii privind gravitatea eventualelor leziuni. Traficul \u00een zon\u0103 se desf\u0103\u0219oar\u0103 [&hellip;]<\/p>\n","protected":false},"author":1,"featured_media":0,"comment_status":"open","ping_status":"","sticky":false,"template":"","format":"standard","meta":{"footnotes":""},"categories":[2],"tags":[226,38],"class_list":["post-2103058","post","type-post","status-publish","format-standard","hentry","category-politics","tag-crawlmanager","tag-gazetabuzoiana-ro"],"_links":{"self":[{"href":"https:\/\/analyse.optim.biz\/index.php?rest_route=\/wp\/v2\/posts\/2103058","targetHints":{"allow":["GET"]}}],"collection":[{"href":"https:\/\/analyse.optim.biz\/index.php?rest_route=\/wp\/v2\/posts"}],"about":[{"href":"https:\/\/analyse.optim.biz\/index.php?rest_route=\/wp\/v2\/types\/post"}],"author":[{"embeddable":true,"href":"https:\/\/analyse.optim.biz\/index.php?rest_route=\/wp\/v2\/users\/1"}],"replies":[{"embeddable":true,"href":"https:\/\/analyse.optim.biz\/index.php?rest_route=%2Fwp%2Fv2%2Fcomments&post=2103058"}],"version-history":[{"count":0,"href":"https:\/\/analyse.optim.biz\/index.php?rest_route=\/wp\/v2\/posts\/2103058\/revisions"}],"wp:attachment":[{"href":"https:\/\/analyse.optim.biz\/index.php?rest_route=%2Fwp%2Fv2%2Fmedia&parent=2103058"}],"wp:term":[{"taxonomy":"category","embeddable":true,"href":"https:\/\/analyse.optim.biz\/index.php?rest_route=%2Fwp%2Fv2%2Fcategories&post=2103058"},{"taxonomy":"post_tag","embeddable":true,"href":"https:\/\/analyse.optim.biz\/index.php?rest_route=%2Fwp%2Fv2%2Ftags&post=2103058"}],"curies":[{"name":"wp","href":"https:\/\/api.w.org\/{rel}","templated":true}]}}