{"id":2103056,"date":"2026-08-20T14:56:11","date_gmt":"2026-08-20T11:56:11","guid":{"rendered":"https:\/\/analyse.optim.biz\/?p=2103056"},"modified":"2026-08-20T14:56:11","modified_gmt":"2026-08-20T11:56:11","slug":"admiterea-la-liceu-din-2027-explicata-de-deputata-oana-matache","status":"publish","type":"post","link":"https:\/\/analyse.optim.biz\/?p=2103056","title":{"rendered":"Admiterea la liceu din 2027, explicat\u0103 de deputata Oana Matache"},"content":{"rendered":"<p>[analyse_image type=&#8221;featured&#8221; src=&#8221;https:\/\/gazetabuzoiana.ro\/wp-content\/uploads\/2026\/04\/OANA-2.jpeg&#8221;]<\/p>\n<div class=\"entry-content entry clearfix\">\n<p class=\"wp-block-paragraph\">Deputata PSD Buz\u0103u Oana Matache vine cu preciz\u0103ri privind admiterea la liceu din 2027, dup\u0103 ce, spune ea, \u00een spa\u021biul public au ap\u0103rut informa\u021bii amestecate, iar mai mul\u021bi p\u0103rin\u021bi i-au transmis c\u0103 sunt \u00eengrijora\u021bi de schimb\u0103rile anun\u021bate.<\/p>\n<p class=\"wp-block-paragraph\">Potrivit deputatei, examenul de admitere organizat de unele licee nu este o m\u0103sur\u0103 introdus\u0103 recent de actualul Guvern. Prevederea exist\u0103 deja \u00een <em>Legea \u00eenv\u0103\u021b\u0103m\u00e2ntului preuniversitar nr. 198\/2023<\/em> \u0219i se aplic\u0103 genera\u021biei care era \u00een clasa a V-a \u00een anul \u0219colar 2023-2024.<\/p>\n<p class=\"wp-block-paragraph\">Una dintre justific\u0103rile pentru introducerea examenului este aceea de a le oferi o alternativ\u0103 elevilor care ob\u021bin rezultate bune la materiile de profil, dar au o zi mai slab\u0103 la Evaluarea Na\u021bional\u0103.<\/p>\n<p class=\"wp-block-paragraph\"><strong><em>\u201eArgumentul de \u00abo a doua \u0219ans\u0103 pentru elevul bun la real care are o zi proast\u0103 la Evaluare\u00bb este cam singurul pro\u201d<\/em><\/strong>, sus\u021bine Oana Matache.<\/p>\n<p class=\"wp-block-paragraph\">Deputata consider\u0103 \u00eens\u0103 c\u0103 exist\u0103 mai multe probleme legate de aceast\u0103 form\u0103 de admitere. Printre acestea enumer\u0103 stresul suplimentar pentru elevii de 14-15 ani, \u00eencurajarea medita\u021biilor \u0219i avantajul pe care l-ar avea familiile care \u00ee\u0219i permit preg\u0103tire privat\u0103.<\/p>\n<p class=\"wp-block-paragraph\">Oana Matache atrage aten\u021bia \u0219i asupra unui posibil risc de corup\u021bie, \u00een condi\u021biile \u00een care probele organizate de licee nu sunt, potrivit acesteia, supravegheate audio-video.<\/p>\n<p class=\"wp-block-paragraph\">Un alt repro\u0219 vizeaz\u0103 lipsa unei evalu\u0103ri de impact \u00eenainte de aplicarea m\u0103surii. Deputata spune c\u0103 Ministerul Educa\u021biei ar fi putut analiza datele deja existente din probele de aptitudini \u0219i de limb\u0103 organizate la admiterea din 2025 \u0219i 2026.<\/p>\n<p class=\"wp-block-paragraph\"><em><strong>\u201eEu le repro\u0219ez \u0219i lipsa unei evalu\u0103ri de impact \u0219i faptul c\u0103 ministerul nu a analizat datele pe care deja le are din probele de aptitudini \u0219i de limb\u0103 de la admiterile din 2025 \u0219i 2026\u201d<\/strong><\/em>, afirm\u0103 parlamentara.<\/p>\n<p class=\"wp-block-paragraph\">\u00cen postarea sa, Oana Matache face \u0219i o compara\u021bie cu situa\u021bia din alte state europene. Potrivit acesteia, examenul de admitere la liceu mai exist\u0103 \u00een patru state membre ale Uniunii Europene: Ungaria, Cehia, Slovacia \u0219i Letonia.\u00cen Parlament exist\u0103 deja o ini\u021biativ\u0103 legislativ\u0103 prin care se solicit\u0103 am\u00e2narea aplic\u0103rii acestei prevederi. Propunerea apar\u021bine grupului PSD \u0219i a fost depus\u0103 de deputatul Mihai Alexandru Ghigiu, pre\u0219edintele Comisiei pentru \u00cenv\u0103\u021b\u0103m\u00e2nt.<\/p>\n<p class=\"wp-block-paragraph\">Oana Matache spune c\u0103 PSD nu sus\u021bine introducerea unor m\u0103suri \u00een educa\u021bie f\u0103r\u0103 o analiz\u0103 suficient\u0103 a efectelor asupra elevilor.<\/p>\n<p class=\"wp-block-paragraph\"><strong><em>\u201eNu sus\u021binem alte m\u0103suri luate \u00abdup\u0103 ureche\u00bb \u00een educa\u021bie, \u00een detrimentul \u0219anselor egale la educa\u021bie ale copiilor rom\u00e2ni!\u201d,<\/em><\/strong> transmite deputata PSD.<\/p>\n<p class=\"wp-block-paragraph\">Pentru elevii care vor intra \u00een clasa a IX-a \u00een 2027, discu\u021bia privind modul de admitere la liceu r\u0103m\u00e2ne deschis\u0103, \u00een condi\u021biile \u00een care \u00een Parlament exist\u0103 deja o ini\u021biativ\u0103 pentru am\u00e2narea aplic\u0103rii examenelor organizate de licee.<\/p>\n<div class=\"post-bottom-meta post-bottom-tags post-tags-modern\">\n<div class=\"post-bottom-meta-title\"> Etichete<\/div>\n<p><span class=\"tagcloud\"><a href=\"https:\/\/gazetabuzoiana.ro\/tag\/admitere-liceu\/\" rel=\"tag\">admitere liceu<\/a><a href=\"https:\/\/gazetabuzoiana.ro\/tag\/admitere-liceu-2027\/\" rel=\"tag\">admitere liceu 2027<\/a><a href=\"https:\/\/gazetabuzoiana.ro\/tag\/buzau-2\/\" rel=\"tag\">Buz\u0103u<\/a><a href=\"https:\/\/gazetabuzoiana.ro\/tag\/educatie\/\" rel=\"tag\">educa\u021bie<\/a><a href=\"https:\/\/gazetabuzoiana.ro\/tag\/elevi\/\" rel=\"tag\">elevi<\/a><a href=\"https:\/\/gazetabuzoiana.ro\/tag\/evaluarea-nationala-2\/\" rel=\"tag\">Evaluarea Na\u021bional\u0103<\/a><a href=\"https:\/\/gazetabuzoiana.ro\/tag\/examen-admitere-liceu\/\" rel=\"tag\">examen admitere liceu<\/a><a href=\"https:\/\/gazetabuzoiana.ro\/tag\/legea-invatamantului\/\" rel=\"tag\">Legea \u00eenv\u0103\u021b\u0103m\u00e2ntului<\/a><a href=\"https:\/\/gazetabuzoiana.ro\/tag\/mihai-alexandru-ghigiu\/\" rel=\"tag\">Mihai Alexandru Ghigiu<\/a><a href=\"https:\/\/gazetabuzoiana.ro\/tag\/ministerul-educatiei\/\" rel=\"tag\">Ministerul Educa\u021biei<\/a><a href=\"https:\/\/gazetabuzoiana.ro\/tag\/oana-matache\/\" rel=\"tag\">oana matache<\/a><a href=\"https:\/\/gazetabuzoiana.ro\/tag\/parinti\/\" rel=\"tag\">p\u0103rin\u021bi<\/a><a href=\"https:\/\/gazetabuzoiana.ro\/tag\/parlament\/\" rel=\"tag\">Parlament<\/a><a href=\"https:\/\/gazetabuzoiana.ro\/tag\/psd-buzau\/\" rel=\"tag\">psd buz\u0103u<\/a><\/span><\/div>\n<\/div>\n<p>[analyse_source url=&#8221;https:\/\/gazetabuzoiana.ro\/2026\/08\/20\/admiterea-la-liceu-din-2027-explicata-de-deputata-oana-matache\/&#8221;]<\/p>\n","protected":false},"excerpt":{"rendered":"<p>[analyse_image type=&#8221;featured&#8221; src=&#8221;https:\/\/gazetabuzoiana.ro\/wp-content\/uploads\/2026\/04\/OANA-2.jpeg&#8221;] Deputata PSD Buz\u0103u Oana Matache vine cu preciz\u0103ri privind admiterea la liceu din 2027, dup\u0103 ce, spune ea, \u00een spa\u021biul public au ap\u0103rut informa\u021bii amestecate, iar mai mul\u021bi p\u0103rin\u021bi i-au transmis c\u0103 sunt \u00eengrijora\u021bi de schimb\u0103rile anun\u021bate. Potrivit deputatei, examenul de admitere organizat de unele licee nu este o m\u0103sur\u0103 introdus\u0103 recent [&hellip;]<\/p>\n","protected":false},"author":1,"featured_media":0,"comment_status":"open","ping_status":"","sticky":false,"template":"","format":"standard","meta":{"footnotes":""},"categories":[2],"tags":[226,38],"class_list":["post-2103056","post","type-post","status-publish","format-standard","hentry","category-politics","tag-crawlmanager","tag-gazetabuzoiana-ro"],"_links":{"self":[{"href":"https:\/\/analyse.optim.biz\/index.php?rest_route=\/wp\/v2\/posts\/2103056","targetHints":{"allow":["GET"]}}],"collection":[{"href":"https:\/\/analyse.optim.biz\/index.php?rest_route=\/wp\/v2\/posts"}],"about":[{"href":"https:\/\/analyse.optim.biz\/index.php?rest_route=\/wp\/v2\/types\/post"}],"author":[{"embeddable":true,"href":"https:\/\/analyse.optim.biz\/index.php?rest_route=\/wp\/v2\/users\/1"}],"replies":[{"embeddable":true,"href":"https:\/\/analyse.optim.biz\/index.php?rest_route=%2Fwp%2Fv2%2Fcomments&post=2103056"}],"version-history":[{"count":0,"href":"https:\/\/analyse.optim.biz\/index.php?rest_route=\/wp\/v2\/posts\/2103056\/revisions"}],"wp:attachment":[{"href":"https:\/\/analyse.optim.biz\/index.php?rest_route=%2Fwp%2Fv2%2Fmedia&parent=2103056"}],"wp:term":[{"taxonomy":"category","embeddable":true,"href":"https:\/\/analyse.optim.biz\/index.php?rest_route=%2Fwp%2Fv2%2Fcategories&post=2103056"},{"taxonomy":"post_tag","embeddable":true,"href":"https:\/\/analyse.optim.biz\/index.php?rest_route=%2Fwp%2Fv2%2Ftags&post=2103056"}],"curies":[{"name":"wp","href":"https:\/\/api.w.org\/{rel}","templated":true}]}}