{"id":2103040,"date":"2026-08-20T04:12:24","date_gmt":"2026-08-20T01:12:24","guid":{"rendered":"https:\/\/analyse.optim.biz\/?p=2103040"},"modified":"2026-08-20T04:12:24","modified_gmt":"2026-08-20T01:12:24","slug":"peste-170-de-posturi-de-directori-in-scolile-din-buzau-scoase-la-concurs","status":"publish","type":"post","link":"https:\/\/analyse.optim.biz\/?p=2103040","title":{"rendered":"Peste 170 de posturi de directori \u00een \u0219colile din Buz\u0103u, scoase la concurs!"},"content":{"rendered":"<p>[analyse_image type=&#8221;featured&#8221; src=&#8221;https:\/\/buzaumedia.ro\/wp-content\/uploads\/2026\/08\/directori.jpghttps:\/\/buzaumedia.ro\/wp-content\/uploads\/2026\/08\/directori.jpg&#8221;]<\/p>\n<div class=\"entry-content rbct clearfix is-highlight-shares\">\n<p>Se anun\u021b\u0103 o toamn\u0103 de foc pentru dasc\u0103lii din Buz\u0103u care vor s\u0103 ocupe<br \/>\no func\u021bie de director \u00een unit\u0103\u021bile de \u00eenv\u0103\u021b\u0103m\u00e2nt din jude\u021b. Este vorba<br \/>\ndespre posturi de director \u0219i director adjunct vacante, care au fost<br \/>\nocupate prin deta\u0219are, dup\u0103 ce mandatele au expirat.<br \/>\nPotrivit reprezentan\u021bilor Inspectoratului \u0218colar Buz\u0103u, \u00een jude\u021b vor<br \/>\nfi scoase la concurs, \u00een aceast\u0103 toamn\u0103, 173 de func\u021bii vacante de<br \/>\nconducere. Dintre acestea, 127 sunt posturi de director, iar 46,<br \/>\nposturi de director adjunct. Pe lista \u0219colilor cu func\u021bii vacante se<br \/>\nafl\u0103 \u0219i unit\u0103\u021bi de \u00eenv\u0103\u021b\u0103m\u00e2nd importante, cum ar fi Colegiul Bogdan<br \/>\nPetriceicu Hasdeu, Colegiul Mihai Eminescu, Liceul Pedagogic sau<br \/>\n\u0218coala Gimnazial\u0103 Nr. 11.<br \/>\nPotrivit regulamentului, la concurs se pot \u00eenscrie dasc\u0103li titulari,<br \/>\ncu minimum 5 ani vechime \u00een \u00eenv\u0103\u021b\u0103m\u00e2nt, care au primit calificativul<br \/>\n\u201cfoarte bine\u201d \u00een ultimii doi ani \u0219colari. Candida\u021bii se vor putea<br \/>\n\u00eenscrie la concurs \u00een perioada 14 septembrie\u20132 octombrie \u0219i vor putea<br \/>\nopta pentru maximum trei func\u021bii de conducere vacante. Ulterior,<br \/>\ncandida\u021bii vor trebuie s\u0103 treac\u0103 mai multe probe. Proba pentru<br \/>\nevaluarea de competen\u021be va avea loc pe 13 octombrie, cea scris\u0103, pe 20<br \/>\noctombrie, iar probele de interviu se vor desf\u0103\u0219ura \u00een perioada 12\u201327<br \/>\nnoiembrie.<br \/>\nRezultatele finale ale concursului vor fi afi\u0219ate pe 9 decembrie 2026,<br \/>\nurm\u00e2nd ca dasc\u0103lii care c\u00e2\u0219tig\u0103 concursul s\u0103 fie numi\u021bi directori<br \/>\n\u00eencep\u00e2nd cu 1 ianuarie 2027.<\/p>\n<div id=\"gallery-1\" class=\"gallery galleryid-189131 gallery-columns-3 gallery-size-thumbnail\">\n<figure class=\"gallery-item\">\n<div class=\"gallery-icon landscape\"><a href=\"https:\/\/buzaumedia.ro\/stiri-buzau\/fwd-peste-170-de-posturi-de-directori-in-scolile-din-buzau-scoase-la-concurs\/attachment\/directori-3\/\"><img loading=\"lazy\" decoding=\"async\" width=\"128\" height=\"96\" src=\"https:\/\/buzaumedia.ro\/wp-content\/uploads\/2026\/08\/directori.jpg\" class=\"attachment-thumbnail size-thumbnail\" alt><img decoding=\"async\" loading=\"lazy\" width=\"128\" height=\"96\" src=\"https:\/\/buzaumedia.ro\/wp-content\/uploads\/2026\/08\/directori.jpg\" class=\"attachment-thumbnail size-thumbnail\" alt><\/a><\/div>\n<\/figure>\n<\/div>\n<\/div>\n<p>[analyse_source url=&#8221;https:\/\/buzaumedia.ro\/stiri-buzau\/fwd-peste-170-de-posturi-de-directori-in-scolile-din-buzau-scoase-la-concurs\/&#8221;]<\/p>\n","protected":false},"excerpt":{"rendered":"<p>[analyse_image type=&#8221;featured&#8221; src=&#8221;https:\/\/buzaumedia.ro\/wp-content\/uploads\/2026\/08\/directori.jpghttps:\/\/buzaumedia.ro\/wp-content\/uploads\/2026\/08\/directori.jpg&#8221;] Se anun\u021b\u0103 o toamn\u0103 de foc pentru dasc\u0103lii din Buz\u0103u care vor s\u0103 ocupe o func\u021bie de director \u00een unit\u0103\u021bile de \u00eenv\u0103\u021b\u0103m\u00e2nt din jude\u021b. Este vorba despre posturi de director \u0219i director adjunct vacante, care au fost ocupate prin deta\u0219are, dup\u0103 ce mandatele au expirat. Potrivit reprezentan\u021bilor Inspectoratului \u0218colar Buz\u0103u, \u00een jude\u021b [&hellip;]<\/p>\n","protected":false},"author":1,"featured_media":0,"comment_status":"open","ping_status":"","sticky":false,"template":"","format":"standard","meta":{"footnotes":""},"categories":[2],"tags":[66,226],"class_list":["post-2103040","post","type-post","status-publish","format-standard","hentry","category-politics","tag-buzaumedia-ro","tag-crawlmanager"],"_links":{"self":[{"href":"https:\/\/analyse.optim.biz\/index.php?rest_route=\/wp\/v2\/posts\/2103040","targetHints":{"allow":["GET"]}}],"collection":[{"href":"https:\/\/analyse.optim.biz\/index.php?rest_route=\/wp\/v2\/posts"}],"about":[{"href":"https:\/\/analyse.optim.biz\/index.php?rest_route=\/wp\/v2\/types\/post"}],"author":[{"embeddable":true,"href":"https:\/\/analyse.optim.biz\/index.php?rest_route=\/wp\/v2\/users\/1"}],"replies":[{"embeddable":true,"href":"https:\/\/analyse.optim.biz\/index.php?rest_route=%2Fwp%2Fv2%2Fcomments&post=2103040"}],"version-history":[{"count":0,"href":"https:\/\/analyse.optim.biz\/index.php?rest_route=\/wp\/v2\/posts\/2103040\/revisions"}],"wp:attachment":[{"href":"https:\/\/analyse.optim.biz\/index.php?rest_route=%2Fwp%2Fv2%2Fmedia&parent=2103040"}],"wp:term":[{"taxonomy":"category","embeddable":true,"href":"https:\/\/analyse.optim.biz\/index.php?rest_route=%2Fwp%2Fv2%2Fcategories&post=2103040"},{"taxonomy":"post_tag","embeddable":true,"href":"https:\/\/analyse.optim.biz\/index.php?rest_route=%2Fwp%2Fv2%2Ftags&post=2103040"}],"curies":[{"name":"wp","href":"https:\/\/api.w.org\/{rel}","templated":true}]}}