{"id":210301,"date":"2014-03-05T12:35:30","date_gmt":"2014-03-05T09:35:30","guid":{"rendered":"https:\/\/analyse.optim.biz\/?p=210301"},"modified":"2014-03-05T12:35:30","modified_gmt":"2014-03-05T09:35:30","slug":"gabriel-oprea-este-noul-ministru-de-interne","status":"publish","type":"post","link":"https:\/\/analyse.optim.biz\/?p=210301","title":{"rendered":"Gabriel Oprea este noul ministru de Interne"},"content":{"rendered":"<div class=\"entry data-app-meta data-app-meta-article\" data-embed-base-url-canonical=\"https:\/\/www.digi24.ro\/embed\/stiri\/actualitate\/politica\/gabriel-oprea-este-noul-ministru-de-interne-209837\">\n<p data-index=\"1\">Dup\u0103 o ceremonie scurt\u0103, Gabriel Oprea a fost \u00eenvestit \u00een func\u021bia de ministru al Administra\u021biei \u0219i Internelor.<\/p>\n<p data-index=\"2\">Pre\u0219edintele Traian B\u0103sescu nu a vrut s\u0103 fac\u0103 nicio declara\u021bie.<\/p>\n<p data-index=\"3\">Ast\u0103zi, <a href=\"https:\/\/www.digi24.ro\/Stiri\/Digi24\/Actualitate\/Politica\/Gabriel+Oprea+si-a+dat+demisia+din+functia+de+vicepremier\" data-skip-linkfix=\"1\">G<strong>abriel Oprea\u00a0<\/strong><\/a><strong><a href=\"https:\/\/www.digi24.ro\/Stiri\/Digi24\/Actualitate\/Politica\/Gabriel+Oprea+si-a+dat+demisia+din+functia+de+vicepremier\" data-skip-linkfix=\"1\">a renun\u0163at la postul de vicepremier<\/a><\/strong>, pas necesar pentru a putea fi numit ministru de Interne, unde era interimar. Interimatul acestei func\u0163ii expir\u0103 s\u00e2mb\u0103t\u0103.\u00a0<\/p>\n<p data-index=\"4\">Premierul Victor Ponta a declarat, mar\u0163i, c\u0103 Gabriel Oprea va prelua miercuri, ca titular, func\u0163ia de ministru de Interne, el preciz\u00e2nd c\u0103 va trimite de diminea\u0163\u0103 propunerea c\u0103tre pre\u015fedintele Traian B\u0103sescu, pentru emiterea decretului de numire.<\/p>\n<\/div>\n<p> Source URL: https:\/\/www.digi24.ro\/stiri\/actualitate\/politica\/gabriel-oprea-este-noul-ministru-de-interne-209837<\/p>\n","protected":false},"excerpt":{"rendered":"<p>Dup\u0103 o ceremonie scurt\u0103, Gabriel Oprea a fost \u00eenvestit \u00een func\u021bia de ministru al Administra\u021biei \u0219i Internelor. Pre\u0219edintele Traian B\u0103sescu nu a vrut s\u0103 fac\u0103 nicio declara\u021bie. Ast\u0103zi, Gabriel Oprea\u00a0a renun\u0163at la postul de vicepremier, pas necesar pentru a putea fi numit ministru de Interne, unde era interimar. Interimatul acestei func\u0163ii expir\u0103 s\u00e2mb\u0103t\u0103.\u00a0 Premierul Victor [&hellip;]<\/p>\n","protected":false},"author":1,"featured_media":210302,"comment_status":"open","ping_status":"","sticky":false,"template":"","format":"standard","meta":{"footnotes":""},"categories":[2],"tags":[11],"class_list":["post-210301","post","type-post","status-publish","format-standard","has-post-thumbnail","hentry","category-politics","tag-digi24"],"_links":{"self":[{"href":"https:\/\/analyse.optim.biz\/index.php?rest_route=\/wp\/v2\/posts\/210301","targetHints":{"allow":["GET"]}}],"collection":[{"href":"https:\/\/analyse.optim.biz\/index.php?rest_route=\/wp\/v2\/posts"}],"about":[{"href":"https:\/\/analyse.optim.biz\/index.php?rest_route=\/wp\/v2\/types\/post"}],"author":[{"embeddable":true,"href":"https:\/\/analyse.optim.biz\/index.php?rest_route=\/wp\/v2\/users\/1"}],"replies":[{"embeddable":true,"href":"https:\/\/analyse.optim.biz\/index.php?rest_route=%2Fwp%2Fv2%2Fcomments&post=210301"}],"version-history":[{"count":0,"href":"https:\/\/analyse.optim.biz\/index.php?rest_route=\/wp\/v2\/posts\/210301\/revisions"}],"wp:featuredmedia":[{"embeddable":true,"href":"https:\/\/analyse.optim.biz\/index.php?rest_route=\/wp\/v2\/media\/210302"}],"wp:attachment":[{"href":"https:\/\/analyse.optim.biz\/index.php?rest_route=%2Fwp%2Fv2%2Fmedia&parent=210301"}],"wp:term":[{"taxonomy":"category","embeddable":true,"href":"https:\/\/analyse.optim.biz\/index.php?rest_route=%2Fwp%2Fv2%2Fcategories&post=210301"},{"taxonomy":"post_tag","embeddable":true,"href":"https:\/\/analyse.optim.biz\/index.php?rest_route=%2Fwp%2Fv2%2Ftags&post=210301"}],"curies":[{"name":"wp","href":"https:\/\/api.w.org\/{rel}","templated":true}]}}